{"id":31710,"date":"2025-08-29T22:42:07","date_gmt":"2025-08-29T22:42:07","guid":{"rendered":"https:\/\/www.europesays.com\/ie\/31710\/"},"modified":"2025-08-29T22:42:07","modified_gmt":"2025-08-29T22:42:07","slug":"andy-robertson-announced-as-liverpools-new-vice-captain-liverpool-fc","status":"publish","type":"post","link":"https:\/\/www.europesays.com\/ie\/31710\/","title":{"rendered":"Andy Robertson announced as Liverpool\u2019s new vice-captain &#8211; Liverpool FC"},"content":{"rendered":"<p><b><a data-ail=\"326468\" target=\"_self\" href=\"https:\/\/www.thisisanfield.com\/liverpool-fc\/andy-robertson\/\" title=\"Andy Robertson\" rel=\"nofollow noopener\">Andy Robertson<\/a> has been officially appointed Liverpool\u2019s new vice-captain, with <a data-ail=\"326468\" target=\"_self\" href=\"https:\/\/www.thisisanfield.com\/liverpool-fc\/arne-slot\/\" title=\"Arne Slot\" rel=\"nofollow noopener\">Arne Slot<\/a> explaining his decision.<\/b><\/p>\n<p>Liverpool were without a vice-captain since <a data-ail=\"326468\" target=\"_self\" href=\"https:\/\/www.thisisanfield.com\/liverpool-fc\/trent-alexander-arnold\/\" title=\"Trent Alexander-Arnold\" rel=\"nofollow noopener\">Trent Alexander-Arnold<\/a>\u2019s departure to <a data-ail=\"326468\" target=\"_self\" href=\"https:\/\/www.thisisanfield.com\/liverpool-fc\/real-madrid\/\" title=\"Real Madrid\" rel=\"nofollow noopener\">Real Madrid<\/a>, and Slot had kept his choice under wraps.<\/p>\n<p><a data-ail=\"326468\" target=\"_self\" href=\"https:\/\/www.thisisanfield.com\/liverpool-fc\/mohamed-salah\/\" title=\"Mohamed Salah\" rel=\"nofollow noopener\">Mohamed Salah<\/a> was widely expected to fill the position, while the likes of <a data-ail=\"326468\" target=\"_self\" href=\"https:\/\/www.thisisanfield.com\/liverpool-fc\/alisson\/\" title=\"Alisson\" rel=\"nofollow noopener\">Alisson<\/a> and <a data-ail=\"326468\" target=\"_self\" href=\"https:\/\/www.thisisanfield.com\/liverpool-fc\/alexis-mac-allister\/\" title=\"Alexis Mac Allister\" rel=\"nofollow noopener\">Alexis Mac Allister<\/a> were considered in the running too.<\/p>\n<p>But Robertson has been appointed in the role, which is richly deserved not only due to the years of service he has given to Liverpool but also the respect he commands within the dressing room.<\/p>\n<p>The Scot has been a key player since his move from Hull in 2017 and has demonstrated his leadership over the last eight years, during which time he was also named Scotland captain.<\/p>\n<p><img fetchpriority=\"high\" decoding=\"async\" data-lazy-type=\"image\" src=\"https:\/\/www.europesays.com\/ie\/wp-content\/uploads\/2025\/08\/2025-04-27-381-Liverpool_Tottenham-1-600x400.jpg\" alt=\"LIVERPOOL, ENGLAND - Sunday, April 27, 2025: Liverpool's Arne Slot, Sipke Hulshoff, Andy Robertson, Virgil van Dijk, Mohamed Salah, Alexis Mac Allister, Darwin N\u00fa\u00f1ez, Luis D\u00edaz celebrate after the FA Premier League match between Liverpool FC and Tottenham Hotspur FC at Anfield. Liverpool won 5-1 and became League Champions. (Photo by David Rawcliffe\/Propaganda)\" width=\"600\" height=\"400\" class=\"lazy lazy-hidden alignnone size-medium wp-image-326469\"  \/><\/p>\n<p>Explaining his decision to name Robertson vice-captain ahead of Liverpool\u2019s clash with <a data-ail=\"326468\" target=\"_self\" href=\"https:\/\/www.thisisanfield.com\/liverpool-fc\/arsenal\" rel=\"nofollow noopener\">Arsenal<\/a>, Slot told reporters: \u201cIt was Virgil, Trent, Robbo and Mo last season. Trent left, so there are a lot of logical reasons for [the decision].<\/p>\n<p>\u201cHe is a very good player, plays many games, knows what it takes, knows the culture, but also knows the culture of the club and the dressing room.<\/p>\n<p>\u201cApart from all the quality he shows on the pitch, he plays also a big role in the culture we have here at this club.<\/p>\n<p>\u201cWhich is, I said many times last season, the biggest gift I could get from Jurgen.<\/p>\n<p>\u201cThat\u2019s also something we definitely have to keep for my successor to have, this same culture, if I am ever leaving this club.\u201d<\/p>\n<p><img loading=\"lazy\" decoding=\"async\" data-lazy-type=\"image\" src=\"https:\/\/www.europesays.com\/ie\/wp-content\/uploads\/2025\/08\/2025-05-25-302-Liverpool_Crystal_Palace-600x400.jpg\" alt=\"LIVERPOOL, ENGLAND - Sunday, May 25, 2025: Liverpool's Andy Robertson celebrates after the FA Premier League match between Liverpool FC and Crystal Palace FC at Anfield. (Photo by David Rawcliffe\/Propaganda)\" width=\"600\" height=\"400\" class=\"lazy lazy-hidden alignnone size-medium wp-image-322514\"  \/><\/p>\n<p>Robertson had faced a decision in whether to even stay at Liverpool over the summer amid interest from Atletico Madrid.<\/p>\n<p>Ultimately he chose to turn down overtures from Spain in order to battle for the left-back spot with new signing <a data-ail=\"326468\" target=\"_self\" href=\"https:\/\/www.thisisanfield.com\/liverpool-fc\/milos-kerkez\/\" title=\"Milos Kerkez\" rel=\"nofollow noopener\">Milos Kerkez<\/a>.<\/p>\n<p>Kerkez has started all three games so far this season with Robertson coming off the bench, while <a data-ail=\"326468\" target=\"_self\" href=\"https:\/\/www.thisisanfield.com\/liverpool-fc\/kostas-tsimikas\/\" title=\"Kostas Tsimikas\" rel=\"nofollow noopener\">Kostas Tsimikas<\/a> has instead found himself on the way out as he heads to AS Roma on loan.<\/p>\n","protected":false},"excerpt":{"rendered":"Andy Robertson has been officially appointed Liverpool\u2019s new vice-captain, with Arne Slot explaining his decision. Liverpool were without&hellip;\n","protected":false},"author":2,"featured_media":31711,"comment_status":"","ping_status":"","sticky":false,"template":"","format":"standard","meta":{"footnotes":""},"categories":[76],"tags":[18,19,17,560,132],"class_list":{"0":"post-31710","1":"post","2":"type-post","3":"status-publish","4":"format-standard","5":"has-post-thumbnail","7":"category-sports","8":"tag-eire","9":"tag-ie","10":"tag-ireland","11":"tag-liverpool-fc","12":"tag-sports"},"share_on_mastodon":{"url":"","error":""},"_links":{"self":[{"href":"https:\/\/www.europesays.com\/ie\/wp-json\/wp\/v2\/posts\/31710","targetHints":{"allow":["GET"]}}],"collection":[{"href":"https:\/\/www.europesays.com\/ie\/wp-json\/wp\/v2\/posts"}],"about":[{"href":"https:\/\/www.europesays.com\/ie\/wp-json\/wp\/v2\/types\/post"}],"author":[{"embeddable":true,"href":"https:\/\/www.europesays.com\/ie\/wp-json\/wp\/v2\/users\/2"}],"replies":[{"embeddable":true,"href":"https:\/\/www.europesays.com\/ie\/wp-json\/wp\/v2\/comments?post=31710"}],"version-history":[{"count":0,"href":"https:\/\/www.europesays.com\/ie\/wp-json\/wp\/v2\/posts\/31710\/revisions"}],"wp:featuredmedia":[{"embeddable":true,"href":"https:\/\/www.europesays.com\/ie\/wp-json\/wp\/v2\/media\/31711"}],"wp:attachment":[{"href":"https:\/\/www.europesays.com\/ie\/wp-json\/wp\/v2\/media?parent=31710"}],"wp:term":[{"taxonomy":"category","embeddable":true,"href":"https:\/\/www.europesays.com\/ie\/wp-json\/wp\/v2\/categories?post=31710"},{"taxonomy":"post_tag","embeddable":true,"href":"https:\/\/www.europesays.com\/ie\/wp-json\/wp\/v2\/tags?post=31710"}],"curies":[{"name":"wp","href":"https:\/\/api.w.org\/{rel}","templated":true}]}}