{"id":351835,"date":"2026-02-23T09:24:11","date_gmt":"2026-02-23T09:24:11","guid":{"rendered":"https:\/\/www.europesays.com\/ie\/351835\/"},"modified":"2026-02-23T09:24:11","modified_gmt":"2026-02-23T09:24:11","slug":"wednesdays-karly-hartzman-hayden-pedigo-june-chikuma-more-join-nts-radio-as-residents","status":"publish","type":"post","link":"https:\/\/www.europesays.com\/ie\/351835\/","title":{"rendered":"Wednesday\u2019s Karly Hartzman, Hayden Pedigo, June Chikuma, More Join NTS Radio as Residents"},"content":{"rendered":"<p><a data-offer-url=\"https:\/\/www.nts.live\/\" class=\"external-link\" data-event-click=\"{&quot;element&quot;:&quot;ExternalLink&quot;,&quot;outgoingURL&quot;:&quot;https:\/\/www.nts.live\/&quot;}\" href=\"https:\/\/www.nts.live\/\" rel=\"nofollow noopener\" target=\"_blank\">NTS Radio<\/a> has <a data-offer-url=\"https:\/\/www.nts.live\/incoming\/residents-for-spring-2026\" class=\"external-link\" data-event-click=\"{&quot;element&quot;:&quot;ExternalLink&quot;,&quot;outgoingURL&quot;:&quot;https:\/\/www.nts.live\/incoming\/residents-for-spring-2026&quot;}\" href=\"https:\/\/www.nts.live\/incoming\/residents-for-spring-2026\" rel=\"nofollow noopener\" target=\"_blank\">revealed<\/a> its next batch of residents joining the global radio station this spring. <a href=\"https:\/\/pitchfork.com\/artists\/wednesday\/\" rel=\"nofollow noopener\" target=\"_blank\">Wednesday<\/a> singer-guitarist <a href=\"https:\/\/pitchfork.com\/artists\/karly-hartzman\/\" rel=\"nofollow noopener\" target=\"_blank\">Karly Hartzman<\/a> will host her Prison Divorce Bombshell show featuring ambient, experimental, and indie rock; Texas guitarist <a href=\"https:\/\/pitchfork.com\/artists\/hayden-pedigo\/\" rel=\"nofollow noopener\" target=\"_blank\">Hayden Pedigo<\/a> is leading Amarillo on Everything where he\u2019ll play country, electronica, and beats; and celebrated video game composer June Chikuma will spin DnB, electronics, and IDM.<\/p>\n<p>Over a dozen other artists have been tapped to step in as NTS Radio residents as well, including <a href=\"https:\/\/pitchfork.com\/artists\/chanel-beads\/\" rel=\"nofollow noopener\" target=\"_blank\">Chanel Beads<\/a>, <a href=\"https:\/\/pitchfork.com\/artists\/5064-sally-shapiro\/\" rel=\"nofollow noopener\" target=\"_blank\">Sally Shapiro<\/a>, <a href=\"https:\/\/pitchfork.com\/artists\/jennifer-walton\/\" rel=\"nofollow noopener\" target=\"_blank\">Jennifer Walton<\/a>, and <a href=\"https:\/\/pitchfork.com\/artists\/the-femcels\/\" rel=\"nofollow noopener\" target=\"_blank\">the Femcels<\/a>. Also joining the ranks are Abdullah Miniawy, Adam Curtis &amp; God Colony, Antropoceno, Blind in 1 Eye, Blindboy Boatclub, Casey MQ, Cynthoni \/\/ onumi \/\/ .m0lly, Diana Ratsamee, DJ Fine, Edv3ctor, Gustavio Koslowski, \u00ecy\u00e1\u00e0l\u00f9, Jennifer Loveless, Marylou, Miss Sheitana, Mohammad Adam, Rebe, Semir, Shida Shahabi, Troth, Salvatore, and Wes Baggaley.<\/p>\n<p>Read about Wednesday\u2019s <a href=\"https:\/\/pitchfork.com\/reviews\/albums\/wednesday-bleeds\/\" rel=\"nofollow noopener\" target=\"_blank\">Bleeds<\/a> and Hayden Pedigo\u2019s <a href=\"https:\/\/pitchfork.com\/reviews\/albums\/hayden-pedigo-ill-be-waving-as-you-drive-away\/\" rel=\"nofollow noopener\" target=\"_blank\">I\u2019ll Be Waving as You Drive Away<\/a> in <a href=\"https:\/\/pitchfork.com\/features\/lists-and-guides\/best-albums-2025\/\" rel=\"nofollow noopener\" target=\"_blank\">The 50 Best Albums of 2025<\/a>.<\/p>\n<p><a class=\"BaseLink-eTpkqh ContentCardEmbedImageLink-eELFBx JeVNd XqBtt content-card-embed__image\" data-testid=\"ContentCardEmbedImage\" href=\"https:\/\/pitchfork.com\/thepitch\/last-night-an-nts-radio-show-saved-my-life\/\" target=\"_blank\" rel=\"nofollow noopener\"><img decoding=\"async\" alt=\"article image\" loading=\"lazy\" class=\"ResponsiveImageContainer-eNxvmU cfBbTk responsive-image__image\"   src=\"https:\/\/www.europesays.com\/ie\/wp-content\/uploads\/2026\/02\/P4K25_RealityBlues_2x1%20Small.gif\"\/><\/a><a class=\"BaseLink-eTpkqh ContentCardEmbedHedLink-kqBDz cHZIr hEvJqU content-card-embed__hed-link link content-card-embed__hed-link link\" href=\"https:\/\/pitchfork.com\/thepitch\/last-night-an-nts-radio-show-saved-my-life\/\" data-testid=\"ContentCardEmbedHedLink\" rel=\"nofollow noopener\" target=\"_blank\">Last Night an NTS Radio Show Saved My Life<\/a><\/p>\n","protected":false},"excerpt":{"rendered":"NTS Radio has revealed its next batch of residents joining the global radio station this spring. Wednesday singer-guitarist&hellip;\n","protected":false},"author":2,"featured_media":351836,"comment_status":"","ping_status":"","sticky":false,"template":"","format":"standard","meta":{"footnotes":"","_share_on_mastodon":"0"},"categories":[264],"tags":[165181,18,117,165179,19,17,165183,337,5,165180,11818,165182,806,2867],"class_list":["post-351835","post","type-post","status-publish","format-standard","has-post-thumbnail","category-music","tag-chanel-beads","tag-eire","tag-entertainment","tag-hayden-pedigo","tag-ie","tag-ireland","tag-jennifer-walton","tag-music","tag-news","tag-sally-shapiro","tag-textaboveleftsmall","tag-the-femcels","tag-web","tag-wednesday"],"share_on_mastodon":{"url":"https:\/\/pubeurope.com\/@ie\/116119225292006175","error":""},"_links":{"self":[{"href":"https:\/\/www.europesays.com\/ie\/wp-json\/wp\/v2\/posts\/351835","targetHints":{"allow":["GET"]}}],"collection":[{"href":"https:\/\/www.europesays.com\/ie\/wp-json\/wp\/v2\/posts"}],"about":[{"href":"https:\/\/www.europesays.com\/ie\/wp-json\/wp\/v2\/types\/post"}],"author":[{"embeddable":true,"href":"https:\/\/www.europesays.com\/ie\/wp-json\/wp\/v2\/users\/2"}],"replies":[{"embeddable":true,"href":"https:\/\/www.europesays.com\/ie\/wp-json\/wp\/v2\/comments?post=351835"}],"version-history":[{"count":0,"href":"https:\/\/www.europesays.com\/ie\/wp-json\/wp\/v2\/posts\/351835\/revisions"}],"wp:featuredmedia":[{"embeddable":true,"href":"https:\/\/www.europesays.com\/ie\/wp-json\/wp\/v2\/media\/351836"}],"wp:attachment":[{"href":"https:\/\/www.europesays.com\/ie\/wp-json\/wp\/v2\/media?parent=351835"}],"wp:term":[{"taxonomy":"category","embeddable":true,"href":"https:\/\/www.europesays.com\/ie\/wp-json\/wp\/v2\/categories?post=351835"},{"taxonomy":"post_tag","embeddable":true,"href":"https:\/\/www.europesays.com\/ie\/wp-json\/wp\/v2\/tags?post=351835"}],"curies":[{"name":"wp","href":"https:\/\/api.w.org\/{rel}","templated":true}]}}