{"id":36090,"date":"2025-09-01T07:53:07","date_gmt":"2025-09-01T07:53:07","guid":{"rendered":"https:\/\/www.europesays.com\/ie\/36090\/"},"modified":"2025-09-01T07:53:07","modified_gmt":"2025-09-01T07:53:07","slug":"assessing-the-impact-of-childhood-pneumococcal-vaccination-on-pneumonia-mortality-in-colombia-a-14-year-analysis-bmc-public-health","status":"publish","type":"post","link":"https:\/\/www.europesays.com\/ie\/36090\/","title":{"rendered":"Assessing the impact of childhood pneumococcal vaccination on pneumonia mortality in Colombia: a 14-year analysis | BMC Public Health"},"content":{"rendered":"<p>This 14-year time-series analysis, encompassing both pre-PCV10 and post-PCV10 data, provides valuable insights into the effect of pediatric pneumococcal vaccination on pneumonia mortality trends across various age groups in Colombia. Our study revealed significant reductions in age-specific pneumonia mortality rates among children under 5 years throughout the study period. Conversely, no reduction in pneumonia mortality rates was observed in unvaccinated age groups older than 5 years following the introduction of PCV10.<\/p>\n<p>For infants aged\u20092, <a data-track=\"click\" data-track-action=\"reference anchor\" data-track-label=\"link\" data-test=\"citation-ref\" aria-label=\"Reference 3\" title=\"GBD 2016 Lower Respiratory Infections Collaborators. Estimates of the global, regional, and National morbidity, mortality, and aetiologies of lower respiratory infections in 195 countries, 1990\u20132016: a systematic analysis for the global burden of disease study 2016. Lancet Infect Dis. 2018;18(11):1191\u2013210. &#010;                  https:\/\/doi.org\/10.1016\/s1473-3099(18)30310-4&#010;                  &#010;                .\" href=\"http:\/\/bmcpublichealth.biomedcentral.com\/articles\/10.1186\/s12889-025-23631-1#ref-CR3\" id=\"ref-link-section-d538193109e2971\" rel=\"nofollow noopener\" target=\"_blank\">3<\/a>, <a data-track=\"click\" data-track-action=\"reference anchor\" data-track-label=\"link\" data-test=\"citation-ref\" aria-label=\"Reference 24\" title=\"Jaramillo-Echeverri J, Meisel-Roca A, Ram\u00edrez-Giraldo MT. More than 100 years of improvements in living standards: the case of Colombia. Cliometrica. 2019;13(3):323\u201366. &#010;                  https:\/\/doi.org\/10.1007\/s11698-018-0181-5&#010;                  &#010;                .\" href=\"http:\/\/bmcpublichealth.biomedcentral.com\/articles\/10.1186\/s12889-025-23631-1#ref-CR24\" id=\"ref-link-section-d538193109e2974\" rel=\"nofollow noopener\" target=\"_blank\">24<\/a>, <a data-track=\"click\" data-track-action=\"reference anchor\" data-track-label=\"link\" data-test=\"citation-ref\" aria-label=\"Reference 25\" title=\"Mosquera PA, Hern\u00e1ndez J, Vega R, Mart\u00ednez J, Labonte R, Sanders D, et al. Primary health care contribution to improve health outcomes in Bogota-Colombia: a longitudinal ecological analysis. BMC Fam Pract. 2012;13:84. &#010;                  https:\/\/doi.org\/10.1186\/1471-2296-13-84&#010;                  &#010;                .\" href=\"http:\/\/bmcpublichealth.biomedcentral.com\/articles\/10.1186\/s12889-025-23631-1#ref-CR25\" id=\"ref-link-section-d538193109e2977\" rel=\"nofollow noopener\" target=\"_blank\">25<\/a>] The developing immune systems of children make them particularly vulnerable to nutritional deficiencies, which can severely impact their overall health [<a data-track=\"click\" data-track-action=\"reference anchor\" data-track-label=\"link\" data-test=\"citation-ref\" aria-label=\"Reference 3\" title=\"GBD 2016 Lower Respiratory Infections Collaborators. Estimates of the global, regional, and National morbidity, mortality, and aetiologies of lower respiratory infections in 195 countries, 1990\u20132016: a systematic analysis for the global burden of disease study 2016. Lancet Infect Dis. 2018;18(11):1191\u2013210. &#010;                  https:\/\/doi.org\/10.1016\/s1473-3099(18)30310-4&#010;                  &#010;                .\" href=\"http:\/\/bmcpublichealth.biomedcentral.com\/articles\/10.1186\/s12889-025-23631-1#ref-CR3\" id=\"ref-link-section-d538193109e2980\" rel=\"nofollow noopener\" target=\"_blank\">3<\/a>]. According to the Global Burden of Disease (GBD) 2016 report, childhood wasting is the leading risk factor for mortality from lower respiratory infections in children under five, accounting for 61.4% of such deaths [<a data-track=\"click\" data-track-action=\"reference anchor\" data-track-label=\"link\" data-test=\"citation-ref\" aria-label=\"Reference 3\" title=\"GBD 2016 Lower Respiratory Infections Collaborators. Estimates of the global, regional, and National morbidity, mortality, and aetiologies of lower respiratory infections in 195 countries, 1990\u20132016: a systematic analysis for the global burden of disease study 2016. Lancet Infect Dis. 2018;18(11):1191\u2013210. &#010;                  https:\/\/doi.org\/10.1016\/s1473-3099(18)30310-4&#010;                  &#010;                .\" href=\"http:\/\/bmcpublichealth.biomedcentral.com\/articles\/10.1186\/s12889-025-23631-1#ref-CR3\" id=\"ref-link-section-d538193109e2984\" rel=\"nofollow noopener\" target=\"_blank\">3<\/a>]. These findings align with previous studies in Latin America, demonstrating the effect of socioeconomic improvements and introduction of PCV in preventing pneumonia-related mortality in young children [<a data-track=\"click\" data-track-action=\"reference anchor\" data-track-label=\"link\" data-test=\"citation-ref\" aria-label=\"Reference 7\" title=\"De Oliveira LH, Shioda K, Valenzuela MT, Janusz CB, Rearte A, Sbarra AN, et al. Declines in pneumonia mortality following the introduction of pneumococcal conjugate vaccines in Latin American and Caribbean countries. Clin Infect Dis. 2021;73(2):306\u201313. &#010;                  https:\/\/doi.org\/10.1093\/cid\/ciaa614&#010;                  &#010;                \" href=\"http:\/\/bmcpublichealth.biomedcentral.com\/articles\/10.1186\/s12889-025-23631-1#ref-CR7\" id=\"ref-link-section-d538193109e2987\" rel=\"nofollow noopener\" target=\"_blank\">7<\/a>, <a data-track=\"click\" data-track-action=\"reference anchor\" data-track-label=\"link\" data-test=\"citation-ref\" title=\"Mosquera PA, Hern\u00e1ndez J, Vega R, Mart\u00ednez J, Labonte R, Sanders D, et al. Primary health care contribution to improve health outcomes in Bogota-Colombia: a longitudinal ecological analysis. BMC Fam Pract. 2012;13:84. &#10;                  https:\/\/doi.org\/10.1186\/1471-2296-13-84&#10;                  &#10;                .\" href=\"#ref-CR25\" id=\"ref-link-section-d538193109e2990\">25<\/a>,<a data-track=\"click\" data-track-action=\"reference anchor\" data-track-label=\"link\" data-test=\"citation-ref\" title=\"Schuck-Paim C, Taylor RJ, Alonso WJ, Weinberger DM, Simonsen L. Effect of Pneumococcal conjugate vaccine introduction on childhood pneumonia mortality in brazil: a retrospective observational study. Lancet Global Health. 2019;7(2):e249\u201356. &#10;                  https:\/\/doi.org\/10.1016\/S2214-109X(18)30455-8&#10;                  &#10;                .\" href=\"#ref-CR26\" id=\"ref-link-section-d538193109e2990_1\">26<\/a>,<a data-track=\"click\" data-track-action=\"reference anchor\" data-track-label=\"link\" data-test=\"citation-ref\" aria-label=\"Reference 27\" title=\"Shioda K, Toscano CM, Valenzuela MT, Huarcaya WV, Warren JL, Weinberger DM, et al. Impact of Pneumococcal conjugate vaccine uptake on childhood pneumonia mortality across income levels in Brazil, Colombia, and Peru. Gates Open Res. 2020;4:136. &#010;                  https:\/\/doi.org\/10.12688\/gatesopenres.13187.1&#010;                  &#010;                \" href=\"http:\/\/bmcpublichealth.biomedcentral.com\/articles\/10.1186\/s12889-025-23631-1#ref-CR27\" id=\"ref-link-section-d538193109e2993\" rel=\"nofollow noopener\" target=\"_blank\">27<\/a>].<\/p>\n<p>Unlike studies reporting reduction in pneumonia mortality in unvaccinated groups post-PCV introduction, our study did not observe this effect in individuals older than 5 years [<a data-track=\"click\" data-track-action=\"reference anchor\" data-track-label=\"link\" data-test=\"citation-ref\" aria-label=\"Reference 12\" title=\"Kleynhans J, Tempia S, Shioda K, von Gottberg A, Weinberger DM, Cohen C. Estimated impact of the Pneumococcal conjugate vaccine on pneumonia mortality in South Africa, 1999 through 2016: an ecological modelling study. PLoS Med. 2021;18(2):e1003537. &#010;                  https:\/\/doi.org\/10.1371\/journal.pmed.1003537&#010;                  &#010;                \" href=\"http:\/\/bmcpublichealth.biomedcentral.com\/articles\/10.1186\/s12889-025-23631-1#ref-CR12\" id=\"ref-link-section-d538193109e2999\" rel=\"nofollow noopener\" target=\"_blank\">12<\/a>, <a data-track=\"click\" data-track-action=\"reference anchor\" data-track-label=\"link\" data-test=\"citation-ref\" aria-label=\"Reference 28\" title=\"Vadlamudi NK, Chen A, Marra F. Impact of the 13-Valent Pneumococcal conjugate vaccine among adults: A systematic review and Meta-analysis. Clin Infect Dis. 2019;69(1):34\u201349. &#010;                  https:\/\/doi.org\/10.1093\/cid\/ciy872&#010;                  &#010;                .\" href=\"http:\/\/bmcpublichealth.biomedcentral.com\/articles\/10.1186\/s12889-025-23631-1#ref-CR28\" id=\"ref-link-section-d538193109e3002\" rel=\"nofollow noopener\" target=\"_blank\">28<\/a>]. These findings align with another study carried out in South American countries [<a data-track=\"click\" data-track-action=\"reference anchor\" data-track-label=\"link\" data-test=\"citation-ref\" aria-label=\"Reference 17\" title=\"Prunas O, Shioda K, Toscano CM, Bastias M, Valenzuela-Bravo MT, Tito JD, et al. Estimated Population-Level impact of Pneumococcal conjugate vaccines against All-Cause pneumonia mortality among unvaccinated in 5 Latin American countries. J Infect Dis. 2024;230(4):e768\u201376. &#010;                  https:\/\/doi.org\/10.1093\/infdis\/jiae144&#010;                  &#010;                .\" href=\"http:\/\/bmcpublichealth.biomedcentral.com\/articles\/10.1186\/s12889-025-23631-1#ref-CR17\" id=\"ref-link-section-d538193109e3005\" rel=\"nofollow noopener\" target=\"_blank\">17<\/a>]. Interpretating our study findings in the context of serotyping data is crucial. In 2022, Colombia switched to PCV13 based on local surveillance data indicating that most pneumococcal disease cases were caused by serotypes not covered by PCV10, specifically serotypes 19 A, 3, and 6 C [<a data-track=\"click\" data-track-action=\"reference anchor\" data-track-label=\"link\" data-test=\"citation-ref\" aria-label=\"Reference 18\" title=\"Torres-Mart\u00ednez C, Camacho-Moreno G, Pati\u00f1o-Ni\u00f1o J, Coronell W, Leal AL, G\u00e1mez G. Pneumococcal diseases in colombia: epidemiological analysis before and during the universal children immunization against Streptococcus pneumoniae in the light of a vaccine change in 2022. Infectio. 2024;28:33\u201344.\" href=\"http:\/\/bmcpublichealth.biomedcentral.com\/articles\/10.1186\/s12889-025-23631-1#ref-CR18\" id=\"ref-link-section-d538193109e3008\" rel=\"nofollow noopener\" target=\"_blank\">18<\/a>, <a data-track=\"click\" data-track-action=\"reference anchor\" data-track-label=\"link\" data-test=\"citation-ref\" aria-label=\"Reference 29\" title=\"Camacho-Moreno G, Leal AL, Pati\u00f1o-Ni\u00f1o J, Vasquez-Hoyos P, Guti\u00e9rrez I, Beltr\u00e1n S, et al. Serotype distribution, clinical characteristics, and antimicrobial resistance of pediatric invasive pneumococcal disease in Colombia during PCV10 mass vaccination (2017\u20132022). Front Med (Lausanne). 2024;22(1380125). &#010;                  https:\/\/doi.org\/10.3389\/fmed.2024.1380125&#010;                  &#010;                \" href=\"http:\/\/bmcpublichealth.biomedcentral.com\/articles\/10.1186\/s12889-025-23631-1#ref-CR29\" id=\"ref-link-section-d538193109e3011\" rel=\"nofollow noopener\" target=\"_blank\">29<\/a>]. This serotype replacement affected herd protection, as demonstrated by the increased prevalence of PCV13non PCV10 serotypes in unvaccinated older age groups in Colombia [<a data-track=\"click\" data-track-action=\"reference anchor\" data-track-label=\"link\" data-test=\"citation-ref\" aria-label=\"Reference 8\" title=\"Andrade AL, Afonso ET, Minamisava R, Bierrenbach AL, Cristo EB, Morais-Neto OL, et al. Direct and indirect impact of 10-valent Pneumococcal conjugate vaccine introduction on pneumonia hospitalizations and economic burden in all age-groups in brazil: A time-series analysis. PLoS ONE. 2017;12(9):e0184204. &#010;                  https:\/\/doi.org\/10.1371\/journal.pone.0184204&#010;                  &#010;                .\" href=\"http:\/\/bmcpublichealth.biomedcentral.com\/articles\/10.1186\/s12889-025-23631-1#ref-CR8\" id=\"ref-link-section-d538193109e3015\" rel=\"nofollow noopener\" target=\"_blank\">8<\/a>, <a data-track=\"click\" data-track-action=\"reference anchor\" data-track-label=\"link\" data-test=\"citation-ref\" aria-label=\"Reference 30\" title=\"Severiche-Bueno DF, Severiche-Bueno DF, Bastidas A, Caceres EL, Silva E, Lozada J, et al. Burden of invasive pneumococcal disease (IPD) over a 10-year period in Bogot\u00e1, Colombia. Int J Infect Dis. 2021;105:32\u20139. &#010;                  https:\/\/doi.org\/10.1016\/j.ijid.2021.02.031&#010;                  &#010;                \" href=\"http:\/\/bmcpublichealth.biomedcentral.com\/articles\/10.1186\/s12889-025-23631-1#ref-CR30\" id=\"ref-link-section-d538193109e3018\" rel=\"nofollow noopener\" target=\"_blank\">30<\/a>]. Consequently, the observed effects in our study might not fully represent the broader potential for herd protection. It is essential to continue evaluating circulating serotypes, ensuring that vaccines are updated to cover the most prevalent and pathogenic serotypes. The introduction of new vaccines, such as PCV15, PCV20 and PCV21, which cover additional serotypes, might provide a more comprehensive understanding of herd protection in the future.<\/p>\n<p>Our findings align with previous studies from the GBD, which reported a stable pattern of pneumonia mortality among older adults [<a data-track=\"click\" data-track-action=\"reference anchor\" data-track-label=\"link\" data-test=\"citation-ref\" aria-label=\"Reference 2\" title=\"GBD 2019 LRI Collaborators. Age-sex differences in the global burden of lower respiratory infections and risk factors, 1990\u20132019: results from the global burden of disease study 2019. Lancet Infect Dis. 2022;22(11):1626\u201347. &#010;                  https:\/\/doi.org\/10.1016\/s1473-3099(22)00510-2&#010;                  &#010;                .\" href=\"http:\/\/bmcpublichealth.biomedcentral.com\/articles\/10.1186\/s12889-025-23631-1#ref-CR2\" id=\"ref-link-section-d538193109e3024\" rel=\"nofollow noopener\" target=\"_blank\">2<\/a>, <a data-track=\"click\" data-track-action=\"reference anchor\" data-track-label=\"link\" data-test=\"citation-ref\" aria-label=\"Reference 3\" title=\"GBD 2016 Lower Respiratory Infections Collaborators. Estimates of the global, regional, and National morbidity, mortality, and aetiologies of lower respiratory infections in 195 countries, 1990\u20132016: a systematic analysis for the global burden of disease study 2016. Lancet Infect Dis. 2018;18(11):1191\u2013210. &#010;                  https:\/\/doi.org\/10.1016\/s1473-3099(18)30310-4&#010;                  &#010;                .\" href=\"http:\/\/bmcpublichealth.biomedcentral.com\/articles\/10.1186\/s12889-025-23631-1#ref-CR3\" id=\"ref-link-section-d538193109e3027\" rel=\"nofollow noopener\" target=\"_blank\">3<\/a>]. This consistency highlights the often overlooked and increasing burden of pneumonia among adults aged\u2009\u2265\u200960 years, who accounted for more than three-quarters of pneumonia-related deaths in our study in 2019. In Colombia, older adults are defined as those aged\u2009\u2265\u200960 years, with this age threshold integrated into various health programs, including the vaccination schedule for older adults under the NIP, which currently offers seasonal influenza vaccine [<a data-track=\"click\" data-track-action=\"reference anchor\" data-track-label=\"link\" data-test=\"citation-ref\" aria-label=\"Reference 20\" title=\"Secretaria de Salud Colombia. Esquema Nacional de Vacunaci\u00f3n Colombia 2024. Available from: &#010;                  https:\/\/cesar.gov.co\/d\/images\/boletines\/2024\/0055\/esquema_de_vacunacion_2024.pdf&#010;                  &#010;                . Cited 2024 Sep 07.\" href=\"http:\/\/bmcpublichealth.biomedcentral.com\/articles\/10.1186\/s12889-025-23631-1#ref-CR20\" id=\"ref-link-section-d538193109e3030\" rel=\"nofollow noopener\" target=\"_blank\">20<\/a>, <a data-track=\"click\" data-track-action=\"reference anchor\" data-track-label=\"link\" data-test=\"citation-ref\" aria-label=\"Reference 31\" title=\"World Bank. Integrated People-Centred Care for an Aging Population: Colombia case study 2023. Available from: &#010;                  https:\/\/documents1.worldbank.org\/curated\/en\/099638503072441223\/pdf\/IDU176ea19741b0d1140191971a15b9dcde2c50b.pdf&#010;                  &#010;                . May 15, 2024.\" href=\"http:\/\/bmcpublichealth.biomedcentral.com\/articles\/10.1186\/s12889-025-23631-1#ref-CR31\" id=\"ref-link-section-d538193109e3033\" rel=\"nofollow noopener\" target=\"_blank\">31<\/a>]. Furthermore, the public health policies on Aging and Old Age for 2022\u20132031, supported by the World Bank, specifically target this age group [<a data-track=\"click\" data-track-action=\"reference anchor\" data-track-label=\"link\" data-test=\"citation-ref\" aria-label=\"Reference 31\" title=\"World Bank. Integrated People-Centred Care for an Aging Population: Colombia case study 2023. Available from: &#010;                  https:\/\/documents1.worldbank.org\/curated\/en\/099638503072441223\/pdf\/IDU176ea19741b0d1140191971a15b9dcde2c50b.pdf&#010;                  &#010;                . May 15, 2024.\" href=\"http:\/\/bmcpublichealth.biomedcentral.com\/articles\/10.1186\/s12889-025-23631-1#ref-CR31\" id=\"ref-link-section-d538193109e3036\" rel=\"nofollow noopener\" target=\"_blank\">31<\/a>]. Consequently, analyzing data for adults\u2009\u2265\u200960 years provides valuable insights for national programs, aligned with local definitions and public health policies for older adults.<\/p>\n<p>Estimating the population-level effect of PCVs is challenging, particularly in low- and middle-income countries like Colombia, due to diagnostic limitations. As a result, evaluations often focus on nonspecific outcomes like pneumonia rather than pneumococcal pneumonia. In our study, only a small fraction (0.05%) of pneumonia cases were reported as J13 (pneumococcal pneumonia), making it impractical for analysis. To address this, we adopted a standard approach used by other investigators, which includes a broader range of ICD-10 codes that do not specify the causative agent but may still involve S. pneumoniae (J15-J18) [<a data-track=\"click\" data-track-action=\"reference anchor\" data-track-label=\"link\" data-test=\"citation-ref\" aria-label=\"Reference 7\" title=\"De Oliveira LH, Shioda K, Valenzuela MT, Janusz CB, Rearte A, Sbarra AN, et al. Declines in pneumonia mortality following the introduction of pneumococcal conjugate vaccines in Latin American and Caribbean countries. Clin Infect Dis. 2021;73(2):306\u201313. &#010;                  https:\/\/doi.org\/10.1093\/cid\/ciaa614&#010;                  &#010;                \" href=\"http:\/\/bmcpublichealth.biomedcentral.com\/articles\/10.1186\/s12889-025-23631-1#ref-CR7\" id=\"ref-link-section-d538193109e3046\" rel=\"nofollow noopener\" target=\"_blank\">7<\/a>, <a data-track=\"click\" data-track-action=\"reference anchor\" data-track-label=\"link\" data-test=\"citation-ref\" aria-label=\"Reference 17\" title=\"Prunas O, Shioda K, Toscano CM, Bastias M, Valenzuela-Bravo MT, Tito JD, et al. Estimated Population-Level impact of Pneumococcal conjugate vaccines against All-Cause pneumonia mortality among unvaccinated in 5 Latin American countries. J Infect Dis. 2024;230(4):e768\u201376. &#010;                  https:\/\/doi.org\/10.1093\/infdis\/jiae144&#010;                  &#010;                .\" href=\"http:\/\/bmcpublichealth.biomedcentral.com\/articles\/10.1186\/s12889-025-23631-1#ref-CR17\" id=\"ref-link-section-d538193109e3049\" rel=\"nofollow noopener\" target=\"_blank\">17<\/a>]. This approach provides a unique opportunity to understand the local pneumonia trends and assess the direct and indirect impact of PCV on pneumonia mortality.<\/p>\n<p>This study has several limitations. Our evaluation specifically focused on pneumonia mortality, meaning other infectious etiologies, changes in comorbidity prevalence, or public interventions beyond the pediatric PCV in the NIP likely contributed to the reported pneumonia burden. Additionally, the lack of specific variables may hinder our ability to fully assess the impact of PCV. Although we aimed to emphasize community-acquired pneumonia, where S pneumoniae is estimated to be responsible for 38-50% of deaths across various age groups, this detailed information on community versus hospital-acquired infection was not available in the database [<a data-track=\"click\" data-track-action=\"reference anchor\" data-track-label=\"link\" data-test=\"citation-ref\" aria-label=\"Reference 3\" title=\"GBD 2016 Lower Respiratory Infections Collaborators. Estimates of the global, regional, and National morbidity, mortality, and aetiologies of lower respiratory infections in 195 countries, 1990\u20132016: a systematic analysis for the global burden of disease study 2016. Lancet Infect Dis. 2018;18(11):1191\u2013210. &#010;                  https:\/\/doi.org\/10.1016\/s1473-3099(18)30310-4&#010;                  &#010;                .\" href=\"http:\/\/bmcpublichealth.biomedcentral.com\/articles\/10.1186\/s12889-025-23631-1#ref-CR3\" id=\"ref-link-section-d538193109e3058\" rel=\"nofollow noopener\" target=\"_blank\">3<\/a>, <a data-track=\"click\" data-track-action=\"reference anchor\" data-track-label=\"link\" data-test=\"citation-ref\" aria-label=\"Reference 32\" title=\"Mahtab S, Blau DM, Madewell ZJ, Ogbuanu I, Ojulong J, Lako S, et al. Post-mortem investigation of deaths due to pneumonia in children aged 1\u201359 months in sub-Saharan Africa and South Asia from 2016 to 2022: an observational study. Lancet Child Adolesc Health. 2024;8(3):201\u201313. &#010;                  https:\/\/doi.org\/10.1016\/s2352-4642(23)00328-0&#010;                  &#010;                .\" href=\"http:\/\/bmcpublichealth.biomedcentral.com\/articles\/10.1186\/s12889-025-23631-1#ref-CR32\" id=\"ref-link-section-d538193109e3061\" rel=\"nofollow noopener\" target=\"_blank\">32<\/a>]. To avoid including deaths from hospital-acquired pneumonia, we adopted a methodology similar to that of the GBD 2019, considering only the underlying cause of death for pneumonia [<a data-track=\"click\" data-track-action=\"reference anchor\" data-track-label=\"link\" data-test=\"citation-ref\" aria-label=\"Reference 33\" title=\"GBD 2019 Antimicrobial Resistance Collaborators. Global mortality associated with 33 bacterial pathogens in 2019: a systematic analysis for the global burden of disease study 2019. Lancet. 2022;400(10369):2221\u201348. &#010;                  https:\/\/doi.org\/10.1016\/s0140-6736(22)02185-7&#010;                  &#010;                .\" href=\"http:\/\/bmcpublichealth.biomedcentral.com\/articles\/10.1186\/s12889-025-23631-1#ref-CR33\" id=\"ref-link-section-d538193109e3064\" rel=\"nofollow noopener\" target=\"_blank\">33<\/a>]. However, this approach may inadvertently include deaths related to hospital-acquired pneumonia. This limitation underscores the need for improved data collection and classification methods to accurately capture the epidemiology of pneumonia.<\/p>\n<p>The strengths of our study include the use of Colombia\u00b4s national death registration data, which is categorized as high quality according to WHO standards [<a data-track=\"click\" data-track-action=\"reference anchor\" data-track-label=\"link\" data-test=\"citation-ref\" aria-label=\"Reference 34\" title=\"World Health Organization. Global Health Estimates: Methods and Data Sources for Country-Level Causes of Death (2000\u20132019). Available from: &#010;                  https:\/\/www.who.int\/docs\/default-source\/gho-documents\/global-health-estimates\/ghe2019_cod_methods.pdf&#010;                  &#010;                . May 14, 2025.\" href=\"http:\/\/bmcpublichealth.biomedcentral.com\/articles\/10.1186\/s12889-025-23631-1#ref-CR34\" id=\"ref-link-section-d538193109e3070\" rel=\"nofollow noopener\" target=\"_blank\">34<\/a>]. The completeness and quality of cause-of-death assignment were maintained by Colombia\u2019s National Administrative Department of Statistics (DANE), which follows stringent quality standards and conducts regular reviews and improvement plans [<a data-track=\"click\" data-track-action=\"reference anchor\" data-track-label=\"link\" data-test=\"citation-ref\" aria-label=\"Reference 35\" title=\"Cendales R, Pardo C. Calidad de la certificaci\u00f3n de la mortalidad en Colombia, 1997\u20132016. Rev Colomb Cancerol. 2022;26(3):326\u201336. &#010;                  https:\/\/doi.org\/10.35509\/01239015.828&#010;                  &#010;                \" href=\"http:\/\/bmcpublichealth.biomedcentral.com\/articles\/10.1186\/s12889-025-23631-1#ref-CR35\" id=\"ref-link-section-d538193109e3073\" rel=\"nofollow noopener\" target=\"_blank\">35<\/a>, <a data-track=\"click\" data-track-action=\"reference anchor\" data-track-label=\"link\" data-test=\"citation-ref\" aria-label=\"Reference 36\" title=\"Cendales R, Pardo C. Quality of death certification in Colombia. Colomb Med (Cali). 2018;49(1):121\u20137. &#010;                  https:\/\/doi.org\/10.25100\/cm.v49i1.3155&#010;                  &#010;                .\" href=\"http:\/\/bmcpublichealth.biomedcentral.com\/articles\/10.1186\/s12889-025-23631-1#ref-CR36\" id=\"ref-link-section-d538193109e3076\" rel=\"nofollow noopener\" target=\"_blank\">36<\/a>]. Furthermore, we analyzed data spanning a 14-year period including data, encompassing both pre-and post-PCV10 periods. The use of joinpoint regression and a permutation test involving 4,499 permutations further strengthened the reliability of our findings by rigorously testing their stability [<a data-track=\"click\" data-track-action=\"reference anchor\" data-track-label=\"link\" data-test=\"citation-ref\" aria-label=\"Reference 23\" title=\"National Cancer Institute. Joinpoint Regression Program, Version 5.3.0 2025. Available from: &#010;                  https:\/\/surveillance.cancer.gov\/joinpoint\/&#010;                  &#010;                . May 11, 2025.\" href=\"http:\/\/bmcpublichealth.biomedcentral.com\/articles\/10.1186\/s12889-025-23631-1#ref-CR23\" id=\"ref-link-section-d538193109e3079\" rel=\"nofollow noopener\" target=\"_blank\">23<\/a>].<\/p>\n<p>Our study findings underscore the importance of extending successful interventions, such as vaccination programs to older adults. This is particularly crucial in countries like Colombia, which are experiencing epidemiological transitions with aging populations and increased life expectancy. The data on pneumonia mortality trends across all age groups can inform national immunization policies and guide investments in interventions aimed at protecting older adults. Improving access to primary health services, including mass vaccination and preventive measures, and addressing unfavorable socioeconomic conditions are essential for controlling pneumonia among both children and older adults.<\/p>\n","protected":false},"excerpt":{"rendered":"This 14-year time-series analysis, encompassing both pre-PCV10 and post-PCV10 data, provides valuable insights into the effect of pediatric&hellip;\n","protected":false},"author":2,"featured_media":36091,"comment_status":"","ping_status":"","sticky":false,"template":"","format":"standard","meta":{"footnotes":""},"categories":[78],"tags":[8750,18,3015,3026,910,135,19,17,7482,146,27995,27994,4378,2101,8660],"class_list":{"0":"post-36090","1":"post","2":"type-post","3":"status-publish","4":"format-standard","5":"has-post-thumbnail","7":"category-health","8":"tag-biostatistics","9":"tag-eire","10":"tag-environmental-health","11":"tag-epidemiology","12":"tag-general","13":"tag-health","14":"tag-ie","15":"tag-ireland","16":"tag-medicine-public-health","17":"tag-mortality","18":"tag-n-streptococcus-pneumoniaen","19":"tag-pneumococcal-conjugate-vaccines","20":"tag-pneumonia","21":"tag-public-health","22":"tag-vaccine"},"share_on_mastodon":{"url":"","error":""},"_links":{"self":[{"href":"https:\/\/www.europesays.com\/ie\/wp-json\/wp\/v2\/posts\/36090","targetHints":{"allow":["GET"]}}],"collection":[{"href":"https:\/\/www.europesays.com\/ie\/wp-json\/wp\/v2\/posts"}],"about":[{"href":"https:\/\/www.europesays.com\/ie\/wp-json\/wp\/v2\/types\/post"}],"author":[{"embeddable":true,"href":"https:\/\/www.europesays.com\/ie\/wp-json\/wp\/v2\/users\/2"}],"replies":[{"embeddable":true,"href":"https:\/\/www.europesays.com\/ie\/wp-json\/wp\/v2\/comments?post=36090"}],"version-history":[{"count":0,"href":"https:\/\/www.europesays.com\/ie\/wp-json\/wp\/v2\/posts\/36090\/revisions"}],"wp:featuredmedia":[{"embeddable":true,"href":"https:\/\/www.europesays.com\/ie\/wp-json\/wp\/v2\/media\/36091"}],"wp:attachment":[{"href":"https:\/\/www.europesays.com\/ie\/wp-json\/wp\/v2\/media?parent=36090"}],"wp:term":[{"taxonomy":"category","embeddable":true,"href":"https:\/\/www.europesays.com\/ie\/wp-json\/wp\/v2\/categories?post=36090"},{"taxonomy":"post_tag","embeddable":true,"href":"https:\/\/www.europesays.com\/ie\/wp-json\/wp\/v2\/tags?post=36090"}],"curies":[{"name":"wp","href":"https:\/\/api.w.org\/{rel}","templated":true}]}}