{"id":364310,"date":"2026-03-02T18:47:10","date_gmt":"2026-03-02T18:47:10","guid":{"rendered":"https:\/\/www.europesays.com\/ie\/364310\/"},"modified":"2026-03-02T18:47:10","modified_gmt":"2026-03-02T18:47:10","slug":"leeds-united-unveil-unique-gold-kit-to-celebrate-st-patricks-day","status":"publish","type":"post","link":"https:\/\/www.europesays.com\/ie\/364310\/","title":{"rendered":"Leeds United unveil unique gold kit to celebrate St. Patrick&#8217;s Day"},"content":{"rendered":"<p>The Leeds United St Patrick&#8217;s Day Collection is said to combine traditional Celtic designs with modern football style<\/p>\n<p><strong class=\"Strong_strong__e2x35 __className_dfeb0b\">Jake Hackney<\/strong> Senior Consumer Writer<\/p>\n<p>13:13, 02 Mar 2026Updated 13:26, 02 Mar 2026<\/p>\n<p>This article contains affiliate links, we will receive a commission on any sales we generate from it. <a href=\"https:\/\/www.leeds-live.co.uk\/affiliates\/\" rel=\"nofollow noopener\" target=\"_blank\">Learn more<\/a><img decoding=\"async\" alt=\"The Leeds United St Patrick's Day Fan Top.\" loading=\"eager\"  src=\"https:\/\/www.europesays.com\/ie\/wp-content\/uploads\/2026\/03\/0_Untitledjpeg.jpg\" \/><\/p>\n<p aria-label=\"The Leeds United St Patrick's Day Fan Top features a Celtic knotwork pattern across the body.\" class=\"ImageCaption_caption-title__ccyQU\" data-testid=\"caption-title\">The Leeds United St Patrick&#8217;s Day Fan Top features a Celtic knotwork pattern across the body.<\/p>\n<p class=\"Paragraph_paragraph-text__PVKlh \" data-tmdatatrack=\"content-unit\" data-tmdatatrack-type=\"paragraph\">Leeds United has launched a unique gold jersey to celebrate St. Patrick\u2019s Day. Ahead of March 17, the club has dropped a new lifestyle range of t-shirts, jackets and more as part of the <a aria-label=\"\" class=\"TextLink_text-link__dBSS0 TextLink_enabled__dJF3l\" href=\"https:\/\/fanatics.93n6tx.net\/c\/344386\/586570\/9663?subId1=Regionals-football.london-33515395&amp;u=https%3A%2F%2Fwww.fanatics.co.uk%2Fen%2Fpremier-league%2Fleeds-united%2Fo-32752640%2Bt-76622307%2Bz-978-1906577069\" rel=\"nofollow noopener\" tabindex=\"0\" target=\"_self\">Leeds United St. Patrick\u2019s Day Collection<\/a>.<\/p>\n<p class=\"Paragraph_paragraph-text__PVKlh \" data-tmdatatrack=\"content-unit\" data-tmdatatrack-type=\"paragraph\">Each limited edition item is inspired by Irish symbolism and includes the <a aria-label=\"\" class=\"TextLink_text-link__dBSS0 TextLink_enabled__dJF3l\" href=\"https:\/\/fanatics.93n6tx.net\/c\/344386\/586570\/9663?subId1=Regionals-football.london-33515395&amp;u=https%3A%2F%2Fwww.fanatics.co.uk%2Fen%2Fpremier-league%2Fleeds-united%2Fleeds-united-st-patricks-day-fan-top-gold-unisex%2Fo-10310495%2Bt-76393407%2Bp-13444782365%2Bz-9-1968128202\" rel=\"nofollow noopener\" tabindex=\"0\" target=\"_self\">Leeds United St. Patrick\u2019s Day Fan Top<\/a> (\u00a355), a gold jersey featuring a subtle Celtic knotwork pattern and green trims, alongside a green, embroidered, Leeds crest. This is also found on the rich green <a aria-label=\"\" class=\"TextLink_text-link__dBSS0 TextLink_enabled__dJF3l\" href=\"https:\/\/fanatics.93n6tx.net\/c\/344386\/586570\/9663?subId1=Regionals-football.london-33515395&amp;u=https%3A%2F%2Fwww.fanatics.co.uk%2Fen%2Fpremier-league%2Fleeds-united%2Fleeds-united-st-patricks-day-windrunner-green-unisex%2Fo-21206039%2Bt-87841263%2Bp-68445646416%2Bz-9-4182966431\" rel=\"nofollow noopener\" tabindex=\"0\" target=\"_self\">Leeds United St. Patrick\u2019s Day Windrunner<\/a> (\u00a365), a full-zip jacket with the green club crest on the left chest, a shamrock on the right, and white chevron-style stripe across the body.<\/p>\n<p class=\"Paragraph_paragraph-text__PVKlh \" data-tmdatatrack=\"content-unit\" data-tmdatatrack-type=\"paragraph\">The <a aria-label=\"\" class=\"TextLink_text-link__dBSS0 TextLink_enabled__dJF3l\" href=\"https:\/\/fanatics.93n6tx.net\/c\/344386\/586570\/9663?subId1=Regionals-football.london-33515395&amp;u=https%3A%2F%2Fwww.fanatics.co.uk%2Fen%2Fpremier-league%2Fleeds-united%2Fleeds-united-st-patricks-day-tricot-track-jacket-off-white-unisex%2Fo-21868240%2Bt-32955607%2Bp-3521226584%2Bz-8-2752275655\" rel=\"nofollow noopener\" tabindex=\"0\" target=\"_self\">Leeds United St. Patrick\u2019s Day Tricot Track Jacket<\/a> (\u00a365) comes in off-white with green stripes featuring Celtic knotwork down each arm and \u2018LUFC\u2019 in gold text on the back. Also in the collection is the more minimal <a aria-label=\"\" class=\"TextLink_text-link__dBSS0 TextLink_enabled__dJF3l\" href=\"https:\/\/fanatics.93n6tx.net\/c\/344386\/586570\/9663?subId1=Regionals-football.london-33515395&amp;u=https%3A%2F%2Fwww.fanatics.co.uk%2Fen%2Fpremier-league%2Fleeds-united%2Fleeds-united-st-patricks-day-t-shirt-green-unisex%2Fo-98757117%2Bt-43400107%2Bp-7990197030%2Bz-8-3176193316\" rel=\"nofollow noopener\" tabindex=\"0\" target=\"_self\">Leeds United St. Patricks Day T-Shirt<\/a> (\u00a335) that features gold \u2018LUFC\u2019 text on the left chest above the phrase \u2018L\u00e1 Fh\u00e9ile P\u00e1draig Sona Duit\u2019, which translates to \u2018Happy St. Patrick\u2019s Day\u2019 in the Irish language.<\/p>\n<p class=\"Paragraph_paragraph-text__PVKlh \" data-tmdatatrack=\"content-unit\" data-tmdatatrack-type=\"paragraph\">This is also found in gold text on the <a aria-label=\"\" class=\"TextLink_text-link__dBSS0 TextLink_enabled__dJF3l\" href=\"https:\/\/fanatics.93n6tx.net\/c\/344386\/586570\/9663?subId1=Regionals-football.london-33515395&amp;u=https%3A%2F%2Fwww.fanatics.co.uk%2Fen%2Fpremier-league%2Fleeds-united%2Fleeds-united-st-patricks-day-1-4-zip-black-unisex%2Fo-43645939%2Bt-76841241%2Bp-4649910447%2Bz-8-2182249096\" rel=\"nofollow noopener\" tabindex=\"0\" target=\"_self\">Leeds United St. Patrick\u2019s Day 1\/4 Zip<\/a> (\u00a360), a black jacket featuring a shamrock towards the end of the left sleeve. Rounding out the collection is the <a aria-label=\"\" class=\"TextLink_text-link__dBSS0 TextLink_enabled__dJF3l\" href=\"https:\/\/fanatics.93n6tx.net\/c\/344386\/586570\/9663?subId1=Regionals-football.london-33515395&amp;u=https%3A%2F%2Fwww.fanatics.co.uk%2Fen%2Fpremier-league%2Fleeds-united%2Fleeds-united-st-patricks-structured-adjustable-cap-tan-unisex%2Fo-32863706%2Bt-54060118%2Bp-02336385397%2Bz-9-2555265131\" rel=\"nofollow noopener\" tabindex=\"0\" target=\"_self\">Leeds United St. Patrick\u2019s Structured Adjustable Cap<\/a> (\u00a322), which proudly displays the green Leeds crest front and centre.<\/p>\n<p class=\"Paragraph_paragraph-text__PVKlh \" data-tmdatatrack=\"content-unit\" data-tmdatatrack-type=\"paragraph\">Each item in the Leeds United St. Patrick\u2019s Day Collection is on sale at <a aria-label=\"\" class=\"TextLink_text-link__dBSS0 TextLink_enabled__dJF3l\" href=\"https:\/\/fanatics.93n6tx.net\/c\/344386\/586570\/9663?subId1=Regionals-football.london-33515395&amp;u=https%3A%2F%2Fwww.fanatics.co.uk%2Fen%2Fpremier-league%2Fleeds-united%2Fo-32752640%2Bt-76622307%2Bz-978-1906577069\" rel=\"nofollow noopener\" tabindex=\"0\" target=\"_self\">Fanatics<\/a> and the <a aria-label=\"\" class=\"TextLink_text-link__dBSS0 TextLink_enabled__dJF3l\" href=\"https:\/\/leedsunited.sjv.io\/c\/344386\/2694156\/31183?subId1=Regionals-football.london-33515395&amp;u=https%3A%2F%2Fshop.leedsunited.com%2Fen%2Fc-4134\" rel=\"nofollow noopener\" tabindex=\"0\" target=\"_self\">Leeds United Official Store<\/a>. Unveiling the collection, the club said: \u201cLeeds United are proud to unveil our exclusive St. Patrick\u2019s Day collection, a limited-edition range celebrating the club\u2019s enduring connection with Ireland and the generations of Irish supporters who have stood with us through it all.<\/p>\n<p>Leeds United St. Patrick&#8217;s Day Collection<\/p>\n<p><img decoding=\"async\" alt=\"Content Image\" fetchpriority=\"auto\" src=\"https:\/\/www.europesays.com\/ie\/wp-content\/uploads\/2026\/03\/0_Untitled-1jpeg.jpg\"\/><\/p>\n<p>from \u00a322<\/p>\n<p>Fanatics<\/p>\n<p><a class=\"AffiliateContent_content-buy-btn__xWiVO buy-btn\" aria-label=\"Buy button\" href=\"https:\/\/fanatics.93n6tx.net\/c\/344386\/586570\/9663?subId1=Regionals-football.london-33515395&amp;u=https%3A%2F%2Fwww.fanatics.co.uk%2Fen%2Fpremier-league%2Fleeds-united%2Fo-32752640%2Bt-76622307%2Bz-978-1906577069\" target=\"_blank\" rel=\"nofollow noreferrer noopener\">Buy Now on Fanatics<\/a><\/p>\n<p class=\"Paragraph_paragraph-text__PVKlh \" data-tmdatatrack=\"content-unit\" data-tmdatatrack-type=\"paragraph\">The Leeds United St. Patrick&#8217;s Day Collection is on sale at Fanatics.<\/p>\n<p class=\"Paragraph_paragraph-text__PVKlh \" data-tmdatatrack=\"content-unit\" data-tmdatatrack-type=\"paragraph\">\u201cFew English clubs share a bond with Ireland quite like Leeds United. From the leadership and vision of Johnny Giles to the left-footed quality of Ian Harte, Irish influence has been woven into the fabric of this football club.<\/p>\n<p class=\"Paragraph_paragraph-text__PVKlh \" data-tmdatatrack=\"content-unit\" data-tmdatatrack-type=\"paragraph\">\u201cTheir commitment, resilience and pride mirror the very values that define Leeds United &#8211; determined, honest and fiercely loyal. The LUFC St. Patrick\u2019s Day Collection honours that special relationship, not simply as part of our history, but as a living connection that continues to unite Yorkshire and Ireland.<\/p>\n<p class=\"Paragraph_paragraph-text__PVKlh \" data-tmdatatrack=\"content-unit\" data-tmdatatrack-type=\"paragraph\">\u201cIt\u2019s a celebration of those who have always backed the Whites, whether from the stands at Elland Road or from across the Irish Sea.\u201d<\/p>\n<p><img decoding=\"async\" alt=\"The Leeds United St. Patrick's Day Collection\" loading=\"lazy\"  src=\"https:\/\/www.europesays.com\/ie\/wp-content\/uploads\/2026\/03\/0_Screenshot-2026-03-02-121916.jpg\" \/><\/p>\n<p aria-label=\"The Leeds United St. Patrick's Day Collection is on sale now.\" class=\"ImageCaption_caption-title__ccyQU\" data-testid=\"caption-title\">The Leeds United St. Patrick&#8217;s Day Collection is on sale now.<\/p>\n<p class=\"Paragraph_paragraph-text__PVKlh \" data-tmdatatrack=\"content-unit\" data-tmdatatrack-type=\"paragraph\">It comes as Leeds suffered a 1-0 defeat to Manchester City on Saturday. Daniel Farke\u2019s side are left 15th in the Premier League table \u2013 one place above struggling Spurs \u2013 ahead of their Tuesday night game against Sunderland.<\/p>\n<p class=\"Paragraph_paragraph-text__PVKlh \" data-tmdatatrack=\"content-unit\" data-tmdatatrack-type=\"paragraph\">The Whites will host The Black Cats with both teams on a run of four league games without a win, and fans can tune in on <a aria-label=\"\" class=\"TextLink_text-link__dBSS0 TextLink_enabled__dJF3l\" href=\"https:\/\/amzn.to\/3NGdNxd\" rel=\"nofollow noopener\" tabindex=\"0\" target=\"\">TNT Sports 2<\/a> for a 7.30pm kick-off. Leeds fans have been sharing their first impressions of the <a aria-label=\"\" class=\"TextLink_text-link__dBSS0 TextLink_enabled__dJF3l\" href=\"https:\/\/fanatics.93n6tx.net\/c\/344386\/586570\/9663?subId1=Regionals-football.london-33515395&amp;u=https%3A%2F%2Fwww.fanatics.co.uk%2Fen%2Fpremier-league%2Fleeds-united%2Fo-32752640%2Bt-76622307%2Bz-978-1906577069\" rel=\"nofollow noopener\" tabindex=\"0\" target=\"_self\">St. Patrick\u2019s Day Collection<\/a> on X, with one saying: \u201cThat kit is actually cold.\u201d<\/p>\n<p class=\"Paragraph_paragraph-text__PVKlh \" data-tmdatatrack=\"content-unit\" data-tmdatatrack-type=\"paragraph\">Others were less-impressed, as this fan wrote: \u201cThat track top is beautiful and then you ruined it by writing on the back.&#8221; Another simply said \u2018that Green Windbreaker\u2019 followed by a green heart emoji.<\/p>\n","protected":false},"excerpt":{"rendered":"The Leeds United St Patrick&#8217;s Day Collection is said to combine traditional Celtic designs with modern football style&hellip;\n","protected":false},"author":2,"featured_media":364311,"comment_status":"","ping_status":"","sticky":false,"template":"","format":"standard","meta":{"footnotes":""},"categories":[3],"tags":[9,10,18,13,14,6,19,17,11,12,8146,15,16,5,795,797,169418,7,8],"class_list":{"0":"post-364310","1":"post","2":"type-post","3":"status-publish","4":"format-standard","5":"has-post-thumbnail","7":"category-headlines","8":"tag-breaking-news","9":"tag-breakingnews","10":"tag-eire","11":"tag-featured-news","12":"tag-featurednews","13":"tag-headlines","14":"tag-ie","15":"tag-ireland","16":"tag-latest-news","17":"tag-latestnews","18":"tag-leeds-united-fc","19":"tag-main-news","20":"tag-mainnews","21":"tag-news","22":"tag-premier-league","23":"tag-shopping","24":"tag-sunderland-afc","25":"tag-top-stories","26":"tag-topstories"},"share_on_mastodon":{"url":"https:\/\/pubeurope.com\/@ie\/116161075325261301","error":""},"_links":{"self":[{"href":"https:\/\/www.europesays.com\/ie\/wp-json\/wp\/v2\/posts\/364310","targetHints":{"allow":["GET"]}}],"collection":[{"href":"https:\/\/www.europesays.com\/ie\/wp-json\/wp\/v2\/posts"}],"about":[{"href":"https:\/\/www.europesays.com\/ie\/wp-json\/wp\/v2\/types\/post"}],"author":[{"embeddable":true,"href":"https:\/\/www.europesays.com\/ie\/wp-json\/wp\/v2\/users\/2"}],"replies":[{"embeddable":true,"href":"https:\/\/www.europesays.com\/ie\/wp-json\/wp\/v2\/comments?post=364310"}],"version-history":[{"count":0,"href":"https:\/\/www.europesays.com\/ie\/wp-json\/wp\/v2\/posts\/364310\/revisions"}],"wp:featuredmedia":[{"embeddable":true,"href":"https:\/\/www.europesays.com\/ie\/wp-json\/wp\/v2\/media\/364311"}],"wp:attachment":[{"href":"https:\/\/www.europesays.com\/ie\/wp-json\/wp\/v2\/media?parent=364310"}],"wp:term":[{"taxonomy":"category","embeddable":true,"href":"https:\/\/www.europesays.com\/ie\/wp-json\/wp\/v2\/categories?post=364310"},{"taxonomy":"post_tag","embeddable":true,"href":"https:\/\/www.europesays.com\/ie\/wp-json\/wp\/v2\/tags?post=364310"}],"curies":[{"name":"wp","href":"https:\/\/api.w.org\/{rel}","templated":true}]}}