{"id":38181,"date":"2025-09-02T08:11:17","date_gmt":"2025-09-02T08:11:17","guid":{"rendered":"https:\/\/www.europesays.com\/ie\/38181\/"},"modified":"2025-09-02T08:11:17","modified_gmt":"2025-09-02T08:11:17","slug":"clothes-banks-are-overflowing-with-crap-we-cant-keep-exporting-it-abroad-the-irish-times","status":"publish","type":"post","link":"https:\/\/www.europesays.com\/ie\/38181\/","title":{"rendered":"\u2018Clothes banks are overflowing with crap. We can\u2019t keep exporting it abroad\u2019 \u2013 The Irish Times"},"content":{"rendered":"<p class=\"c-paragraph paywall \">Melissa Carton can count on one hand how many pieces of new furniture she owns.<\/p>\n<p class=\"c-paragraph paywall \">In her <a href=\"https:\/\/www.irishtimes.com\/tags\/drimnagh\" target=\"_self\" rel=\"nofollow noopener\" title=\"https:\/\/www.irishtimes.com\/tags\/drimnagh\">Drimnagh<\/a> home in Dublin, the visual artist has decorated her place with preloved items \u2013 some free, while others were sourced cheaply in a thrift store. Just three items were bought as new.<\/p>\n<p class=\"c-paragraph paywall \">\u201cLooking around my sittingroom, everything but the sofa and TV were either second-hand or free,\u201d she says. \u201cThe only other thing that was new was my bed, and that was after using a wooden bed given to me by a relative, which lasted for ages.\u201d<\/p>\n<p class=\"c-paragraph paywall \">Carton, who is 35, believes her appreciation for other people\u2019s cast-offs stems from growing up in a home where making, repairing and handing down clothes was the norm, placing a value on what you have rather than what you want.<\/p>\n<p class=\"c-paragraph paywall \">\u201cI lived with my grandmother and we only had her widow\u2019s pension, so there wasn\u2019t a lot of disposable income,\u201d she says.<\/p>\n<p class=\"c-paragraph paywall \">\u201cIf I wanted something, I saved my pocket money whenever I got some to get it, but most of the time I would make my own things. My aunts had worked in sewing factories when they were younger, so that skill was a big part of my life that has continued into my adult life. Second-hand clothing or hand-me-downs from family members was the way it was.\u201d<\/p>\n<p><img decoding=\"async\" data-chromatic=\"ignore\" alt=\"Melissa Carton at home. Photograph: Nick Bradshaw\" class=\"c-image\" loading=\"lazy\" src=\"https:\/\/www.europesays.com\/ie\/wp-content\/uploads\/2025\/09\/3MPZCCONQVCLJHMUU2M7POPN7U.JPG\"   width=\"400\" height=\"599\"\/>Melissa Carton at home. Photograph: Nick Bradshaw <\/p>\n<p class=\"c-paragraph paywall \">Carton is one of a <a href=\"https:\/\/www.irishtimes.com\/life-style\/fashion\/2023\/09\/16\/i-havent-bought-fast-fashion-in-five-years-why-gen-z-is-rejecting-high-street-brands-in-favour-of-second-hand\/\" target=\"_self\" rel=\"nofollow noopener\" title=\"https:\/\/www.irishtimes.com\/life-style\/fashion\/2023\/09\/16\/i-havent-bought-fast-fashion-in-five-years-why-gen-z-is-rejecting-high-street-brands-in-favour-of-second-hand\/\">growing global movement of people who consciously seek out the old over the new<\/a> when it comes to dressing themselves or decorating their homes. \u201cMindful consumption\u201d or \u201cthe age of deconsumption\u201d are labels attributed to those turning their backs on disposable and throwaway products, in a bid to live more <a href=\"https:\/\/www.irishtimes.com\/tags\/sustainability\/\" target=\"_self\" rel=\"nofollow noopener\" title=\"https:\/\/www.irishtimes.com\/tags\/sustainability\/\">sustainably<\/a> and do better by the <a href=\"https:\/\/www.irishtimes.com\/environment\/\" target=\"_self\" rel=\"nofollow noopener\" title=\"https:\/\/www.irishtimes.com\/environment\/\">environment<\/a>. In short, buy less, use less and waste less.<\/p>\n<p class=\"c-paragraph paywall \">Orla Martin is a 26-year-old primary schoolteacher from Cabra, Dublin, who has turned her love of second-hand clothes from charity shops into a personal shopping business for preloved-only garments.<\/p>\n<p class=\"c-paragraph b-it-article-body__interstitial-link\">[\u00a0<a aria-label=\"Open related story\" class=\"c-link\" href=\"https:\/\/www.irishtimes.com\/environment\/2025\/08\/18\/what-happens-to-a-pair-of-trousers-put-in-a-clothing-bank-one-charity-tracked-them-through-poland-germany-and-libya\/\" rel=\"noreferrer nofollow noopener\" target=\"_blank\">What happens to trousers put in a Dublin clothes bank? One pair was tracked to LibyaOpens in new window<\/a>\u00a0]<\/p>\n<p class=\"c-paragraph paywall \">\u201c\u2018Preloved styling by Orla\u2019 started on TikTok, asking people what items they wanted me to source from charity shops for them, but I would also style the item for them and create look books,\u201d she says. \u201cAn Post got on to me about their boxes being sustainable, so the item is not only preloved, but the packaging is environmentally friendly too.<\/p>\n<p class=\"c-paragraph paywall \">\u201cI love fashion but money was always an issue, and I never wanted something that wasn\u2019t unique so the charity shops were a big draw. But a friend really educated me on sustainability and that has become a main part of all of this. You\u2019re giving used clothes a new life and you\u2019re taking away the stress of charity shops, where things can be all over the place and you might not find what you want.\u201d<\/p>\n<p class=\"c-paragraph paywall \">While such anticonsumerism crusades are commendable, the practice of consciously reducing one\u2019s consumption of material goods could prove bootless when going up against the giant powers of <a href=\"https:\/\/www.irishtimes.com\/tags\/fast-fashion\/\" target=\"_self\" rel=\"nofollow noopener\" title=\"https:\/\/www.irishtimes.com\/tags\/fast-fashion\/\">fast fashion<\/a>, namely Chinese shopping sites such as <a href=\"https:\/\/www.irishtimes.com\/tags\/shein\/\" target=\"_self\" rel=\"nofollow noopener\" title=\"https:\/\/www.irishtimes.com\/tags\/shein\/\">Shein<\/a> and <a href=\"https:\/\/www.irishtimes.com\/tags\/temu\/\" target=\"_self\" rel=\"nofollow noopener\" title=\"https:\/\/www.irishtimes.com\/tags\/temu\/\">Temu<\/a>.<\/p>\n<p class=\"c-paragraph paywall \">With US president Donald Trump\u2019s elimination of the de minimis loophole \u2013 where parcels under $800 could enter the US tariff-free \u2013 the ecommerce giants have been forced to hike up prices in  their biggest market by as much as 145 per cent. But this still leaves a $2 T-shirt within an affordable price range at $4.90.<\/p>\n<p class=\"c-paragraph paywall \">It also means European customers \u2013 and there are many, with 130 million active users for Shein and 92 million for Temu \u2013 are the new favourite children, bombarded in recent months with even more ads and coupon deals while US customers grow accustomed to their new norm on imports.<\/p>\n<p class=\"c-paragraph paywall \">The EU\u2019s trade chief Maro\u0161 \u0160ef\u0107ovi\u0107 announced in May that the EU is preparing its own war on low-value packages by imposing a \u20ac2 flat fee that would remove the customs-free status of packages worth less than \u20ac150, but it has yet to materialise. Figures show 12 million low-value items come into Europe each day, amounting to 4.6 billion consignments under \u20ac150 in 2024 alone.<\/p>\n<p class=\"c-paragraph b-it-article-body__interstitial-link\">[\u00a0<a aria-label=\"Open related story\" class=\"c-link\" href=\"https:\/\/www.irishtimes.com\/business\/2025\/06\/30\/us-shoppers-ditch-shein-and-temu-as-trump-closes-tax-loophole\/\" rel=\"noreferrer nofollow noopener\" target=\"_blank\">US shoppers ditch Shein and Temu as Trump closes tax loopholeOpens in new window<\/a>\u00a0]<\/p>\n<p class=\"c-paragraph paywall \">France is leading the charge against the behavioural and environmental effects of inexpensive mass-market clothing. In June it passed a Bill to target \u201cultra-fast fashion\u201d with the introduction of eco-taxes, ad bans and mandatory sustainability disclosures.<\/p>\n<p class=\"c-paragraph paywall \">The Bill, which has been criticised for putting only Shein and Temu in the \u201cultra-fast fashion\u201d category, but not high-street labels such as Zara and H&amp;M, can apply taxes of \u20ac5 per item, and includes a ban on advertising for these brands along with sanctions for influencers who promote them online.<\/p>\n<p class=\"c-paragraph b-it-article-body__interstitial-link\">[\u00a0<a aria-label=\"Open related story\" class=\"c-link\" href=\"https:\/\/www.irishtimes.com\/opinion\/2025\/07\/20\/rachel-odwyer-were-familiar-with-the-evils-of-fast-fashion-but-is-high-fashion-so-much-better\/\" rel=\"noreferrer nofollow noopener\" target=\"_blank\">We\u2019re familiar with the evils of fast fashion. But is high fashion so much better?Opens in new window<\/a>\u00a0]<\/p>\n<p class=\"c-paragraph paywall \">As France aims to bid adieu to social media feeds flooded with \u201chaul culture\u201d from such cheap brands, some European countries, including Ireland, are<a href=\"https:\/\/www.irishtimes.com\/business\/2025\/05\/26\/irish-watchdog-orders-fast-fashion-group-shein-to-rectify-breaches-to-eu-consumer-law\/\" target=\"_self\" rel=\"nofollow noopener\" title=\"https:\/\/www.irishtimes.com\/business\/2025\/05\/26\/irish-watchdog-orders-fast-fashion-group-shein-to-rectify-breaches-to-eu-consumer-law\/\"> calling on Shein to rectify practices on its platform that potentially breach EU consumer law<\/a>.<\/p>\n<p class=\"c-paragraph paywall \">As the problematic effects of fast fashion rattle on \u2013 not least including unethical labour practices \u2013 there is a concerted effort to inform consumers about the consequences of such shopping behaviours. In June the <a href=\"https:\/\/www.irishtimes.com\/tags\/environmental-protection-agency\" target=\"_self\" rel=\"nofollow noopener\" title=\"https:\/\/www.irishtimes.com\/tags\/environmental-protection-agency\">Environmental Protection Agency<\/a> (EPA), published a 2024 nationwide survey that gathered insights on sustainable fashion practices.<\/p>\n<p class=\"c-paragraph paywall \">Findings show that one in four adults buy clothes they never wear or end up wearing only a few times, 46 per cent of people buy clothes frequently, and, while 40 per cent of people often donate clothing and other textiles to charity shops, only 20 per cent bought a second-hand item in their last three purchases.<\/p>\n<p class=\"c-paragraph paywall \">\u201cUltimately, this is about durability and buying items for the long term and caring for items, in how we wash and repair, can increase the life of a textile, and that reduces the environmental impact of an item,\u201d says David Flynn, director of the EPA.<\/p>\n<p class=\"c-paragraph paywall \">\u201cIt\u2019s not necessarily about where you buy the clothes from but how long will they last, what can we do to care for them, and from the EPA\u2019s point of view, how can the impact on the environment be lessened? But also, at the end of life, where do these clothes go? We\u2019re finding that a lot of textiles are ending up as waste; they are just going into people\u2019s black bin \u2013 almost 10 per cent of black bin waste are textiles. These could be donated to charities, or there\u2019s lots of new online platforms where people can put their own clothes up for sale or to swap.<\/p>\n<p class=\"c-paragraph b-it-article-body__interstitial-link\">[\u00a0<a aria-label=\"Open related story\" class=\"c-link\" href=\"https:\/\/www.irishtimes.com\/life-style\/people\/2025\/08\/18\/use-your-clothes-for-nine-months-more-and-reduce-their-environmental-footprint-by-up-to-30\/\" rel=\"noreferrer nofollow noopener\" target=\"_blank\">Use your clothes for nine months more and reduce their environmental footprint by up to 30%Opens in new window<\/a>\u00a0]<\/p>\n<p class=\"c-paragraph paywall \">\u201cBut data from the survey also shows that people do care, and 87 per cent agree that it\u2019s important that the clothes they buy are produced to last. About 75 per cent of people feel that the clothes are grown and made by workers that are paid a fair living wage. But when we look at data around <a href=\"https:\/\/www.irishtimes.com\/tags\/climate-change\" target=\"_self\" rel=\"nofollow noopener\" title=\"https:\/\/www.irishtimes.com\/tags\/climate-change\">climate change<\/a> impact on clothes, you can see that people aren\u2019t making the connection between buying clothes that are never worn and the impact that has on climate change.<\/p>\n<p class=\"c-paragraph paywall \">\u201cOnly 40 per cent of people see that link. So I guess the crux of the issue is that people care but they are not quite making that connection between the consumption patterns and that environmental impact. And then, separately, it is about having options so that when people are finished with clothes that they are collected, sorted and reused so it brings them back into the circular economy.\u201d<\/p>\n<p class=\"c-paragraph paywall \">It doesn\u2019t have to mean no satisfying shopping spree either. Recommerce, as it is termed, is proving more of a hit than ever before among conscious shoppers. Vinted, the second-hand fashion marketplace, is already gaining popularity in Ireland, alongside Depop. In France, Vinted now sells the most clothing in terms of sales volume, outranking Amazon.<\/p>\n<p><img decoding=\"async\" data-chromatic=\"ignore\" alt=\"Mary Fleming: 'What we&#x2019;re trying to do is create products from scrap textiles and work and train long-term unemployed people in the process'\" class=\"c-image\" loading=\"lazy\" src=\"https:\/\/www.europesays.com\/ie\/wp-content\/uploads\/2025\/09\/N5BN5Y5YMVDK7N376XYSRVZRVE.jpg\"   width=\"800\" height=\"1170\"\/>Mary Fleming: &#8216;What we\u2019re trying to do is create products from scrap textiles and work and train long-term unemployed people in the process&#8217; <\/p>\n<p class=\"c-paragraph paywall \">In Ireland ventures encouraging consumers to embrace the idea of preloved place an emphasis on repairing items, and learning how to keep and mind textiles is on the increase.<\/p>\n<p class=\"c-paragraph paywall \">Mary Fleming founded <a href=\"https:\/\/www.changeclothes.org\/\" target=\"_self\" rel=\"nofollow noopener\" title=\"https:\/\/www.changeclothes.org\/\">Change Clothes<\/a>, a nonprofit community-powered textile hub in 2017, after a visit to Kenya brought her face to face with mountains of discarded clothes and textiles imported largely from developed countries, and left to rot in giant piles, leading to all sorts of environmental and health risks.<\/p>\n<p class=\"c-paragraph paywall \">\u201cWhat I was seeing was the kind of textile mountains you would see in the media, although we weren\u2019t so aware of them back then,\u201d she says. \u201cWe were all shopping mindlessly back then, and I was too. I was shopping every week and didn\u2019t care until I saw those mountains for myself. When I got home I tried to think how I could help people be more sustainable without being preachy about it, and I had heard about swap shops, so I started running one of them.<\/p>\n<blockquote cite=\"Mary Fleming of Change Clothes\" class=\"c-stack b-it-article-body__pullquote\" data-style-direction=\"vertical\" data-style-justification=\"start\" data-style-alignment=\"unset\" data-style-inline=\"false\" data-style-wrap=\"nowrap\">\n<p class=\"c-paragraph\">There\u2019s a sense of community around it as well because we get people to come in for classes and to learn a new skill<\/p>\n<p>\u2014 \u00a0Mary Fleming of Change Clothes<\/p><\/blockquote>\n<p class=\"c-paragraph paywall \">\u201cI was living in Bray at the time, and the local Tidy Towns gave me the platform to run clothes swaps, and they were really fun. But then I got bogged down in my day job in the corporate world, and moved back to Crumlin, where I\u2019m from, in 2022, and thought I\u2019d pick it up again, so Change Clothes Crumlin then came about and it went really well because we had swaps, workshops and exhibitions, and now three years later we have a base in Thomas Street.<\/p>\n<p class=\"c-paragraph paywall \">\u201cI think people want to do better. Because we started in a working-class place in Crumlin, we got an insight into how sustainable fashion seemed out of reach for some people. Once we made it the norm that you could walk in anywhere and buy preloved clothing or learn about sewing, then people were willing to take part.\u201d<\/p>\n<p class=\"c-paragraph paywall \">Fleming, who is 35, says growing up in the 1990s meant shopping regularly was something people did on the weekends with friends or family. Change Clothes allows people to book slots online for when they can come in to swap clothes \u2013 each shopper can bring up to five items of their own to donate. Tokens are distributed based on the quality of the garment \u2013 one for high street, two for a slightly higher end of fashion, and three for vintage or items made from natural materials.<\/p>\n<p class=\"c-paragraph paywall \">\u201cThen you take your new clothes home and you can buy membership or pay \u20ac6 when you come to swap,\u201d she says. \u201cThe swap is about 10 per cent of what we do now because the big focus is on repair and production from scrap textiles, because we\u2019re seeing clothes banks overflowing with crap. And what are we going to do with that because we can\u2019t keep exporting abroad, so what we\u2019re trying to do is create products from that scrap and work and train long-term unemployed people in the process.<\/p>\n<p class=\"c-paragraph paywall \">\u201cThere\u2019s a sense of community around it as well because we get people to come in for classes and to learn a new skill, but also just talking to people who might be at different stages of their sustainability journeys. We have hand-sewing, embroidery and monthly sewing machine classes.\u201d<\/p>\n<p class=\"c-paragraph paywall \">For her part, Melissa Carton set up a Dublin 8 and Dublin 12 Pay It Forward Freecycle <a href=\"https:\/\/www.facebook.com\/groups\/2053194731591343\/\" target=\"_self\" rel=\"nofollow noopener\" title=\"https:\/\/www.facebook.com\/groups\/2053194731591343\/\">page on Facebook<\/a> in 2017, as a way to allow people to find new homes for unwanted, but perfectly useful, items of furniture.<\/p>\n<p class=\"c-paragraph paywall \">\u201cIt took off, especially during lockdown, and has over 4,000 members now,\u201d she says. \u201cI actually think a lot of the time the second-hand pieces are of better quality and longer lasting than if you pick it up from somewhere like Ikea. It also gives people a sense of community and gives a piece that is no longer wanted a new home somewhere else. It\u2019s in my nature now to keep an eye out for something that I can use in my home or my art studio rather than think of buying anything new.\u201d<\/p>\n","protected":false},"excerpt":{"rendered":"Melissa Carton can count on one hand how many pieces of new furniture she owns. In her Drimnagh&hellip;\n","protected":false},"author":2,"featured_media":38182,"comment_status":"","ping_status":"","sticky":false,"template":"","format":"standard","meta":{"footnotes":""},"categories":[73],"tags":[79,442,29424,18,11394,7772,7768,19,17,361,7770,1373,23584,7767],"class_list":{"0":"post-38181","1":"post","2":"type-post","3":"status-publish","4":"format-standard","5":"has-post-thumbnail","7":"category-business","8":"tag-business","9":"tag-climate-change","10":"tag-drimnagh","11":"tag-eire","12":"tag-environmental-protection-agency-epa","13":"tag-fast-fashion","14":"tag-h-m","15":"tag-ie","16":"tag-ireland","17":"tag-magazine","18":"tag-shein","19":"tag-sustainability","20":"tag-temu","21":"tag-zara"},"share_on_mastodon":{"url":"","error":""},"_links":{"self":[{"href":"https:\/\/www.europesays.com\/ie\/wp-json\/wp\/v2\/posts\/38181","targetHints":{"allow":["GET"]}}],"collection":[{"href":"https:\/\/www.europesays.com\/ie\/wp-json\/wp\/v2\/posts"}],"about":[{"href":"https:\/\/www.europesays.com\/ie\/wp-json\/wp\/v2\/types\/post"}],"author":[{"embeddable":true,"href":"https:\/\/www.europesays.com\/ie\/wp-json\/wp\/v2\/users\/2"}],"replies":[{"embeddable":true,"href":"https:\/\/www.europesays.com\/ie\/wp-json\/wp\/v2\/comments?post=38181"}],"version-history":[{"count":0,"href":"https:\/\/www.europesays.com\/ie\/wp-json\/wp\/v2\/posts\/38181\/revisions"}],"wp:featuredmedia":[{"embeddable":true,"href":"https:\/\/www.europesays.com\/ie\/wp-json\/wp\/v2\/media\/38182"}],"wp:attachment":[{"href":"https:\/\/www.europesays.com\/ie\/wp-json\/wp\/v2\/media?parent=38181"}],"wp:term":[{"taxonomy":"category","embeddable":true,"href":"https:\/\/www.europesays.com\/ie\/wp-json\/wp\/v2\/categories?post=38181"},{"taxonomy":"post_tag","embeddable":true,"href":"https:\/\/www.europesays.com\/ie\/wp-json\/wp\/v2\/tags?post=38181"}],"curies":[{"name":"wp","href":"https:\/\/api.w.org\/{rel}","templated":true}]}}