{"id":39979,"date":"2025-09-03T03:04:10","date_gmt":"2025-09-03T03:04:10","guid":{"rendered":"https:\/\/www.europesays.com\/ie\/39979\/"},"modified":"2025-09-03T03:04:10","modified_gmt":"2025-09-03T03:04:10","slug":"woman-30s-arrested-in-connection-with-online-threats-to-simon-harris-children","status":"publish","type":"post","link":"https:\/\/www.europesays.com\/ie\/39979\/","title":{"rendered":"Woman, 30s, arrested in connection with online threats to Simon Harris&#8217; children"},"content":{"rendered":"<p>Garda\u00ed have arrested a woman in Dublin over online threats made against the T\u00e1naiste Simon Harris and his family.<\/p>\n<p>The woman, who is in her 30s, was arrested by garda\u00ed who are investigating threats made on social media over the weekend and which explicitly mentioned Mr Harris&#8217; children.<\/p>\n<p class=\"\">In a statement tonight, An Garda S\u00edoch\u00e1na said, &#8220;Garda\u00ed investigating recent online threats against an elected representative have arrested a woman in her 30s today, Tuesday 2nd September 2025.<\/p>\n<p class=\"\">&#8220;The woman is currently being detained under Section 4 of the Criminal Justice Act 1984 at a Garda Station in the Dublin Metropolitan Region.<\/p>\n<p class=\"\"> An Garda S\u00edoch\u00e1na is not providing any further information at this time.&#8221;<\/p>\n<p class=\"\">On Monday, the Fine Gael leader, who lives in Co Wicklow, said the threats were \u201cdespicable\u201d and could not be tolerated.<\/p>\n<p class=\"\">The T\u00e1naiste has previously been at the receiving end of threats, including on social media and a bomb threat, as well as protests outside his home by far-right anti-immigrant agitators.<\/p>\n<p class=\"\">In a statement on Monday, Mr Harris said: &#8220;This weekend, I received direct threats targeting my family.<\/p>\n<p class=\"\">&#8220;As a father, I have very strong views and feelings on this as you can imagine. As a political leader, I find it unacceptable in every way.<\/p>\n<p class=\"\">&#8220;Let me be clear: threatening people \u2014 any person \u2014 is a crime. Threatening children is despicable. It is cowardice and it is a line that no decent society should tolerate being crossed.&#8221;<\/p>\n<p class=\"\">The T\u00e1naiste said he would not be commenting further as the garda investigation is ongoing.<\/p>\n<p class=\"\">Taoiseach Miche\u00e1l Martin said that not only were the threats unacceptable but represented a threat to the democratic State.<\/p>\n<p class=\"\">I condemn unreservedly the abhorrent threats made to T\u00e1naiste Simon Harris and his family. Such threats to people in public life are unacceptable.<\/p>\n<p class=\"\">&#8220;They are a fundamental threat to our democracy.&#8221;<\/p>\n<p class=\"\">The garda investigation is being led by detectives in Wicklow, but they are receiving the assistance of the Special Detective Unit (SDU) and the Garda National Crime Cyber Bureau.<\/p>\n<p class=\"\">The SDU is the operational arm of the Garda Security and Intelligence Service and has been involved in assisting or leading previous investigations into violent threats against Government minister and senior politicians.<\/p>\n","protected":false},"excerpt":{"rendered":"Garda\u00ed have arrested a woman in Dublin over online threats made against the T\u00e1naiste Simon Harris and his&hellip;\n","protected":false},"author":2,"featured_media":39980,"comment_status":"","ping_status":"","sticky":false,"template":"","format":"standard","meta":{"footnotes":""},"categories":[40],"tags":[9,10,715,18,13,14,11167,6,19,17,11,12,15,16,5,44,7,8],"class_list":{"0":"post-39979","1":"post","2":"type-post","3":"status-publish","4":"format-standard","5":"has-post-thumbnail","7":"category-ireland","8":"tag-breaking-news","9":"tag-breakingnews","10":"tag-crime","11":"tag-eire","12":"tag-featured-news","13":"tag-featurednews","14":"tag-gardai","15":"tag-headlines","16":"tag-ie","17":"tag-ireland","18":"tag-latest-news","19":"tag-latestnews","20":"tag-main-news","21":"tag-mainnews","22":"tag-news","23":"tag-simon-harris","24":"tag-top-stories","25":"tag-topstories"},"share_on_mastodon":{"url":"","error":""},"_links":{"self":[{"href":"https:\/\/www.europesays.com\/ie\/wp-json\/wp\/v2\/posts\/39979","targetHints":{"allow":["GET"]}}],"collection":[{"href":"https:\/\/www.europesays.com\/ie\/wp-json\/wp\/v2\/posts"}],"about":[{"href":"https:\/\/www.europesays.com\/ie\/wp-json\/wp\/v2\/types\/post"}],"author":[{"embeddable":true,"href":"https:\/\/www.europesays.com\/ie\/wp-json\/wp\/v2\/users\/2"}],"replies":[{"embeddable":true,"href":"https:\/\/www.europesays.com\/ie\/wp-json\/wp\/v2\/comments?post=39979"}],"version-history":[{"count":0,"href":"https:\/\/www.europesays.com\/ie\/wp-json\/wp\/v2\/posts\/39979\/revisions"}],"wp:featuredmedia":[{"embeddable":true,"href":"https:\/\/www.europesays.com\/ie\/wp-json\/wp\/v2\/media\/39980"}],"wp:attachment":[{"href":"https:\/\/www.europesays.com\/ie\/wp-json\/wp\/v2\/media?parent=39979"}],"wp:term":[{"taxonomy":"category","embeddable":true,"href":"https:\/\/www.europesays.com\/ie\/wp-json\/wp\/v2\/categories?post=39979"},{"taxonomy":"post_tag","embeddable":true,"href":"https:\/\/www.europesays.com\/ie\/wp-json\/wp\/v2\/tags?post=39979"}],"curies":[{"name":"wp","href":"https:\/\/api.w.org\/{rel}","templated":true}]}}