{"id":40033,"date":"2025-09-03T03:41:08","date_gmt":"2025-09-03T03:41:08","guid":{"rendered":"https:\/\/www.europesays.com\/ie\/40033\/"},"modified":"2025-09-03T03:41:08","modified_gmt":"2025-09-03T03:41:08","slug":"ballinhassigs-niall-ohalloran-confirmed-as-ben-oconnors-cork-senior-hurling-coach","status":"publish","type":"post","link":"https:\/\/www.europesays.com\/ie\/40033\/","title":{"rendered":"Ballinhassig\u2019s Niall O\u2019Halloran confirmed as Ben O\u2019Connor\u2019s Cork senior hurling coach"},"content":{"rendered":"<p>Ballinhassig\u2019s Niall O\u2019Halloran has been confirmed as Ben O\u2019Connor\u2019s choice as Cork senior hurling coach.<\/p>\n<p>O\u2019Halloran will join a management team featuring manager O\u2019Connor\u2019s previous U20 selectors two-time All-Ireland SHC winner Ronan Curran, Terence McCarthy and William Biggane.<\/p>\n<p class=\"\">The trio served as O\u2019Connor\u2019s assistants when they led the county to under-age All-Ireland success two years ago.<\/p>\n<p class=\"\">O\u2019Halloran was the county\u2019s minor coach during John Considine\u2019s time in charge in 2018 and has since enjoyed county success managing and coaching the likes of Fr O\u2019Neills and Lisgoold in recent seasons and before that \u00c9ire \u00d3g.<\/p>\n<p class=\"\">O\u2019Connor\u2019s term as manager is three years and Cork will begin the defence of their Munster title away to All-Ireland champions Tipperary in FBD Semple Stadium in mid-April.<\/p>\n<p class=\"\">O\u2019Connor\u2019s Newtownshandrum club-mate and 2000 senior championship-winning captain Donal Mulcahy will take over from Fergal McCormack as minor hurling manager in 2026.<\/p>\n<p class=\"\">Going back to 2020, Cork have appointed minor hurling managers on one-year terms. D\u00f3nal \u00d3g Cusack, the first of them, continues as coach to Noel Furlong with the U20s for a second season. Furlong was minor manager in 2021.<\/p>\n<p class=\"\">Football-wise, former Galway and Sligo boss Kevin Walsh will for a fourth season work as senior coach with manager John Cleary. As previously reported, Kevin Murray of St Finbarrs is on board as coach\/selector as ex-Cork and Antrim footballer James Loughrey steps away after four years of managerial involvement.<\/p>\n<p class=\"\">Ray Keane, as had been expected, will be the new U20 football manager and the domiciled Kerry native will be able to call on 2010 All-Ireland SFC winner Paul Kerrigan as one of his selectors.<\/p>\n<p class=\"\">Former senior manager Keith Ricken is at the helm of the minor footballers for a second year in 2026.<\/p>\n<p class=\"contextmenu caption\">Senior hurling (3-year term)<\/p>\n<p class=\"\">\n            Manager: Ben O\u2019Connor (Newtownshandrum).<\/p>\n<p class=\"\">\n            Selectors: Ronan Curran (St Finbarrs); Terence McCarthy (Midleton); William Biggane (Newtownshandrum).<\/p>\n<p class=\"\">\n            Coach: Niall O\u2019Halloran (Ballinhassig).<\/p>\n<p class=\"contextmenu caption\">Senior football (2-year term)<\/p>\n<p class=\"\">\n            Manager: John Cleary (Castlehaven).<\/p>\n<p class=\"\">\n            Selectors: Miche\u00e1l \u00d3 Cr\u00f3in\u00edn (Naomh Ab\u00e1n); Jim O\u2019Donoghue (St Finbarrs); Barry Corkery (\u00c9ire \u00d3g). Coach\/selector: Kevin Murray, (St Finbarrs).<\/p>\n<p class=\"\">\n            Coach: Kevin Walsh (Killannin. Galway).<\/p>\n<p class=\"contextmenu caption\">U20 football (2-year term)<\/p>\n<p class=\"\">\n            Manager: Ray Keane (\u00c9ire \u00d3g).<\/p>\n<p class=\"\">\n            Coach\/selectors: Paul Kerrigan (Nemo Rangers); Kevin O\u2019Sullivan (Cill na Martra); Enda Kiernan (Aghabullogue\/MTU).<\/p>\n<p class=\"contextmenu caption\">Minor hurling (1-year term)<\/p>\n<p class=\"\">\n            Manager<br \/>\n            : Donal Mulcahy (Newtownshandrum).<\/p>\n<p class=\"\">\n            Selectors: Jason Barrett (Carrigtwohill); John Kingston (Tracton); Peter Kelly (Erin\u2019s Own).<\/p>\n","protected":false},"excerpt":{"rendered":"Ballinhassig\u2019s Niall O\u2019Halloran has been confirmed as Ben O\u2019Connor\u2019s choice as Cork senior hurling coach. O\u2019Halloran will join&hellip;\n","protected":false},"author":2,"featured_media":40034,"comment_status":"","ping_status":"","sticky":false,"template":"","format":"standard","meta":{"footnotes":""},"categories":[3],"tags":[1263,9,10,24,18,13,14,6,19,17,11,12,15,16,5,7,8],"class_list":{"0":"post-40033","1":"post","2":"type-post","3":"status-publish","4":"format-standard","5":"has-post-thumbnail","7":"category-headlines","8":"tag-cork-sport","9":"tag-breaking-news","10":"tag-breakingnews","11":"tag-cork-gaa","12":"tag-eire","13":"tag-featured-news","14":"tag-featurednews","15":"tag-headlines","16":"tag-ie","17":"tag-ireland","18":"tag-latest-news","19":"tag-latestnews","20":"tag-main-news","21":"tag-mainnews","22":"tag-news","23":"tag-top-stories","24":"tag-topstories"},"share_on_mastodon":{"url":"","error":""},"_links":{"self":[{"href":"https:\/\/www.europesays.com\/ie\/wp-json\/wp\/v2\/posts\/40033","targetHints":{"allow":["GET"]}}],"collection":[{"href":"https:\/\/www.europesays.com\/ie\/wp-json\/wp\/v2\/posts"}],"about":[{"href":"https:\/\/www.europesays.com\/ie\/wp-json\/wp\/v2\/types\/post"}],"author":[{"embeddable":true,"href":"https:\/\/www.europesays.com\/ie\/wp-json\/wp\/v2\/users\/2"}],"replies":[{"embeddable":true,"href":"https:\/\/www.europesays.com\/ie\/wp-json\/wp\/v2\/comments?post=40033"}],"version-history":[{"count":0,"href":"https:\/\/www.europesays.com\/ie\/wp-json\/wp\/v2\/posts\/40033\/revisions"}],"wp:featuredmedia":[{"embeddable":true,"href":"https:\/\/www.europesays.com\/ie\/wp-json\/wp\/v2\/media\/40034"}],"wp:attachment":[{"href":"https:\/\/www.europesays.com\/ie\/wp-json\/wp\/v2\/media?parent=40033"}],"wp:term":[{"taxonomy":"category","embeddable":true,"href":"https:\/\/www.europesays.com\/ie\/wp-json\/wp\/v2\/categories?post=40033"},{"taxonomy":"post_tag","embeddable":true,"href":"https:\/\/www.europesays.com\/ie\/wp-json\/wp\/v2\/tags?post=40033"}],"curies":[{"name":"wp","href":"https:\/\/api.w.org\/{rel}","templated":true}]}}