{"id":40465,"date":"2025-09-03T08:42:12","date_gmt":"2025-09-03T08:42:12","guid":{"rendered":"https:\/\/www.europesays.com\/ie\/40465\/"},"modified":"2025-09-03T08:42:12","modified_gmt":"2025-09-03T08:42:12","slug":"the-spanish-golden-age-expands-its-borders-in-texas-culture","status":"publish","type":"post","link":"https:\/\/www.europesays.com\/ie\/40465\/","title":{"rendered":"The Spanish Golden Age expands its borders in Texas | Culture"},"content":{"rendered":"<p class=\"\">A constellation of Virgin Mary figures, saints, and court portraits from the Spanish Golden Age \u2014 from <a href=\"https:\/\/english.elpais.com\/arts\/2020-07-31\/the-empowered-women-of-the-spanish-middle-ages.html\" target=\"_self\" rel=\"nofollow noopener\" title=\"https:\/\/english.elpais.com\/arts\/2020-07-31\/the-empowered-women-of-the-spanish-middle-ages.html\">the late 1400s<\/a> to the late 1600s \u2014 have descended upon the cultural heart of Texas. The Blanton Museum of Art at the University of Texas at Austin has opened <a href=\"https:\/\/blantonmuseum.org\/exhibition\/spirit-splendor\/\" target=\"_self\" rel=\"nofollow noopener\" title=\"https:\/\/blantonmuseum.org\/exhibition\/spirit-splendor\/\">Spirit &amp; Splendor: El Greco, Vel\u00e1zquez, and the Hispanic Baroque<\/a>, an exhibition that offers a reconfigured map of Spain\u2019s artistic heyday by bridging the gap with the Americas.<\/p>\n<p class=\"\">The exhibition, open to the public until February 1, 2026, brings together 57 works from the Hispanic Society Museum &amp; Library in New York, an institution founded in 1904 by Archer M. Huntington and closely associated with the Blanton institution, which bore his name for almost two decades. The exhibition is a traveling one that has already been to Boca Raton in Florida and to Milwaukee, but in its Texas version it has taken on a new dimension. In addition to showing for the first time masterpieces by Vel\u00e1zquez, <a href=\"https:\/\/english.elpais.com\/culture\/2025-02-18\/for-the-first-time-prado-museum-brings-together-eight-works-by-el-greco-from-around-the-world.html\" target=\"_self\" rel=\"nofollow noopener\" title=\"https:\/\/english.elpais.com\/culture\/2025-02-18\/for-the-first-time-prado-museum-brings-together-eight-works-by-el-greco-from-around-the-world.html\">El Greco<\/a>, Zurbar\u00e1n and Murillo, the show includes works from New Spain and the Viceroyalty of Peru that underline how the Baroque style was also an American language. For the Blanton, this connection was particularly relevant.<\/p>\n<p class=\"\">\u201cWe wanted the exhibition to be understood not only as a tribute to the Spanish monarchy, but as a space for dialogue between two shores,\u201d explains Holly Borham, curator of prints, drawings, and European art at the Blanton. Her colleague Rosario I. Granados, a specialist in the art of the Americas, complements the idea: \u201cMany of the painters included were born <a href=\"https:\/\/english.elpais.com\/travel\/2023-10-06\/24-hours-in-seville-a-guided-walk-through-art-and-literature.html\" target=\"_self\" rel=\"nofollow noopener\" title=\"https:\/\/english.elpais.com\/travel\/2023-10-06\/24-hours-in-seville-a-guided-walk-through-art-and-literature.html\">in Seville<\/a>, traveled to Mexico, and developed their own style there. Our intention was to contextualize and situate these works on equal footing, not as a colonial appendage.\u201d<\/p>\n<p class=\"\">The tour of the galleries also expands traditional definitions of the period with a sculpture by Luisa Rold\u00e1n, La Roldana\u2014the first documented woman sculptor in Spain\u2014and an engraving derived from a Michelangelo drawing that illuminates El Greco\u2019s Italian connection. Furthermore, the museum has added chronologies, artist family trees, and maps that allow visitors to understand the circulation of ideas, families, and styles in a world that, already in the 17th century, was much <a href=\"https:\/\/english.elpais.com\/international\/2025-02-01\/when-did-we-fall-out-of-love-with-globalization-new-rules-break-the-traditional-china-led-pattern.html\" target=\"_self\" rel=\"nofollow noopener\" title=\"https:\/\/english.elpais.com\/international\/2025-02-01\/when-did-we-fall-out-of-love-with-globalization-new-rules-break-the-traditional-china-led-pattern.html\">more global<\/a> than commonly thought. \u201cWe are fortunate to have both colonial and European collections, and that gives us the authority to establish a genuine dialogue between the two,\u201d says Borham.<\/p>\n<p class=\"\">The result is a mosaic that combines El Greco\u2019s Piet\u00e1 with its immediately recognizable essence, with a portrait of Saint Michael by Luis Ju\u00e1rez, a Sevillian painter active in what is now Mexico in the same century. The contrast is not only geographical, but also one of materials and purpose: while large oil paintings shone in Imperial Spain, the American viceroyalties also saw the proliferation of a more resourceful use of copper plates as a base for works that glittered like jewels in the sacristies. For Borham, this is the greatest treasure of the exhibition. \u201cOn the reverse there are engravings that look like devotional prints, a fascinating object that serves as a hinge between Spain and New Spain.\u201d<\/p>\n<p class=\"\">In its quest to underscore this duality, the exhibition also allows viewers to compare two versions of Our Lady of the Immaculate Conception: the monumental one, created by the brush of a court painter in Madrid, and the smaller, almost intimate one, intended for religious education in the New World. The image is identical, but the context is radically different.<\/p>\n<p><img alt=\"Exposici\u00f3n en El Blanton Museum of Art de la Universidad de Texas presenta Spirit &amp; Splendor: El Greco, Vel\u00e1zquez, and the Hispanic Baroque\" decoding=\"auto\" class=\"_re lazyload a_m-h\" height=\"295\"  width=\"414\"  src=\"https:\/\/www.europesays.com\/ie\/wp-content\/uploads\/2025\/09\/YLOD6NM4VJEBHEKM6CQLI7JUBU.jpg\" loading=\"lazy\"\/>Works \u2018Bernab\u00e9 de Ochoa and Chinchetru\u2019, and \u2018Charles II in Armor\u2019, by Juan Carre\u00f1o de Miranda.Blanton Museum of Art<\/p>\n<p class=\"\">The Texas connection is also present. Among the pieces in the exhibition is a work by Jos\u00e9 de P\u00e1ez, a New Spain painter known for depicting the San Sab\u00e1 mission, built in the 18th century just two hours from Austin. \u201cWe wanted to show how what was happening in colonial Texas resonated in Mexico City and beyond,\u201d Granados emphasizes. In that sense, the Blanton also incorporates the founding of the first Spanish missions in what is now Texas into the exhibition\u2019s timeline. \u201cIt\u2019s a way of remembering that Spanish here is not just a language, but also part of history,\u201d Borham notes.<\/p>\n<p class=\"\">As a university museum, the Blanton has also conceived the exhibition as a teaching tool. The bilingual texts aim to appeal to both students of Spanish literature and young people from the city\u2019s language immersion programs. \u201cWe\u2019re interested in generating a conversation, even about words like Baroque, which are sometimes used vaguely,\u201d says Granados.<\/p>\n<p class=\"\">The dialogue isn\u2019t limited to the museum\u2019s walls. The public program includes talks by specialists such as historian Amanda Wunder, who will address Seville\u2019s Golden Age fashion from a social perspective, and a visit by a Lima scholar Jos\u00e9 Luis Lazarte, who will discuss enconchado painting. The intention is to balance the perspectives: from the Spanish court to the colonial workshops. Thus, the exhibition and everything that will surround it in the coming months echo the transatlantic Golden Age, which reclaims itself as such from an unexpected Texan setting.<\/p>\n<p><img alt=\"Obra \u2018Funeral de la reina, Mar\u00eda Luisa de Orleans (1689\u20131690)\u2019 de Sebasti\u00e1n Mu\u00f1oz.\" decoding=\"auto\" class=\"_re lazyload a_m-h\" height=\"293\"  width=\"414\"  src=\"https:\/\/www.europesays.com\/ie\/wp-content\/uploads\/2025\/09\/RUYKSWDY5FFHNCD5SYIVGC2I3I.jpg\" loading=\"lazy\"\/>Work \u2018Funeral of Queen Maria Luisa of Orleans (1689\u20131690)\u2019 by Sebasti\u00e1n Mu\u00f1oz.Blanton Museum of ArtPractical information<\/p>\n<p>Spirit &amp; Splendor: El Greco, Vel\u00e1zquez, and the Hispanic Baroque<\/p>\n<p>Venue: Blanton Museum of Art, The University of Texas at Austin<br \/>Dates: August 24, 2025\u2013February 1, 2026<br \/>Works: 57 pieces from the Hispanic Society Museum &amp; Library, plus works from the Blanton collection<br \/>Guided Tours: In English and Spanish, select Tuesdays, Saturdays, and Sundays<br \/>Highlighted Events:<br \/>September 14: Amanda Wunder talks on fashion in Golden Age Seville.<br \/>October 24: B Scene, an evening party with music, art, and activities.<\/p>\n","protected":false},"excerpt":{"rendered":"A constellation of Virgin Mary figures, saints, and court portraits from the Spanish Golden Age \u2014 from the&hellip;\n","protected":false},"author":2,"featured_media":40466,"comment_status":"","ping_status":"","sticky":false,"template":"","format":"standard","meta":{"footnotes":""},"categories":[267],"tags":[365,362,363,364,30854,366,30856,18,30855,117,19,17,30857,2461],"class_list":{"0":"post-40465","1":"post","2":"type-post","3":"status-publish","4":"format-standard","5":"has-post-thumbnail","7":"category-arts-and-design","8":"tag-arts","9":"tag-arts-and-design","10":"tag-artsanddesign","11":"tag-artsdesign","12":"tag-austin","13":"tag-design","14":"tag-diego-velazquez","15":"tag-eire","16":"tag-el-greco","17":"tag-entertainment","18":"tag-ie","19":"tag-ireland","20":"tag-sevilla","21":"tag-texas"},"share_on_mastodon":{"url":"","error":""},"_links":{"self":[{"href":"https:\/\/www.europesays.com\/ie\/wp-json\/wp\/v2\/posts\/40465","targetHints":{"allow":["GET"]}}],"collection":[{"href":"https:\/\/www.europesays.com\/ie\/wp-json\/wp\/v2\/posts"}],"about":[{"href":"https:\/\/www.europesays.com\/ie\/wp-json\/wp\/v2\/types\/post"}],"author":[{"embeddable":true,"href":"https:\/\/www.europesays.com\/ie\/wp-json\/wp\/v2\/users\/2"}],"replies":[{"embeddable":true,"href":"https:\/\/www.europesays.com\/ie\/wp-json\/wp\/v2\/comments?post=40465"}],"version-history":[{"count":0,"href":"https:\/\/www.europesays.com\/ie\/wp-json\/wp\/v2\/posts\/40465\/revisions"}],"wp:featuredmedia":[{"embeddable":true,"href":"https:\/\/www.europesays.com\/ie\/wp-json\/wp\/v2\/media\/40466"}],"wp:attachment":[{"href":"https:\/\/www.europesays.com\/ie\/wp-json\/wp\/v2\/media?parent=40465"}],"wp:term":[{"taxonomy":"category","embeddable":true,"href":"https:\/\/www.europesays.com\/ie\/wp-json\/wp\/v2\/categories?post=40465"},{"taxonomy":"post_tag","embeddable":true,"href":"https:\/\/www.europesays.com\/ie\/wp-json\/wp\/v2\/tags?post=40465"}],"curies":[{"name":"wp","href":"https:\/\/api.w.org\/{rel}","templated":true}]}}