{"id":42422,"date":"2025-09-04T05:43:38","date_gmt":"2025-09-04T05:43:38","guid":{"rendered":"https:\/\/www.europesays.com\/ie\/42422\/"},"modified":"2025-09-04T05:43:38","modified_gmt":"2025-09-04T05:43:38","slug":"i-have-very-bad-eyesight-which-comes-in-really-useful-as-i-cant-see-the-audience-the-irish-times","status":"publish","type":"post","link":"https:\/\/www.europesays.com\/ie\/42422\/","title":{"rendered":"\u2018I have very bad eyesight \u2013 which comes in really useful, as I can\u2019t see the audience\u2019 \u2013 The Irish Times"},"content":{"rendered":"<p class=\"c-paragraph paywall \"><a href=\"https:\/\/www.irishtimes.com\/tags\/dance\/\" target=\"_self\" rel=\"nofollow noopener\" title=\"https:\/\/www.irishtimes.com\/tags\/dance\/\">Dance<\/a>, whether set, step or sean-n\u00f3s, occupies a curious place in the Irish tradition. <\/p>\n<p class=\"c-paragraph paywall \"><a href=\"https:\/\/www.irishtimes.com\/tags\/riverdance\/\" target=\"_blank\" rel=\"nofollow noopener\" title=\"https:\/\/www.irishtimes.com\/tags\/riverdance\/\">Riverdance<\/a> put it on the global stage, and those who speak the language of set dancing pass it down through the generations with enviable zeal. But for many lovers of traditional music, their encounters with dance are few and far between. It can feel as if the session and the c\u00e9il\u00ed are a twain that never shall meet. <\/p>\n<p class=\"c-paragraph paywall \">At the same time, traditional music has been steadily taking its place alongside other musical art forms \u2013 the ground-breaking recent music created by <a href=\"https:\/\/www.irishtimes.com\/tags\/lankum\/\" target=\"_blank\" rel=\"nofollow noopener\" title=\"https:\/\/www.irishtimes.com\/tags\/lankum\/\">Lankum<\/a>, <a href=\"https:\/\/www.irishtimes.com\/tags\/cormac-begley\/\" target=\"_blank\" rel=\"nofollow noopener\" title=\"https:\/\/www.irishtimes.com\/tags\/cormac-begley\/\">Cormac Begley<\/a> and <a href=\"https:\/\/www.irishtimes.com\/tags\/john-francis-flynn\/\" target=\"_self\" rel=\"nofollow noopener\" title=\"https:\/\/www.irishtimes.com\/tags\/john-francis-flynn\/\">John Francis Flynn<\/a>, among others, will have lured in even more listeners. <\/p>\n<p class=\"c-paragraph paywall \">The fiddle player and composer <a href=\"https:\/\/www.irishtimes.com\/tags\/zoe-conway\/\" target=\"_blank\" rel=\"nofollow noopener\" title=\"https:\/\/www.irishtimes.com\/tags\/zoe-conway\/\">Zo\u00eb Conway<\/a>, who cut her teeth with Riverdance, has played no small part in bridging the gap between performance and audience, in concert halls, fleadhanna cheoil and sessions. <\/p>\n<p class=\"c-paragraph paywall \">Conway is constantly pursuing new horizons, infectiously curious about where the music might take her. In 2023 she became an associate artist of the <a href=\"https:\/\/www.irishtimes.com\/tags\/rte-concert-orchestra\/\" target=\"_blank\" rel=\"nofollow noopener\" title=\"https:\/\/www.irishtimes.com\/tags\/rte-concert-orchestra\/\">RT\u00c9 Concert Orchestra<\/a>. For her next appearance with them, at the Anam \u00c9ireann \u2013 or The Soul of Ireland \u2013 concert at the Helix in Dublin this month, she is drawing together singer <a href=\"https:\/\/www.irishtimes.com\/tags\/rioghnach-connolly\/\" target=\"_blank\" rel=\"nofollow noopener\" title=\"https:\/\/www.irishtimes.com\/tags\/rioghnach-connolly\/\">R\u00edoghnach Connolly<\/a>, piper <a href=\"https:\/\/www.irishtimes.com\/tags\/louise-mulcahy\/\" target=\"_blank\" rel=\"noreferrer nofollow noopener\" title=\"https:\/\/www.irishtimes.com\/tags\/louise-mulcahy\/\">Louise Mulcahy<\/a> and conductor Ellie Slorach for a performance featuring the irrepressible sean-n\u00f3s dancer <a href=\"https:\/\/www.irishtimes.com\/tags\/edwina-guckian\/\" target=\"_blank\" rel=\"nofollow noopener\" title=\"https:\/\/www.irishtimes.com\/tags\/edwina-guckian\/\">Edwina Guckian<\/a>. <\/p>\n<p class=\"c-paragraph paywall \">Given the solo nature of sean-n\u00f3s dance, opportunities to collaborate can be few and far between. Still, Guckian belongs to a community that\u2019s not short of vim. She and her fellow solo dancers Stephanie Keane, Caitl\u00edn Nic Gabhann and Nic Gareiss have all made sean-n\u00f3s their own. <\/p>\n<p class=\"c-paragraph paywall \">Guckian has a particularly organic and inclusive approach to what she prefers to call percussive dance, as the term frees her of the fetters that can bind sean-n\u00f3s dance to a tight set of conventions. <\/p>\n<p class=\"c-paragraph b-it-article-body__interstitial-link\">[\u00a0<a aria-label=\"Open related story\" class=\"c-link\" href=\"https:\/\/www.irishtimes.com\/culture\/2024\/02\/19\/jean-butler-theres-an-expression-of-love-that-happens-when-people-dance-together\/\" rel=\"noreferrer nofollow noopener\" target=\"_blank\">Jean Butler: \u2018There\u2019s an expression of love that happens when people dance together\u2019Opens in new window<\/a>\u00a0]<\/p>\n<p class=\"c-paragraph paywall \">\u201cIf you do anything that\u2019s off from the tradition at all, someone will turn around to you and say that\u2019s not sean-n\u00f3s dancing,\u201d she says. \u201cBut I never said that it was. I might be dancing to The Beatles, but sean-n\u00f3s dancing. <\/p>\n<p class=\"c-paragraph paywall \">\u201cAs well as that, most people associate sean-n\u00f3s dance with Connemara dancers and they expect you to dance in that way, but we never call it that. Where I grew up, people call what I do shuffling or battering.\u201d<\/p>\n<blockquote cite=\"https:\/\/www.facebook.com\/reel\/491674009855486\/?locale=en_US\" class=\"fb-xfbml-parse-ignore\"><p><a href=\"https:\/\/www.facebook.com\/reel\/491674009855486\/?locale=en_US\" rel=\"nofollow noopener\" target=\"_blank\"><\/p>\n<p>One of the best nights of the year dancing with Zo\u00eb Conway and the RT\u00c9 Concert Orchestra. Easy to dance when you\u2019ve got that powerful music lifting you! Even with a 6 month bump \ud83d\ude06<\/p>\n<p>This piece of music was composed by Zo\u00eb Conway for myself and the RT\u00c9 Concert Orchestra \ud83e\udd70 it was her first time  writing a piece for the full orchestra. Amazing!<br \/>\nKeep an eye out for more of Zoe\u2019s upcoming work as part of her residency with the orchestra. <\/p>\n<p>RT\u00c9 lyric fm #25years<\/p>\n<p>Posted by <a href=\"https:\/\/www.facebook.com\/aircdamhsa\" rel=\"nofollow noopener\" target=\"_blank\">\u00c1irc Damhsa Culture Club<\/a> on Monday, May 13, 2024<\/p><\/blockquote>\n<p class=\"c-paragraph paywall \">Anam \u00c9ireann will feature music that Conway composed for Guckian after <a href=\"https:\/\/www.irishtimes.com\/tags\/rte-lyric-fm\/\" target=\"_blank\" rel=\"nofollow noopener\" title=\"https:\/\/www.irishtimes.com\/tags\/rte-lyric-fm\/\">RT\u00c9 Lyric FM<\/a> commissioned her to create a piece for its concert last year to mark the station\u2019s 25th birthday. The pair worked closely to meld dancer and dance with the tune in a way that would surely please Yeats in its seamlessness. <\/p>\n<p class=\"c-paragraph paywall \">\u201cI was so honoured when Lyric FM asked me to compose a piece,\u201d Conway says. \u201cAs associate artist with the orchestra, I felt it would be an opportunity to present a collaboration that shows the best of our living, breathing Irish tradition, and I immediately thought of Edwina.<\/p>\n<p class=\"c-paragraph paywall \">\u201cI wanted the piece to be celebratory and uplifting, and something that embodies the spirit of the people who came before us. I loved the idea of the juxtaposition of sean-n\u00f3s dance with an orchestra, and how the rhythm of the feet could come through in the orchestration. Edwina\u2019s passion for the tradition is infectious, so once I began composing, the piece wrote itself.<\/p>\n<p class=\"c-paragraph paywall \">\u201cThis was actually the first piece I ever composed and orchestrated for full orchestra. I have to thank <a href=\"https:\/\/www.irishtimes.com\/tags\/bill-whelan\/\" target=\"_blank\" rel=\"nofollow noopener\" title=\"https:\/\/www.irishtimes.com\/tags\/bill-whelan\/\">Bill Whelan<\/a> for giving me the push to do that, as I was a bit reluctant. He acted as mentor on the project and checked the final scores to make sure all was okay.<\/p>\n<p class=\"c-paragraph paywall \">Conway called the piece, which they performed together on the stage of <a href=\"https:\/\/www.uch.ie\/\" target=\"_blank\" rel=\"nofollow noopener\" title=\"https:\/\/www.uch.ie\/\">University Concert Hall<\/a>, in Limerick, Bualadh an Cheoil, Bualadh an Chro\u00ed, \u201cwhich means Music Playing, Heart Beating, in honour of Edwina\u201d.<\/p>\n<p><img decoding=\"async\" data-chromatic=\"ignore\" alt=\"Zo&#xEB; Conway and Edwina Guckian perform Bualadh an cheoil, bualadh an chro&#xED; composed by Zo&#xEB; at the RT&#xC9; Lyric FM 25th birthday concert. Photograph: Andres Poveda\" class=\"c-image\" loading=\"lazy\" src=\"https:\/\/www.europesays.com\/ie\/wp-content\/uploads\/2025\/09\/P6P23ARCKVAA7G3FCMCTHJICOM.jpg\"   width=\"800\" height=\"533\"\/>Zo\u00eb Conway and Edwina Guckian perform Bualadh an cheoil, bualadh an chro\u00ed composed by Zo\u00eb at the RT\u00c9 Lyric FM 25th birthday concert. Photograph: Andres Poveda <\/p>\n<p class=\"c-paragraph paywall \">Guckian was thrilled. \u201cI couldn\u2019t believe that someone wanted to write a piece of music for me, and that it was Zo\u00eb Conway, and for an orchestra too,\u201d she says. \u201cIt was a real honour. For someone to compose for you, and not only that, but to ask what you like dancing to, was fabulous \u2013 and then having it orchestrated: I never danced to such power.<\/p>\n<p class=\"c-paragraph paywall \">\u201cOf course there was volume, but the power of the entire orchestra: I was literally up against the cello \u2013 she was nearly prodding me in the backside, I was that close to her. So that sheer force coming at you, with music that was written for you, was incredible. <\/p>\n<p class=\"c-paragraph paywall \">\u201cI was seven months pregnant when I danced. <a href=\"https:\/\/www.irishtimes.com\/tags\/david-brophy\/\" target=\"_blank\" rel=\"nofollow noopener\" title=\"https:\/\/www.irishtimes.com\/tags\/david-brophy\/\">David Brophy<\/a> conducted, and it was as if he was dancing beside me too.\u201d <\/p>\n<p class=\"c-paragraph paywall \">The dance school that Guckian runs, <a href=\"https:\/\/www.aircdamhsa.com\/\" target=\"_self\" rel=\"nofollow noopener\" title=\"https:\/\/www.aircdamhsa.com\/\">\u00c1irc Damhsa Culture Club<\/a>, in Leitrim, is built on her philosophy that, with young people, \u201cif you imagine a big bucket of Irish culture \u2013 music, song, dance, folklore, language, customs, community \u2013 you dunk them in it.\u201d You could almost call it a school for life; past pupils now return to teach the next generation, fired by the passion that Guckian has created.<\/p>\n<p class=\"c-paragraph paywall \">Guckian\u2019s extraordinary choreography was on show at the National Concert Hall in Dublin recently, for the <a href=\"https:\/\/www.irishtimes.com\/tags\/irish-traditional-music-archive\/\" target=\"_blank\" rel=\"nofollow noopener\" title=\"https:\/\/www.irishtimes.com\/tags\/irish-traditional-music-archive\/\">Irish Traditional Music Archive<\/a>\u2019s Drawing from the Well concert in May. She danced her own set with seven other dancers, a celebration of both the percussive force of her own style and the community-building potential of set dancing, fired by an entirely new set of steps learned on the fly. <\/p>\n<p><img decoding=\"async\" data-chromatic=\"ignore\" alt=\"Dancer Edwina is involved in preserving old traditions, such as one project getting locals to grow oat seed to harvest the materials to make traditional strawboy costumes. Photograph: Phil Doyle\" class=\"c-image\" loading=\"lazy\" src=\"https:\/\/www.europesays.com\/ie\/wp-content\/uploads\/2025\/09\/KIEVSOUCH5BRDNXQSJNIQ5AHOE.jpg\"   width=\"800\" height=\"1199\"\/>Dancer Edwina is involved in preserving old traditions, such as one project getting locals to grow oat seed to harvest the materials to make traditional strawboy costumes. Photograph: Phil Doyle <\/p>\n<p class=\"c-paragraph paywall \">\u201cWhen I want to choreograph something to learn off and remember I\u2019ll learn to lilt the tune first, and then I\u2019ll make the whole thing up in my head and practise it over and over in my head and then eventually I\u2019ll let it come out in my feet,\u201d she says.<\/p>\n<p class=\"c-paragraph paywall \">\u201cI\u2019d been dancing that set in my head for about eight years, and it was so exciting. Then on the day of the performance we got seven dancers into the studio at the Irish Traditional Music Archive and I taught it to everybody.\u201d<\/p>\n<p class=\"c-paragraph paywall \">The joy of mining this much-neglected seam of the tradition for new gems is evident in Guckian\u2019s dance.<\/p>\n<p class=\"c-paragraph paywall \">\u201cI think it\u2019s lovely for the musicians, too, because they can see their tune coming out in my feet,\u201d she says. \u201cBecause Zo\u00eb and I are working so closely together, even if she stops playing she can hear the tune in my feet.\u201d <\/p>\n<p class=\"c-paragraph paywall \">Guckian\u2019s approach to dance is the same whether she\u2019s in her kitchen, at a crossroads or in a concert hall.<\/p>\n<p class=\"c-paragraph paywall \">\u201cI have very bad eyesight \u2013 which comes in really useful, because I can\u2019t see the audience and I\u2019m away in my own world,\u201d she says, laughing. \u201cWhether there\u2019s 100 or 1,000 people, it\u2019s still a very personal performance. I tend to just go into my own world with that person who\u2019s playing. <\/p>\n<p class=\"c-paragraph paywall \">\u201cI face them and not the audience, and I only focus on them and the music. When they\u2019re relaxed alongside me, it\u2019s lovely.\u201d<\/p>\n<p class=\"c-paragraph paywall \">Anam \u00c9ireann: The Soul of Ireland is at the <a href=\"https:\/\/www.thehelix.ie\/\" target=\"_blank\" rel=\"noreferrer nofollow noopener\" title=\"https:\/\/www.thehelix.ie\/\">Helix<\/a>, in Dublin, on Thursday, September 11th<\/p>\n<blockquote cite=\\\"https:\/\/www.facebook.com\/reel\/491674009855486\/?locale=en_US\\\" class=\\\"fb-xfbml-parse-ignore\\\"><p><a href=\\\"https:\/\/www.facebook.com\/reel\/491674009855486\/?locale=en_US\\\"><\/a><\/p>\n<p>One of the best nights of the year dancing with Zo\u00eb Conway and the RT\u00c9 Concert Orchestra. Easy to dance when you\u2019ve got that powerful music lifting you! Even with a 6 month bump \ud83d\ude06\\n\\nThis piece of music was composed by Zo\u00eb Conway for myself and the RT\u00c9 Concert Orchestra \ud83e\udd70 it was her first time  writing a piece for the full orchestra. Amazing! \\nKeep an eye out for more of Zoe\u2019s upcoming work as part of her residency with the orchestra. \\n\\nRT\u00c9 lyric fm #25years<\/p>\n<p>Posted by <a href=\\\"https:\/\/www.facebook.com\/aircdamhsa\\\">\u00c1irc Damhsa Culture Club<\/a> on Monday, May 13, 2024<\/p><\/blockquote>\n<p>&#8220;,&#8221;type&#8221;:&#8221;facebook-video&#8221;,&#8221;version&#8221;:&#8221;1.0&#8243;,&#8221;width&#8221;:500,&#8221;_id&#8221;:&#8221;https:\/\/www.facebook.com\/watch\/?ref=search&#038;v=491674009855486&#8243;,&#8221;locale&#8221;:&#8221;en_US&#8221;},&#8221;referent&#8221;:{&#8220;id&#8221;:&#8221;https:\/\/www.facebook.com\/watch\/?ref=search&#038;v=491674009855486&#8243;,&#8221;provider&#8221;:&#8221;https:\/\/graph.facebook.com\/v8.0\/oembed_video?url=&#8221;,&#8221;referent_properties&#8221;:{&#8220;locale&#8221;:&#8221;en_US&#8221;},&#8221;service&#8221;:&#8221;oembed&#8221;,&#8221;type&#8221;:&#8221;facebook-video&#8221;}},{&#8220;_id&#8221;:&#8221;TPLZLWEGHNC7PHSXGCVO7YU6UI&#8221;,&#8221;additional_properties&#8221;:{},&#8221;content&#8221;:&#8221;Anam \u00c9ireann will feature music that Conway composed for Guckian after <a href=\\\"https:\/\/www.irishtimes.com\/tags\/rte-lyric-fm\/\\\" target=\\\"_blank\\\" rel=\\\"\\\" title=\\\"https:\/\/www.irishtimes.com\/tags\/rte-lyric-fm\/\\\">RT\u00c9 Lyric FM<\/a> commissioned her to create a piece for its concert last year to mark the station\u2019s 25th birthday. The pair worked closely to meld dancer and dance with the tune in a way that would surely please Yeats in its seamlessness. &#8220;,&#8221;type&#8221;:&#8221;text&#8221;,&#8221;paywall&#8221;:&#8221;paywall&#8221;},{&#8220;_id&#8221;:&#8221;65FRV43WD5DCRFCGTL5FJY5FXM&#8221;,&#8221;additional_properties&#8221;:{},&#8221;content&#8221;:&#8221;\u201cI was so honoured when Lyric FM asked me to compose a piece,\u201d Conway says. \u201cAs associate artist with the orchestra, I felt it would be an opportunity to present a collaboration that shows the best of our living, breathing Irish tradition, and I immediately thought of Edwina.&#8221;,&#8221;type&#8221;:&#8221;text&#8221;,&#8221;paywall&#8221;:&#8221;paywall&#8221;},{&#8220;_id&#8221;:&#8221;IM7VXMKFHVDYFIWMTZITFEYSV4&#8243;,&#8221;additional_properties&#8221;:{},&#8221;content&#8221;:&#8221;\u201cI wanted the piece to be celebratory and uplifting, and something that embodies the spirit of the people who came before us. I loved the idea of the juxtaposition of sean-n\u00f3s dance with an orchestra, and how the rhythm of the feet could come through in the orchestration. Edwina\u2019s passion for the tradition is infectious, so once I began composing, the piece wrote itself.&#8221;,&#8221;type&#8221;:&#8221;text&#8221;,&#8221;paywall&#8221;:&#8221;paywall&#8221;},{&#8220;_id&#8221;:&#8221;224MOMJWNBF6BOVT32I4I5U7WQ&#8221;,&#8221;additional_properties&#8221;:{},&#8221;content&#8221;:&#8221;\u201cThis was actually the first piece I ever composed and orchestrated for full orchestra. I have to thank <a href=\\\"https:\/\/www.irishtimes.com\/tags\/bill-whelan\/\\\" target=\\\"_blank\\\" rel=\\\"\\\" title=\\\"https:\/\/www.irishtimes.com\/tags\/bill-whelan\/\\\">Bill Whelan<\/a> for giving me the push to do that, as I was a bit reluctant. He acted as mentor on the project and checked the final scores to make sure all was okay.&#8221;,&#8221;type&#8221;:&#8221;text&#8221;,&#8221;paywall&#8221;:&#8221;paywall&#8221;},{&#8220;_id&#8221;:&#8221;T45HUSYL5BBLZDKOIO2DH6O2CI&#8221;,&#8221;additional_properties&#8221;:{},&#8221;content&#8221;:&#8221;Conway called the piece, which they performed together on the stage of <a href=\\\"https:\/\/www.uch.ie\/\\\" target=\\\"_blank\\\" rel=\\\"\\\" title=\\\"https:\/\/www.uch.ie\/\\\">University Concert Hall<\/a>, in Limerick, Bualadh an Cheoil, Bualadh an Chro\u00ed, \u201cwhich means Music Playing, Heart Beating, in honour of Edwina\u201d.&#8221;,&#8221;type&#8221;:&#8221;text&#8221;,&#8221;paywall&#8221;:&#8221;paywall&#8221;},{&#8220;_id&#8221;:&#8221;P6P23ARCKVAA7G3FCMCTHJICOM&#8221;,&#8221;additional_properties&#8221;:{&#8220;fullSizeResizeUrl&#8221;:&#8221;\/resizer\/v2\/P6P23ARCKVAA7G3FCMCTHJICOM.jpg?auth=833b9ba8dbe1b3c216d86fdf4f4ac33c88fa144ffd8dc1e3750a7816c48d9ef3&#8243;,&#8221;galleries&#8221;:[],&#8221;ingestionMethod&#8221;:&#8221;manual&#8221;,&#8221;iptc_job_identifier&#8221;:&#8221;4878&#8243;,&#8221;mime_type&#8221;:&#8221;image\/jpeg&#8221;,&#8221;originalName&#8221;:&#8221;Edwina and Zoe on stage Andres Poveda.jpg&#8221;,&#8221;originalUrl&#8221;:&#8221;https:\/\/cloudfront-eu-central-1.images.arcpublishing.com\/irishtimes\/P6P23ARCKVAA7G3FCMCTHJICOM.jpg&#8221;,&#8221;proxyUrl&#8221;:&#8221;\/resizer\/v2\/P6P23ARCKVAA7G3FCMCTHJICOM.jpg?auth=833b9ba8dbe1b3c216d86fdf4f4ac33c88fa144ffd8dc1e3750a7816c48d9ef3&#8243;,&#8221;published&#8221;:true,&#8221;resizeUrl&#8221;:&#8221;\/resizer\/v2\/P6P23ARCKVAA7G3FCMCTHJICOM.jpg?auth=833b9ba8dbe1b3c216d86fdf4f4ac33c88fa144ffd8dc1e3750a7816c48d9ef3&#8243;,&#8221;restricted&#8221;:false,&#8221;takenOn&#8221;:&#8221;2024-05-01T21:00:46Z&#8221;,&#8221;thumbnailResizeUrl&#8221;:&#8221;\/resizer\/v2\/P6P23ARCKVAA7G3FCMCTHJICOM.jpg?auth=833b9ba8dbe1b3c216d86fdf4f4ac33c88fa144ffd8dc1e3750a7816c48d9ef3&#038;width=300&#8243;,&#8221;usage_instructions&#8221;:&#8221;Supplied for use with articles that mention the person, event, film, product or brand etc shown in the image. Other uses may not be authorised.&#8221;,&#8221;version&#8221;:0,&#8221;template_id&#8221;:284,&#8221;alt_text&#8221;:&#8221;&#8221;,&#8221;link&#8221;:&#8221;&#8221;},&#8221;address&#8221;:{&#8220;street_address&#8221;:&#8221;University Concert Hall&#8221;,&#8221;locality&#8221;:&#8221;Limerick&#8221;},&#8221;auth&#8221;:{&#8220;1&#8243;:&#8221;833b9ba8dbe1b3c216d86fdf4f4ac33c88fa144ffd8dc1e3750a7816c48d9ef3&#8243;},&#8221;caption&#8221;:&#8221;Zo\u00eb Conway and Edwina Guckian perform Bualadh an cheoil, bualadh an chro\u00ed composed by Zo\u00eb at the RT\u00c9 Lyric FM 25th birthday concert. Photograph: Andres Poveda&#8221;,&#8221;created_date&#8221;:&#8221;2025-08-25T12:16:39Z&#8221;,&#8221;credits&#8221;:{&#8220;affiliation&#8221;:[{&#8220;name&#8221;:&#8221;Andres Poveda&#8221;,&#8221;type&#8221;:&#8221;author&#8221;}]},&#8221;distributor&#8221;:{&#8220;category&#8221;:&#8221;handout&#8221;,&#8221;mode&#8221;:&#8221;custom&#8221;,&#8221;name&#8221;:&#8221;PR\/Handout&#8221;},&#8221;height&#8221;:2667,&#8221;image_type&#8221;:&#8221;photograph&#8221;,&#8221;last_updated_date&#8221;:&#8221;2025-08-25T12:16:39Z&#8221;,&#8221;licensable&#8221;:false,&#8221;owner&#8221;:{&#8220;id&#8221;:&#8221;irishtimes&#8221;,&#8221;sponsored&#8221;:false},&#8221;slug&#8221;:&#8221;RT\u00c9 lyric fm 25th birthday concert&#8221;,&#8221;source&#8221;:{&#8220;name&#8221;:&#8221;PR\/Handout&#8221;,&#8221;source_type&#8221;:&#8221;handout&#8221;,&#8221;additional_properties&#8221;:{&#8220;editor&#8221;:&#8221;photo center&#8221;},&#8221;edit_url&#8221;:&#8221;&#8221;,&#8221;system&#8221;:&#8221;photo center&#8221;},&#8221;subtitle&#8221;:&#8221;Edwina Guckian&#8221;,&#8221;taxonomy&#8221;:{&#8220;associated_tasks&#8221;:[]},&#8221;type&#8221;:&#8221;image&#8221;,&#8221;url&#8221;:&#8221;https:\/\/cloudfront-eu-central-1.images.arcpublishing.com\/irishtimes\/P6P23ARCKVAA7G3FCMCTHJICOM.jpg&#8221;,&#8221;version&#8221;:&#8221;0.10.9&#8243;,&#8221;width&#8221;:4000,&#8221;planning&#8221;:{},&#8221;alignment&#8221;:&#8221;center&#8221;},{&#8220;_id&#8221;:&#8221;XWBODXOFZBBBHJK7ILMDOETVP4&#8243;,&#8221;additional_properties&#8221;:{},&#8221;content&#8221;:&#8221;Guckian was thrilled. \u201cI couldn\u2019t believe that someone wanted to write a piece of music for me, and that it was Zo\u00eb Conway, and for an orchestra too,\u201d she says. \u201cIt was a real honour. For someone to compose for you, and not only that, but to ask what you like dancing to, was fabulous \u2013 and then having it orchestrated: I never danced to such power.&#8221;,&#8221;type&#8221;:&#8221;text&#8221;,&#8221;paywall&#8221;:&#8221;paywall&#8221;},{&#8220;_id&#8221;:&#8221;U2ZHQX7CDVGMRLOGYRT3MZGLLE&#8221;,&#8221;additional_properties&#8221;:{},&#8221;content&#8221;:&#8221;\u201cOf course there was volume, but the power of the entire orchestra: I was literally up against the cello \u2013 she was nearly prodding me in the backside, I was that close to her. So that sheer force coming at you, with music that was written for you, was incredible. &#8220;,&#8221;type&#8221;:&#8221;text&#8221;,&#8221;paywall&#8221;:&#8221;paywall&#8221;},{&#8220;_id&#8221;:&#8221;RDCJW5GUXFA5VCUDKVZM4ITI6E&#8221;,&#8221;additional_properties&#8221;:{},&#8221;content&#8221;:&#8221;\u201cI was seven months pregnant when I danced. <a href=\\\"https:\/\/www.irishtimes.com\/tags\/david-brophy\/\\\" target=\\\"_blank\\\" rel=\\\"\\\" title=\\\"https:\/\/www.irishtimes.com\/tags\/david-brophy\/\\\">David Brophy<\/a> conducted, and it was as if he was dancing beside me too.\u201d &#8220;,&#8221;type&#8221;:&#8221;text&#8221;,&#8221;paywall&#8221;:&#8221;paywall&#8221;},{&#8220;_id&#8221;:&#8221;BMUR2OMWIVHGPGGPMMCDO7IWAQ&#8221;,&#8221;additional_properties&#8221;:{},&#8221;content&#8221;:&#8221;The dance school that Guckian runs, <a href=\\\"https:\/\/www.aircdamhsa.com\/\\\" target=\\\"_self\\\" rel=\\\"\\\" title=\\\"https:\/\/www.aircdamhsa.com\/\\\">\u00c1irc Damhsa Culture Club<\/a>, in Leitrim, is built on her philosophy that, with young people, \u201cif you imagine a big bucket of Irish culture \u2013 music, song, dance, folklore, language, customs, community \u2013 you dunk them in it.\u201d You could almost call it a school for life; past pupils now return to teach the next generation, fired by the passion that Guckian has created.&#8221;,&#8221;type&#8221;:&#8221;text&#8221;,&#8221;paywall&#8221;:&#8221;paywall&#8221;},{&#8220;_id&#8221;:&#8221;RCTVCKM4WJBJ3LATHRCK232JQE&#8221;,&#8221;additional_properties&#8221;:{},&#8221;content&#8221;:&#8221;Guckian\u2019s extraordinary choreography was on show at the National Concert Hall in Dublin recently, for the <a href=\\\"https:\/\/www.irishtimes.com\/tags\/irish-traditional-music-archive\/\\\" target=\\\"_blank\\\" rel=\\\"\\\" title=\\\"https:\/\/www.irishtimes.com\/tags\/irish-traditional-music-archive\/\\\">Irish Traditional Music Archive<\/a>\u2019s Drawing from the Well concert in May. She danced her own set with seven other dancers, a celebration of both the percussive force of her own style and the community-building potential of set dancing, fired by an entirely new set of steps learned on the fly. &#8220;,&#8221;type&#8221;:&#8221;text&#8221;,&#8221;paywall&#8221;:&#8221;paywall&#8221;},{&#8220;_id&#8221;:&#8221;KIEVSOUCH5BRDNXQSJNIQ5AHOE&#8221;,&#8221;additional_properties&#8221;:{&#8220;fullSizeResizeUrl&#8221;:&#8221;\/resizer\/v2\/KIEVSOUCH5BRDNXQSJNIQ5AHOE.jpg?auth=73adceea97beac15aa205e28749ab14e33701e0ef2b73a923cad76c90634598c&#8221;,&#8221;galleries&#8221;:[],&#8221;ingestionMethod&#8221;:&#8221;manual&#8221;,&#8221;keywords&#8221;:[&#8220;dance&#8221;,&#8221;dancer&#8221;,&#8221;leitrim&#8221;,&#8221;sean nos&#8221;],&#8221;mime_type&#8221;:&#8221;image\/jpeg&#8221;,&#8221;originalName&#8221;:&#8221;Edwina Guckian-Phil Doyle.jpg&#8221;,&#8221;originalUrl&#8221;:&#8221;https:\/\/cloudfront-eu-central-1.images.arcpublishing.com\/irishtimes\/KIEVSOUCH5BRDNXQSJNIQ5AHOE.jpg&#8221;,&#8221;proxyUrl&#8221;:&#8221;\/resizer\/v2\/KIEVSOUCH5BRDNXQSJNIQ5AHOE.jpg?auth=73adceea97beac15aa205e28749ab14e33701e0ef2b73a923cad76c90634598c&#8221;,&#8221;published&#8221;:true,&#8221;resizeUrl&#8221;:&#8221;\/resizer\/v2\/KIEVSOUCH5BRDNXQSJNIQ5AHOE.jpg?auth=73adceea97beac15aa205e28749ab14e33701e0ef2b73a923cad76c90634598c&#8221;,&#8221;restricted&#8221;:false,&#8221;takenOn&#8221;:&#8221;2022-06-29T11:16:43Z&#8221;,&#8221;thumbnailResizeUrl&#8221;:&#8221;\/resizer\/v2\/KIEVSOUCH5BRDNXQSJNIQ5AHOE.jpg?auth=73adceea97beac15aa205e28749ab14e33701e0ef2b73a923cad76c90634598c&#038;width=300&#8243;,&#8221;usage_instructions&#8221;:&#8221;Supplied for use with articles that mention the person, event, film, product or brand etc shown in the image. Other uses may not be authorised.&#8221;,&#8221;version&#8221;:0,&#8221;template_id&#8221;:284,&#8221;alt_text&#8221;:&#8221;&#8221;,&#8221;link&#8221;:&#8221;&#8221;},&#8221;address&#8221;:{},&#8221;auth&#8221;:{&#8220;1&#8243;:&#8221;73adceea97beac15aa205e28749ab14e33701e0ef2b73a923cad76c90634598c&#8221;},&#8221;caption&#8221;:&#8221;Dancer Edwina is involved in preserving old traditions, such as one project getting locals to grow oat seed to harvest the materials to make traditional strawboy costumes. Photograph: Phil Doyle&#8221;,&#8221;copyright&#8221;:&#8221;\u00a9 Philip Doyle&#8221;,&#8221;created_date&#8221;:&#8221;2025-08-25T12:19:03Z&#8221;,&#8221;credits&#8221;:{&#8220;affiliation&#8221;:[],&#8221;by&#8221;:[{&#8220;byline&#8221;:&#8221;Phil Doyle&#8221;,&#8221;name&#8221;:&#8221;Phil Doyle&#8221;,&#8221;type&#8221;:&#8221;author&#8221;}]},&#8221;distributor&#8221;:{&#8220;category&#8221;:&#8221;handout&#8221;,&#8221;mode&#8221;:&#8221;custom&#8221;,&#8221;name&#8221;:&#8221;PR\/Handout&#8221;},&#8221;height&#8221;:4000,&#8221;image_type&#8221;:&#8221;photograph&#8221;,&#8221;last_updated_date&#8221;:&#8221;2025-08-25T12:19:03Z&#8221;,&#8221;licensable&#8221;:false,&#8221;owner&#8221;:{&#8220;id&#8221;:&#8221;irishtimes&#8221;,&#8221;sponsored&#8221;:false},&#8221;source&#8221;:{&#8220;name&#8221;:&#8221;PR\/Handout&#8221;,&#8221;source_type&#8221;:&#8221;handout&#8221;,&#8221;additional_properties&#8221;:{&#8220;editor&#8221;:&#8221;photo center&#8221;},&#8221;edit_url&#8221;:&#8221;&#8221;,&#8221;system&#8221;:&#8221;photo center&#8221;},&#8221;subtitle&#8221;:&#8221;Edwina Guckian&#8221;,&#8221;taxonomy&#8221;:{&#8220;associated_tasks&#8221;:[]},&#8221;type&#8221;:&#8221;image&#8221;,&#8221;url&#8221;:&#8221;https:\/\/cloudfront-eu-central-1.images.arcpublishing.com\/irishtimes\/KIEVSOUCH5BRDNXQSJNIQ5AHOE.jpg&#8221;,&#8221;version&#8221;:&#8221;0.10.9&#8243;,&#8221;width&#8221;:2667,&#8221;planning&#8221;:{},&#8221;syndication&#8221;:{}},{&#8220;_id&#8221;:&#8221;WIYN7SFK4FHFTFE6D6OUD5QS4M&#8221;,&#8221;additional_properties&#8221;:{},&#8221;content&#8221;:&#8221;\u201cWhen I want to choreograph something to learn off and remember I\u2019ll learn to lilt the tune first, and then I\u2019ll make the whole thing up in my head and practise it over and over in my head and then eventually I\u2019ll let it come out in my feet,\u201d she says.&#8221;,&#8221;type&#8221;:&#8221;text&#8221;,&#8221;paywall&#8221;:&#8221;paywall&#8221;},{&#8220;_id&#8221;:&#8221;FJZ62TSY75BRVNLJNSWYDKFNX4&#8243;,&#8221;additional_properties&#8221;:{},&#8221;content&#8221;:&#8221;\u201cI\u2019d been dancing that set in my head for about eight years, and it was so exciting. Then on the day of the performance we got seven dancers into the studio at the Irish Traditional Music Archive and I taught it to everybody.\u201d&#8221;,&#8221;type&#8221;:&#8221;text&#8221;,&#8221;paywall&#8221;:&#8221;paywall&#8221;},{&#8220;_id&#8221;:&#8221;I5GZVK7FHVEEDJKT3ZG37KYHMM&#8221;,&#8221;additional_properties&#8221;:{},&#8221;content&#8221;:&#8221;The joy of mining this much-neglected seam of the tradition for new gems is evident in Guckian\u2019s dance.&#8221;,&#8221;type&#8221;:&#8221;text&#8221;,&#8221;paywall&#8221;:&#8221;paywall&#8221;},{&#8220;_id&#8221;:&#8221;MRP6IEMINVBMXA46Q7CDMZZRIU&#8221;,&#8221;additional_properties&#8221;:{},&#8221;content&#8221;:&#8221;\u201cI think it\u2019s lovely for the musicians, too, because they can see their tune coming out in my feet,\u201d she says. \u201cBecause Zo\u00eb and I are working so closely together, even if she stops playing she can hear the tune in my feet.\u201d &#8220;,&#8221;type&#8221;:&#8221;text&#8221;,&#8221;paywall&#8221;:&#8221;paywall&#8221;},{&#8220;_id&#8221;:&#8221;U7LLND4KYVHPBMXPIXMUZGHC5M&#8221;,&#8221;additional_properties&#8221;:{},&#8221;content&#8221;:&#8221;Guckian\u2019s approach to dance is the same whether she\u2019s in her kitchen, at a crossroads or in a concert hall.&#8221;,&#8221;type&#8221;:&#8221;text&#8221;,&#8221;paywall&#8221;:&#8221;paywall&#8221;},{&#8220;_id&#8221;:&#8221;AMWKWPYLJFBDHH5XFJCT4R2PAA&#8221;,&#8221;additional_properties&#8221;:{},&#8221;content&#8221;:&#8221;\u201cI have very bad eyesight \u2013 which comes in really useful, because I can\u2019t see the audience and I\u2019m away in my own world,\u201d she says, laughing. \u201cWhether there\u2019s 100 or 1,000 people, it\u2019s still a very personal performance. I tend to just go into my own world with that person who\u2019s playing. &#8220;,&#8221;type&#8221;:&#8221;text&#8221;,&#8221;paywall&#8221;:&#8221;paywall&#8221;},{&#8220;_id&#8221;:&#8221;CZTZYOCNU5A3PFI4DUMDFI3GSM&#8221;,&#8221;additional_properties&#8221;:{},&#8221;content&#8221;:&#8221;\u201cI face them and not the audience, and I only focus on them and the music. When they\u2019re relaxed alongside me, it\u2019s lovely.\u201d&#8221;,&#8221;type&#8221;:&#8221;text&#8221;,&#8221;paywall&#8221;:&#8221;paywall&#8221;},{&#8220;_id&#8221;:&#8221;FJKEWAYT4NBA7OFNDWBOGURRNI&#8221;,&#8221;additional_properties&#8221;:{},&#8221;content&#8221;:&#8221;Anam \u00c9ireann: The Soul of Ireland is at the <a href=\\\"https:\/\/www.thehelix.ie\/\\\" target=\\\"_blank\\\" rel=\\\"noreferrer\\\" title=\\\"https:\/\/www.thehelix.ie\/\\\">Helix<\/a>, in Dublin, on Thursday, September 11th&#8221;,&#8221;type&#8221;:&#8221;text&#8221;,&#8221;paywall&#8221;:&#8221;paywall&#8221;}],&#8221;content_restrictions&#8221;:{&#8220;content_code&#8221;:&#8221;premium&#8221;},&#8221;created_date&#8221;:&#8221;2025-08-25T09:44:12.475Z&#8221;,&#8221;credits&#8221;:{&#8220;by&#8221;:[{&#8220;_id&#8221;:&#8221;siobhan-long&#8221;,&#8221;type&#8221;:&#8221;author&#8221;,&#8221;version&#8221;:&#8221;0.5.8&#8243;,&#8221;name&#8221;:&#8221;Siobh\u00e1n Long&#8221;,&#8221;image&#8221;:{&#8220;url&#8221;:&#8221;https:\/\/s3.amazonaws.com\/arc-authors\/irishtimes\/b497d8e2-1177-4af5-8bf3-fc11aab46ee2.png&#8221;,&#8221;version&#8221;:&#8221;0.5.8&#8243;,&#8221;type&#8221;:&#8221;image&#8221;,&#8221;auth&#8221;:{&#8220;1&#8243;:&#8221;88f6d3f509b413af2d2d6a578b17a3b1da262dbb5f710fe6f1368afc8fd7c46c&#8221;}},&#8221;description&#8221;:&#8221;Siobh\u00e1n Long, a contributor to The Irish Times, writes about traditional music and the wider arts &#8220;,&#8221;url&#8221;:&#8221;https:\/\/www.irishtimes.com\/author\/siobhan-long\/&#8221;,&#8221;slug&#8221;:&#8221;siobhan-long&#8221;,&#8221;social_links&#8221;:[{&#8220;site&#8221;:&#8221;email&#8221;,&#8221;url&#8221;:&#8221;arts@irishtimes.com&#8221;},{&#8220;site&#8221;:&#8221;facebook&#8221;,&#8221;url&#8221;:null},{&#8220;site&#8221;:&#8221;twitter&#8221;,&#8221;url&#8221;:&#8221;longsiobhan&#8221;}],&#8221;socialLinks&#8221;:[{&#8220;site&#8221;:&#8221;email&#8221;,&#8221;url&#8221;:&#8221;arts@irishtimes.com&#8221;,&#8221;deprecated&#8221;:true,&#8221;deprecation_msg&#8221;:&#8221;Please use social_links.&#8221;},{&#8220;site&#8221;:&#8221;facebook&#8221;,&#8221;url&#8221;:null,&#8221;deprecated&#8221;:true,&#8221;deprecation_msg&#8221;:&#8221;Please use social_links.&#8221;},{&#8220;site&#8221;:&#8221;twitter&#8221;,&#8221;url&#8221;:&#8221;longsiobhan&#8221;,&#8221;deprecated&#8221;:true,&#8221;deprecation_msg&#8221;:&#8221;Please use social_links.&#8221;}],&#8221;additional_properties&#8221;:{&#8220;original&#8221;:{&#8220;_id&#8221;:&#8221;siobhan-long&#8221;,&#8221;byline&#8221;:&#8221;Siobh\u00e1n Long&#8221;,&#8221;slug&#8221;:&#8221;siobhan-long&#8221;,&#8221;firstName&#8221;:&#8221;Siobh\u00e1n&#8221;,&#8221;lastName&#8221;:&#8221;Long&#8221;,&#8221;middleName&#8221;:null,&#8221;bio&#8221;:&#8221;Siobh\u00e1n Long, a contributor to The Irish Times, writes about traditional music and the wider arts &#8220;,&#8221;longBio&#8221;:&#8221;Siobh\u00e1n Long, a contributor to The Irish Times, writes about traditional music and the wider arts.&#8221;,&#8221;role&#8221;:&#8221;Contributor&#8221;,&#8221;author_type&#8221;:&#8221;Contributor&#8221;,&#8221;twitter&#8221;:&#8221;longsiobhan&#8221;,&#8221;facebook&#8221;:null,&#8221;status&#8221;:true,&#8221;image&#8221;:&#8221;https:\/\/s3.amazonaws.com\/arc-authors\/irishtimes\/b497d8e2-1177-4af5-8bf3-fc11aab46ee2.png&#8221;,&#8221;books&#8221;:[],&#8221;podcasts&#8221;:[],&#8221;education&#8221;:[],&#8221;awards&#8221;:[],&#8221;last_updated_date&#8221;:&#8221;2022-03-11T16:53:41.654Z&#8221;,&#8221;email&#8221;:&#8221;arts@irishtimes.com&#8221;,&#8221;type&#8221;:&#8221;author&#8221;,&#8221;bio_page&#8221;:&#8221;https:\/\/www.irishtimes.com\/author\/siobhan-long\/&#8221;,&#8221;ansImage&#8221;:{&#8220;type&#8221;:&#8221;image&#8221;,&#8221;url&#8221;:&#8221;https:\/\/s3.amazonaws.com\/arc-authors\/irishtimes\/b497d8e2-1177-4af5-8bf3-fc11aab46ee2.png&#8221;,&#8221;auth&#8221;:{&#8220;1&#8243;:&#8221;88f6d3f509b413af2d2d6a578b17a3b1da262dbb5f710fe6f1368afc8fd7c46c&#8221;}}}}}]},&#8221;description&#8221;:{&#8220;basic&#8221;:&#8221;Edwina Guckian was thrilled when Zo\u00eb Conway composed a piece for her. They\u2019re about to perform it with the RT\u00c9 Concert Orchestra in Dublin&#8221;},&#8221;display_date&#8221;:&#8221;2025-09-03T04:03:00Z&#8221;,&#8221;distributor&#8221;:{&#8220;category&#8221;:&#8221;staff&#8221;,&#8221;name&#8221;:&#8221;irishtimes&#8221;,&#8221;subcategory&#8221;:&#8221;&#8221;},&#8221;first_publish_date&#8221;:&#8221;2025-09-03T04:03:00Z&#8221;,&#8221;geo&#8221;:{},&#8221;headlines&#8221;:{&#8220;basic&#8221;:&#8221;Sean-n\u00f3s dancer Edwina Guckian: \u2018I have very bad eyesight \u2013 which comes in really useful, as I can\u2019t see the audience\u2019&#8221;,&#8221;meta_title&#8221;:&#8221;&#8221;,&#8221;mobile&#8221;:&#8221;&#8221;,&#8221;native&#8221;:&#8221;&#8221;,&#8221;print&#8221;:&#8221;&#8221;,&#8221;table&#8221;:&#8221;&#8221;,&#8221;tablet&#8221;:&#8221;&#8221;,&#8221;web&#8221;:&#8221;&#8221;},&#8221;label&#8221;:{&#8220;audio_project_id&#8221;:{&#8220;display&#8221;:true,&#8221;text&#8221;:&#8221;8948&#8243;},&#8221;related_collection&#8221;:{&#8220;display&#8221;:true,&#8221;text&#8221;:&#8221;features-highlights&#8221;,&#8221;url&#8221;:&#8221;&#8221;}},&#8221;language&#8221;:&#8221;&#8221;,&#8221;last_updated_date&#8221;:&#8221;2025-09-03T11:51:03.098Z&#8221;,&#8221;owner&#8221;:{&#8220;id&#8221;:&#8221;irishtimes&#8221;,&#8221;sponsored&#8221;:false},&#8221;planning&#8221;:{&#8220;scheduling&#8221;:{&#8220;planned_publish_date&#8221;:&#8221;2025-09-03T04:03:00.000Z&#8221;,&#8221;will_have_image&#8221;:true},&#8221;story_length&#8221;:{&#8220;character_count_actual&#8221;:6625,&#8221;inch_count_actual&#8221;:0,&#8221;line_count_actual&#8221;:49,&#8221;word_count_actual&#8221;:1177,&#8221;word_count_planned&#8221;:1400}},&#8221;promo_items&#8221;:{&#8220;basic&#8221;:{&#8220;_id&#8221;:&#8221;6EHWHUOHANCFTE7UBC2YEOCW64&#8243;,&#8221;additional_properties&#8221;:{&#8220;fullSizeResizeUrl&#8221;:&#8221;\/resizer\/v2\/6EHWHUOHANCFTE7UBC2YEOCW64.jpg?auth=a05262e50dbc3c470be6d3ddc8b446c3e0bf29ce35ada89bfa575c18bc7c2f21&#8243;,&#8221;galleries&#8221;:[],&#8221;ingestionMethod&#8221;:&#8221;manual&#8221;,&#8221;keywords&#8221;:[&#8220;dance&#8221;,&#8221;dancer&#8221;,&#8221;leitrim&#8221;,&#8221;sean nos&#8221;],&#8221;mime_type&#8221;:&#8221;image\/jpeg&#8221;,&#8221;originalName&#8221;:&#8221;Edwina Guckian Phil Doyle.jpg&#8221;,&#8221;originalUrl&#8221;:&#8221;https:\/\/cloudfront-eu-central-1.images.arcpublishing.com\/irishtimes\/6EHWHUOHANCFTE7UBC2YEOCW64.jpg&#8221;,&#8221;proxyUrl&#8221;:&#8221;\/resizer\/v2\/6EHWHUOHANCFTE7UBC2YEOCW64.jpg?auth=a05262e50dbc3c470be6d3ddc8b446c3e0bf29ce35ada89bfa575c18bc7c2f21&#8243;,&#8221;published&#8221;:true,&#8221;resizeUrl&#8221;:&#8221;\/resizer\/v2\/6EHWHUOHANCFTE7UBC2YEOCW64.jpg?auth=a05262e50dbc3c470be6d3ddc8b446c3e0bf29ce35ada89bfa575c18bc7c2f21&#8243;,&#8221;restricted&#8221;:false,&#8221;takenOn&#8221;:&#8221;2022-06-29T11:34:14Z&#8221;,&#8221;thumbnailResizeUrl&#8221;:&#8221;\/resizer\/v2\/6EHWHUOHANCFTE7UBC2YEOCW64.jpg?auth=a05262e50dbc3c470be6d3ddc8b446c3e0bf29ce35ada89bfa575c18bc7c2f21&#038;width=300&#8243;,&#8221;usage_instructions&#8221;:&#8221;Supplied for use with articles that mention the person, event, film, product or brand etc shown in the image. Other uses may not be authorised.&#8221;,&#8221;version&#8221;:2,&#8221;template_id&#8221;:284,&#8221;focal_point&#8221;:{&#8220;max&#8221;:[917,451],&#8221;min&#8221;:[917,451]}},&#8221;address&#8221;:{},&#8221;auth&#8221;:{&#8220;1&#8243;:&#8221;a05262e50dbc3c470be6d3ddc8b446c3e0bf29ce35ada89bfa575c18bc7c2f21&#8243;},&#8221;caption&#8221;:&#8221;Edwina Guckian: &#8216;Whether there\u2019s 100 or 1,000 people, it\u2019s still a very personal performance.&#8217; Photograph: Phil Doyle &#8220;,&#8221;copyright&#8221;:&#8221;\u00a9 Philip Doyle&#8221;,&#8221;created_date&#8221;:&#8221;2025-08-28T14:17:01Z&#8221;,&#8221;credits&#8221;:{&#8220;by&#8221;:[{&#8220;byline&#8221;:&#8221;Phil Doyle&#8221;,&#8221;name&#8221;:&#8221;Phil Doyle&#8221;,&#8221;type&#8221;:&#8221;author&#8221;}]},&#8221;distributor&#8221;:{&#8220;category&#8221;:&#8221;handout&#8221;,&#8221;mode&#8221;:&#8221;custom&#8221;,&#8221;name&#8221;:&#8221;PR\/Handout&#8221;},&#8221;focal_point&#8221;:{&#8220;x&#8221;:917,&#8221;y&#8221;:451},&#8221;geo&#8221;:{},&#8221;height&#8221;:2001,&#8221;image_type&#8221;:&#8221;photograph&#8221;,&#8221;last_updated_date&#8221;:&#8221;2025-08-28T14:52:45Z&#8221;,&#8221;licensable&#8221;:false,&#8221;owner&#8221;:{&#8220;id&#8221;:&#8221;irishtimes&#8221;,&#8221;sponsored&#8221;:false},&#8221;related_content&#8221;:{&#8220;derivative_of&#8221;:[{&#8220;referent&#8221;:{&#8220;id&#8221;:&#8221;HGWAK3IOHBCILNM7SUEVULUIHM&#8221;,&#8221;type&#8221;:&#8221;image&#8221;},&#8221;type&#8221;:&#8221;reference&#8221;}]},&#8221;source&#8221;:{&#8220;name&#8221;:&#8221;PR\/Handout&#8221;,&#8221;source_type&#8221;:&#8221;handout&#8221;,&#8221;additional_properties&#8221;:{&#8220;editor&#8221;:&#8221;photo center&#8221;},&#8221;edit_url&#8221;:&#8221;&#8221;,&#8221;system&#8221;:&#8221;photo center&#8221;},&#8221;subtitle&#8221;:&#8221;Edwina Guckian&#8221;,&#8221;taxonomy&#8221;:{&#8220;associated_tasks&#8221;:[]},&#8221;type&#8221;:&#8221;image&#8221;,&#8221;url&#8221;:&#8221;https:\/\/cloudfront-eu-central-1.images.arcpublishing.com\/irishtimes\/6EHWHUOHANCFTE7UBC2YEOCW64.jpg&#8221;,&#8221;version&#8221;:&#8221;0.10.9&#8243;,&#8221;width&#8221;:2001,&#8221;planning&#8221;:{}}},&#8221;publish_date&#8221;:&#8221;2025-09-03T11:50:36.311Z&#8221;,&#8221;related_content&#8221;:{&#8220;basic&#8221;:[{&#8220;_id&#8221;:&#8221;P6P23ARCKVAA7G3FCMCTHJICOM&#8221;,&#8221;referent&#8221;:{&#8220;id&#8221;:&#8221;P6P23ARCKVAA7G3FCMCTHJICOM&#8221;,&#8221;provider&#8221;:&#8221;&#8221;,&#8221;referent_properties&#8221;:{},&#8221;type&#8221;:&#8221;image&#8221;},&#8221;type&#8221;:&#8221;reference&#8221;},{&#8220;_id&#8221;:&#8221;CC53RKRP6VD4XKDGGJZI7DOZBI&#8221;,&#8221;referent&#8221;:{&#8220;id&#8221;:&#8221;CC53RKRP6VD4XKDGGJZI7DOZBI&#8221;,&#8221;provider&#8221;:&#8221;&#8221;,&#8221;referent_properties&#8221;:{},&#8221;type&#8221;:&#8221;image&#8221;},&#8221;type&#8221;:&#8221;reference&#8221;},{&#8220;_id&#8221;:&#8221;HGWAK3IOHBCILNM7SUEVULUIHM&#8221;,&#8221;referent&#8221;:{&#8220;id&#8221;:&#8221;HGWAK3IOHBCILNM7SUEVULUIHM&#8221;,&#8221;provider&#8221;:&#8221;&#8221;,&#8221;referent_properties&#8221;:{},&#8221;type&#8221;:&#8221;image&#8221;},&#8221;type&#8221;:&#8221;reference&#8221;},{&#8220;_id&#8221;:&#8221;KIEVSOUCH5BRDNXQSJNIQ5AHOE&#8221;,&#8221;referent&#8221;:{&#8220;id&#8221;:&#8221;KIEVSOUCH5BRDNXQSJNIQ5AHOE&#8221;,&#8221;provider&#8221;:&#8221;&#8221;,&#8221;referent_properties&#8221;:{},&#8221;type&#8221;:&#8221;image&#8221;},&#8221;type&#8221;:&#8221;reference&#8221;},{&#8220;_id&#8221;:&#8221;YHNCPYRQCBCQVE5GTJCAKI2RQU&#8221;,&#8221;referent&#8221;:{&#8220;id&#8221;:&#8221;YHNCPYRQCBCQVE5GTJCAKI2RQU&#8221;,&#8221;provider&#8221;:&#8221;&#8221;,&#8221;referent_properties&#8221;:{},&#8221;type&#8221;:&#8221;image&#8221;},&#8221;type&#8221;:&#8221;reference&#8221;}]},&#8221;revision&#8221;:{&#8220;branch&#8221;:&#8221;default&#8221;,&#8221;editions&#8221;:[&#8220;default&#8221;],&#8221;parent_id&#8221;:&#8221;XR5R33J3QVA45FM3ZDRSW5HDAI&#8221;,&#8221;published&#8221;:true,&#8221;revision_id&#8221;:&#8221;YTUVCXFNU5AR5OMHDENUBHD3KM&#8221;},&#8221;slug&#8221;:&#8221;cuguckian&#8221;,&#8221;source&#8221;:{&#8220;name&#8221;:&#8221;irishtimes&#8221;,&#8221;source_type&#8221;:&#8221;staff&#8221;,&#8221;system&#8221;:&#8221;composer&#8221;},&#8221;subheadlines&#8221;:{&#8220;basic&#8221;:&#8221;Edwina Guckian was thrilled when Zo\u00eb Conway composed a piece for her. They\u2019re about to perform it with the RT\u00c9 Concert Orchestra in Dublin&#8221;},&#8221;subtype&#8221;:&#8221;feature&#8221;,&#8221;taxonomy&#8221;:{&#8220;primary_section&#8221;:{&#8220;_id&#8221;:&#8221;\/culture\/stage&#8221;,&#8221;_website&#8221;:&#8221;irishtimes&#8221;,&#8221;type&#8221;:&#8221;section&#8221;,&#8221;version&#8221;:&#8221;0.6.0&#8243;,&#8221;name&#8221;:&#8221;Stage&#8221;,&#8221;path&#8221;:&#8221;\/culture\/stage&#8221;,&#8221;parent_id&#8221;:&#8221;\/culture&#8221;,&#8221;parent&#8221;:{&#8220;default&#8221;:&#8221;\/culture&#8221;},&#8221;additional_properties&#8221;:{&#8220;original&#8221;:{&#8220;_id&#8221;:&#8221;\/culture\/stage&#8221;,&#8221;_website&#8221;:&#8221;irishtimes&#8221;,&#8221;name&#8221;:&#8221;Stage&#8221;,&#8221;inactive&#8221;:false,&#8221;ancestors&#8221;:{&#8220;hamburger-menu&#8221;:[&#8220;https:\/\/www.irishtimes.com\/&#8221;,&#8221;\/culture&#8221;],&#8221;App-Hamburger&#8221;:[&#8220;https:\/\/www.irishtimes.com\/&#8221;,&#8221;\/culture&#8221;],&#8221;Mobile-Links-Navigation&#8221;:[],&#8221;navbar&#8221;:[],&#8221;Comopser&#8221;:[]},&#8221;parent&#8221;:{&#8220;default&#8221;:&#8221;\/culture&#8221;,&#8221;hamburger-menu&#8221;:&#8221;\/culture&#8221;,&#8221;App-Hamburger&#8221;:&#8221;\/culture&#8221;,&#8221;Mobile-Links-Navigation&#8221;:null,&#8221;navbar&#8221;:null,&#8221;navbar-NU&#8221;:null,&#8221;Comopser&#8221;:null,&#8221;composer-relevant-sections&#8221;:&#8221;\/culture&#8221;,&#8221;section-page-subnavs&#8221;:&#8221;\/culture&#8221;,&#8221;sitemap-section&#8221;:null},&#8221;order&#8221;:{&#8220;default&#8221;:2002,&#8221;hamburger-menu&#8221;:2005,&#8221;App-Hamburger&#8221;:2005,&#8221;composer-relevant-sections&#8221;:2002,&#8221;section-page-subnavs&#8221;:2005},&#8221;Paywall&#8221;:{&#8220;paywall-status&#8221;:&#8221;free&#8221;},&#8221;_admin&#8221;:{&#8220;alias_ids&#8221;:[&#8220;\/culture\/stage&#8221;]},&#8221;metadata&#8221;:{&#8220;metadata_description&#8221;:&#8221;Stay up\u2011to\u2011date with the latest stage news and in\u2011depth features, interviews and reviews covering Irish and international theatre, dance and performance arts. Brought to you by Ireland\u2019s quality news brand, The Irish Times.&#8221;,&#8221;metadata_title&#8221;:&#8221;Stage News, Reviews &#038; Features | Theatre, Dance &#038; Performance | The Irish Times&#8221;},&#8221;navigation&#8221;:{&#8220;nav_title&#8221;:&#8221;Stage&#8221;},&#8221;node_type&#8221;:&#8221;section&#8221;}}},&#8221;primary_site&#8221;:{&#8220;_id&#8221;:&#8221;\/culture\/stage&#8221;,&#8221;type&#8221;:&#8221;site&#8221;,&#8221;version&#8221;:&#8221;0.5.8&#8243;,&#8221;name&#8221;:&#8221;Stage&#8221;,&#8221;path&#8221;:&#8221;\/culture\/stage&#8221;,&#8221;parent_id&#8221;:&#8221;\/culture&#8221;,&#8221;additional_properties&#8221;:{&#8220;original&#8221;:{&#8220;_id&#8221;:&#8221;\/culture\/stage&#8221;,&#8221;name&#8221;:&#8221;Stage&#8221;,&#8221;inactive&#8221;:false,&#8221;ancestors&#8221;:{&#8220;hamburger-menu&#8221;:[&#8220;https:\/\/www.irishtimes.com\/&#8221;,&#8221;\/culture&#8221;],&#8221;App-Hamburger&#8221;:[&#8220;https:\/\/www.irishtimes.com\/&#8221;,&#8221;\/culture&#8221;],&#8221;Mobile-Links-Navigation&#8221;:[],&#8221;navbar&#8221;:[],&#8221;Comopser&#8221;:[]},&#8221;parent&#8221;:{&#8220;default&#8221;:&#8221;\/culture&#8221;,&#8221;hamburger-menu&#8221;:&#8221;\/culture&#8221;,&#8221;App-Hamburger&#8221;:&#8221;\/culture&#8221;,&#8221;Mobile-Links-Navigation&#8221;:null,&#8221;navbar&#8221;:null,&#8221;navbar-NU&#8221;:null,&#8221;Comopser&#8221;:null,&#8221;composer-relevant-sections&#8221;:&#8221;\/culture&#8221;,&#8221;section-page-subnavs&#8221;:&#8221;\/culture&#8221;,&#8221;sitemap-section&#8221;:null},&#8221;order&#8221;:{&#8220;default&#8221;:2002,&#8221;hamburger-menu&#8221;:2005,&#8221;App-Hamburger&#8221;:2005,&#8221;composer-relevant-sections&#8221;:2002,&#8221;section-page-subnavs&#8221;:2005},&#8221;Paywall&#8221;:{&#8220;paywall-status&#8221;:&#8221;free&#8221;},&#8221;_admin&#8221;:{&#8220;alias_ids&#8221;:[&#8220;\/culture\/stage&#8221;]},&#8221;metadata&#8221;:{&#8220;metadata_description&#8221;:&#8221;Stay up\u2011to\u2011date with the latest stage news and in\u2011depth features, interviews and reviews covering Irish and international theatre, dance and performance arts. Brought to you by Ireland\u2019s quality news brand, The Irish Times.&#8221;,&#8221;metadata_title&#8221;:&#8221;Stage News, Reviews &#038; Features | Theatre, Dance &#038; Performance | The Irish Times&#8221;},&#8221;navigation&#8221;:{&#8220;nav_title&#8221;:&#8221;Stage&#8221;}}}},&#8221;sections&#8221;:[{&#8220;_id&#8221;:&#8221;\/culture\/stage&#8221;,&#8221;_website&#8221;:&#8221;irishtimes&#8221;,&#8221;type&#8221;:&#8221;section&#8221;,&#8221;version&#8221;:&#8221;0.6.0&#8243;,&#8221;name&#8221;:&#8221;Stage&#8221;,&#8221;path&#8221;:&#8221;\/culture\/stage&#8221;,&#8221;parent_id&#8221;:&#8221;\/culture&#8221;,&#8221;parent&#8221;:{&#8220;default&#8221;:&#8221;\/culture&#8221;},&#8221;additional_properties&#8221;:{&#8220;original&#8221;:{&#8220;_id&#8221;:&#8221;\/culture\/stage&#8221;,&#8221;_website&#8221;:&#8221;irishtimes&#8221;,&#8221;name&#8221;:&#8221;Stage&#8221;,&#8221;inactive&#8221;:false,&#8221;ancestors&#8221;:{&#8220;hamburger-menu&#8221;:[&#8220;https:\/\/www.irishtimes.com\/&#8221;,&#8221;\/culture&#8221;],&#8221;App-Hamburger&#8221;:[&#8220;https:\/\/www.irishtimes.com\/&#8221;,&#8221;\/culture&#8221;],&#8221;Mobile-Links-Navigation&#8221;:[],&#8221;navbar&#8221;:[],&#8221;Comopser&#8221;:[]},&#8221;parent&#8221;:{&#8220;default&#8221;:&#8221;\/culture&#8221;,&#8221;hamburger-menu&#8221;:&#8221;\/culture&#8221;,&#8221;App-Hamburger&#8221;:&#8221;\/culture&#8221;,&#8221;Mobile-Links-Navigation&#8221;:null,&#8221;navbar&#8221;:null,&#8221;navbar-NU&#8221;:null,&#8221;Comopser&#8221;:null,&#8221;composer-relevant-sections&#8221;:&#8221;\/culture&#8221;,&#8221;section-page-subnavs&#8221;:&#8221;\/culture&#8221;,&#8221;sitemap-section&#8221;:null},&#8221;order&#8221;:{&#8220;default&#8221;:2002,&#8221;hamburger-menu&#8221;:2005,&#8221;App-Hamburger&#8221;:2005,&#8221;composer-relevant-sections&#8221;:2002,&#8221;section-page-subnavs&#8221;:2005},&#8221;Paywall&#8221;:{&#8220;paywall-status&#8221;:&#8221;free&#8221;},&#8221;_admin&#8221;:{&#8220;alias_ids&#8221;:[&#8220;\/culture\/stage&#8221;]},&#8221;metadata&#8221;:{&#8220;metadata_description&#8221;:&#8221;Stay up\u2011to\u2011date with the latest stage news and in\u2011depth features, interviews and reviews covering Irish and international theatre, dance and performance arts. Brought to you by Ireland\u2019s quality news brand, The Irish Times.&#8221;,&#8221;metadata_title&#8221;:&#8221;Stage News, Reviews &#038; Features | Theatre, Dance &#038; Performance | The Irish Times&#8221;},&#8221;navigation&#8221;:{&#8220;nav_title&#8221;:&#8221;Stage&#8221;},&#8221;node_type&#8221;:&#8221;section&#8221;}},&#8221;_website_section_id&#8221;:&#8221;irishtimes.\/culture\/stage&#8221;},{&#8220;_id&#8221;:&#8221;\/culture&#8221;,&#8221;_website&#8221;:&#8221;irishtimes&#8221;,&#8221;type&#8221;:&#8221;section&#8221;,&#8221;version&#8221;:&#8221;0.6.0&#8243;,&#8221;name&#8221;:&#8221;Culture&#8221;,&#8221;path&#8221;:&#8221;\/culture&#8221;,&#8221;parent_id&#8221;:&#8221;https:\/\/www.irishtimes.com\/&#8221;,&#8221;parent&#8221;:{&#8220;default&#8221;:&#8221;https:\/\/www.irishtimes.com\/&#8221;},&#8221;additional_properties&#8221;:{&#8220;original&#8221;:{&#8220;_id&#8221;:&#8221;\/culture&#8221;,&#8221;_website&#8221;:&#8221;irishtimes&#8221;,&#8221;name&#8221;:&#8221;Culture&#8221;,&#8221;inactive&#8221;:false,&#8221;ancestors&#8221;:{&#8220;default&#8221;:[&#8220;https:\/\/www.irishtimes.com\/&#8221;],&#8221;links-bar&#8221;:[],&#8221;navbar&#8221;:[],&#8221;hamburger-menu&#8221;:[&#8220;https:\/\/www.irishtimes.com\/&#8221;],&#8221;Mobile-Links-Navigation&#8221;:[],&#8221;App-Hamburger&#8221;:[&#8220;https:\/\/www.irishtimes.com\/&#8221;],&#8221;navbar-NU&#8221;:[],&#8221;Comopser&#8221;:[],&#8221;composer-relevant-sections&#8221;:[&#8220;https:\/\/www.irishtimes.com\/&#8221;],&#8221;section-page-subnavs&#8221;:[&#8220;https:\/\/www.irishtimes.com\/&#8221;],&#8221;App-Links-Navigation&#8221;:[&#8220;https:\/\/www.irishtimes.com\/&#8221;],&#8221;sitemap-section&#8221;:[&#8220;https:\/\/www.irishtimes.com\/&#8221;],&#8221;HP-under-masthead&#8221;:[&#8220;https:\/\/www.irishtimes.com\/&#8221;]},&#8221;parent&#8221;:{&#8220;default&#8221;:&#8221;https:\/\/www.irishtimes.com\/&#8221;,&#8221;Mobile-Links-Navigation&#8221;:null,&#8221;App-Hamburger&#8221;:&#8221;https:\/\/www.irishtimes.com\/&#8221;,&#8221;hamburger-menu&#8221;:&#8221;https:\/\/www.irishtimes.com\/&#8221;,&#8221;navbar&#8221;:null,&#8221;navbar-NU&#8221;:null,&#8221;Comopser&#8221;:null,&#8221;composer-relevant-sections&#8221;:&#8221;https:\/\/www.irishtimes.com\/&#8221;,&#8221;section-page-subnavs&#8221;:&#8221;https:\/\/www.irishtimes.com\/&#8221;,&#8221;App-Links-Navigation&#8221;:&#8221;https:\/\/www.irishtimes.com\/&#8221;,&#8221;sitemap-section&#8221;:&#8221;https:\/\/www.irishtimes.com\/&#8221;,&#8221;HP-under-masthead&#8221;:&#8221;https:\/\/www.irishtimes.com\/&#8221;},&#8221;order&#8221;:{&#8220;default&#8221;:1004,&#8221;+ add&#8221;:1009,&#8221;App-Hamburger&#8221;:1017,&#8221;hamburger-menu&#8221;:1017,&#8221;navbar&#8221;:1001,&#8221;composer-relevant-sections&#8221;:1014,&#8221;section-page-subnavs&#8221;:1013,&#8221;App-Links-Navigation&#8221;:1009,&#8221;sitemap-section&#8221;:1014,&#8221;HP-under-masthead&#8221;:1008},&#8221;Newsletter&#8221;:{&#8220;description&#8221;:&#8221;Sign up to the Irish Times books newsletter for features, podcasts and more&#8221;,&#8221;headline&#8221;:&#8221;Book Club&#8221;,&#8221;imageside&#8221;:&#8221;https:\/\/irishtimes-irishtimes-prod.cdn.arcpublishing.com\/resizer\/t1B3oP9mDm5T_WnwFGB0XcR3GaQ=\/arc-photo-irishtimes\/eu-central-1-prod\/public\/OACS3AMXAZAU5IJWIED4LGZP6U.jpg&#8221;,&#8221;imagetop&#8221;:&#8221;https:\/\/cloudfront-eu-central-1.images.arcpublishing.com\/irishtimes\/SJQTLMCMMRC2PLALXUKEWWS6HU.png&#8221;,&#8221;newsletterid&#8221;:&#8221;Book Club [17]&#8221;,&#8221;newsletterpremium&#8221;:&#8221;false&#8221;},&#8221;Paywall&#8221;:{&#8220;paywall-status&#8221;:&#8221;free&#8221;},&#8221;_admin&#8221;:{&#8220;alias_ids&#8221;:[&#8220;\/culture&#8221;]},&#8221;metadata&#8221;:{&#8220;metadata_description&#8221;:&#8221;Stay up\u2011to\u2011date with the latest culture news and in\u2011depth features covering Irish and global arts, film, music, literature and theatre. Brought to you by Ireland\u2019s quality news brand, The Irish Times.&#8221;,&#8221;metadata_title&#8221;:&#8221;Culture News &#038; Features | Arts, Film, Music &#038; Theatre | The Irish Times&#8221;},&#8221;navigation&#8221;:{&#8220;nav_title&#8221;:&#8221;Culture&#8221;},&#8221;node_type&#8221;:&#8221;section&#8221;}},&#8221;_website_section_id&#8221;:&#8221;irishtimes.\/culture&#8221;},{&#8220;_id&#8221;:&#8221;\/culture\/music&#8221;,&#8221;_website&#8221;:&#8221;irishtimes&#8221;,&#8221;type&#8221;:&#8221;section&#8221;,&#8221;version&#8221;:&#8221;0.6.0&#8243;,&#8221;name&#8221;:&#8221;Music&#8221;,&#8221;path&#8221;:&#8221;\/culture\/music&#8221;,&#8221;parent_id&#8221;:&#8221;\/culture&#8221;,&#8221;parent&#8221;:{&#8220;default&#8221;:&#8221;\/culture&#8221;},&#8221;additional_properties&#8221;:{&#8220;original&#8221;:{&#8220;_id&#8221;:&#8221;\/culture\/music&#8221;,&#8221;_website&#8221;:&#8221;irishtimes&#8221;,&#8221;name&#8221;:&#8221;Music&#8221;,&#8221;inactive&#8221;:false,&#8221;ancestors&#8221;:{&#8220;hamburger-menu&#8221;:[&#8220;https:\/\/www.irishtimes.com\/&#8221;,&#8221;\/culture&#8221;],&#8221;App-Hamburger&#8221;:[&#8220;https:\/\/www.irishtimes.com\/&#8221;,&#8221;\/culture&#8221;],&#8221;Mobile-Links-Navigation&#8221;:[],&#8221;navbar&#8221;:[],&#8221;Comopser&#8221;:[]},&#8221;parent&#8221;:{&#8220;default&#8221;:&#8221;\/culture&#8221;,&#8221;hamburger-menu&#8221;:&#8221;\/culture&#8221;,&#8221;App-Hamburger&#8221;:&#8221;\/culture&#8221;,&#8221;Mobile-Links-Navigation&#8221;:null,&#8221;navbar&#8221;:null,&#8221;navbar-NU&#8221;:null,&#8221;Comopser&#8221;:null,&#8221;composer-relevant-sections&#8221;:&#8221;\/culture&#8221;,&#8221;section-page-subnavs&#8221;:&#8221;\/culture&#8221;,&#8221;sitemap-section&#8221;:null},&#8221;order&#8221;:{&#8220;default&#8221;:2001,&#8221;hamburger-menu&#8221;:2004,&#8221;App-Hamburger&#8221;:2004,&#8221;composer-relevant-sections&#8221;:2001,&#8221;section-page-subnavs&#8221;:2004},&#8221;Paywall&#8221;:{&#8220;paywall-status&#8221;:&#8221;free&#8221;},&#8221;_admin&#8221;:{&#8220;alias_ids&#8221;:[&#8220;\/culture\/music&#8221;]},&#8221;metadata&#8221;:{&#8220;metadata_description&#8221;:&#8221;Stay up\u2011to\u2011date with the latest music news, in\u2011depth features, interviews and reviews on Irish and international artists and the broader music scene. Brought to you by Ireland\u2019s quality news brand, The Irish Times.&#8221;,&#8221;metadata_title&#8221;:&#8221;Music News &#038; Features | Irish &#038; International Scene | The Irish Times&#8221;},&#8221;navigation&#8221;:{&#8220;nav_title&#8221;:&#8221;Music&#8221;},&#8221;node_type&#8221;:&#8221;section&#8221;}},&#8221;_website_section_id&#8221;:&#8221;irishtimes.\/culture\/music&#8221;}],&#8221;sites&#8221;:[{&#8220;_id&#8221;:&#8221;\/culture\/stage&#8221;,&#8221;type&#8221;:&#8221;site&#8221;,&#8221;version&#8221;:&#8221;0.5.8&#8243;,&#8221;name&#8221;:&#8221;Stage&#8221;,&#8221;path&#8221;:&#8221;\/culture\/stage&#8221;,&#8221;parent_id&#8221;:&#8221;\/culture&#8221;,&#8221;additional_properties&#8221;:{&#8220;original&#8221;:{&#8220;_id&#8221;:&#8221;\/culture\/stage&#8221;,&#8221;name&#8221;:&#8221;Stage&#8221;,&#8221;inactive&#8221;:false,&#8221;ancestors&#8221;:{&#8220;hamburger-menu&#8221;:[&#8220;https:\/\/www.irishtimes.com\/&#8221;,&#8221;\/culture&#8221;],&#8221;App-Hamburger&#8221;:[&#8220;https:\/\/www.irishtimes.com\/&#8221;,&#8221;\/culture&#8221;],&#8221;Mobile-Links-Navigation&#8221;:[],&#8221;navbar&#8221;:[],&#8221;Comopser&#8221;:[]},&#8221;parent&#8221;:{&#8220;default&#8221;:&#8221;\/culture&#8221;,&#8221;hamburger-menu&#8221;:&#8221;\/culture&#8221;,&#8221;App-Hamburger&#8221;:&#8221;\/culture&#8221;,&#8221;Mobile-Links-Navigation&#8221;:null,&#8221;navbar&#8221;:null,&#8221;navbar-NU&#8221;:null,&#8221;Comopser&#8221;:null,&#8221;composer-relevant-sections&#8221;:&#8221;\/culture&#8221;,&#8221;section-page-subnavs&#8221;:&#8221;\/culture&#8221;,&#8221;sitemap-section&#8221;:null},&#8221;order&#8221;:{&#8220;default&#8221;:2002,&#8221;hamburger-menu&#8221;:2005,&#8221;App-Hamburger&#8221;:2005,&#8221;composer-relevant-sections&#8221;:2002,&#8221;section-page-subnavs&#8221;:2005},&#8221;Paywall&#8221;:{&#8220;paywall-status&#8221;:&#8221;free&#8221;},&#8221;_admin&#8221;:{&#8220;alias_ids&#8221;:[&#8220;\/culture\/stage&#8221;]},&#8221;metadata&#8221;:{&#8220;metadata_description&#8221;:&#8221;Stay up\u2011to\u2011date with the latest stage news and in\u2011depth features, interviews and reviews covering Irish and international theatre, dance and performance arts. Brought to you by Ireland\u2019s quality news brand, The Irish Times.&#8221;,&#8221;metadata_title&#8221;:&#8221;Stage News, Reviews &#038; Features | Theatre, Dance &#038; Performance | The Irish Times&#8221;},&#8221;navigation&#8221;:{&#8220;nav_title&#8221;:&#8221;Stage&#8221;}}}},{&#8220;_id&#8221;:&#8221;\/culture&#8221;,&#8221;type&#8221;:&#8221;site&#8221;,&#8221;version&#8221;:&#8221;0.5.8&#8243;,&#8221;name&#8221;:&#8221;Culture&#8221;,&#8221;path&#8221;:&#8221;\/culture&#8221;,&#8221;parent_id&#8221;:&#8221;https:\/\/www.irishtimes.com\/&#8221;,&#8221;additional_properties&#8221;:{&#8220;original&#8221;:{&#8220;_id&#8221;:&#8221;\/culture&#8221;,&#8221;name&#8221;:&#8221;Culture&#8221;,&#8221;inactive&#8221;:false,&#8221;ancestors&#8221;:{&#8220;default&#8221;:[&#8220;https:\/\/www.irishtimes.com\/&#8221;],&#8221;links-bar&#8221;:[],&#8221;navbar&#8221;:[],&#8221;hamburger-menu&#8221;:[&#8220;https:\/\/www.irishtimes.com\/&#8221;],&#8221;Mobile-Links-Navigation&#8221;:[],&#8221;App-Hamburger&#8221;:[&#8220;https:\/\/www.irishtimes.com\/&#8221;],&#8221;navbar-NU&#8221;:[],&#8221;Comopser&#8221;:[],&#8221;composer-relevant-sections&#8221;:[&#8220;https:\/\/www.irishtimes.com\/&#8221;],&#8221;section-page-subnavs&#8221;:[&#8220;https:\/\/www.irishtimes.com\/&#8221;],&#8221;App-Links-Navigation&#8221;:[&#8220;https:\/\/www.irishtimes.com\/&#8221;],&#8221;sitemap-section&#8221;:[&#8220;https:\/\/www.irishtimes.com\/&#8221;],&#8221;HP-under-masthead&#8221;:[&#8220;https:\/\/www.irishtimes.com\/&#8221;]},&#8221;parent&#8221;:{&#8220;default&#8221;:&#8221;https:\/\/www.irishtimes.com\/&#8221;,&#8221;Mobile-Links-Navigation&#8221;:null,&#8221;App-Hamburger&#8221;:&#8221;https:\/\/www.irishtimes.com\/&#8221;,&#8221;hamburger-menu&#8221;:&#8221;https:\/\/www.irishtimes.com\/&#8221;,&#8221;navbar&#8221;:null,&#8221;navbar-NU&#8221;:null,&#8221;Comopser&#8221;:null,&#8221;composer-relevant-sections&#8221;:&#8221;https:\/\/www.irishtimes.com\/&#8221;,&#8221;section-page-subnavs&#8221;:&#8221;https:\/\/www.irishtimes.com\/&#8221;,&#8221;App-Links-Navigation&#8221;:&#8221;https:\/\/www.irishtimes.com\/&#8221;,&#8221;sitemap-section&#8221;:&#8221;https:\/\/www.irishtimes.com\/&#8221;,&#8221;HP-under-masthead&#8221;:&#8221;https:\/\/www.irishtimes.com\/&#8221;},&#8221;order&#8221;:{&#8220;default&#8221;:1004,&#8221;+ add&#8221;:1009,&#8221;App-Hamburger&#8221;:1017,&#8221;hamburger-menu&#8221;:1017,&#8221;navbar&#8221;:1001,&#8221;composer-relevant-sections&#8221;:1014,&#8221;section-page-subnavs&#8221;:1013,&#8221;App-Links-Navigation&#8221;:1009,&#8221;sitemap-section&#8221;:1014,&#8221;HP-under-masthead&#8221;:1008},&#8221;Newsletter&#8221;:{&#8220;description&#8221;:&#8221;Sign up to the Irish Times books newsletter for features, podcasts and more&#8221;,&#8221;headline&#8221;:&#8221;Book Club&#8221;,&#8221;imageside&#8221;:&#8221;https:\/\/irishtimes-irishtimes-prod.cdn.arcpublishing.com\/resizer\/t1B3oP9mDm5T_WnwFGB0XcR3GaQ=\/arc-photo-irishtimes\/eu-central-1-prod\/public\/OACS3AMXAZAU5IJWIED4LGZP6U.jpg&#8221;,&#8221;imagetop&#8221;:&#8221;https:\/\/cloudfront-eu-central-1.images.arcpublishing.com\/irishtimes\/SJQTLMCMMRC2PLALXUKEWWS6HU.png&#8221;,&#8221;newsletterid&#8221;:&#8221;Book Club [17]&#8221;,&#8221;newsletterpremium&#8221;:&#8221;false&#8221;},&#8221;Paywall&#8221;:{&#8220;paywall-status&#8221;:&#8221;free&#8221;},&#8221;_admin&#8221;:{&#8220;alias_ids&#8221;:[&#8220;\/culture&#8221;]},&#8221;metadata&#8221;:{&#8220;metadata_description&#8221;:&#8221;Stay up\u2011to\u2011date with the latest culture news and in\u2011depth features covering Irish and global arts, film, music, literature and theatre. Brought to you by Ireland\u2019s quality news brand, The Irish Times.&#8221;,&#8221;metadata_title&#8221;:&#8221;Culture News &#038; Features | Arts, Film, Music &#038; Theatre | The Irish Times&#8221;},&#8221;navigation&#8221;:{&#8220;nav_title&#8221;:&#8221;Culture&#8221;}}}},{&#8220;_id&#8221;:&#8221;\/culture\/music&#8221;,&#8221;type&#8221;:&#8221;site&#8221;,&#8221;version&#8221;:&#8221;0.5.8&#8243;,&#8221;name&#8221;:&#8221;Music&#8221;,&#8221;path&#8221;:&#8221;\/culture\/music&#8221;,&#8221;parent_id&#8221;:&#8221;\/culture&#8221;,&#8221;additional_properties&#8221;:{&#8220;original&#8221;:{&#8220;_id&#8221;:&#8221;\/culture\/music&#8221;,&#8221;name&#8221;:&#8221;Music&#8221;,&#8221;inactive&#8221;:false,&#8221;ancestors&#8221;:{&#8220;hamburger-menu&#8221;:[&#8220;https:\/\/www.irishtimes.com\/&#8221;,&#8221;\/culture&#8221;],&#8221;App-Hamburger&#8221;:[&#8220;https:\/\/www.irishtimes.com\/&#8221;,&#8221;\/culture&#8221;],&#8221;Mobile-Links-Navigation&#8221;:[],&#8221;navbar&#8221;:[],&#8221;Comopser&#8221;:[]},&#8221;parent&#8221;:{&#8220;default&#8221;:&#8221;\/culture&#8221;,&#8221;hamburger-menu&#8221;:&#8221;\/culture&#8221;,&#8221;App-Hamburger&#8221;:&#8221;\/culture&#8221;,&#8221;Mobile-Links-Navigation&#8221;:null,&#8221;navbar&#8221;:null,&#8221;navbar-NU&#8221;:null,&#8221;Comopser&#8221;:null,&#8221;composer-relevant-sections&#8221;:&#8221;\/culture&#8221;,&#8221;section-page-subnavs&#8221;:&#8221;\/culture&#8221;,&#8221;sitemap-section&#8221;:null},&#8221;order&#8221;:{&#8220;default&#8221;:2001,&#8221;hamburger-menu&#8221;:2004,&#8221;App-Hamburger&#8221;:2004,&#8221;composer-relevant-sections&#8221;:2001,&#8221;section-page-subnavs&#8221;:2004},&#8221;Paywall&#8221;:{&#8220;paywall-status&#8221;:&#8221;free&#8221;},&#8221;_admin&#8221;:{&#8220;alias_ids&#8221;:[&#8220;\/culture\/music&#8221;]},&#8221;metadata&#8221;:{&#8220;metadata_description&#8221;:&#8221;Stay up\u2011to\u2011date with the latest music news, in\u2011depth features, interviews and reviews on Irish and international artists and the broader music scene. Brought to you by Ireland\u2019s quality news brand, The Irish Times.&#8221;,&#8221;metadata_title&#8221;:&#8221;Music News &#038; Features | Irish &#038; International Scene | The Irish Times&#8221;},&#8221;navigation&#8221;:{&#8220;nav_title&#8221;:&#8221;Music&#8221;}}}}],&#8221;tags&#8221;:[{&#8220;_id&#8221;:&#8221;2KKWVCX4TBDF3NZIC6UFODAKQU&#8221;,&#8221;description&#8221;:&#8221;Dancer and choreographer&#8221;,&#8221;slug&#8221;:&#8221;edwina-guckian&#8221;,&#8221;text&#8221;:&#8221;Edwina Guckian&#8221;},{&#8220;_id&#8221;:&#8221;MKUQGKX2Z5D2BFFUT7FZKJC7W4&#8243;,&#8221;description&#8221;:&#8221;Zo\u00eb Conway&#8221;,&#8221;slug&#8221;:&#8221;zoe-conway&#8221;,&#8221;text&#8221;:&#8221;Zo\u00eb Conway&#8221;},{&#8220;_id&#8221;:&#8221;MGWAVYQE4FA3JOHYSB3YNIOMTM&#8221;,&#8221;description&#8221;:&#8221;Riverdance&#8221;,&#8221;slug&#8221;:&#8221;riverdance&#8221;,&#8221;text&#8221;:&#8221;Riverdance&#8221;},{&#8220;_id&#8221;:&#8221;VHD6UZRSYREZLG5EX7XPDNXGMY&#8221;,&#8221;description&#8221;:&#8221;Lankum&#8221;,&#8221;slug&#8221;:&#8221;lankum&#8221;,&#8221;text&#8221;:&#8221;Lankum&#8221;},{&#8220;_id&#8221;:&#8221;Z3J544JS4FHVHGXOK7XD62I4DU&#8221;,&#8221;description&#8221;:&#8221;Cormac Begley&#8221;,&#8221;slug&#8221;:&#8221;cormac-begley&#8221;,&#8221;text&#8221;:&#8221;Cormac Begley&#8221;},{&#8220;_id&#8221;:&#8221;44ZR34S4D5DANO4FMMMY5NN5WQ&#8221;,&#8221;description&#8221;:&#8221;Articles about John Francis Flynn&#8221;,&#8221;slug&#8221;:&#8221;john-francis-flynn&#8221;,&#8221;text&#8221;:&#8221;John Francis Flynn&#8221;},{&#8220;_id&#8221;:&#8221;7UGZ5P6KCBDGROWF7LCXAEIXWE&#8221;,&#8221;description&#8221;:&#8221;Musician&#8221;,&#8221;slug&#8221;:&#8221;rioghnach-connolly&#8221;,&#8221;text&#8221;:&#8221;R\u00edoghnach Connolly&#8221;},{&#8220;_id&#8221;:&#8221;DTOVZGJP6FF67ABCZ76Z47WCWM&#8221;,&#8221;description&#8221;:&#8221;Musician&#8221;,&#8221;slug&#8221;:&#8221;louise-mulcahy&#8221;,&#8221;text&#8221;:&#8221;Louise Mulcahy&#8221;},{&#8220;_id&#8221;:&#8221;FZYQ4HPITJBKBDTKJAEOKUJCJE&#8221;,&#8221;description&#8221;:&#8221;RT\u00c9 Lyric FM&#8221;,&#8221;slug&#8221;:&#8221;rte-lyric-fm&#8221;,&#8221;text&#8221;:&#8221;RT\u00c9 Lyric FM&#8221;},{&#8220;_id&#8221;:&#8221;R6KLKHYUC5CNRIKLUFJ3VXYI7A&#8221;,&#8221;description&#8221;:&#8221;RT\u00c9 Concert Orchestra&#8221;,&#8221;slug&#8221;:&#8221;rte-concert-orchestra&#8221;,&#8221;text&#8221;:&#8221;RT\u00c9 Concert Orchestra&#8221;},{&#8220;_id&#8221;:&#8221;4A3Q6ZE4R5B25IKGFKRG6X2RAY&#8221;,&#8221;description&#8221;:&#8221;Bill Whelan&#8221;,&#8221;slug&#8221;:&#8221;bill-whelan&#8221;,&#8221;text&#8221;:&#8221;Bill Whelan&#8221;},{&#8220;_id&#8221;:&#8221;GBRF67JZ6VBDHH6ZZRJODEZKCM&#8221;,&#8221;description&#8221;:&#8221;National Concert Hall&#8221;,&#8221;slug&#8221;:&#8221;national-concert-hall&#8221;,&#8221;text&#8221;:&#8221;National Concert Hall&#8221;},{&#8220;_id&#8221;:&#8221;XLV432TESVGSNL4GQE4QEL2YAU&#8221;,&#8221;description&#8221;:&#8221;Taisce Cheol D\u00fachais \u00c9ireann&#8221;,&#8221;slug&#8221;:&#8221;irish-traditional-music-archive&#8221;,&#8221;text&#8221;:&#8221;Irish Traditional Music Archive&#8221;}]},&#8221;type&#8221;:&#8221;story&#8221;,&#8221;version&#8221;:&#8221;0.10.11&#8243;,&#8221;websites&#8221;:{&#8220;irishtimes&#8221;:{&#8220;website_section&#8221;:{&#8220;_id&#8221;:&#8221;\/culture\/stage&#8221;,&#8221;_website&#8221;:&#8221;irishtimes&#8221;,&#8221;name&#8221;:&#8221;Stage&#8221;,&#8221;inactive&#8221;:false,&#8221;ancestors&#8221;:{&#8220;hamburger-menu&#8221;:[&#8220;https:\/\/www.irishtimes.com\/&#8221;,&#8221;\/culture&#8221;],&#8221;App-Hamburger&#8221;:[&#8220;https:\/\/www.irishtimes.com\/&#8221;,&#8221;\/culture&#8221;],&#8221;Mobile-Links-Navigation&#8221;:[],&#8221;navbar&#8221;:[],&#8221;Comopser&#8221;:[]},&#8221;parent&#8221;:{&#8220;default&#8221;:&#8221;\/culture&#8221;,&#8221;hamburger-menu&#8221;:&#8221;\/culture&#8221;,&#8221;App-Hamburger&#8221;:&#8221;\/culture&#8221;,&#8221;Mobile-Links-Navigation&#8221;:null,&#8221;navbar&#8221;:null,&#8221;navbar-NU&#8221;:null,&#8221;Comopser&#8221;:null,&#8221;composer-relevant-sections&#8221;:&#8221;\/culture&#8221;,&#8221;section-page-subnavs&#8221;:&#8221;\/culture&#8221;,&#8221;sitemap-section&#8221;:null},&#8221;order&#8221;:{&#8220;default&#8221;:2002,&#8221;hamburger-menu&#8221;:2005,&#8221;App-Hamburger&#8221;:2005,&#8221;composer-relevant-sections&#8221;:2002,&#8221;section-page-subnavs&#8221;:2005},&#8221;Paywall&#8221;:{&#8220;paywall-status&#8221;:&#8221;free&#8221;},&#8221;_admin&#8221;:{&#8220;alias_ids&#8221;:[&#8220;\/culture\/stage&#8221;]},&#8221;metadata&#8221;:{&#8220;metadata_description&#8221;:&#8221;Stay up\u2011to\u2011date with the latest stage news and in\u2011depth features, interviews and reviews covering Irish and international theatre, dance and performance arts. Brought to you by Ireland\u2019s quality news brand, The Irish Times.&#8221;,&#8221;metadata_title&#8221;:&#8221;Stage News, Reviews &#038; Features | Theatre, Dance &#038; Performance | The Irish Times&#8221;},&#8221;navigation&#8221;:{&#8220;nav_title&#8221;:&#8221;Stage&#8221;},&#8221;node_type&#8221;:&#8221;section&#8221;,&#8221;children&#8221;:[],&#8221;Newsletter&#8221;:{&#8220;description&#8221;:&#8221;Sign up to the Irish Times books newsletter for features, podcasts and more&#8221;,&#8221;headline&#8221;:&#8221;Book Club&#8221;,&#8221;imageside&#8221;:&#8221;https:\/\/irishtimes-irishtimes-prod.cdn.arcpublishing.com\/resizer\/t1B3oP9mDm5T_WnwFGB0XcR3GaQ=\/arc-photo-irishtimes\/eu-central-1-prod\/public\/OACS3AMXAZAU5IJWIED4LGZP6U.jpg&#8221;,&#8221;imagetop&#8221;:&#8221;https:\/\/cloudfront-eu-central-1.images.arcpublishing.com\/irishtimes\/SJQTLMCMMRC2PLALXUKEWWS6HU.png&#8221;,&#8221;newsletterid&#8221;:&#8221;Book Club [17]&#8221;,&#8221;newsletterpremium&#8221;:&#8221;false&#8221;,&#8221;signingResponseTop&#8221;:&#8221;da79116e886b06f984d64a26ff33e5a486859d0f04b208ceca44b81890df342f&#8221;,&#8221;signingResponseSide&#8221;:&#8221;6fc1d850008f0e704a038fd1cdf92a35e538d80cad1cad9ef70f1ab3cb6eaa16&#8243;}},&#8221;website_url&#8221;:&#8221;https:\/\/www.irishtimes.com\/culture\/stage\/2025\/09\/03\/sean-nos-dancer-edwina-guckian-i-have-very-bad-eyesight-which-comes-in-really-useful-as-i-cant-see-the-audience\/&#8221;}},&#8221;workflow&#8221;:{&#8220;status_code&#8221;:6},&#8221;canonical_url&#8221;:&#8221;https:\/\/www.irishtimes.com\/culture\/stage\/2025\/09\/03\/sean-nos-dancer-edwina-guckian-i-have-very-bad-eyesight-which-comes-in-really-useful-as-i-cant-see-the-audience\/&#8221;,&#8221;publishing&#8221;:{&#8220;scheduled_operations&#8221;:{&#8220;publish_edition&#8221;:[],&#8221;unpublish_edition&#8221;:[]}},&#8221;website&#8221;:&#8221;irishtimes&#8221;,&#8221;website_url&#8221;:&#8221;https:\/\/www.irishtimes.com\/culture\/stage\/2025\/09\/03\/sean-nos-dancer-edwina-guckian-i-have-very-bad-eyesight-which-comes-in-really-useful-as-i-cant-see-the-audience\/&#8221;};Fusion.globalContentConfig={&#8220;source&#8221;:&#8221;content-api-it&#8221;,&#8221;query&#8221;:{&#8220;uri&#8221;:&#8221;https:\/\/www.irishtimes.com\/culture\/stage\/2025\/09\/03\/sean-nos-dancer-edwina-guckian-i-have-very-bad-eyesight-which-comes-in-really-useful-as-i-cant-see-the-audience\/&#8221;,&#8221;website_url&#8221;:&#8221;https:\/\/www.irishtimes.com\/culture\/stage\/2025\/09\/03\/sean-nos-dancer-edwina-guckian-i-have-very-bad-eyesight-which-comes-in-really-useful-as-i-cant-see-the-audience\/&#8221;,&#8221;arc-site&#8221;:&#8221;irishtimes&#8221;}};Fusion.lastModified=1756964616613;Fusion.contentCache={&#8220;signing-service&#8221;:{&#8220;{\\&#8221;id\\&#8221;:\\&#8221;6EHWHUOHANCFTE7UBC2YEOCW64\\&#8221;}&#8221;:{&#8220;data&#8221;:{&#8220;hash&#8221;:&#8221;a05262e50dbc3c470be6d3ddc8b446c3e0bf29ce35ada89bfa575c18bc7c2f21&#8243;,&#8221;type&#8221;:&#8221;sha256&#8243;,&#8221;_id&#8221;:&#8221;d0280313827d4b3a7c163a2919f31d438a143037d811785869882739b87710e7&#8243;},&#8221;expires&#8221;:1788500384927,&#8221;lastModified&#8221;:1756964384791},&#8221;{\\&#8221;id\\&#8221;:\\&#8221;https:\/\/static.themebuilder.aws.arc.pub\/irishtimes\/1647534191476.png\\&#8221;}&#8221;:{&#8220;data&#8221;:{&#8220;hash&#8221;:&#8221;631eeaa12e7a61c005c8eb0bbf348f785c131b10c4d6b25c28247a15965b5a36&#8243;,&#8221;type&#8221;:&#8221;sha256&#8243;,&#8221;_id&#8221;:&#8221;8bd659e252b82de6c27bac42028373920e436646b273a5c0296651a455305fed&#8221;},&#8221;expires&#8221;:1788474688307,&#8221;lastModified&#8221;:1756938688159},&#8221;{\\&#8221;id\\&#8221;:\\&#8221;https:\/\/s3.amazonaws.com\/arc-authors\/irishtimes\/b497d8e2-1177-4af5-8bf3-fc11aab46ee2.png\\&#8221;}&#8221;:{&#8220;data&#8221;:{&#8220;hash&#8221;:&#8221;88f6d3f509b413af2d2d6a578b17a3b1da262dbb5f710fe6f1368afc8fd7c46c&#8221;,&#8221;type&#8221;:&#8221;sha256&#8243;,&#8221;_id&#8221;:&#8221;055b38429b08d900edb34bcb36103710973b7e374b4a5c6f7e9a3b906cdb0a6d&#8221;},&#8221;expires&#8221;:1788494533276,&#8221;lastModified&#8221;:1756958533131}},&#8221;site-service-hierarchy&#8221;:{&#8220;{\\&#8221;feature\\&#8221;:\\&#8221;header-nav-chain\\&#8221;,\\&#8221;hierarchy\\&#8221;:\\&#8221;hamburger-menu\\&#8221;}&#8221;:{&#8220;data&#8221;:{&#8220;children&#8221;:[{&#8220;_id&#8221;:&#8221;link-MY7K0TYT012WZ0V1ZB8PHF0MJC&#8221;,&#8221;children&#8221;:[],&#8221;display_name&#8221;:&#8221;Home&#8221;,&#8221;node_type&#8221;:&#8221;link&#8221;,&#8221;url&#8221;:&#8221;https:\/\/www.irishtimes.com\/&#8221;},{&#8220;_id&#8221;:&#8221;link-TB2EY564VN0N56D137NVP6G5MW&#8221;,&#8221;children&#8221;:[],&#8221;display_name&#8221;:&#8221;Latest&#8221;,&#8221;node_type&#8221;:&#8221;link&#8221;,&#8221;url&#8221;:&#8221;https:\/\/www.irishtimes.com\/latest\/&#8221;},{&#8220;_id&#8221;:&#8221;link-ZNGH139WJX4419P1E6XFB2YQBM&#8221;,&#8221;children&#8221;:[],&#8221;display_name&#8221;:&#8221;Subscriber Only&#8221;,&#8221;node_type&#8221;:&#8221;link&#8221;,&#8221;url&#8221;:&#8221;https:\/\/www.irishtimes.com\/subscriber-only\/&#8221;},{&#8220;_id&#8221;:&#8221;\/crosswords-puzzles&#8221;,&#8221;children&#8221;:[{&#8220;_id&#8221;:&#8221;link-9RFF8NMDUX08917NND3Z3M1JDR&#8221;,&#8221;display_name&#8221;:&#8221;Crosaire&#8221;,&#8221;node_type&#8221;:&#8221;link&#8221;,&#8221;url&#8221;:&#8221;\/crosswords-puzzles\/crosaire&#8221;},{&#8220;_id&#8221;:&#8221;link-31JQ6NX1K92T907WWAU7P7R5RG&#8221;,&#8221;display_name&#8221;:&#8221;Simplex&#8221;,&#8221;node_type&#8221;:&#8221;link&#8221;,&#8221;url&#8221;:&#8221;\/crosswords-puzzles\/simplex&#8221;},{&#8220;_id&#8221;:&#8221;link-FVP3FUVCB93Z5DEH56JPZQA70C&#8221;,&#8221;display_name&#8221;:&#8221;Sudoku&#8221;,&#8221;node_type&#8221;:&#8221;link&#8221;,&#8221;url&#8221;:&#8221;\/crosswords-puzzles\/sudoku&#8221;},{&#8220;_id&#8221;:&#8221;link-OZWXQ6FKZNAJJGASG6FTFLQRC4&#8243;,&#8221;display_name&#8221;:&#8221;News Quiz&#8221;,&#8221;node_type&#8221;:&#8221;link&#8221;,&#8221;url&#8221;:&#8221;https:\/\/www.irishtimes.com\/crosswords-puzzles\/news-quiz\/&#8221;}],&#8221;name&#8221;:&#8221;Crosswords &#038; Puzzles&#8221;,&#8221;node_type&#8221;:&#8221;section&#8221;},{&#8220;_id&#8221;:&#8221;\/ireland&#8221;,&#8221;children&#8221;:[{&#8220;_id&#8221;:&#8221;\/ireland\/dublin&#8221;,&#8221;name&#8221;:&#8221;Dublin&#8221;,&#8221;node_type&#8221;:&#8221;section&#8221;},{&#8220;_id&#8221;:&#8221;\/ireland\/education&#8221;,&#8221;name&#8221;:&#8221;Education&#8221;,&#8221;node_type&#8221;:&#8221;section&#8221;},{&#8220;_id&#8221;:&#8221;\/ireland\/housing-planning&#8221;,&#8221;name&#8221;:&#8221;Housing &#038; Planning&#8221;,&#8221;node_type&#8221;:&#8221;section&#8221;},{&#8220;_id&#8221;:&#8221;\/ireland\/social-affairs&#8221;,&#8221;name&#8221;:&#8221;Social Affairs&#8221;,&#8221;node_type&#8221;:&#8221;section&#8221;},{&#8220;_id&#8221;:&#8221;link-432NSPB3WJAAXKSTOTZHACT5EA&#8221;,&#8221;display_name&#8221;:&#8221;Stardust&#8221;,&#8221;node_type&#8221;:&#8221;link&#8221;,&#8221;url&#8221;:&#8221;https:\/\/www.irishtimes.com\/ireland\/stardust\/&#8221;}],&#8221;name&#8221;:&#8221;Ireland&#8221;,&#8221;node_type&#8221;:&#8221;section&#8221;},{&#8220;_id&#8221;:&#8221;\/politics&#8221;,&#8221;children&#8221;:[{&#8220;_id&#8221;:&#8221;link-MWT7CPJ6Z906HA5HZY5HARQ548&#8243;,&#8221;display_name&#8221;:&#8221;Poll&#8221;,&#8221;node_type&#8221;:&#8221;link&#8221;,&#8221;url&#8221;:&#8221;https:\/\/www.irishtimes.com\/politics\/poll\/&#8221;},{&#8220;_id&#8221;:&#8221;\/politics\/oireachtas&#8221;,&#8221;name&#8221;:&#8221;Oireachtas&#8221;,&#8221;node_type&#8221;:&#8221;section&#8221;},{&#8220;_id&#8221;:&#8221;link-OVTSEK2LEVCQ7GP5I7N7EIKPG4&#8243;,&#8221;display_name&#8221;:&#8221;Common Ground&#8221;,&#8221;node_type&#8221;:&#8221;link&#8221;,&#8221;url&#8221;:&#8221;https:\/\/www.irishtimes.com\/common-ground\/&#8221;},{&#8220;_id&#8221;:&#8221;link-NEXLKC3P6FGHTETMXIAACQJCZY&#8221;,&#8221;display_name&#8221;:&#8221;Election 2024&#8243;,&#8221;node_type&#8221;:&#8221;link&#8221;,&#8221;url&#8221;:&#8221;https:\/\/www.irishtimes.com\/election2024\/&#8221;},{&#8220;_id&#8221;:&#8221;link-8RRAYZT2TN65HCHPB8CHE4QEPR&#8221;,&#8221;display_name&#8221;:&#8221;Elections &#038; Referendums&#8221;,&#8221;node_type&#8221;:&#8221;link&#8221;,&#8221;url&#8221;:&#8221;https:\/\/www.irishtimes.com\/politics\/elections-referendums\/&#8221;}],&#8221;name&#8221;:&#8221;Politics&#8221;,&#8221;node_type&#8221;:&#8221;section&#8221;},{&#8220;_id&#8221;:&#8221;\/opinion&#8221;,&#8221;children&#8221;:[{&#8220;_id&#8221;:&#8221;\/opinion\/editorials&#8221;,&#8221;name&#8221;:&#8221;Editorials&#8221;,&#8221;node_type&#8221;:&#8221;section&#8221;},{&#8220;_id&#8221;:&#8221;\/opinion\/an-irish-diary&#8221;,&#8221;name&#8221;:&#8221;An Irish Diary&#8221;,&#8221;node_type&#8221;:&#8221;section&#8221;},{&#8220;_id&#8221;:&#8221;\/opinion\/letters&#8221;,&#8221;name&#8221;:&#8221;Letters&#8221;,&#8221;node_type&#8221;:&#8221;section&#8221;},{&#8220;_id&#8221;:&#8221;\/opinion\/cartoon&#8221;,&#8221;name&#8221;:&#8221;Cartoon&#8221;,&#8221;node_type&#8221;:&#8221;section&#8221;}],&#8221;name&#8221;:&#8221;Opinion&#8221;,&#8221;node_type&#8221;:&#8221;section&#8221;},{&#8220;_id&#8221;:&#8221;\/business&#8221;,&#8221;children&#8221;:[{&#8220;_id&#8221;:&#8221;\/business\/economy&#8221;,&#8221;name&#8221;:&#8221;Economy&#8221;,&#8221;node_type&#8221;:&#8221;section&#8221;},{&#8220;_id&#8221;:&#8221;\/business\/farming-food&#8221;,&#8221;name&#8221;:&#8221;Farming &#038; Food&#8221;,&#8221;node_type&#8221;:&#8221;section&#8221;},{&#8220;_id&#8221;:&#8221;\/business\/financial-services&#8221;,&#8221;name&#8221;:&#8221;Financial Services&#8221;,&#8221;node_type&#8221;:&#8221;section&#8221;},{&#8220;_id&#8221;:&#8221;\/business\/innovation&#8221;,&#8221;name&#8221;:&#8221;Innovation&#8221;,&#8221;node_type&#8221;:&#8221;section&#8221;},{&#8220;_id&#8221;:&#8221;\/business\/markets&#8221;,&#8221;name&#8221;:&#8221;Markets&#8221;,&#8221;node_type&#8221;:&#8221;section&#8221;},{&#8220;_id&#8221;:&#8221;\/business\/work&#8221;,&#8221;name&#8221;:&#8221;Work&#8221;,&#8221;node_type&#8221;:&#8221;section&#8221;},{&#8220;_id&#8221;:&#8221;link-WE72QDDTEN5EFDZ52U3CGYEZGC&#8221;,&#8221;display_name&#8221;:&#8221;Commercial Property&#8221;,&#8221;node_type&#8221;:&#8221;link&#8221;,&#8221;url&#8221;:&#8221;\/property\/commercial-property&#8221;}],&#8221;name&#8221;:&#8221;Business&#8221;,&#8221;node_type&#8221;:&#8221;section&#8221;},{&#8220;_id&#8221;:&#8221;\/world&#8221;,&#8221;children&#8221;:[{&#8220;_id&#8221;:&#8221;\/world\/europe&#8221;,&#8221;name&#8221;:&#8221;Europe&#8221;,&#8221;node_type&#8221;:&#8221;section&#8221;},{&#8220;_id&#8221;:&#8221;\/world\/uk&#8221;,&#8221;name&#8221;:&#8221;UK&#8221;,&#8221;node_type&#8221;:&#8221;section&#8221;},{&#8220;_id&#8221;:&#8221;\/world\/us&#8221;,&#8221;name&#8221;:&#8221;US&#8221;,&#8221;node_type&#8221;:&#8221;section&#8221;},{&#8220;_id&#8221;:&#8221;\/world\/canada&#8221;,&#8221;name&#8221;:&#8221;Canada&#8221;,&#8221;node_type&#8221;:&#8221;section&#8221;},{&#8220;_id&#8221;:&#8221;\/world\/australia&#8221;,&#8221;name&#8221;:&#8221;Australia&#8221;,&#8221;node_type&#8221;:&#8221;section&#8221;},{&#8220;_id&#8221;:&#8221;\/world\/africa&#8221;,&#8221;name&#8221;:&#8221;Africa&#8221;,&#8221;node_type&#8221;:&#8221;section&#8221;},{&#8220;_id&#8221;:&#8221;\/world\/americas&#8221;,&#8221;name&#8221;:&#8221;Americas&#8221;,&#8221;node_type&#8221;:&#8221;section&#8221;},{&#8220;_id&#8221;:&#8221;\/world\/asia-pacific&#8221;,&#8221;name&#8221;:&#8221;Asia-Pacific&#8221;,&#8221;node_type&#8221;:&#8221;section&#8221;},{&#8220;_id&#8221;:&#8221;\/world\/middle-east&#8221;,&#8221;name&#8221;:&#8221;Middle East&#8221;,&#8221;node_type&#8221;:&#8221;section&#8221;}],&#8221;name&#8221;:&#8221;World&#8221;,&#8221;node_type&#8221;:&#8221;section&#8221;},{&#8220;_id&#8221;:&#8221;\/sport&#8221;,&#8221;children&#8221;:[{&#8220;_id&#8221;:&#8221;\/sport\/rugby&#8221;,&#8221;name&#8221;:&#8221;Rugby&#8221;,&#8221;node_type&#8221;:&#8221;section&#8221;},{&#8220;_id&#8221;:&#8221;\/sport\/gaelic-games&#8221;,&#8221;name&#8221;:&#8221;Gaelic Games&#8221;,&#8221;node_type&#8221;:&#8221;section&#8221;},{&#8220;_id&#8221;:&#8221;\/sport\/soccer&#8221;,&#8221;name&#8221;:&#8221;Soccer&#8221;,&#8221;node_type&#8221;:&#8221;section&#8221;},{&#8220;_id&#8221;:&#8221;\/sport\/golf&#8221;,&#8221;name&#8221;:&#8221;Golf&#8221;,&#8221;node_type&#8221;:&#8221;section&#8221;},{&#8220;_id&#8221;:&#8221;\/sport\/racing&#8221;,&#8221;name&#8221;:&#8221;Racing&#8221;,&#8221;node_type&#8221;:&#8221;section&#8221;},{&#8220;_id&#8221;:&#8221;\/sport\/athletics&#8221;,&#8221;name&#8221;:&#8221;Athletics&#8221;,&#8221;node_type&#8221;:&#8221;section&#8221;},{&#8220;_id&#8221;:&#8221;\/sport\/boxing&#8221;,&#8221;name&#8221;:&#8221;Boxing&#8221;,&#8221;node_type&#8221;:&#8221;section&#8221;},{&#8220;_id&#8221;:&#8221;\/sport\/cycling&#8221;,&#8221;name&#8221;:&#8221;Cycling&#8221;,&#8221;node_type&#8221;:&#8221;section&#8221;},{&#8220;_id&#8221;:&#8221;\/sport\/hockey&#8221;,&#8221;name&#8221;:&#8221;Hockey&#8221;,&#8221;node_type&#8221;:&#8221;section&#8221;},{&#8220;_id&#8221;:&#8221;\/sport\/tennis&#8221;,&#8221;name&#8221;:&#8221;Tennis&#8221;,&#8221;node_type&#8221;:&#8221;section&#8221;}],&#8221;name&#8221;:&#8221;Sport&#8221;,&#8221;node_type&#8221;:&#8221;section&#8221;},{&#8220;_id&#8221;:&#8221;\/your-money&#8221;,&#8221;children&#8221;:[{&#8220;_id&#8221;:&#8221;link-C1H4ZB3MP50VZ1C521YDGVJEXR&#8221;,&#8221;display_name&#8221;:&#8221;Pricewatch&#8221;,&#8221;node_type&#8221;:&#8221;link&#8221;,&#8221;url&#8221;:&#8221;\/tags\/pricewatch&#8221;},{&#8220;_id&#8221;:&#8221;link-Y4XAEWLBNJH7DOEQJ3UQ4UXOOU&#8221;,&#8221;display_name&#8221;:&#8221;Budget 2026&#8243;,&#8221;node_type&#8221;:&#8221;link&#8221;,&#8221;url&#8221;:&#8221;https:\/\/www.irishtimes.com\/budget\/&#8221;}],&#8221;name&#8221;:&#8221;Your Money&#8221;,&#8221;node_type&#8221;:&#8221;section&#8221;},{&#8220;_id&#8221;:&#8221;\/crime-law&#8221;,&#8221;children&#8221;:[{&#8220;_id&#8221;:&#8221;\/crime-law\/courts&#8221;,&#8221;name&#8221;:&#8221;Courts&#8221;,&#8221;node_type&#8221;:&#8221;section&#8221;}],&#8221;name&#8221;:&#8221;Crime &#038; Law&#8221;,&#8221;node_type&#8221;:&#8221;section&#8221;},{&#8220;_id&#8221;:&#8221;\/property&#8221;,&#8221;children&#8221;:[{&#8220;_id&#8221;:&#8221;\/property\/residential&#8221;,&#8221;name&#8221;:&#8221;Residential&#8221;,&#8221;node_type&#8221;:&#8221;section&#8221;},{&#8220;_id&#8221;:&#8221;\/property\/commercial-property&#8221;,&#8221;name&#8221;:&#8221;Commercial Property&#8221;,&#8221;node_type&#8221;:&#8221;section&#8221;},{&#8220;_id&#8221;:&#8221;\/property\/interiors&#8221;,&#8221;name&#8221;:&#8221;Interiors&#8221;,&#8221;node_type&#8221;:&#8221;section&#8221;}],&#8221;name&#8221;:&#8221;Property&#8221;,&#8221;node_type&#8221;:&#8221;section&#8221;},{&#8220;_id&#8221;:&#8221;\/food&#8221;,&#8221;children&#8221;:[{&#8220;_id&#8221;:&#8221;\/food\/drink&#8221;,&#8221;name&#8221;:&#8221;Drink&#8221;,&#8221;node_type&#8221;:&#8221;section&#8221;},{&#8220;_id&#8221;:&#8221;\/food\/recipes&#8221;,&#8221;name&#8221;:&#8221;Recipes&#8221;,&#8221;node_type&#8221;:&#8221;section&#8221;},{&#8220;_id&#8221;:&#8221;\/food\/restaurants&#8221;,&#8221;name&#8221;:&#8221;Restaurants&#8221;,&#8221;node_type&#8221;:&#8221;section&#8221;}],&#8221;name&#8221;:&#8221;Food&#8221;,&#8221;node_type&#8221;:&#8221;section&#8221;},{&#8220;_id&#8221;:&#8221;\/health&#8221;,&#8221;children&#8221;:[{&#8220;_id&#8221;:&#8221;\/health\/your-family&#8221;,&#8221;name&#8221;:&#8221;Your Family&#8221;,&#8221;node_type&#8221;:&#8221;section&#8221;},{&#8220;_id&#8221;:&#8221;\/health\/your-fitness&#8221;,&#8221;name&#8221;:&#8221;Your Fitness&#8221;,&#8221;node_type&#8221;:&#8221;section&#8221;},{&#8220;_id&#8221;:&#8221;\/health\/your-wellness&#8221;,&#8221;name&#8221;:&#8221;Your Wellness&#8221;,&#8221;node_type&#8221;:&#8221;section&#8221;},{&#8220;_id&#8221;:&#8221;\/health\/your-fitness\/get-running&#8221;,&#8221;name&#8221;:&#8221;Get Running&#8221;,&#8221;node_type&#8221;:&#8221;section&#8221;}],&#8221;name&#8221;:&#8221;Health&#8221;,&#8221;node_type&#8221;:&#8221;section&#8221;},{&#8220;_id&#8221;:&#8221;\/life-style&#8221;,&#8221;children&#8221;:[{&#8220;_id&#8221;:&#8221;\/life-style\/fashion&#8221;,&#8221;name&#8221;:&#8221;Fashion&#8221;,&#8221;node_type&#8221;:&#8221;section&#8221;},{&#8220;_id&#8221;:&#8221;link-54NMKENEB5ALXEEOCI6MUIRMDI&#8221;,&#8221;display_name&#8221;:&#8221;Beauty&#8221;,&#8221;node_type&#8221;:&#8221;link&#8221;,&#8221;url&#8221;:&#8221;https:\/\/www.irishtimes.com\/tags\/beauty\/&#8221;},{&#8220;_id&#8221;:&#8221;\/life-style\/fine-art-antiques&#8221;,&#8221;name&#8221;:&#8221;Fine Art &#038; Antiques&#8221;,&#8221;node_type&#8221;:&#8221;section&#8221;},{&#8220;_id&#8221;:&#8221;\/life-style\/gardening&#8221;,&#8221;name&#8221;:&#8221;Gardening&#8221;,&#8221;node_type&#8221;:&#8221;section&#8221;},{&#8220;_id&#8221;:&#8221;\/life-style\/people&#8221;,&#8221;name&#8221;:&#8221;People&#8221;,&#8221;node_type&#8221;:&#8221;section&#8221;},{&#8220;_id&#8221;:&#8221;\/life-style\/travel&#8221;,&#8221;name&#8221;:&#8221;Travel&#8221;,&#8221;node_type&#8221;:&#8221;section&#8221;}],&#8221;name&#8221;:&#8221;Life &#038; Style&#8221;,&#8221;node_type&#8221;:&#8221;section&#8221;},{&#8220;_id&#8221;:&#8221;\/culture&#8221;,&#8221;children&#8221;:[{&#8220;_id&#8221;:&#8221;\/culture\/art&#8221;,&#8221;name&#8221;:&#8221;Art&#8221;,&#8221;node_type&#8221;:&#8221;section&#8221;},{&#8220;_id&#8221;:&#8221;\/culture\/books&#8221;,&#8221;name&#8221;:&#8221;Books&#8221;,&#8221;node_type&#8221;:&#8221;section&#8221;},{&#8220;_id&#8221;:&#8221;\/culture\/film&#8221;,&#8221;name&#8221;:&#8221;Film&#8221;,&#8221;node_type&#8221;:&#8221;section&#8221;},{&#8220;_id&#8221;:&#8221;\/culture\/music&#8221;,&#8221;name&#8221;:&#8221;Music&#8221;,&#8221;node_type&#8221;:&#8221;section&#8221;},{&#8220;_id&#8221;:&#8221;\/culture\/stage&#8221;,&#8221;name&#8221;:&#8221;Stage&#8221;,&#8221;node_type&#8221;:&#8221;section&#8221;},{&#8220;_id&#8221;:&#8221;\/culture\/tv-radio&#8221;,&#8221;name&#8221;:&#8221;TV &#038; Radio&#8221;,&#8221;node_type&#8221;:&#8221;section&#8221;}],&#8221;name&#8221;:&#8221;Culture&#8221;,&#8221;node_type&#8221;:&#8221;section&#8221;},{&#8220;_id&#8221;:&#8221;\/environment&#8221;,&#8221;children&#8221;:[{&#8220;_id&#8221;:&#8221;\/environment\/climate-crisis&#8221;,&#8221;name&#8221;:&#8221;Climate Crisis&#8221;,&#8221;node_type&#8221;:&#8221;section&#8221;}],&#8221;name&#8221;:&#8221;Environment&#8221;,&#8221;node_type&#8221;:&#8221;section&#8221;},{&#8220;_id&#8221;:&#8221;\/technology&#8221;,&#8221;children&#8221;:[{&#8220;_id&#8221;:&#8221;\/technology\/big-tech&#8221;,&#8221;name&#8221;:&#8221;Big Tech&#8221;,&#8221;node_type&#8221;:&#8221;section&#8221;},{&#8220;_id&#8221;:&#8221;\/technology\/consumer-tech&#8221;,&#8221;name&#8221;:&#8221;Consumer Tech&#8221;,&#8221;node_type&#8221;:&#8221;section&#8221;},{&#8220;_id&#8221;:&#8221;\/technology\/data-security&#8221;,&#8221;name&#8221;:&#8221;Data &#038; Security&#8221;,&#8221;node_type&#8221;:&#8221;section&#8221;},{&#8220;_id&#8221;:&#8221;\/technology\/gaming&#8221;,&#8221;name&#8221;:&#8221;Gaming&#8221;,&#8221;node_type&#8221;:&#8221;section&#8221;}],&#8221;name&#8221;:&#8221;Technology&#8221;,&#8221;node_type&#8221;:&#8221;section&#8221;},{&#8220;_id&#8221;:&#8221;\/science&#8221;,&#8221;children&#8221;:[{&#8220;_id&#8221;:&#8221;\/science\/space&#8221;,&#8221;name&#8221;:&#8221;Space&#8221;,&#8221;node_type&#8221;:&#8221;section&#8221;}],&#8221;name&#8221;:&#8221;Science&#8221;,&#8221;node_type&#8221;:&#8221;section&#8221;},{&#8220;_id&#8221;:&#8221;\/media&#8221;,&#8221;children&#8221;:[],&#8221;name&#8221;:&#8221;Media&#8221;,&#8221;node_type&#8221;:&#8221;section&#8221;},{&#8220;_id&#8221;:&#8221;\/abroad&#8221;,&#8221;children&#8221;:[],&#8221;name&#8221;:&#8221;Abroad&#8221;,&#8221;node_type&#8221;:&#8221;section&#8221;},{&#8220;_id&#8221;:&#8221;\/obituaries&#8221;,&#8221;children&#8221;:[],&#8221;name&#8221;:&#8221;Obituaries&#8221;,&#8221;node_type&#8221;:&#8221;section&#8221;},{&#8220;_id&#8221;:&#8221;\/transport&#8221;,&#8221;children&#8221;:[],&#8221;name&#8221;:&#8221;Transport&#8221;,&#8221;node_type&#8221;:&#8221;section&#8221;},{&#8220;_id&#8221;:&#8221;\/motors&#8221;,&#8221;children&#8221;:[{&#8220;_id&#8221;:&#8221;link-9JYG4R2HT934Q3XVN59UWD3R44&#8243;,&#8221;display_name&#8221;:&#8221;Car Reviews&#8221;,&#8221;node_type&#8221;:&#8221;link&#8221;,&#8221;url&#8221;:&#8221;https:\/\/www.irishtimes.com\/motors\/car-reviews\/&#8221;}],&#8221;name&#8221;:&#8221;Motors&#8221;,&#8221;node_type&#8221;:&#8221;section&#8221;},{&#8220;_id&#8221;:&#8221;link-TW6BFCQ2W149F0E26FF5PJ8AEM&#8221;,&#8221;children&#8221;:[],&#8221;display_name&#8221;:&#8221;Listen&#8221;,&#8221;node_type&#8221;:&#8221;link&#8221;,&#8221;url&#8221;:&#8221;https:\/\/www.irishtimes.com\/listen\/&#8221;},{&#8220;_id&#8221;:&#8221;\/podcasts&#8221;,&#8221;children&#8221;:[{&#8220;_id&#8221;:&#8221;\/podcasts\/in-the-news&#8221;,&#8221;name&#8221;:&#8221;In the News Podcast&#8221;,&#8221;node_type&#8221;:&#8221;section&#8221;},{&#8220;_id&#8221;:&#8221;\/podcasts\/inside-politics&#8221;,&#8221;name&#8221;:&#8221;Inside Politics Podcast&#8221;,&#8221;node_type&#8221;:&#8221;section&#8221;},{&#8220;_id&#8221;:&#8221;\/podcasts\/the-womens-podcast&#8221;,&#8221;name&#8221;:&#8221;The Women&#8217;s Podcast&#8221;,&#8221;node_type&#8221;:&#8221;section&#8221;},{&#8220;_id&#8221;:&#8221;\/podcasts\/inside-business&#8221;,&#8221;name&#8221;:&#8221;Inside Business Podcast&#8221;,&#8221;node_type&#8221;:&#8221;section&#8221;},{&#8220;_id&#8221;:&#8221;\/podcasts\/ross-ocarroll-kelly&#8221;,&#8221;name&#8221;:&#8221;Ross O&#8217;Carroll-Kelly&#8221;,&#8221;node_type&#8221;:&#8221;section&#8221;},{&#8220;_id&#8221;:&#8221;\/podcasts\/the-counter-ruck&#8221;,&#8221;name&#8221;:&#8221;The Counter Ruck Podcast&#8221;,&#8221;node_type&#8221;:&#8221;section&#8221;},{&#8220;_id&#8221;:&#8221;\/podcasts\/conversations-with-parents&#8221;,&#8221;name&#8221;:&#8221;Conversations with Parents Podcast&#8221;,&#8221;node_type&#8221;:&#8221;section&#8221;}],&#8221;name&#8221;:&#8221;Podcasts&#8221;,&#8221;node_type&#8221;:&#8221;section&#8221;},{&#8220;_id&#8221;:&#8221;\/video&#8221;,&#8221;children&#8221;:[],&#8221;name&#8221;:&#8221;Video&#8221;,&#8221;node_type&#8221;:&#8221;section&#8221;},{&#8220;_id&#8221;:&#8221;\/photography&#8221;,&#8221;children&#8221;:[],&#8221;name&#8221;:&#8221;Photography&#8221;,&#8221;node_type&#8221;:&#8221;section&#8221;},{&#8220;_id&#8221;:&#8221;\/gaeilge&#8221;,&#8221;children&#8221;:[{&#8220;_id&#8221;:&#8221;\/gaeilge\/sceal&#8221;,&#8221;name&#8221;:&#8221;Sc\u00e9al&#8221;,&#8221;node_type&#8221;:&#8221;section&#8221;},{&#8220;_id&#8221;:&#8221;\/gaeilge\/tuarascail&#8221;,&#8221;name&#8221;:&#8221;Tuarasc\u00e1il&#8221;,&#8221;node_type&#8221;:&#8221;section&#8221;}],&#8221;name&#8221;:&#8221;Gaeilge&#8221;,&#8221;node_type&#8221;:&#8221;section&#8221;},{&#8220;_id&#8221;:&#8221;\/history&#8221;,&#8221;children&#8221;:[{&#8220;_id&#8221;:&#8221;\/history\/century&#8221;,&#8221;name&#8221;:&#8221;Century&#8221;,&#8221;node_type&#8221;:&#8221;section&#8221;}],&#8221;name&#8221;:&#8221;History&#8221;,&#8221;node_type&#8221;:&#8221;section&#8221;},{&#8220;_id&#8221;:&#8221;\/student-hub&#8221;,&#8221;children&#8221;:[],&#8221;name&#8221;:&#8221;Student Hub&#8221;,&#8221;node_type&#8221;:&#8221;section&#8221;},{&#8220;_id&#8221;:&#8221;\/offbeat&#8221;,&#8221;children&#8221;:[],&#8221;name&#8221;:&#8221;Offbeat&#8221;,&#8221;node_type&#8221;:&#8221;section&#8221;},{&#8220;_id&#8221;:&#8221;link-60C66RDFC91ZZ7GZUA0N497XAC&#8221;,&#8221;children&#8221;:[],&#8221;display_name&#8221;:&#8221;Family Notices&#8221;,&#8221;node_type&#8221;:&#8221;link&#8221;,&#8221;url&#8221;:&#8221;https:\/\/notices.irishtimes.com&#8221;},{&#8220;_id&#8221;:&#8221;\/sponsored&#8221;,&#8221;children&#8221;:[{&#8220;_id&#8221;:&#8221;\/advertising-feature&#8221;,&#8221;name&#8221;:&#8221;Advertising Feature&#8221;,&#8221;node_type&#8221;:&#8221;section&#8221;},{&#8220;_id&#8221;:&#8221;\/special-reports&#8221;,&#8221;name&#8221;:&#8221;Special Reports&#8221;,&#8221;node_type&#8221;:&#8221;section&#8221;}],&#8221;name&#8221;:&#8221;Sponsored&#8221;,&#8221;node_type&#8221;:&#8221;section&#8221;},{&#8220;_id&#8221;:&#8221;link-20YXWFDCNH4233PCDANMHA4VT8&#8243;,&#8221;children&#8221;:[],&#8221;display_name&#8221;:&#8221;Subscriber Rewards&#8221;,&#8221;node_type&#8221;:&#8221;link&#8221;,&#8221;url&#8221;:&#8221;https:\/\/www.irishtimes.com\/subscriber-rewards\/&#8221;},{&#8220;_id&#8221;:&#8221;\/competitions&#8221;,&#8221;children&#8221;:[],&#8221;name&#8221;:&#8221;Competitions&#8221;,&#8221;node_type&#8221;:&#8221;section&#8221;},{&#8220;_id&#8221;:&#8221;\/newsletters&#8221;,&#8221;children&#8221;:[],&#8221;name&#8221;:&#8221;Newsletters&#8221;,&#8221;node_type&#8221;:&#8221;section&#8221;},{&#8220;_id&#8221;:&#8221;link-2YA5DNVQF928HEF4EKE1Q0AMEM&#8221;,&#8221;children&#8221;:[],&#8221;display_name&#8221;:&#8221;Weather Forecast&#8221;,&#8221;node_type&#8221;:&#8221;link&#8221;,&#8221;url&#8221;:&#8221;https:\/\/www.irishtimes.com\/weather\/&#8221;}],&#8221;_id&#8221;:&#8221;https:\/\/www.irishtimes.com\/&#8221;},&#8221;expires&#8221;:1756964905465,&#8221;lastModified&#8221;:1756964605418}},&#8221;site-service-hierarchy-it&#8221;:{&#8220;{\\&#8221;arcSite\\&#8221;:\\&#8221;irishtimes\\&#8221;,\\&#8221;hierarchy\\&#8221;:\\&#8221;Logged-in-navigation\\&#8221;}&#8221;:{&#8220;data&#8221;:{&#8220;children&#8221;:[{&#8220;display_name&#8221;:&#8221;My Account;Manage your account&#8221;,&#8221;url&#8221;:&#8221;\/myaccount&#8221;},{&#8220;display_name&#8221;:&#8221;Digital Subscriptions; Frequently asked questions and support&#8221;,&#8221;url&#8221;:&#8221;https:\/\/help.irishtimes.com&#8221;},{&#8220;display_name&#8221;:&#8221;Subscriber Only Articles;Specially selected and available only to our subscribers&#8221;,&#8221;url&#8221;:&#8221;https:\/\/www.irishtimes.com\/subscriber-only\/&#8221;},{&#8220;display_name&#8221;:&#8221;Crosswords &#038; Puzzles;Digital Simplex and Crosaire crosswords&#8221;,&#8221;url&#8221;:&#8221;https:\/\/www.irishtimes.com\/crosswords-puzzles\/&#8221;},{&#8220;display_name&#8221;:&#8221;Subscriber Rewards;Discover a selection of rewards just for you&#8221;,&#8221;url&#8221;:&#8221;https:\/\/www.irishtimes.com\/subscriber-rewards\/&#8221;},{&#8220;display_name&#8221;:&#8221;Newsletters;Sign up to get the stories you want delivered to your inbox&#8221;,&#8221;url&#8221;:&#8221;https:\/\/www.irishtimes.com\/newsletters\/&#8221;},{&#8220;display_name&#8221;:&#8221;Subscriber Tour;Explore the features of your subscription&#8221;,&#8221;url&#8221;:&#8221;https:\/\/www.irishtimes.com\/your-subscription\/subscription-tour&#8221;},{&#8220;display_name&#8221;:&#8221;Newspaper Archive;150 years of Irish Times journalism&#8221;,&#8221;url&#8221;:&#8221;https:\/\/www.irishtimes.com\/premium\/loginpage&#8221;},{&#8220;display_name&#8221;:&#8221;Mobile app;Our Apple and Android apps to read on the go&#8221;,&#8221;url&#8221;:&#8221;\/apps\/&#8221;}],&#8221;_id&#8221;:&#8221;https:\/\/www.irishtimes.com\/&#8221;},&#8221;expires&#8221;:1756964728102,&#8221;lastModified&#8221;:1756964428035},&#8221;{\\&#8221;feature\\&#8221;:\\&#8221;footer\\&#8221;,\\&#8221;hierarchy\\&#8221;:\\&#8221;footer\\&#8221;}&#8221;:{&#8220;data&#8221;:{&#8220;children&#8221;:[{&#8220;_id&#8221;:&#8221;https:\/\/www.irishtimes.com\/subscribe&#8221;,&#8221;children&#8221;:[{&#8220;_id&#8221;:&#8221;link-DGDAM5YPRN6XFDAP5JVDMNAVVC&#8221;,&#8221;display_name&#8221;:&#8221;Why Subscribe?&#8221;,&#8221;node_type&#8221;:&#8221;link&#8221;,&#8221;url&#8221;:&#8221;\/your-subscription\/subscription-tour&#8221;},{&#8220;_id&#8221;:&#8221;link-CM7751G0QH6MZDQGFJ2U872KJW&#8221;,&#8221;display_name&#8221;:&#8221;Subscription Bundles&#8221;,&#8221;node_type&#8221;:&#8221;link&#8221;,&#8221;url&#8221;:&#8221;https:\/\/www.irishtimes.com\/subscribe&#8221;},{&#8220;_id&#8221;:&#8221;link-20YXWFDCNH4233PCDANMHA4VT8&#8243;,&#8221;display_name&#8221;:&#8221;Subscriber Rewards&#8221;,&#8221;node_type&#8221;:&#8221;link&#8221;,&#8221;url&#8221;:&#8221;https:\/\/www.irishtimes.com\/subscriber-rewards\/&#8221;},{&#8220;_id&#8221;:&#8221;link-INNQ4KIFSFDWHLJIC7INQXWWGY&#8221;,&#8221;display_name&#8221;:&#8221;Student Subscription&#8221;,&#8221;node_type&#8221;:&#8221;link&#8221;,&#8221;url&#8221;:&#8221;https:\/\/www.irishtimes.com\/subscribe\/student\/&#8221;},{&#8220;_id&#8221;:&#8221;link-MFHX19ZTJ90JDAV1MZWFRRRCBR&#8221;,&#8221;display_name&#8221;:&#8221;Subscription Help Centre&#8221;,&#8221;node_type&#8221;:&#8221;link&#8221;,&#8221;url&#8221;:&#8221;https:\/\/help.irishtimes.com\/s\/&#8221;},{&#8220;_id&#8221;:&#8221;link-5YM8CZDMVH2CQ08T2B33MHANWR&#8221;,&#8221;display_name&#8221;:&#8221;Home Delivery&#8221;,&#8221;node_type&#8221;:&#8221;link&#8221;,&#8221;url&#8221;:&#8221;http:\/\/www.newsdelivery.ie&#8221;}],&#8221;name&#8221;:&#8221;Subscribe&#8221;,&#8221;node_type&#8221;:&#8221;section&#8221;},{&#8220;_id&#8221;:&#8221;\/support&#8221;,&#8221;children&#8221;:[{&#8220;_id&#8221;:&#8221;link-G3XEUGHAGT79B4DJ5W73WNFQY0&#8243;,&#8221;display_name&#8221;:&#8221;Contact Us&#8221;,&#8221;node_type&#8221;:&#8221;link&#8221;,&#8221;url&#8221;:&#8221;\/about-us\/contact-us&#8221;},{&#8220;_id&#8221;:&#8221;link-C8T475KX5D1KDAW12U8Q12T5MC&#8221;,&#8221;display_name&#8221;:&#8221;Help Centre&#8221;,&#8221;node_type&#8221;:&#8221;link&#8221;,&#8221;url&#8221;:&#8221;https:\/\/help.irishtimes.com\/s\/&#8221;},{&#8220;_id&#8221;:&#8221;link-NV2UTHTYXX1EN982NWZ92BVPZW&#8221;,&#8221;display_name&#8221;:&#8221;My Account&#8221;,&#8221;node_type&#8221;:&#8221;link&#8221;,&#8221;url&#8221;:&#8221;\/myaccount&#8221;}],&#8221;name&#8221;:&#8221;Support&#8221;,&#8221;node_type&#8221;:&#8221;section&#8221;},{&#8220;_id&#8221;:&#8221;\/about-us&#8221;,&#8221;children&#8221;:[{&#8220;_id&#8221;:&#8221;link-Z9KM76KCK1375DMR7HKZ3BAAYG&#8221;,&#8221;display_name&#8221;:&#8221;Advertise&#8221;,&#8221;node_type&#8221;:&#8221;link&#8221;,&#8221;url&#8221;:&#8221;\/about-us\/advertise&#8221;},{&#8220;_id&#8221;:&#8221;link-C0YP70N1BT3BTF13YZ3GQFFW5R&#8221;,&#8221;display_name&#8221;:&#8221;Contact Us&#8221;,&#8221;node_type&#8221;:&#8221;link&#8221;,&#8221;url&#8221;:&#8221;\/about-us\/contact-us&#8221;},{&#8220;_id&#8221;:&#8221;link-HPPYKQZRWN3T10Y4E0NXN002NC&#8221;,&#8221;display_name&#8221;:&#8221;The Irish Times Trust&#8221;,&#8221;node_type&#8221;:&#8221;link&#8221;,&#8221;url&#8221;:&#8221;https:\/\/www.irishtimes.com\/about-us\/the-irish-times-trust\/&#8221;},{&#8220;_id&#8221;:&#8221;link-YV5H3Y4TQH5AVE8N4AUH222RK4&#8243;,&#8221;display_name&#8221;:&#8221;Careers&#8221;,&#8221;node_type&#8221;:&#8221;link&#8221;,&#8221;url&#8221;:&#8221;\/about-us\/career-opportunities&#8221;}],&#8221;name&#8221;:&#8221;About Us&#8221;,&#8221;node_type&#8221;:&#8221;section&#8221;},{&#8220;_id&#8221;:&#8221;\/product-and-services&#8221;,&#8221;children&#8221;:[{&#8220;_id&#8221;:&#8221;link-QR4AME90917AK29M6XVEJMX9N8&#8243;,&#8221;display_name&#8221;:&#8221;ePaper&#8221;,&#8221;node_type&#8221;:&#8221;link&#8221;,&#8221;url&#8221;:&#8221;\/epaper&#8221;},{&#8220;_id&#8221;:&#8221;link-8XJ7X9GPZX2H11NJE3GWW45748&#8243;,&#8221;display_name&#8221;:&#8221;Crosswords &#038; puzzles&#8221;,&#8221;node_type&#8221;:&#8221;link&#8221;,&#8221;url&#8221;:&#8221;https:\/\/www.irishtimes.com\/crosswords-puzzles\/&#8221;},{&#8220;_id&#8221;:&#8221;link-B7ENRD4YCD77ZCV67531F5ZEP8&#8243;,&#8221;display_name&#8221;:&#8221;Newspaper Archive&#8221;,&#8221;node_type&#8221;:&#8221;link&#8221;,&#8221;url&#8221;:&#8221;\/archive&#8221;},{&#8220;_id&#8221;:&#8221;link-7XMTETWQ05553ADVQ26YD2PN5M&#8221;,&#8221;display_name&#8221;:&#8221;Newsletters&#8221;,&#8221;node_type&#8221;:&#8221;link&#8221;,&#8221;url&#8221;:&#8221;\/newsletters&#8221;},{&#8220;_id&#8221;:&#8221;link-QKK62NMCJT4751EU158MVUQ6J8&#8243;,&#8221;display_name&#8221;:&#8221;Article Index&#8221;,&#8221;node_type&#8221;:&#8221;link&#8221;,&#8221;url&#8221;:&#8221;https:\/\/www.irishtimes.com\/article-index\/&#8221;},{&#8220;_id&#8221;:&#8221;link-1YQEPDVX8X06D9BVQXQZ2U9GWM&#8221;,&#8221;display_name&#8221;:&#8221;Discount Codes&#8221;,&#8221;node_type&#8221;:&#8221;link&#8221;,&#8221;url&#8221;:&#8221;https:\/\/discountcodes.irishtimes.com\/&#8221;}],&#8221;name&#8221;:&#8221;Irish Times Products &#038; Services&#8221;,&#8221;node_type&#8221;:&#8221;section&#8221;}],&#8221;_id&#8221;:&#8221;https:\/\/www.irishtimes.com\/&#8221;},&#8221;expires&#8221;:1756964814624,&#8221;lastModified&#8221;:1756964514546},&#8221;{\\&#8221;feature\\&#8221;:\\&#8221;footer\\&#8221;,\\&#8221;hierarchy\\&#8221;:\\&#8221;our-partners\\&#8221;}&#8221;:{&#8220;data&#8221;:{&#8220;children&#8221;:[{&#8220;_id&#8221;:&#8221;link-RZ2ANKYPEH3D10YNR9JVH7VNMC&#8221;,&#8221;display_name&#8221;:&#8221;MyHome.ie&#8221;,&#8221;node_type&#8221;:&#8221;link&#8221;,&#8221;url&#8221;:&#8221;https:\/\/www.myhome.ie&#8221;},{&#8220;_id&#8221;:&#8221;link-B11GV8GN694GF8VF4DABJK72P4&#8243;,&#8221;display_name&#8221;:&#8221;The Gloss&#8221;,&#8221;node_type&#8221;:&#8221;link&#8221;,&#8221;url&#8221;:&#8221;https:\/\/www.thegloss.ie&#8221;},{&#8220;_id&#8221;:&#8221;link-TW1E9G03UX64TE4GX1KT8AC2U8&#8243;,&#8221;display_name&#8221;:&#8221;Recruit Ireland&#8221;,&#8221;node_type&#8221;:&#8221;link&#8221;,&#8221;url&#8221;:&#8221;https:\/\/recruitireland.com\/&#8221;},{&#8220;_id&#8221;:&#8221;link-H2ZDK285TX65VCFVDB90GEG8K0&#8243;,&#8221;display_name&#8221;:&#8221;Irish Times Training&#8221;,&#8221;node_type&#8221;:&#8221;link&#8221;,&#8221;url&#8221;:&#8221;https:\/\/www.irishtimestraining.com\/&#8221;},{&#8220;_id&#8221;:&#8221;link-LTCTRPJE2FGBLF7UZ2SSX7NBME&#8221;,&#8221;display_name&#8221;:&#8221;RIP.ie&#8221;,&#8221;node_type&#8221;:&#8221;link&#8221;,&#8221;url&#8221;:&#8221;https:\/\/rip.ie\/&#8221;}],&#8221;_id&#8221;:&#8221;https:\/\/www.irishtimes.com\/&#8221;},&#8221;expires&#8221;:1756964711472,&#8221;lastModified&#8221;:1756964411414}},&#8221;alert-bar-collections&#8221;:{&#8220;{\\&#8221;from\\&#8221;:0,\\&#8221;site\\&#8221;:\\&#8221;irishtimes\\&#8221;,\\&#8221;size\\&#8221;:1}&#8221;:{&#8220;data&#8221;:{&#8220;_id&#8221;:&#8221;DL4WZLD3QVA55FOFBOQ3ZET6TY&#8221;,&#8221;version&#8221;:&#8221;0.10.6&#8243;,&#8221;created_date&#8221;:&#8221;2022-02-02T13:23:38.460Z&#8221;,&#8221;headlines&#8221;:{&#8220;basic&#8221;:&#8221;Breaking News Alert&#8221;},&#8221;last_updated_date&#8221;:&#8221;2025-09-02T19:29:54.129Z&#8221;,&#8221;type&#8221;:&#8221;collection&#8221;,&#8221;canonical_website&#8221;:&#8221;irishtimes&#8221;,&#8221;websites&#8221;:{&#8220;irishtimes&#8221;:{}},&#8221;content_elements&#8221;:[],&#8221;description&#8221;:{&#8220;basic&#8221;:&#8221;This collection powers the Alert Bar block on the website&#8221;},&#8221;content_aliases&#8221;:[&#8220;alert-bar&#8221;],&#8221;owner&#8221;:{&#8220;id&#8221;:&#8221;irishtimes&#8221;},&#8221;revision&#8221;:{&#8220;branch&#8221;:&#8221;default&#8221;,&#8221;published&#8221;:true},&#8221;canonical_url&#8221;:null,&#8221;publishing&#8221;:{&#8220;scheduled_operations&#8221;:{&#8220;publish_edition&#8221;:[],&#8221;unpublish_edition&#8221;:[]}},&#8221;website&#8221;:&#8221;irishtimes&#8221;},&#8221;expires&#8221;:1756964638337,&#8221;lastModified&#8221;:1756964518309}},&#8221;content-api-collections-it&#8221;:{&#8220;{\\&#8221;content_alias\\&#8221;:\\&#8221;features-highlights\\&#8221;,\\&#8221;feature\\&#8221;:\\&#8221;read-more\\&#8221;,\\&#8221;size\\&#8221;:4}&#8221;:{&#8220;data&#8221;:{&#8220;_id&#8221;:&#8221;SUGZAJIC45CONO65MWCKXNO6YQ&#8221;,&#8221;version&#8221;:&#8221;0.10.6&#8243;,&#8221;created_date&#8221;:&#8221;2022-09-12T08:44:39.408Z&#8221;,&#8221;headlines&#8221;:{&#8220;basic&#8221;:&#8221;Links Features highlights alias=features-highlights&#8221;},&#8221;last_updated_date&#8221;:&#8221;2025-08-29T21:29:11.983Z&#8221;,&#8221;type&#8221;:&#8221;collection&#8221;,&#8221;canonical_website&#8221;:&#8221;irishtimes&#8221;,&#8221;content_elements&#8221;:[{&#8220;additional_properties&#8221;:{&#8220;audio_duration&#8221;:386,&#8221;audio_url&#8221;:&#8221;https:\/\/cdn.beyondwords.io\/audio\/projects\/8948\/podcasts\/fdd9b34a-c16a-482c-a355-0f03b14a97e9\/versions\/1756481209\/media\/933649e11791a8d0b548567b6ae55aad_compiled.mp3&#8243;,&#8221;has_published_copy&#8221;:true,&#8221;is_published&#8221;:true,&#8221;publish_date&#8221;:&#8221;2025-08-30T07:37:39.329Z&#8221;},&#8221;content_elements&#8221;:[],&#8221;_id&#8221;:&#8221;EO5S537DCJHF3HIMCF7LNW66JE&#8221;,&#8221;canonical_website&#8221;:&#8221;irishtimes&#8221;,&#8221;content_restrictions&#8221;:{&#8220;content_code&#8221;:&#8221;metered&#8221;},&#8221;credits&#8221;:{&#8220;by&#8221;:[{&#8220;_id&#8221;:&#8221;mick-heaney&#8221;,&#8221;type&#8221;:&#8221;author&#8221;,&#8221;version&#8221;:&#8221;0.5.8&#8243;,&#8221;name&#8221;:&#8221;Mick Heaney&#8221;,&#8221;image&#8221;:{&#8220;url&#8221;:&#8221;https:\/\/s3.amazonaws.com\/arc-authors\/irishtimes\/06829839-9a90-497c-98ca-1188dd028713.png&#8221;,&#8221;version&#8221;:&#8221;0.5.8&#8243;,&#8221;type&#8221;:&#8221;image&#8221;,&#8221;auth&#8221;:{&#8220;1&#8243;:&#8221;9c7e268fc2df82d95225a8370117f76bd82bf04e484b43bc8cdd36466f7150b7&#8243;}},&#8221;description&#8221;:&#8221;Mick Heaney is a radio columnist for The Irish Times and a regular contributor of Culture articles&#8221;,&#8221;url&#8221;:&#8221;\/author\/mick-heaney\/&#8221;,&#8221;slug&#8221;:&#8221;mick-heaney&#8221;,&#8221;social_links&#8221;:[{&#8220;site&#8221;:&#8221;email&#8221;,&#8221;url&#8221;:&#8221;arts@irishtimes.com&#8221;},{&#8220;site&#8221;:&#8221;facebook&#8221;,&#8221;url&#8221;:null},{&#8220;site&#8221;:&#8221;twitter&#8221;,&#8221;url&#8221;:&#8221;blue_mick&#8221;}],&#8221;socialLinks&#8221;:[{&#8220;site&#8221;:&#8221;email&#8221;,&#8221;url&#8221;:&#8221;arts@irishtimes.com&#8221;,&#8221;deprecated&#8221;:true,&#8221;deprecation_msg&#8221;:&#8221;Please use social_links.&#8221;},{&#8220;site&#8221;:&#8221;facebook&#8221;,&#8221;url&#8221;:null,&#8221;deprecated&#8221;:true,&#8221;deprecation_msg&#8221;:&#8221;Please use social_links.&#8221;},{&#8220;site&#8221;:&#8221;twitter&#8221;,&#8221;url&#8221;:&#8221;blue_mick&#8221;,&#8221;deprecated&#8221;:true,&#8221;deprecation_msg&#8221;:&#8221;Please use social_links.&#8221;}],&#8221;additional_properties&#8221;:{&#8220;original&#8221;:{&#8220;_id&#8221;:&#8221;mick-heaney&#8221;,&#8221;byline&#8221;:&#8221;Mick Heaney&#8221;,&#8221;slug&#8221;:&#8221;mick-heaney&#8221;,&#8221;firstName&#8221;:&#8221;Mick&#8221;,&#8221;lastName&#8221;:&#8221;Heaney&#8221;,&#8221;middleName&#8221;:null,&#8221;bio&#8221;:&#8221;Mick Heaney is a radio columnist for The Irish Times and a regular contributor of Culture articles&#8221;,&#8221;longBio&#8221;:&#8221;Mick Heaney is a radio columnist for The Irish Times and a regular contributor of Culture articles&#8221;,&#8221;role&#8221;:&#8221;Contributor&#8221;,&#8221;author_type&#8221;:&#8221;Contributor&#8221;,&#8221;twitter&#8221;:&#8221;blue_mick&#8221;,&#8221;facebook&#8221;:null,&#8221;status&#8221;:true,&#8221;image&#8221;:&#8221;https:\/\/s3.amazonaws.com\/arc-authors\/irishtimes\/06829839-9a90-497c-98ca-1188dd028713.png&#8221;,&#8221;books&#8221;:[],&#8221;podcasts&#8221;:[],&#8221;education&#8221;:[],&#8221;awards&#8221;:[],&#8221;last_updated_date&#8221;:&#8221;2022-06-17T12:42:40.718Z&#8221;,&#8221;email&#8221;:&#8221;arts@irishtimes.com&#8221;,&#8221;type&#8221;:&#8221;author&#8221;,&#8221;bio_page&#8221;:&#8221;\/author\/mick-heaney\/&#8221;,&#8221;ansImage&#8221;:{&#8220;type&#8221;:&#8221;image&#8221;,&#8221;url&#8221;:&#8221;https:\/\/s3.amazonaws.com\/arc-authors\/irishtimes\/06829839-9a90-497c-98ca-1188dd028713.png&#8221;,&#8221;auth&#8221;:{&#8220;1&#8243;:&#8221;9c7e268fc2df82d95225a8370117f76bd82bf04e484b43bc8cdd36466f7150b7&#8243;}}}}}]},&#8221;description&#8221;:{&#8220;basic&#8221;:&#8221;Losing one Today show presenter to Newstalk was misfortune, losing two looks like carelessness&#8221;},&#8221;display_date&#8221;:&#8221;2025-08-29T15:21:45.156Z&#8221;,&#8221;distributor&#8221;:{&#8220;category&#8221;:&#8221;staff&#8221;,&#8221;mode&#8221;:&#8221;custom&#8221;,&#8221;name&#8221;:&#8221;irishtimes&#8221;},&#8221;headlines&#8221;:{&#8220;basic&#8221;:&#8221;RT\u00c9 was quick to name Claire Byrne\u2019s successor, but Newstalk is the big winner here&#8221;,&#8221;meta_title&#8221;:&#8221;&#8221;,&#8221;mobile&#8221;:&#8221;&#8221;,&#8221;native&#8221;:&#8221;&#8221;,&#8221;print&#8221;:&#8221;&#8221;,&#8221;table&#8221;:&#8221;&#8221;,&#8221;tablet&#8221;:&#8221;&#8221;,&#8221;web&#8221;:&#8221;&#8221;},&#8221;label&#8221;:{&#8220;audio_project_id&#8221;:{&#8220;display&#8221;:true,&#8221;text&#8221;:&#8221;8948&#8243;},&#8221;related_collection&#8221;:{&#8220;display&#8221;:true,&#8221;text&#8221;:&#8221;most-read-curated&#8221;},&#8221;transparency&#8221;:{&#8220;display&#8221;:true,&#8221;text&#8221;:&#8221;Analysis&#8221;,&#8221;url&#8221;:&#8221;&#8221;}},&#8221;language&#8221;:&#8221;&#8221;,&#8221;owner&#8221;:{&#8220;sponsored&#8221;:false},&#8221;promo_items&#8221;:{&#8220;basic&#8221;:{&#8220;_id&#8221;:&#8221;JGU3IBUPMFBBZMHQ7FJOMU2AXA&#8221;,&#8221;additional_properties&#8221;:{&#8220;fullSizeResizeUrl&#8221;:&#8221;\/resizer\/v2\/JGU3IBUPMFBBZMHQ7FJOMU2AXA.jpg?auth=17461bf77f56c152139fca035e7c119c759f6fd7dc91d2dd4c86bd853dbcc01b&#8221;,&#8221;galleries&#8221;:[],&#8221;ingestionMethod&#8221;:&#8221;manual&#8221;,&#8221;mime_type&#8221;:&#8221;image\/jpeg&#8221;,&#8221;originalName&#8221;:&#8221;CB.jpg&#8221;,&#8221;originalUrl&#8221;:&#8221;https:\/\/cloudfront-eu-central-1.images.arcpublishing.com\/irishtimes\/JGU3IBUPMFBBZMHQ7FJOMU2AXA.jpg&#8221;,&#8221;owner&#8221;:&#8221;pscott@irishtimes.com&#8221;,&#8221;proxyUrl&#8221;:&#8221;\/resizer\/v2\/JGU3IBUPMFBBZMHQ7FJOMU2AXA.jpg?auth=17461bf77f56c152139fca035e7c119c759f6fd7dc91d2dd4c86bd853dbcc01b&#8221;,&#8221;published&#8221;:true,&#8221;resizeUrl&#8221;:&#8221;\/resizer\/v2\/JGU3IBUPMFBBZMHQ7FJOMU2AXA.jpg?auth=17461bf77f56c152139fca035e7c119c759f6fd7dc91d2dd4c86bd853dbcc01b&#8221;,&#8221;restricted&#8221;:false,&#8221;thumbnailResizeUrl&#8221;:&#8221;\/resizer\/v2\/JGU3IBUPMFBBZMHQ7FJOMU2AXA.jpg?auth=17461bf77f56c152139fca035e7c119c759f6fd7dc91d2dd4c86bd853dbcc01b&#038;width=300&#8243;,&#8221;usage_instructions&#8221;:&#8221;Displayed credit should be to The Irish Times. No other caption info needed on front end, but ensure alt text outlines what graphic shows&#8221;,&#8221;version&#8221;:0,&#8221;template_id&#8221;:286},&#8221;address&#8221;:{},&#8221;alt_text&#8221;:&#8221;Claire Byrne&#8221;,&#8221;auth&#8221;:{&#8220;1&#8243;:&#8221;17461bf77f56c152139fca035e7c119c759f6fd7dc91d2dd4c86bd853dbcc01b&#8221;},&#8221;caption&#8221;:&#8221;Claire Byrne&#8217;s unruffled style yields detailed interviews but rarely results in the kind of audio fireworks that Newstalk audiences have come to expect. Illustration: Paul Scott&#8221;,&#8221;copyright&#8221;:&#8221;The Irish Times &#8220;,&#8221;created_date&#8221;:&#8221;2025-08-29T12:57:15Z&#8221;,&#8221;credits&#8221;:{&#8220;affiliation&#8221;:[]},&#8221;distributor&#8221;:{&#8220;category&#8221;:&#8221;staff&#8221;,&#8221;mode&#8221;:&#8221;custom&#8221;,&#8221;name&#8221;:&#8221;Irish Times Premedia&#8221;},&#8221;height&#8221;:2000,&#8221;image_type&#8221;:&#8221;graphic&#8221;,&#8221;last_updated_date&#8221;:&#8221;2025-08-29T12:57:15Z&#8221;,&#8221;licensable&#8221;:false,&#8221;owner&#8221;:{&#8220;id&#8221;:&#8221;irishtimes&#8221;,&#8221;sponsored&#8221;:false},&#8221;source&#8221;:{&#8220;name&#8221;:&#8221;Irish Times Premedia&#8221;,&#8221;source_type&#8221;:&#8221;staff&#8221;,&#8221;additional_properties&#8221;:{&#8220;editor&#8221;:&#8221;photo center&#8221;},&#8221;edit_url&#8221;:&#8221;&#8221;,&#8221;system&#8221;:&#8221;photo center&#8221;},&#8221;subtitle&#8221;:&#8221;Claire Byrne&#8221;,&#8221;taxonomy&#8221;:{&#8220;associated_tasks&#8221;:[]},&#8221;type&#8221;:&#8221;image&#8221;,&#8221;url&#8221;:&#8221;https:\/\/cloudfront-eu-central-1.images.arcpublishing.com\/irishtimes\/JGU3IBUPMFBBZMHQ7FJOMU2AXA.jpg&#8221;,&#8221;version&#8221;:&#8221;0.10.9&#8243;,&#8221;width&#8221;:3000,&#8221;syndication&#8221;:{}}},&#8221;publish_date&#8221;:&#8221;2025-08-30T14:00:51.304Z&#8221;,&#8221;revision&#8221;:{&#8220;published&#8221;:true,&#8221;revision_id&#8221;:&#8221;HHQUEKTQ6RE2JDM4E2UE3SBHMM&#8221;},&#8221;subheadlines&#8221;:{&#8220;basic&#8221;:&#8221;Losing one Today show presenter to Newstalk was misfortune, losing two looks like carelessness&#8221;},&#8221;subtype&#8221;:&#8221;analysis&#8221;,&#8221;taxonomy&#8221;:{&#8220;primary_section&#8221;:{&#8220;_id&#8221;:&#8221;\/culture\/tv-radio&#8221;,&#8221;_website&#8221;:&#8221;irishtimes&#8221;,&#8221;type&#8221;:&#8221;section&#8221;,&#8221;version&#8221;:&#8221;0.6.0&#8243;,&#8221;name&#8221;:&#8221;TV &#038; Radio&#8221;,&#8221;path&#8221;:&#8221;\/culture\/tv-radio&#8221;,&#8221;parent_id&#8221;:&#8221;\/culture&#8221;,&#8221;parent&#8221;:{&#8220;default&#8221;:&#8221;\/culture&#8221;},&#8221;additional_properties&#8221;:{&#8220;original&#8221;:{&#8220;_id&#8221;:&#8221;\/culture\/tv-radio&#8221;,&#8221;_website&#8221;:&#8221;irishtimes&#8221;,&#8221;name&#8221;:&#8221;TV &#038; Radio&#8221;,&#8221;inactive&#8221;:false,&#8221;ancestors&#8221;:{&#8220;default&#8221;:[&#8220;\/culture&#8221;],&#8221;hamburger-menu&#8221;:[&#8220;https:\/\/www.irishtimes.com\/&#8221;,&#8221;\/culture&#8221;],&#8221;App-Hamburger&#8221;:[&#8220;https:\/\/www.irishtimes.com\/&#8221;,&#8221;\/culture&#8221;],&#8221;Mobile-Links-Navigation&#8221;:[],&#8221;navbar&#8221;:[],&#8221;navbar-NU&#8221;:[],&#8221;Comopser&#8221;:[],&#8221;composer-relevant-sections&#8221;:[&#8220;\/culture&#8221;],&#8221;section-page-subnavs&#8221;:[&#8220;\/culture&#8221;],&#8221;sitemap-section&#8221;:[]},&#8221;parent&#8221;:{&#8220;default&#8221;:&#8221;\/culture&#8221;,&#8221;hamburger-menu&#8221;:&#8221;\/culture&#8221;,&#8221;App-Hamburger&#8221;:&#8221;\/culture&#8221;,&#8221;Mobile-Links-Navigation&#8221;:null,&#8221;navbar&#8221;:null,&#8221;navbar-NU&#8221;:null,&#8221;Comopser&#8221;:null,&#8221;composer-relevant-sections&#8221;:&#8221;\/culture&#8221;,&#8221;section-page-subnavs&#8221;:&#8221;\/culture&#8221;,&#8221;sitemap-section&#8221;:null},&#8221;order&#8221;:{&#8220;default&#8221;:2006,&#8221;hamburger-menu&#8221;:2006,&#8221;App-Hamburger&#8221;:2006,&#8221;composer-relevant-sections&#8221;:2006,&#8221;section-page-subnavs&#8221;:2006},&#8221;Paywall&#8221;:{&#8220;paywall-status&#8221;:&#8221;free&#8221;},&#8221;_admin&#8221;:{&#8220;alias_ids&#8221;:[&#8220;\/culture\/tv-radio&#8221;]},&#8221;metadata&#8221;:{&#8220;metadata_description&#8221;:&#8221;Stay up\u2011to\u2011date with the latest TV &#038; radio news, in\u2011depth features, interviews and reviews on Irish and international broadcast programmes. Brought to you by Ireland\u2019s quality news brand, The Irish Times.&#8221;,&#8221;metadata_title&#8221;:&#8221;TV &#038; Radio News &#038; Features | Irish &#038; International Broadcast | The Irish Times&#8221;},&#8221;navigation&#8221;:{&#8220;nav_title&#8221;:&#8221;TV &#038; Radio&#8221;},&#8221;node_type&#8221;:&#8221;section&#8221;}},&#8221;_website_section_id&#8221;:&#8221;irishtimes.\/culture\/tv-radio&#8221;},&#8221;primary_site&#8221;:{&#8220;_id&#8221;:&#8221;\/culture\/tv-radio&#8221;,&#8221;type&#8221;:&#8221;site&#8221;,&#8221;version&#8221;:&#8221;0.5.8&#8243;,&#8221;name&#8221;:&#8221;TV &#038; Radio&#8221;,&#8221;path&#8221;:&#8221;\/culture\/tv-radio&#8221;,&#8221;parent_id&#8221;:&#8221;\/culture&#8221;,&#8221;additional_properties&#8221;:{&#8220;original&#8221;:{&#8220;_id&#8221;:&#8221;\/culture\/tv-radio&#8221;,&#8221;name&#8221;:&#8221;TV &#038; Radio&#8221;,&#8221;inactive&#8221;:false,&#8221;ancestors&#8221;:{&#8220;default&#8221;:[&#8220;\/culture&#8221;],&#8221;hamburger-menu&#8221;:[&#8220;https:\/\/www.irishtimes.com\/&#8221;,&#8221;\/culture&#8221;],&#8221;App-Hamburger&#8221;:[&#8220;https:\/\/www.irishtimes.com\/&#8221;,&#8221;\/culture&#8221;],&#8221;Mobile-Links-Navigation&#8221;:[],&#8221;navbar&#8221;:[],&#8221;navbar-NU&#8221;:[],&#8221;Comopser&#8221;:[],&#8221;composer-relevant-sections&#8221;:[&#8220;\/culture&#8221;],&#8221;section-page-subnavs&#8221;:[&#8220;\/culture&#8221;],&#8221;sitemap-section&#8221;:[]},&#8221;parent&#8221;:{&#8220;default&#8221;:&#8221;\/culture&#8221;,&#8221;hamburger-menu&#8221;:&#8221;\/culture&#8221;,&#8221;App-Hamburger&#8221;:&#8221;\/culture&#8221;,&#8221;Mobile-Links-Navigation&#8221;:null,&#8221;navbar&#8221;:null,&#8221;navbar-NU&#8221;:null,&#8221;Comopser&#8221;:null,&#8221;composer-relevant-sections&#8221;:&#8221;\/culture&#8221;,&#8221;section-page-subnavs&#8221;:&#8221;\/culture&#8221;,&#8221;sitemap-section&#8221;:null},&#8221;order&#8221;:{&#8220;default&#8221;:2006,&#8221;hamburger-menu&#8221;:2006,&#8221;App-Hamburger&#8221;:2006,&#8221;composer-relevant-sections&#8221;:2006,&#8221;section-page-subnavs&#8221;:2006},&#8221;Paywall&#8221;:{&#8220;paywall-status&#8221;:&#8221;free&#8221;},&#8221;_admin&#8221;:{&#8220;alias_ids&#8221;:[&#8220;\/culture\/tv-radio&#8221;]},&#8221;metadata&#8221;:{&#8220;metadata_description&#8221;:&#8221;Stay up\u2011to\u2011date with the latest TV &#038; radio news, in\u2011depth features, interviews and reviews on Irish and international broadcast programmes. Brought to you by Ireland\u2019s quality news brand, The Irish Times.&#8221;,&#8221;metadata_title&#8221;:&#8221;TV &#038; Radio News &#038; Features | Irish &#038; International Broadcast | The Irish Times&#8221;},&#8221;navigation&#8221;:{&#8220;nav_title&#8221;:&#8221;TV &#038; Radio&#8221;}}}},&#8221;sections&#8221;:[{&#8220;_id&#8221;:&#8221;\/culture\/tv-radio&#8221;,&#8221;_website&#8221;:&#8221;irishtimes&#8221;,&#8221;type&#8221;:&#8221;section&#8221;,&#8221;version&#8221;:&#8221;0.6.0&#8243;,&#8221;name&#8221;:&#8221;TV &#038; Radio&#8221;,&#8221;path&#8221;:&#8221;\/culture\/tv-radio&#8221;,&#8221;parent_id&#8221;:&#8221;\/culture&#8221;,&#8221;parent&#8221;:{&#8220;default&#8221;:&#8221;\/culture&#8221;},&#8221;additional_properties&#8221;:{&#8220;original&#8221;:{&#8220;_id&#8221;:&#8221;\/culture\/tv-radio&#8221;,&#8221;_website&#8221;:&#8221;irishtimes&#8221;,&#8221;name&#8221;:&#8221;TV &#038; Radio&#8221;,&#8221;inactive&#8221;:false,&#8221;ancestors&#8221;:{&#8220;default&#8221;:[&#8220;\/culture&#8221;],&#8221;hamburger-menu&#8221;:[&#8220;https:\/\/www.irishtimes.com\/&#8221;,&#8221;\/culture&#8221;],&#8221;App-Hamburger&#8221;:[&#8220;https:\/\/www.irishtimes.com\/&#8221;,&#8221;\/culture&#8221;],&#8221;Mobile-Links-Navigation&#8221;:[],&#8221;navbar&#8221;:[],&#8221;navbar-NU&#8221;:[],&#8221;Comopser&#8221;:[],&#8221;composer-relevant-sections&#8221;:[&#8220;\/culture&#8221;],&#8221;section-page-subnavs&#8221;:[&#8220;\/culture&#8221;],&#8221;sitemap-section&#8221;:[]},&#8221;parent&#8221;:{&#8220;default&#8221;:&#8221;\/culture&#8221;,&#8221;hamburger-menu&#8221;:&#8221;\/culture&#8221;,&#8221;App-Hamburger&#8221;:&#8221;\/culture&#8221;,&#8221;Mobile-Links-Navigation&#8221;:null,&#8221;navbar&#8221;:null,&#8221;navbar-NU&#8221;:null,&#8221;Comopser&#8221;:null,&#8221;composer-relevant-sections&#8221;:&#8221;\/culture&#8221;,&#8221;section-page-subnavs&#8221;:&#8221;\/culture&#8221;,&#8221;sitemap-section&#8221;:null},&#8221;order&#8221;:{&#8220;default&#8221;:2006,&#8221;hamburger-menu&#8221;:2006,&#8221;App-Hamburger&#8221;:2006,&#8221;composer-relevant-sections&#8221;:2006,&#8221;section-page-subnavs&#8221;:2006},&#8221;Paywall&#8221;:{&#8220;paywall-status&#8221;:&#8221;free&#8221;},&#8221;_admin&#8221;:{&#8220;alias_ids&#8221;:[&#8220;\/culture\/tv-radio&#8221;]},&#8221;metadata&#8221;:{&#8220;metadata_description&#8221;:&#8221;Stay up\u2011to\u2011date with the latest TV &#038; radio news, in\u2011depth features, interviews and reviews on Irish and international broadcast programmes. Brought to you by Ireland\u2019s quality news brand, The Irish Times.&#8221;,&#8221;metadata_title&#8221;:&#8221;TV &#038; Radio News &#038; Features | Irish &#038; International Broadcast | The Irish Times&#8221;},&#8221;navigation&#8221;:{&#8220;nav_title&#8221;:&#8221;TV &#038; Radio&#8221;},&#8221;node_type&#8221;:&#8221;section&#8221;}},&#8221;_website_section_id&#8221;:&#8221;irishtimes.\/culture\/tv-radio&#8221;},{&#8220;_id&#8221;:&#8221;\/culture&#8221;,&#8221;_website&#8221;:&#8221;irishtimes&#8221;,&#8221;type&#8221;:&#8221;section&#8221;,&#8221;version&#8221;:&#8221;0.6.0&#8243;,&#8221;name&#8221;:&#8221;Culture&#8221;,&#8221;path&#8221;:&#8221;\/culture&#8221;,&#8221;parent_id&#8221;:&#8221;https:\/\/www.irishtimes.com\/&#8221;,&#8221;parent&#8221;:{&#8220;default&#8221;:&#8221;https:\/\/www.irishtimes.com\/&#8221;},&#8221;additional_properties&#8221;:{&#8220;original&#8221;:{&#8220;_id&#8221;:&#8221;\/culture&#8221;,&#8221;_website&#8221;:&#8221;irishtimes&#8221;,&#8221;name&#8221;:&#8221;Culture&#8221;,&#8221;inactive&#8221;:false,&#8221;ancestors&#8221;:{&#8220;default&#8221;:[&#8220;https:\/\/www.irishtimes.com\/&#8221;],&#8221;links-bar&#8221;:[],&#8221;navbar&#8221;:[],&#8221;hamburger-menu&#8221;:[&#8220;https:\/\/www.irishtimes.com\/&#8221;],&#8221;Mobile-Links-Navigation&#8221;:[],&#8221;App-Hamburger&#8221;:[&#8220;https:\/\/www.irishtimes.com\/&#8221;],&#8221;navbar-NU&#8221;:[],&#8221;Comopser&#8221;:[],&#8221;composer-relevant-sections&#8221;:[&#8220;https:\/\/www.irishtimes.com\/&#8221;],&#8221;section-page-subnavs&#8221;:[&#8220;https:\/\/www.irishtimes.com\/&#8221;],&#8221;App-Links-Navigation&#8221;:[&#8220;https:\/\/www.irishtimes.com\/&#8221;],&#8221;sitemap-section&#8221;:[&#8220;https:\/\/www.irishtimes.com\/&#8221;],&#8221;HP-under-masthead&#8221;:[&#8220;https:\/\/www.irishtimes.com\/&#8221;]},&#8221;parent&#8221;:{&#8220;default&#8221;:&#8221;https:\/\/www.irishtimes.com\/&#8221;,&#8221;Mobile-Links-Navigation&#8221;:null,&#8221;App-Hamburger&#8221;:&#8221;https:\/\/www.irishtimes.com\/&#8221;,&#8221;hamburger-menu&#8221;:&#8221;https:\/\/www.irishtimes.com\/&#8221;,&#8221;navbar&#8221;:null,&#8221;navbar-NU&#8221;:null,&#8221;Comopser&#8221;:null,&#8221;composer-relevant-sections&#8221;:&#8221;https:\/\/www.irishtimes.com\/&#8221;,&#8221;section-page-subnavs&#8221;:&#8221;https:\/\/www.irishtimes.com\/&#8221;,&#8221;App-Links-Navigation&#8221;:&#8221;https:\/\/www.irishtimes.com\/&#8221;,&#8221;sitemap-section&#8221;:&#8221;https:\/\/www.irishtimes.com\/&#8221;,&#8221;HP-under-masthead&#8221;:&#8221;https:\/\/www.irishtimes.com\/&#8221;},&#8221;order&#8221;:{&#8220;default&#8221;:1004,&#8221;+ add&#8221;:1009,&#8221;App-Hamburger&#8221;:1017,&#8221;hamburger-menu&#8221;:1017,&#8221;navbar&#8221;:1001,&#8221;composer-relevant-sections&#8221;:1014,&#8221;section-page-subnavs&#8221;:1013,&#8221;App-Links-Navigation&#8221;:1009,&#8221;sitemap-section&#8221;:1014,&#8221;HP-under-masthead&#8221;:1008},&#8221;Newsletter&#8221;:{&#8220;description&#8221;:&#8221;Sign up to the Irish Times books newsletter for features, podcasts and more&#8221;,&#8221;headline&#8221;:&#8221;Book Club&#8221;,&#8221;imageside&#8221;:&#8221;https:\/\/irishtimes-irishtimes-prod.cdn.arcpublishing.com\/resizer\/t1B3oP9mDm5T_WnwFGB0XcR3GaQ=\/arc-photo-irishtimes\/eu-central-1-prod\/public\/OACS3AMXAZAU5IJWIED4LGZP6U.jpg&#8221;,&#8221;imagetop&#8221;:&#8221;https:\/\/cloudfront-eu-central-1.images.arcpublishing.com\/irishtimes\/SJQTLMCMMRC2PLALXUKEWWS6HU.png&#8221;,&#8221;newsletterid&#8221;:&#8221;Book Club [17]&#8221;,&#8221;newsletterpremium&#8221;:&#8221;false&#8221;},&#8221;Paywall&#8221;:{&#8220;paywall-status&#8221;:&#8221;free&#8221;},&#8221;_admin&#8221;:{&#8220;alias_ids&#8221;:[&#8220;\/culture&#8221;]},&#8221;metadata&#8221;:{&#8220;metadata_description&#8221;:&#8221;Stay up\u2011to\u2011date with the latest culture news and in\u2011depth features covering Irish and global arts, film, music, literature and theatre. Brought to you by Ireland\u2019s quality news brand, The Irish Times.&#8221;,&#8221;metadata_title&#8221;:&#8221;Culture News &#038; Features | Arts, Film, Music &#038; Theatre | The Irish Times&#8221;},&#8221;navigation&#8221;:{&#8220;nav_title&#8221;:&#8221;Culture&#8221;},&#8221;node_type&#8221;:&#8221;section&#8221;}},&#8221;_website_section_id&#8221;:&#8221;irishtimes.\/culture&#8221;}],&#8221;sites&#8221;:[{&#8220;_id&#8221;:&#8221;\/culture\/tv-radio&#8221;,&#8221;type&#8221;:&#8221;site&#8221;,&#8221;version&#8221;:&#8221;0.5.8&#8243;,&#8221;name&#8221;:&#8221;TV &#038; Radio&#8221;,&#8221;path&#8221;:&#8221;\/culture\/tv-radio&#8221;,&#8221;parent_id&#8221;:&#8221;\/culture&#8221;,&#8221;additional_properties&#8221;:{&#8220;original&#8221;:{&#8220;_id&#8221;:&#8221;\/culture\/tv-radio&#8221;,&#8221;name&#8221;:&#8221;TV &#038; Radio&#8221;,&#8221;inactive&#8221;:false,&#8221;ancestors&#8221;:{&#8220;default&#8221;:[&#8220;\/culture&#8221;],&#8221;hamburger-menu&#8221;:[&#8220;https:\/\/www.irishtimes.com\/&#8221;,&#8221;\/culture&#8221;],&#8221;App-Hamburger&#8221;:[&#8220;https:\/\/www.irishtimes.com\/&#8221;,&#8221;\/culture&#8221;],&#8221;Mobile-Links-Navigation&#8221;:[],&#8221;navbar&#8221;:[],&#8221;navbar-NU&#8221;:[],&#8221;Comopser&#8221;:[],&#8221;composer-relevant-sections&#8221;:[&#8220;\/culture&#8221;],&#8221;section-page-subnavs&#8221;:[&#8220;\/culture&#8221;],&#8221;sitemap-section&#8221;:[]},&#8221;parent&#8221;:{&#8220;default&#8221;:&#8221;\/culture&#8221;,&#8221;hamburger-menu&#8221;:&#8221;\/culture&#8221;,&#8221;App-Hamburger&#8221;:&#8221;\/culture&#8221;,&#8221;Mobile-Links-Navigation&#8221;:null,&#8221;navbar&#8221;:null,&#8221;navbar-NU&#8221;:null,&#8221;Comopser&#8221;:null,&#8221;composer-relevant-sections&#8221;:&#8221;\/culture&#8221;,&#8221;section-page-subnavs&#8221;:&#8221;\/culture&#8221;,&#8221;sitemap-section&#8221;:null},&#8221;order&#8221;:{&#8220;default&#8221;:2006,&#8221;hamburger-menu&#8221;:2006,&#8221;App-Hamburger&#8221;:2006,&#8221;composer-relevant-sections&#8221;:2006,&#8221;section-page-subnavs&#8221;:2006},&#8221;Paywall&#8221;:{&#8220;paywall-status&#8221;:&#8221;free&#8221;},&#8221;_admin&#8221;:{&#8220;alias_ids&#8221;:[&#8220;\/culture\/tv-radio&#8221;]},&#8221;metadata&#8221;:{&#8220;metadata_description&#8221;:&#8221;Stay up\u2011to\u2011date with the latest TV &#038; radio news, in\u2011depth features, interviews and reviews on Irish and international broadcast programmes. Brought to you by Ireland\u2019s quality news brand, The Irish Times.&#8221;,&#8221;metadata_title&#8221;:&#8221;TV &#038; Radio News &#038; Features | Irish &#038; International Broadcast | The Irish Times&#8221;},&#8221;navigation&#8221;:{&#8220;nav_title&#8221;:&#8221;TV &#038; Radio&#8221;}}}},{&#8220;_id&#8221;:&#8221;\/culture&#8221;,&#8221;type&#8221;:&#8221;site&#8221;,&#8221;version&#8221;:&#8221;0.5.8&#8243;,&#8221;name&#8221;:&#8221;Culture&#8221;,&#8221;path&#8221;:&#8221;\/culture&#8221;,&#8221;parent_id&#8221;:&#8221;https:\/\/www.irishtimes.com\/&#8221;,&#8221;additional_properties&#8221;:{&#8220;original&#8221;:{&#8220;_id&#8221;:&#8221;\/culture&#8221;,&#8221;name&#8221;:&#8221;Culture&#8221;,&#8221;inactive&#8221;:false,&#8221;ancestors&#8221;:{&#8220;default&#8221;:[&#8220;https:\/\/www.irishtimes.com\/&#8221;],&#8221;links-bar&#8221;:[],&#8221;navbar&#8221;:[],&#8221;hamburger-menu&#8221;:[&#8220;https:\/\/www.irishtimes.com\/&#8221;],&#8221;Mobile-Links-Navigation&#8221;:[],&#8221;App-Hamburger&#8221;:[&#8220;https:\/\/www.irishtimes.com\/&#8221;],&#8221;navbar-NU&#8221;:[],&#8221;Comopser&#8221;:[],&#8221;composer-relevant-sections&#8221;:[&#8220;https:\/\/www.irishtimes.com\/&#8221;],&#8221;section-page-subnavs&#8221;:[&#8220;https:\/\/www.irishtimes.com\/&#8221;],&#8221;App-Links-Navigation&#8221;:[&#8220;https:\/\/www.irishtimes.com\/&#8221;],&#8221;sitemap-section&#8221;:[&#8220;https:\/\/www.irishtimes.com\/&#8221;],&#8221;HP-under-masthead&#8221;:[&#8220;https:\/\/www.irishtimes.com\/&#8221;]},&#8221;parent&#8221;:{&#8220;default&#8221;:&#8221;https:\/\/www.irishtimes.com\/&#8221;,&#8221;Mobile-Links-Navigation&#8221;:null,&#8221;App-Hamburger&#8221;:&#8221;https:\/\/www.irishtimes.com\/&#8221;,&#8221;hamburger-menu&#8221;:&#8221;https:\/\/www.irishtimes.com\/&#8221;,&#8221;navbar&#8221;:null,&#8221;navbar-NU&#8221;:null,&#8221;Comopser&#8221;:null,&#8221;composer-relevant-sections&#8221;:&#8221;https:\/\/www.irishtimes.com\/&#8221;,&#8221;section-page-subnavs&#8221;:&#8221;https:\/\/www.irishtimes.com\/&#8221;,&#8221;App-Links-Navigation&#8221;:&#8221;https:\/\/www.irishtimes.com\/&#8221;,&#8221;sitemap-section&#8221;:&#8221;https:\/\/www.irishtimes.com\/&#8221;,&#8221;HP-under-masthead&#8221;:&#8221;https:\/\/www.irishtimes.com\/&#8221;},&#8221;order&#8221;:{&#8220;default&#8221;:1004,&#8221;+ add&#8221;:1009,&#8221;App-Hamburger&#8221;:1017,&#8221;hamburger-menu&#8221;:1017,&#8221;navbar&#8221;:1001,&#8221;composer-relevant-sections&#8221;:1014,&#8221;section-page-subnavs&#8221;:1013,&#8221;App-Links-Navigation&#8221;:1009,&#8221;sitemap-section&#8221;:1014,&#8221;HP-under-masthead&#8221;:1008},&#8221;Newsletter&#8221;:{&#8220;description&#8221;:&#8221;Sign up to the Irish Times books newsletter for features, podcasts and more&#8221;,&#8221;headline&#8221;:&#8221;Book Club&#8221;,&#8221;imageside&#8221;:&#8221;https:\/\/irishtimes-irishtimes-prod.cdn.arcpublishing.com\/resizer\/t1B3oP9mDm5T_WnwFGB0XcR3GaQ=\/arc-photo-irishtimes\/eu-central-1-prod\/public\/OACS3AMXAZAU5IJWIED4LGZP6U.jpg&#8221;,&#8221;imagetop&#8221;:&#8221;https:\/\/cloudfront-eu-central-1.images.arcpublishing.com\/irishtimes\/SJQTLMCMMRC2PLALXUKEWWS6HU.png&#8221;,&#8221;newsletterid&#8221;:&#8221;Book Club [17]&#8221;,&#8221;newsletterpremium&#8221;:&#8221;false&#8221;},&#8221;Paywall&#8221;:{&#8220;paywall-status&#8221;:&#8221;free&#8221;},&#8221;_admin&#8221;:{&#8220;alias_ids&#8221;:[&#8220;\/culture&#8221;]},&#8221;metadata&#8221;:{&#8220;metadata_description&#8221;:&#8221;Stay up\u2011to\u2011date with the latest culture news and in\u2011depth features covering Irish and global arts, film, music, literature and theatre. Brought to you by Ireland\u2019s quality news brand, The Irish Times.&#8221;,&#8221;metadata_title&#8221;:&#8221;Culture News &#038; Features | Arts, Film, Music &#038; Theatre | The Irish Times&#8221;},&#8221;navigation&#8221;:{&#8220;nav_title&#8221;:&#8221;Culture&#8221;}}}}],&#8221;tags&#8221;:[{&#8220;_id&#8221;:&#8221;4EZCGY4ULNCCFNQLCJN4JJP454&#8243;,&#8221;description&#8221;:&#8221;Claire Byrne&#8221;,&#8221;slug&#8221;:&#8221;claire-byrne&#8221;,&#8221;text&#8221;:&#8221;Claire Byrne&#8221;},{&#8220;_id&#8221;:&#8221;GBBP57GZYZEVJJN5BWLNNB4HAA&#8221;,&#8221;description&#8221;:&#8221;Pat Kenny&#8221;,&#8221;slug&#8221;:&#8221;pat-kenny&#8221;,&#8221;text&#8221;:&#8221;Pat Kenny&#8221;},{&#8220;_id&#8221;:&#8221;5U7XFTKCVBGT5B66W73YUPT4SU&#8221;,&#8221;description&#8221;:&#8221;RT\u00c9&#8221;,&#8221;slug&#8221;:&#8221;rte&#8221;,&#8221;text&#8221;:&#8221;RT\u00c9&#8221;},{&#8220;_id&#8221;:&#8221;DWWLXOFBQ5FHFNGLJAU2H5O424&#8243;,&#8221;description&#8221;:&#8221;Radio station&#8221;,&#8221;slug&#8221;:&#8221;newstalk-radio&#8221;,&#8221;text&#8221;:&#8221;Newstalk&#8221;},{&#8220;_id&#8221;:&#8221;L27QVKNMTZAR5ANERFKZ7QI5YA&#8221;,&#8221;description&#8221;:&#8221;Broadcaster&#8221;,&#8221;slug&#8221;:&#8221;sean-rocks&#8221;,&#8221;text&#8221;:&#8221;Se\u00e1n Rocks&#8221;},{&#8220;_id&#8221;:&#8221;5T5C7HYQNBGIRAWRVM6SEDPE5Q&#8221;,&#8221;description&#8221;:&#8221;Journalist&#8221;,&#8221;slug&#8221;:&#8221;david-mccullagh&#8221;,&#8221;text&#8221;:&#8221;David McCullagh&#8221;}]},&#8221;type&#8221;:&#8221;story&#8221;,&#8221;version&#8221;:&#8221;0.10.11&#8243;,&#8221;websites&#8221;:{&#8220;irishtimes&#8221;:{&#8220;website_section&#8221;:{&#8220;_id&#8221;:&#8221;\/culture\/tv-radio&#8221;,&#8221;_website&#8221;:&#8221;irishtimes&#8221;,&#8221;type&#8221;:&#8221;section&#8221;,&#8221;version&#8221;:&#8221;0.6.0&#8243;,&#8221;name&#8221;:&#8221;TV &#038; Radio&#8221;,&#8221;path&#8221;:&#8221;\/culture\/tv-radio&#8221;,&#8221;parent_id&#8221;:&#8221;\/culture&#8221;,&#8221;parent&#8221;:{&#8220;default&#8221;:&#8221;\/culture&#8221;},&#8221;additional_properties&#8221;:{&#8220;original&#8221;:{&#8220;_id&#8221;:&#8221;\/culture\/tv-radio&#8221;,&#8221;_website&#8221;:&#8221;irishtimes&#8221;,&#8221;name&#8221;:&#8221;TV &#038; Radio&#8221;,&#8221;inactive&#8221;:false,&#8221;ancestors&#8221;:{&#8220;default&#8221;:[&#8220;\/culture&#8221;],&#8221;hamburger-menu&#8221;:[&#8220;https:\/\/www.irishtimes.com\/&#8221;,&#8221;\/culture&#8221;],&#8221;App-Hamburger&#8221;:[&#8220;https:\/\/www.irishtimes.com\/&#8221;,&#8221;\/culture&#8221;],&#8221;Mobile-Links-Navigation&#8221;:[],&#8221;navbar&#8221;:[],&#8221;navbar-NU&#8221;:[],&#8221;Comopser&#8221;:[],&#8221;composer-relevant-sections&#8221;:[&#8220;\/culture&#8221;],&#8221;section-page-subnavs&#8221;:[&#8220;\/culture&#8221;],&#8221;sitemap-section&#8221;:[]},&#8221;parent&#8221;:{&#8220;default&#8221;:&#8221;\/culture&#8221;,&#8221;hamburger-menu&#8221;:&#8221;\/culture&#8221;,&#8221;App-Hamburger&#8221;:&#8221;\/culture&#8221;,&#8221;Mobile-Links-Navigation&#8221;:null,&#8221;navbar&#8221;:null,&#8221;navbar-NU&#8221;:null,&#8221;Comopser&#8221;:null,&#8221;composer-relevant-sections&#8221;:&#8221;\/culture&#8221;,&#8221;section-page-subnavs&#8221;:&#8221;\/culture&#8221;,&#8221;sitemap-section&#8221;:null},&#8221;order&#8221;:{&#8220;default&#8221;:2006,&#8221;hamburger-menu&#8221;:2006,&#8221;App-Hamburger&#8221;:2006,&#8221;composer-relevant-sections&#8221;:2006,&#8221;section-page-subnavs&#8221;:2006},&#8221;Paywall&#8221;:{&#8220;paywall-status&#8221;:&#8221;free&#8221;},&#8221;_admin&#8221;:{&#8220;alias_ids&#8221;:[&#8220;\/culture\/tv-radio&#8221;]},&#8221;metadata&#8221;:{&#8220;metadata_description&#8221;:&#8221;Stay up\u2011to\u2011date with the latest TV &#038; radio news, in\u2011depth features, interviews and reviews on Irish and international broadcast programmes. Brought to you by Ireland\u2019s quality news brand, The Irish Times.&#8221;,&#8221;metadata_title&#8221;:&#8221;TV &#038; Radio News &#038; Features | Irish &#038; International Broadcast | The Irish Times&#8221;},&#8221;navigation&#8221;:{&#8220;nav_title&#8221;:&#8221;TV &#038; Radio&#8221;},&#8221;node_type&#8221;:&#8221;section&#8221;}},&#8221;_website_section_id&#8221;:&#8221;irishtimes.\/culture\/tv-radio&#8221;},&#8221;website_url&#8221;:&#8221;https:\/\/www.irishtimes.com\/culture\/tv-radio\/2025\/08\/29\/claire-byrne-rte-losing-one-today-show-presenter-to-newstalk-was-misfortune-losing-two-looks-like-carelessness\/&#8221;}},&#8221;canonical_url&#8221;:&#8221;https:\/\/www.irishtimes.com\/culture\/tv-radio\/2025\/08\/29\/claire-byrne-rte-losing-one-today-show-presenter-to-newstalk-was-misfortune-losing-two-looks-like-carelessness\/&#8221;},{&#8220;additional_properties&#8221;:{&#8220;audio_duration&#8221;:400,&#8221;audio_url&#8221;:&#8221;https:\/\/cdn.beyondwords.io\/audio\/projects\/8948\/podcasts\/587d4bb5-44bf-479d-9d18-d3e65d923700\/versions\/1756494614\/media\/31d807b0acfab7c98648d9fb29537b02_compiled.mp3&#8243;,&#8221;has_published_copy&#8221;:true,&#8221;is_published&#8221;:true,&#8221;publish_date&#8221;:&#8221;2025-08-29T19:06:33.258Z&#8221;},&#8221;content_elements&#8221;:[],&#8221;_id&#8221;:&#8221;73QOFOFEAJATHESIG7RZHHSL3E&#8221;,&#8221;canonical_website&#8221;:&#8221;irishtimes&#8221;,&#8221;content_restrictions&#8221;:{&#8220;content_code&#8221;:&#8221;metered&#8221;},&#8221;credits&#8221;:{&#8220;by&#8221;:[]},&#8221;description&#8221;:{&#8220;basic&#8221;:&#8221;Tony Cantwell on comedy, ADHD and learning to love his home country &#8220;},&#8221;display_date&#8221;:&#8221;2025-08-29T19:06:33.258Z&#8221;,&#8221;distributor&#8221;:{&#8220;category&#8221;:&#8221;staff&#8221;,&#8221;mode&#8221;:&#8221;custom&#8221;,&#8221;name&#8221;:&#8221;irishtimes&#8221;,&#8221;subcategory&#8221;:&#8221;&#8221;},&#8221;headlines&#8221;:{&#8220;basic&#8221;:&#8221;\u2018My wife and I had the TV on and we saw the Angelus. I\u2019m like, Oh God, they\u2019re still doing that\u2019&#8221;,&#8221;meta_title&#8221;:&#8221;&#8221;,&#8221;mobile&#8221;:&#8221;&#8221;,&#8221;native&#8221;:&#8221;&#8221;,&#8221;print&#8221;:&#8221;&#8221;,&#8221;table&#8221;:&#8221;&#8221;,&#8221;tablet&#8221;:&#8221;&#8221;,&#8221;web&#8221;:&#8221;Tony Cantwell: \u2018My wife and I had the TV on and we saw the Angelus. I\u2019m like, Oh God, they\u2019re still doing that\u2019&#8221;},&#8221;label&#8221;:{&#8220;audio_project_id&#8221;:{&#8220;display&#8221;:true,&#8221;text&#8221;:&#8221;8948&#8243;},&#8221;related_collection&#8221;:{&#8220;display&#8221;:true,&#8221;text&#8221;:&#8221;me-myself-and-ireland&#8221;},&#8221;transparency&#8221;:{&#8220;display&#8221;:true,&#8221;text&#8221;:&#8221;Me, Myself &#038; Ireland&#8221;}},&#8221;language&#8221;:&#8221;&#8221;,&#8221;owner&#8221;:{&#8220;sponsored&#8221;:false},&#8221;promo_items&#8221;:{&#8220;basic&#8221;:{&#8220;_id&#8221;:&#8221;QPHMGBIFXJALVCYMXV24WPK7F4&#8243;,&#8221;additional_properties&#8221;:{&#8220;fullSizeResizeUrl&#8221;:&#8221;\/resizer\/v2\/QPHMGBIFXJALVCYMXV24WPK7F4.jpeg?auth=ac5eba92b82f0fdac0975c95c3130b87001b864996500cd9255f76d49ff5fc8f&#8221;,&#8221;galleries&#8221;:[],&#8221;ingestionMethod&#8221;:&#8221;manual&#8221;,&#8221;mime_type&#8221;:&#8221;image\/jpeg&#8221;,&#8221;originalName&#8221;:&#8221;IMG_1357.jpeg&#8221;,&#8221;originalUrl&#8221;:&#8221;https:\/\/cloudfront-eu-central-1.images.arcpublishing.com\/irishtimes\/QPHMGBIFXJALVCYMXV24WPK7F4.jpeg&#8221;,&#8221;owner&#8221;:&#8221;nadine.oregan@irishtimes.com&#8221;,&#8221;proxyUrl&#8221;:&#8221;\/resizer\/v2\/QPHMGBIFXJALVCYMXV24WPK7F4.jpeg?auth=ac5eba92b82f0fdac0975c95c3130b87001b864996500cd9255f76d49ff5fc8f&#8221;,&#8221;published&#8221;:true,&#8221;resizeUrl&#8221;:&#8221;\/resizer\/v2\/QPHMGBIFXJALVCYMXV24WPK7F4.jpeg?auth=ac5eba92b82f0fdac0975c95c3130b87001b864996500cd9255f76d49ff5fc8f&#8221;,&#8221;restricted&#8221;:false,&#8221;thumbnailResizeUrl&#8221;:&#8221;\/resizer\/v2\/QPHMGBIFXJALVCYMXV24WPK7F4.jpeg?auth=ac5eba92b82f0fdac0975c95c3130b87001b864996500cd9255f76d49ff5fc8f&#038;width=300&#8243;,&#8221;usage_instructions&#8221;:&#8221;Supplied for single use. Check with supplier before reuse &#8211; contact details in Editor Note field. &#8220;,&#8221;version&#8221;:0,&#8221;template_id&#8221;:292,&#8221;focal_point&#8221;:{&#8220;max&#8221;:[2009,2609],&#8221;min&#8221;:[2009,2609]}},&#8221;address&#8221;:{},&#8221;auth&#8221;:{&#8220;1&#8243;:&#8221;ac5eba92b82f0fdac0975c95c3130b87001b864996500cd9255f76d49ff5fc8f&#8221;},&#8221;caption&#8221;:&#8221;Tony Cantwell: &#8216;I kind of turned my back on Ireland'&#8221;,&#8221;created_date&#8221;:&#8221;2025-08-20T09:46:37Z&#8221;,&#8221;credits&#8221;:{&#8220;affiliation&#8221;:[]},&#8221;height&#8221;:6000,&#8221;image_type&#8221;:&#8221;photograph&#8221;,&#8221;last_updated_date&#8221;:&#8221;2025-08-20T09:46:37Z&#8221;,&#8221;licensable&#8221;:false,&#8221;owner&#8221;:{&#8220;id&#8221;:&#8221;irishtimes&#8221;,&#8221;sponsored&#8221;:false},&#8221;source&#8221;:{&#8220;additional_properties&#8221;:{&#8220;editor&#8221;:&#8221;photo center&#8221;},&#8221;edit_url&#8221;:&#8221;&#8221;,&#8221;system&#8221;:&#8221;photo center&#8221;},&#8221;subtitle&#8221;:&#8221;Tony Cantwell&#8221;,&#8221;taxonomy&#8221;:{&#8220;associated_tasks&#8221;:[]},&#8221;type&#8221;:&#8221;image&#8221;,&#8221;url&#8221;:&#8221;https:\/\/cloudfront-eu-central-1.images.arcpublishing.com\/irishtimes\/QPHMGBIFXJALVCYMXV24WPK7F4.jpeg&#8221;,&#8221;version&#8221;:&#8221;0.10.9&#8243;,&#8221;width&#8221;:4000,&#8221;planning&#8221;:{&#8220;internal_note&#8221;:&#8221;When uploading add the supplier&#8217;s name and phone number or email address to the Editor Note field below. For personal photos, in print and online use a credit such as \\&#8221;Photograph: Family collection\\&#8221; or \\&#8221;Photograph courtesy of xxx xxx\\&#8221;, and add the likes of \\&#8221;Family collection\\&#8221; or the supplier&#8217;s name to the Credit field below.&#8221;},&#8221;syndication&#8221;:{},&#8221;focal_point&#8221;:{&#8220;x&#8221;:2009,&#8221;y&#8221;:2609}},&#8221;overline_logo&#8221;:{&#8220;_id&#8221;:&#8221;2552HVBUUBFHBK3S7B2TVKTZVQ&#8221;,&#8221;additional_properties&#8221;:{&#8220;fullSizeResizeUrl&#8221;:&#8221;\/resizer\/v2\/2552HVBUUBFHBK3S7B2TVKTZVQ.png?auth=1e0434cd5a7d461e9b7a25dec8714816c987750373c1835f4c8b2f4c9b5696dc&#8221;,&#8221;galleries&#8221;:[],&#8221;ingestionMethod&#8221;:&#8221;manual&#8221;,&#8221;iptc_source&#8221;:&#8221;iStock&#8221;,&#8221;keywords&#8221;:[],&#8221;mime_type&#8221;:&#8221;image\/png&#8221;,&#8221;originalName&#8221;:&#8221;Me, Myself &#038; Ireland.png&#8221;,&#8221;originalUrl&#8221;:&#8221;https:\/\/cloudfront-eu-central-1.images.arcpublishing.com\/irishtimes\/2552HVBUUBFHBK3S7B2TVKTZVQ.png&#8221;,&#8221;owner&#8221;:&#8221;danielle.walshronan@irishtimes.com&#8221;,&#8221;proxyUrl&#8221;:&#8221;\/resizer\/v2\/2552HVBUUBFHBK3S7B2TVKTZVQ.png?auth=1e0434cd5a7d461e9b7a25dec8714816c987750373c1835f4c8b2f4c9b5696dc&#8221;,&#8221;published&#8221;:true,&#8221;resizeUrl&#8221;:&#8221;\/resizer\/v2\/2552HVBUUBFHBK3S7B2TVKTZVQ.png?auth=1e0434cd5a7d461e9b7a25dec8714816c987750373c1835f4c8b2f4c9b5696dc&#8221;,&#8221;restricted&#8221;:false,&#8221;thumbnailResizeUrl&#8221;:&#8221;\/resizer\/v2\/2552HVBUUBFHBK3S7B2TVKTZVQ.png?auth=1e0434cd5a7d461e9b7a25dec8714816c987750373c1835f4c8b2f4c9b5696dc&#038;width=300&#8243;,&#8221;usage_instructions&#8221;:&#8221;Please set distributor to PA or Getty etc. Displayed credit should be to The Irish Times\/PA or The Irish Times\/Getty etc. No other caption info needed on front end, but ensure alt text outlines what graphic shows&#8221;,&#8221;version&#8221;:6,&#8221;template_id&#8221;:285},&#8221;address&#8221;:{},&#8221;alt_text&#8221;:&#8221;Me, Myself &#038; Ireland series logo&#8221;,&#8221;auth&#8221;:{&#8220;1&#8243;:&#8221;1e0434cd5a7d461e9b7a25dec8714816c987750373c1835f4c8b2f4c9b5696dc&#8221;},&#8221;caption&#8221;:&#8221;&#8221;,&#8221;created_date&#8221;:&#8221;2024-09-04T13:28:43Z&#8221;,&#8221;credits&#8221;:{&#8220;by&#8221;:[]},&#8221;geo&#8221;:{},&#8221;height&#8221;:1024,&#8221;image_type&#8221;:&#8221;graphic&#8221;,&#8221;last_updated_date&#8221;:&#8221;2025-01-28T17:19:16Z&#8221;,&#8221;licensable&#8221;:false,&#8221;owner&#8221;:{&#8220;id&#8221;:&#8221;irishtimes&#8221;,&#8221;sponsored&#8221;:false},&#8221;source&#8221;:{&#8220;additional_properties&#8221;:{&#8220;editor&#8221;:&#8221;photo center&#8221;},&#8221;edit_url&#8221;:&#8221;&#8221;,&#8221;system&#8221;:&#8221;photo center&#8221;},&#8221;subtitle&#8221;:&#8221;Me, Myself and Ireland logo&#8221;,&#8221;taxonomy&#8221;:{&#8220;associated_tasks&#8221;:[]},&#8221;type&#8221;:&#8221;image&#8221;,&#8221;url&#8221;:&#8221;https:\/\/cloudfront-eu-central-1.images.arcpublishing.com\/irishtimes\/2552HVBUUBFHBK3S7B2TVKTZVQ.png&#8221;,&#8221;version&#8221;:&#8221;0.10.9&#8243;,&#8221;width&#8221;:1024,&#8221;syndication&#8221;:{}}},&#8221;publish_date&#8221;:&#8221;2025-08-30T12:55:37.845Z&#8221;,&#8221;revision&#8221;:{&#8220;published&#8221;:true,&#8221;revision_id&#8221;:&#8221;BPPDJBRVTFFKHPO5XA7ZPIYNZY&#8221;},&#8221;subheadlines&#8221;:{&#8220;basic&#8221;:&#8221;Tony Cantwell on comedy, ADHD and learning to love his home country &#8220;},&#8221;subtype&#8221;:&#8221;opinion&#8221;,&#8221;taxonomy&#8221;:{&#8220;primary_section&#8221;:{&#8220;_id&#8221;:&#8221;\/life-style\/people&#8221;,&#8221;_website&#8221;:&#8221;irishtimes&#8221;,&#8221;type&#8221;:&#8221;section&#8221;,&#8221;version&#8221;:&#8221;0.6.0&#8243;,&#8221;name&#8221;:&#8221;People&#8221;,&#8221;path&#8221;:&#8221;\/life-style\/people&#8221;,&#8221;parent_id&#8221;:&#8221;\/life-style&#8221;,&#8221;parent&#8221;:{&#8220;default&#8221;:&#8221;\/life-style&#8221;},&#8221;additional_properties&#8221;:{&#8220;original&#8221;:{&#8220;_id&#8221;:&#8221;\/life-style\/people&#8221;,&#8221;_website&#8221;:&#8221;irishtimes&#8221;,&#8221;name&#8221;:&#8221;People&#8221;,&#8221;inactive&#8221;:false,&#8221;ancestors&#8221;:{&#8220;hamburger-menu&#8221;:[&#8220;https:\/\/www.irishtimes.com\/&#8221;,&#8221;\/life-style&#8221;],&#8221;App-Hamburger&#8221;:[&#8220;https:\/\/www.irishtimes.com\/&#8221;,&#8221;\/life-style&#8221;],&#8221;Mobile-Links-Navigation&#8221;:[],&#8221;navbar&#8221;:[],&#8221;Comopser&#8221;:[]},&#8221;parent&#8221;:{&#8220;default&#8221;:&#8221;\/life-style&#8221;,&#8221;hamburger-menu&#8221;:&#8221;\/life-style&#8221;,&#8221;App-Hamburger&#8221;:&#8221;\/life-style&#8221;,&#8221;Mobile-Links-Navigation&#8221;:null,&#8221;navbar&#8221;:null,&#8221;navbar-NU&#8221;:null,&#8221;Comopser&#8221;:null,&#8221;composer-relevant-sections&#8221;:&#8221;\/life-style&#8221;,&#8221;section-page-subnavs&#8221;:&#8221;\/life-style&#8221;,&#8221;sitemap-section&#8221;:null},&#8221;order&#8221;:{&#8220;hamburger-menu&#8221;:2005,&#8221;App-Hamburger&#8221;:2005,&#8221;section-page-subnavs&#8221;:2005},&#8221;Paywall&#8221;:{&#8220;paywall-status&#8221;:&#8221;free&#8221;},&#8221;Podcast follow links&#8221;:{&#8220;podcastplatforms&#8221;:{&#8220;Spotify&#8221;:&#8221;https:\/\/open.spotify.com\/show\/6kTMSMIFcdnj5Oai4kiTMJ&#8221;,&#8221;Google&#8221;:&#8221;https:\/\/podcasts.google.com\/feed\/aHR0cHM6Ly9mZWVkcy5hY2FzdC5jb20vcHVibGljL3Nob3dzLzhlMjJiMTAwLTA3ODktNWYyMy1iNDI1LTgxZjQ2ZGQxNWUzNg&#8221;,&#8221;Apple&#8221;:&#8221;https:\/\/podcasts.apple.com\/ie\/podcast\/ross-ocarroll-kelly\/id1005100505?mt=2&#8243;,&#8221;Acast&#8221;:&#8221;https:\/\/feeds.acast.com\/public\/shows\/8e22b100-0789-5f23-b425-81f46dd15e36&#8243;}},&#8221;_admin&#8221;:{&#8220;alias_ids&#8221;:[&#8220;\/life-style\/people&#8221;]},&#8221;metadata&#8221;:{&#8220;metadata_description&#8221;:&#8221;Stay inspired with in-depth features on Irish personalities, cultural trends and lifestyle stories, spotlighting people making an impact at home and abroad. Brought to you by Ireland\u2019s quality news brand, The Irish Times.&#8221;,&#8221;metadata_title&#8221;:&#8221;People | Irish Profiles, Culture &#038; Lifestyle Stories | The Irish Times&#8221;},&#8221;navigation&#8221;:{&#8220;nav_title&#8221;:&#8221;People&#8221;},&#8221;node_type&#8221;:&#8221;section&#8221;}},&#8221;_website_section_id&#8221;:&#8221;irishtimes.\/life-style\/people&#8221;},&#8221;primary_site&#8221;:{&#8220;_id&#8221;:&#8221;\/life-style\/people&#8221;,&#8221;type&#8221;:&#8221;site&#8221;,&#8221;version&#8221;:&#8221;0.5.8&#8243;,&#8221;name&#8221;:&#8221;People&#8221;,&#8221;path&#8221;:&#8221;\/life-style\/people&#8221;,&#8221;parent_id&#8221;:&#8221;\/life-style&#8221;,&#8221;additional_properties&#8221;:{&#8220;original&#8221;:{&#8220;_id&#8221;:&#8221;\/life-style\/people&#8221;,&#8221;name&#8221;:&#8221;People&#8221;,&#8221;inactive&#8221;:false,&#8221;ancestors&#8221;:{&#8220;hamburger-menu&#8221;:[&#8220;https:\/\/www.irishtimes.com\/&#8221;,&#8221;\/life-style&#8221;],&#8221;App-Hamburger&#8221;:[&#8220;https:\/\/www.irishtimes.com\/&#8221;,&#8221;\/life-style&#8221;],&#8221;Mobile-Links-Navigation&#8221;:[],&#8221;navbar&#8221;:[],&#8221;Comopser&#8221;:[]},&#8221;parent&#8221;:{&#8220;default&#8221;:&#8221;\/life-style&#8221;,&#8221;hamburger-menu&#8221;:&#8221;\/life-style&#8221;,&#8221;App-Hamburger&#8221;:&#8221;\/life-style&#8221;,&#8221;Mobile-Links-Navigation&#8221;:null,&#8221;navbar&#8221;:null,&#8221;navbar-NU&#8221;:null,&#8221;Comopser&#8221;:null,&#8221;composer-relevant-sections&#8221;:&#8221;\/life-style&#8221;,&#8221;section-page-subnavs&#8221;:&#8221;\/life-style&#8221;,&#8221;sitemap-section&#8221;:null},&#8221;order&#8221;:{&#8220;hamburger-menu&#8221;:2005,&#8221;App-Hamburger&#8221;:2005,&#8221;section-page-subnavs&#8221;:2005},&#8221;Paywall&#8221;:{&#8220;paywall-status&#8221;:&#8221;free&#8221;},&#8221;Podcast follow links&#8221;:{&#8220;podcastplatforms&#8221;:{&#8220;Spotify&#8221;:&#8221;https:\/\/open.spotify.com\/show\/6kTMSMIFcdnj5Oai4kiTMJ&#8221;,&#8221;Google&#8221;:&#8221;https:\/\/podcasts.google.com\/feed\/aHR0cHM6Ly9mZWVkcy5hY2FzdC5jb20vcHVibGljL3Nob3dzLzhlMjJiMTAwLTA3ODktNWYyMy1iNDI1LTgxZjQ2ZGQxNWUzNg&#8221;,&#8221;Apple&#8221;:&#8221;https:\/\/podcasts.apple.com\/ie\/podcast\/ross-ocarroll-kelly\/id1005100505?mt=2&#8243;,&#8221;Acast&#8221;:&#8221;https:\/\/feeds.acast.com\/public\/shows\/8e22b100-0789-5f23-b425-81f46dd15e36&#8243;}},&#8221;_admin&#8221;:{&#8220;alias_ids&#8221;:[&#8220;\/life-style\/people&#8221;]},&#8221;metadata&#8221;:{&#8220;metadata_description&#8221;:&#8221;Stay inspired with in-depth features on Irish personalities, cultural trends and lifestyle stories, spotlighting people making an impact at home and abroad. Brought to you by Ireland\u2019s quality news brand, The Irish Times.&#8221;,&#8221;metadata_title&#8221;:&#8221;People | Irish Profiles, Culture &#038; Lifestyle Stories | The Irish Times&#8221;},&#8221;navigation&#8221;:{&#8220;nav_title&#8221;:&#8221;People&#8221;}}}},&#8221;sections&#8221;:[{&#8220;_id&#8221;:&#8221;\/life-style\/people&#8221;,&#8221;_website&#8221;:&#8221;irishtimes&#8221;,&#8221;type&#8221;:&#8221;section&#8221;,&#8221;version&#8221;:&#8221;0.6.0&#8243;,&#8221;name&#8221;:&#8221;People&#8221;,&#8221;path&#8221;:&#8221;\/life-style\/people&#8221;,&#8221;parent_id&#8221;:&#8221;\/life-style&#8221;,&#8221;parent&#8221;:{&#8220;default&#8221;:&#8221;\/life-style&#8221;},&#8221;additional_properties&#8221;:{&#8220;original&#8221;:{&#8220;_id&#8221;:&#8221;\/life-style\/people&#8221;,&#8221;_website&#8221;:&#8221;irishtimes&#8221;,&#8221;name&#8221;:&#8221;People&#8221;,&#8221;inactive&#8221;:false,&#8221;ancestors&#8221;:{&#8220;hamburger-menu&#8221;:[&#8220;https:\/\/www.irishtimes.com\/&#8221;,&#8221;\/life-style&#8221;],&#8221;App-Hamburger&#8221;:[&#8220;https:\/\/www.irishtimes.com\/&#8221;,&#8221;\/life-style&#8221;],&#8221;Mobile-Links-Navigation&#8221;:[],&#8221;navbar&#8221;:[],&#8221;Comopser&#8221;:[]},&#8221;parent&#8221;:{&#8220;default&#8221;:&#8221;\/life-style&#8221;,&#8221;hamburger-menu&#8221;:&#8221;\/life-style&#8221;,&#8221;App-Hamburger&#8221;:&#8221;\/life-style&#8221;,&#8221;Mobile-Links-Navigation&#8221;:null,&#8221;navbar&#8221;:null,&#8221;navbar-NU&#8221;:null,&#8221;Comopser&#8221;:null,&#8221;composer-relevant-sections&#8221;:&#8221;\/life-style&#8221;,&#8221;section-page-subnavs&#8221;:&#8221;\/life-style&#8221;,&#8221;sitemap-section&#8221;:null},&#8221;order&#8221;:{&#8220;hamburger-menu&#8221;:2005,&#8221;App-Hamburger&#8221;:2005,&#8221;section-page-subnavs&#8221;:2005},&#8221;Paywall&#8221;:{&#8220;paywall-status&#8221;:&#8221;free&#8221;},&#8221;Podcast follow links&#8221;:{&#8220;podcastplatforms&#8221;:{&#8220;Spotify&#8221;:&#8221;https:\/\/open.spotify.com\/show\/6kTMSMIFcdnj5Oai4kiTMJ&#8221;,&#8221;Google&#8221;:&#8221;https:\/\/podcasts.google.com\/feed\/aHR0cHM6Ly9mZWVkcy5hY2FzdC5jb20vcHVibGljL3Nob3dzLzhlMjJiMTAwLTA3ODktNWYyMy1iNDI1LTgxZjQ2ZGQxNWUzNg&#8221;,&#8221;Apple&#8221;:&#8221;https:\/\/podcasts.apple.com\/ie\/podcast\/ross-ocarroll-kelly\/id1005100505?mt=2&#8243;,&#8221;Acast&#8221;:&#8221;https:\/\/feeds.acast.com\/public\/shows\/8e22b100-0789-5f23-b425-81f46dd15e36&#8243;}},&#8221;_admin&#8221;:{&#8220;alias_ids&#8221;:[&#8220;\/life-style\/people&#8221;]},&#8221;metadata&#8221;:{&#8220;metadata_description&#8221;:&#8221;Stay inspired with in-depth features on Irish personalities, cultural trends and lifestyle stories, spotlighting people making an impact at home and abroad. Brought to you by Ireland\u2019s quality news brand, The Irish Times.&#8221;,&#8221;metadata_title&#8221;:&#8221;People | Irish Profiles, Culture &#038; Lifestyle Stories | The Irish Times&#8221;},&#8221;navigation&#8221;:{&#8220;nav_title&#8221;:&#8221;People&#8221;},&#8221;node_type&#8221;:&#8221;section&#8221;}},&#8221;_website_section_id&#8221;:&#8221;irishtimes.\/life-style\/people&#8221;},{&#8220;_id&#8221;:&#8221;\/ireland&#8221;,&#8221;_website&#8221;:&#8221;irishtimes&#8221;,&#8221;type&#8221;:&#8221;section&#8221;,&#8221;version&#8221;:&#8221;0.6.0&#8243;,&#8221;name&#8221;:&#8221;Ireland&#8221;,&#8221;path&#8221;:&#8221;\/ireland&#8221;,&#8221;parent_id&#8221;:&#8221;https:\/\/www.irishtimes.com\/&#8221;,&#8221;parent&#8221;:{&#8220;default&#8221;:&#8221;https:\/\/www.irishtimes.com\/&#8221;},&#8221;additional_properties&#8221;:{&#8220;original&#8221;:{&#8220;_id&#8221;:&#8221;\/ireland&#8221;,&#8221;_website&#8221;:&#8221;irishtimes&#8221;,&#8221;name&#8221;:&#8221;Ireland&#8221;,&#8221;inactive&#8221;:false,&#8221;ancestors&#8221;:{&#8220;default&#8221;:[&#8220;https:\/\/www.irishtimes.com\/&#8221;],&#8221;navbar&#8221;:[],&#8221;links-bar&#8221;:[],&#8221;Mobile-Links-Navigation&#8221;:[],&#8221;App-Hamburger&#8221;:[&#8220;https:\/\/www.irishtimes.com\/&#8221;],&#8221;hamburger-menu&#8221;:[&#8220;https:\/\/www.irishtimes.com\/&#8221;],&#8221;navbar-NU&#8221;:[],&#8221;Comopser&#8221;:[],&#8221;composer-relevant-sections&#8221;:[&#8220;https:\/\/www.irishtimes.com\/&#8221;],&#8221;section-page-subnavs&#8221;:[&#8220;https:\/\/www.irishtimes.com\/&#8221;],&#8221;App-Links-Navigation&#8221;:[&#8220;https:\/\/www.irishtimes.com\/&#8221;],&#8221;sitemap-section&#8221;:[&#8220;https:\/\/www.irishtimes.com\/&#8221;],&#8221;HP-under-masthead&#8221;:[&#8220;https:\/\/www.irishtimes.com\/&#8221;]},&#8221;parent&#8221;:{&#8220;default&#8221;:&#8221;https:\/\/www.irishtimes.com\/&#8221;,&#8221;links-bar&#8221;:null,&#8221;Mobile-Links-Navigation&#8221;:null,&#8221;App-Hamburger&#8221;:&#8221;https:\/\/www.irishtimes.com\/&#8221;,&#8221;hamburger-menu&#8221;:&#8221;https:\/\/www.irishtimes.com\/&#8221;,&#8221;navbar&#8221;:null,&#8221;navbar-NU&#8221;:null,&#8221;Comopser&#8221;:null,&#8221;composer-relevant-sections&#8221;:&#8221;https:\/\/www.irishtimes.com\/&#8221;,&#8221;section-page-subnavs&#8221;:&#8221;https:\/\/www.irishtimes.com\/&#8221;,&#8221;App-Links-Navigation&#8221;:&#8221;https:\/\/www.irishtimes.com\/&#8221;,&#8221;sitemap-section&#8221;:&#8221;https:\/\/www.irishtimes.com\/&#8221;,&#8221;HP-under-masthead&#8221;:&#8221;https:\/\/www.irishtimes.com\/&#8221;},&#8221;order&#8221;:{&#8220;default&#8221;:1010,&#8221;App-Hamburger&#8221;:1005,&#8221;hamburger-menu&#8221;:1005,&#8221;composer-relevant-sections&#8221;:1001,&#8221;section-page-subnavs&#8221;:1001,&#8221;App-Links-Navigation&#8221;:1003,&#8221;sitemap-section&#8221;:1001,&#8221;HP-under-masthead&#8221;:1002},&#8221;Article Promo&#8221;:{&#8220;content&#8221;:{&#8220;whatsapp&#8221;:&#8221;Join The Irish Times on <a href=\\\"https:\/\/www.whatsapp.com\/channel\/0029VaBlegFFXUuflSI6yL3d\\\" target=new>WhatsApp<\/a> and stay up to date&#8221;,&#8221;bell&#8221;:&#8221;Sign up for <a href=\\\"https:\/\/www.irishtimes.com\/media\/2023\/11\/07\/stay-informed-with-push-alerts-from-the-irish-times-delivered-straight-to-your-phone\/\\\" target=new>push alerts<\/a> to get the best breaking news, analysis and comment delivered directly to your phone&#8221;,&#8221;headphones&#8221;:&#8221;Listen to <a href=\\\"https:\/\/www.irishtimes.com\/podcasts\/in-the-news\/\\\" target=new>In The News<\/a> podcast daily for a deep dive on the stories that matter&#8221;},&#8221;header_text&#8221;:null,&#8221;header_url&#8221;:null,&#8221;image&#8221;:null,&#8221;image_alt&#8221;:null},&#8221;Newsletter&#8221;:{&#8220;newsletterid&#8221;:&#8221;News Digest&#8221;},&#8221;Paywall&#8221;:{&#8220;paywall-status&#8221;:&#8221;free&#8221;},&#8221;_admin&#8221;:{&#8220;alias_ids&#8221;:[&#8220;\/ireland&#8221;]},&#8221;metadata&#8221;:{&#8220;metadata_description&#8221;:&#8221;Stay up\u2011to\u2011date with the latest Ireland news, covering national politics, business developments, societal issues and more. Brought to you by Ireland\u2019s quality news brand, The Irish Times.&#8221;,&#8221;metadata_title&#8221;:&#8221;Ireland News | National Updates, Societal Issues, Irish Current Affairs | The Irish Times&#8221;},&#8221;navigation&#8221;:{&#8220;nav_title&#8221;:&#8221;Ireland&#8221;},&#8221;node_type&#8221;:&#8221;section&#8221;}},&#8221;_website_section_id&#8221;:&#8221;irishtimes.\/ireland&#8221;},{&#8220;_id&#8221;:&#8221;\/life-style&#8221;,&#8221;_website&#8221;:&#8221;irishtimes&#8221;,&#8221;type&#8221;:&#8221;section&#8221;,&#8221;version&#8221;:&#8221;0.6.0&#8243;,&#8221;name&#8221;:&#8221;Life &#038; Style&#8221;,&#8221;path&#8221;:&#8221;\/life-style&#8221;,&#8221;parent_id&#8221;:&#8221;https:\/\/www.irishtimes.com\/&#8221;,&#8221;parent&#8221;:{&#8220;default&#8221;:&#8221;https:\/\/www.irishtimes.com\/&#8221;},&#8221;additional_properties&#8221;:{&#8220;original&#8221;:{&#8220;_id&#8221;:&#8221;\/life-style&#8221;,&#8221;_website&#8221;:&#8221;irishtimes&#8221;,&#8221;name&#8221;:&#8221;Life &#038; Style&#8221;,&#8221;inactive&#8221;:false,&#8221;ancestors&#8221;:{&#8220;default&#8221;:[&#8220;https:\/\/www.irishtimes.com\/&#8221;],&#8221;links-bar&#8221;:[],&#8221;navbar&#8221;:[],&#8221;footer&#8221;:[],&#8221;hamburger-menu&#8221;:[&#8220;https:\/\/www.irishtimes.com\/&#8221;],&#8221;Mobile-Links-Navigation&#8221;:[],&#8221;App-Hamburger&#8221;:[&#8220;https:\/\/www.irishtimes.com\/&#8221;],&#8221;navbar-NU&#8221;:[],&#8221;Comopser&#8221;:[],&#8221;composer-relevant-sections&#8221;:[&#8220;https:\/\/www.irishtimes.com\/&#8221;],&#8221;section-page-subnavs&#8221;:[&#8220;https:\/\/www.irishtimes.com\/&#8221;],&#8221;App-Links-Navigation&#8221;:[&#8220;https:\/\/www.irishtimes.com\/&#8221;],&#8221;sitemap-section&#8221;:[&#8220;https:\/\/www.irishtimes.com\/&#8221;],&#8221;HP-under-masthead&#8221;:[&#8220;https:\/\/www.irishtimes.com\/&#8221;]},&#8221;parent&#8221;:{&#8220;default&#8221;:&#8221;https:\/\/www.irishtimes.com\/&#8221;,&#8221;Mobile-Links-Navigation&#8221;:null,&#8221;hamburger-menu&#8221;:&#8221;https:\/\/www.irishtimes.com\/&#8221;,&#8221;App-Hamburger&#8221;:&#8221;https:\/\/www.irishtimes.com\/&#8221;,&#8221;navbar&#8221;:null,&#8221;navbar-NU&#8221;:null,&#8221;Comopser&#8221;:null,&#8221;composer-relevant-sections&#8221;:&#8221;https:\/\/www.irishtimes.com\/&#8221;,&#8221;section-page-subnavs&#8221;:&#8221;https:\/\/www.irishtimes.com\/&#8221;,&#8221;App-Links-Navigation&#8221;:&#8221;https:\/\/www.irishtimes.com\/&#8221;,&#8221;sitemap-section&#8221;:&#8221;https:\/\/www.irishtimes.com\/&#8221;,&#8221;HP-under-masthead&#8221;:&#8221;https:\/\/www.irishtimes.com\/&#8221;},&#8221;order&#8221;:{&#8220;default&#8221;:1011,&#8221;hamburger-menu&#8221;:1016,&#8221;App-Hamburger&#8221;:1016,&#8221;composer-relevant-sections&#8221;:1008,&#8221;section-page-subnavs&#8221;:1012,&#8221;App-Links-Navigation&#8221;:1013,&#8221;sitemap-section&#8221;:1008,&#8221;HP-under-masthead&#8221;:1012},&#8221;Newsletter&#8221;:{&#8220;newsletterid&#8221;:&#8221;News Digest&#8221;},&#8221;Paywall&#8221;:{&#8220;paywall-status&#8221;:&#8221;free&#8221;},&#8221;_admin&#8221;:{&#8220;alias_ids&#8221;:[&#8220;\/life-style&#8221;]},&#8221;metadata&#8221;:{&#8220;metadata_description&#8221;:&#8221;Stay up\u2011to\u2011date with the latest Life &#038; Style articles, showcasing culture and lifestyle trends, health and wellness content, and everyday living inspiration. Brought to you by Ireland\u2019s quality news brand, The Irish Times.&#8221;,&#8221;metadata_title&#8221;:&#8221;Life &#038; Style | Culture, Wellness, Living Trends | The Irish Times&#8221;},&#8221;navigation&#8221;:{&#8220;nav_title&#8221;:&#8221;Life &#038; Style&#8221;},&#8221;node_type&#8221;:&#8221;section&#8221;}},&#8221;_website_section_id&#8221;:&#8221;irishtimes.\/life-style&#8221;}],&#8221;sites&#8221;:[{&#8220;_id&#8221;:&#8221;\/life-style\/people&#8221;,&#8221;type&#8221;:&#8221;site&#8221;,&#8221;version&#8221;:&#8221;0.5.8&#8243;,&#8221;name&#8221;:&#8221;People&#8221;,&#8221;path&#8221;:&#8221;\/life-style\/people&#8221;,&#8221;parent_id&#8221;:&#8221;\/life-style&#8221;,&#8221;additional_properties&#8221;:{&#8220;original&#8221;:{&#8220;_id&#8221;:&#8221;\/life-style\/people&#8221;,&#8221;name&#8221;:&#8221;People&#8221;,&#8221;inactive&#8221;:false,&#8221;ancestors&#8221;:{&#8220;hamburger-menu&#8221;:[&#8220;https:\/\/www.irishtimes.com\/&#8221;,&#8221;\/life-style&#8221;],&#8221;App-Hamburger&#8221;:[&#8220;https:\/\/www.irishtimes.com\/&#8221;,&#8221;\/life-style&#8221;],&#8221;Mobile-Links-Navigation&#8221;:[],&#8221;navbar&#8221;:[],&#8221;Comopser&#8221;:[]},&#8221;parent&#8221;:{&#8220;default&#8221;:&#8221;\/life-style&#8221;,&#8221;hamburger-menu&#8221;:&#8221;\/life-style&#8221;,&#8221;App-Hamburger&#8221;:&#8221;\/life-style&#8221;,&#8221;Mobile-Links-Navigation&#8221;:null,&#8221;navbar&#8221;:null,&#8221;navbar-NU&#8221;:null,&#8221;Comopser&#8221;:null,&#8221;composer-relevant-sections&#8221;:&#8221;\/life-style&#8221;,&#8221;section-page-subnavs&#8221;:&#8221;\/life-style&#8221;,&#8221;sitemap-section&#8221;:null},&#8221;order&#8221;:{&#8220;hamburger-menu&#8221;:2005,&#8221;App-Hamburger&#8221;:2005,&#8221;section-page-subnavs&#8221;:2005},&#8221;Paywall&#8221;:{&#8220;paywall-status&#8221;:&#8221;free&#8221;},&#8221;Podcast follow links&#8221;:{&#8220;podcastplatforms&#8221;:{&#8220;Spotify&#8221;:&#8221;https:\/\/open.spotify.com\/show\/6kTMSMIFcdnj5Oai4kiTMJ&#8221;,&#8221;Google&#8221;:&#8221;https:\/\/podcasts.google.com\/feed\/aHR0cHM6Ly9mZWVkcy5hY2FzdC5jb20vcHVibGljL3Nob3dzLzhlMjJiMTAwLTA3ODktNWYyMy1iNDI1LTgxZjQ2ZGQxNWUzNg&#8221;,&#8221;Apple&#8221;:&#8221;https:\/\/podcasts.apple.com\/ie\/podcast\/ross-ocarroll-kelly\/id1005100505?mt=2&#8243;,&#8221;Acast&#8221;:&#8221;https:\/\/feeds.acast.com\/public\/shows\/8e22b100-0789-5f23-b425-81f46dd15e36&#8243;}},&#8221;_admin&#8221;:{&#8220;alias_ids&#8221;:[&#8220;\/life-style\/people&#8221;]},&#8221;metadata&#8221;:{&#8220;metadata_description&#8221;:&#8221;Stay inspired with in-depth features on Irish personalities, cultural trends and lifestyle stories, spotlighting people making an impact at home and abroad. Brought to you by Ireland\u2019s quality news brand, The Irish Times.&#8221;,&#8221;metadata_title&#8221;:&#8221;People | Irish Profiles, Culture &#038; Lifestyle Stories | The Irish Times&#8221;},&#8221;navigation&#8221;:{&#8220;nav_title&#8221;:&#8221;People&#8221;}}}},{&#8220;_id&#8221;:&#8221;\/ireland&#8221;,&#8221;type&#8221;:&#8221;site&#8221;,&#8221;version&#8221;:&#8221;0.5.8&#8243;,&#8221;name&#8221;:&#8221;Ireland&#8221;,&#8221;path&#8221;:&#8221;\/ireland&#8221;,&#8221;parent_id&#8221;:&#8221;https:\/\/www.irishtimes.com\/&#8221;,&#8221;additional_properties&#8221;:{&#8220;original&#8221;:{&#8220;_id&#8221;:&#8221;\/ireland&#8221;,&#8221;name&#8221;:&#8221;Ireland&#8221;,&#8221;inactive&#8221;:false,&#8221;ancestors&#8221;:{&#8220;default&#8221;:[&#8220;https:\/\/www.irishtimes.com\/&#8221;],&#8221;navbar&#8221;:[],&#8221;links-bar&#8221;:[],&#8221;Mobile-Links-Navigation&#8221;:[],&#8221;App-Hamburger&#8221;:[&#8220;https:\/\/www.irishtimes.com\/&#8221;],&#8221;hamburger-menu&#8221;:[&#8220;https:\/\/www.irishtimes.com\/&#8221;],&#8221;navbar-NU&#8221;:[],&#8221;Comopser&#8221;:[],&#8221;composer-relevant-sections&#8221;:[&#8220;https:\/\/www.irishtimes.com\/&#8221;],&#8221;section-page-subnavs&#8221;:[&#8220;https:\/\/www.irishtimes.com\/&#8221;],&#8221;App-Links-Navigation&#8221;:[&#8220;https:\/\/www.irishtimes.com\/&#8221;],&#8221;sitemap-section&#8221;:[&#8220;https:\/\/www.irishtimes.com\/&#8221;],&#8221;HP-under-masthead&#8221;:[&#8220;https:\/\/www.irishtimes.com\/&#8221;]},&#8221;parent&#8221;:{&#8220;default&#8221;:&#8221;https:\/\/www.irishtimes.com\/&#8221;,&#8221;links-bar&#8221;:null,&#8221;Mobile-Links-Navigation&#8221;:null,&#8221;App-Hamburger&#8221;:&#8221;https:\/\/www.irishtimes.com\/&#8221;,&#8221;hamburger-menu&#8221;:&#8221;https:\/\/www.irishtimes.com\/&#8221;,&#8221;navbar&#8221;:null,&#8221;navbar-NU&#8221;:null,&#8221;Comopser&#8221;:null,&#8221;composer-relevant-sections&#8221;:&#8221;https:\/\/www.irishtimes.com\/&#8221;,&#8221;section-page-subnavs&#8221;:&#8221;https:\/\/www.irishtimes.com\/&#8221;,&#8221;App-Links-Navigation&#8221;:&#8221;https:\/\/www.irishtimes.com\/&#8221;,&#8221;sitemap-section&#8221;:&#8221;https:\/\/www.irishtimes.com\/&#8221;,&#8221;HP-under-masthead&#8221;:&#8221;https:\/\/www.irishtimes.com\/&#8221;},&#8221;order&#8221;:{&#8220;default&#8221;:1010,&#8221;App-Hamburger&#8221;:1005,&#8221;hamburger-menu&#8221;:1005,&#8221;composer-relevant-sections&#8221;:1001,&#8221;section-page-subnavs&#8221;:1001,&#8221;App-Links-Navigation&#8221;:1003,&#8221;sitemap-section&#8221;:1001,&#8221;HP-under-masthead&#8221;:1002},&#8221;Article Promo&#8221;:{&#8220;content&#8221;:{&#8220;whatsapp&#8221;:&#8221;Join The Irish Times on <a href=\\\"https:\/\/www.whatsapp.com\/channel\/0029VaBlegFFXUuflSI6yL3d\\\" target=new>WhatsApp<\/a> and stay up to date&#8221;,&#8221;bell&#8221;:&#8221;Sign up for <a href=\\\"https:\/\/www.irishtimes.com\/media\/2023\/11\/07\/stay-informed-with-push-alerts-from-the-irish-times-delivered-straight-to-your-phone\/\\\" target=new>push alerts<\/a> to get the best breaking news, analysis and comment delivered directly to your phone&#8221;,&#8221;headphones&#8221;:&#8221;Listen to <a href=\\\"https:\/\/www.irishtimes.com\/podcasts\/in-the-news\/\\\" target=new>In The News<\/a> podcast daily for a deep dive on the stories that matter&#8221;},&#8221;header_text&#8221;:null,&#8221;header_url&#8221;:null,&#8221;image&#8221;:null,&#8221;image_alt&#8221;:null},&#8221;Newsletter&#8221;:{&#8220;newsletterid&#8221;:&#8221;News Digest&#8221;},&#8221;Paywall&#8221;:{&#8220;paywall-status&#8221;:&#8221;free&#8221;},&#8221;_admin&#8221;:{&#8220;alias_ids&#8221;:[&#8220;\/ireland&#8221;]},&#8221;metadata&#8221;:{&#8220;metadata_description&#8221;:&#8221;Stay up\u2011to\u2011date with the latest Ireland news, covering national politics, business developments, societal issues and more. Brought to you by Ireland\u2019s quality news brand, The Irish Times.&#8221;,&#8221;metadata_title&#8221;:&#8221;Ireland News | National Updates, Societal Issues, Irish Current Affairs | The Irish Times&#8221;},&#8221;navigation&#8221;:{&#8220;nav_title&#8221;:&#8221;Ireland&#8221;}}}},{&#8220;_id&#8221;:&#8221;\/life-style&#8221;,&#8221;type&#8221;:&#8221;site&#8221;,&#8221;version&#8221;:&#8221;0.5.8&#8243;,&#8221;name&#8221;:&#8221;Life &#038; Style&#8221;,&#8221;path&#8221;:&#8221;\/life-style&#8221;,&#8221;parent_id&#8221;:&#8221;https:\/\/www.irishtimes.com\/&#8221;,&#8221;additional_properties&#8221;:{&#8220;original&#8221;:{&#8220;_id&#8221;:&#8221;\/life-style&#8221;,&#8221;name&#8221;:&#8221;Life &#038; Style&#8221;,&#8221;inactive&#8221;:false,&#8221;ancestors&#8221;:{&#8220;default&#8221;:[&#8220;https:\/\/www.irishtimes.com\/&#8221;],&#8221;links-bar&#8221;:[],&#8221;navbar&#8221;:[],&#8221;footer&#8221;:[],&#8221;hamburger-menu&#8221;:[&#8220;https:\/\/www.irishtimes.com\/&#8221;],&#8221;Mobile-Links-Navigation&#8221;:[],&#8221;App-Hamburger&#8221;:[&#8220;https:\/\/www.irishtimes.com\/&#8221;],&#8221;navbar-NU&#8221;:[],&#8221;Comopser&#8221;:[],&#8221;composer-relevant-sections&#8221;:[&#8220;https:\/\/www.irishtimes.com\/&#8221;],&#8221;section-page-subnavs&#8221;:[&#8220;https:\/\/www.irishtimes.com\/&#8221;],&#8221;App-Links-Navigation&#8221;:[&#8220;https:\/\/www.irishtimes.com\/&#8221;],&#8221;sitemap-section&#8221;:[&#8220;https:\/\/www.irishtimes.com\/&#8221;],&#8221;HP-under-masthead&#8221;:[&#8220;https:\/\/www.irishtimes.com\/&#8221;]},&#8221;parent&#8221;:{&#8220;default&#8221;:&#8221;https:\/\/www.irishtimes.com\/&#8221;,&#8221;Mobile-Links-Navigation&#8221;:null,&#8221;hamburger-menu&#8221;:&#8221;https:\/\/www.irishtimes.com\/&#8221;,&#8221;App-Hamburger&#8221;:&#8221;https:\/\/www.irishtimes.com\/&#8221;,&#8221;navbar&#8221;:null,&#8221;navbar-NU&#8221;:null,&#8221;Comopser&#8221;:null,&#8221;composer-relevant-sections&#8221;:&#8221;https:\/\/www.irishtimes.com\/&#8221;,&#8221;section-page-subnavs&#8221;:&#8221;https:\/\/www.irishtimes.com\/&#8221;,&#8221;App-Links-Navigation&#8221;:&#8221;https:\/\/www.irishtimes.com\/&#8221;,&#8221;sitemap-section&#8221;:&#8221;https:\/\/www.irishtimes.com\/&#8221;,&#8221;HP-under-masthead&#8221;:&#8221;https:\/\/www.irishtimes.com\/&#8221;},&#8221;order&#8221;:{&#8220;default&#8221;:1011,&#8221;hamburger-menu&#8221;:1016,&#8221;App-Hamburger&#8221;:1016,&#8221;composer-relevant-sections&#8221;:1008,&#8221;section-page-subnavs&#8221;:1012,&#8221;App-Links-Navigation&#8221;:1013,&#8221;sitemap-section&#8221;:1008,&#8221;HP-under-masthead&#8221;:1012},&#8221;Newsletter&#8221;:{&#8220;newsletterid&#8221;:&#8221;News Digest&#8221;},&#8221;Paywall&#8221;:{&#8220;paywall-status&#8221;:&#8221;free&#8221;},&#8221;_admin&#8221;:{&#8220;alias_ids&#8221;:[&#8220;\/life-style&#8221;]},&#8221;metadata&#8221;:{&#8220;metadata_description&#8221;:&#8221;Stay up\u2011to\u2011date with the latest Life &#038; Style articles, showcasing culture and lifestyle trends, health and wellness content, and everyday living inspiration. Brought to you by Ireland\u2019s quality news brand, The Irish Times.&#8221;,&#8221;metadata_title&#8221;:&#8221;Life &#038; Style | Culture, Wellness, Living Trends | The Irish Times&#8221;},&#8221;navigation&#8221;:{&#8220;nav_title&#8221;:&#8221;Life &#038; Style&#8221;}}}}],&#8221;tags&#8221;:[{&#8220;_id&#8221;:&#8221;BT6SCKKQKBAVLJYRXYWQT6XBXE&#8221;,&#8221;description&#8221;:&#8221;A series of articles exploring people&#8217;s relationship with Ireland&#8221;,&#8221;slug&#8221;:&#8221;me-myself-and-ireland&#8221;,&#8221;text&#8221;:&#8221;Me, Myself and Ireland&#8221;},{&#8220;_id&#8221;:&#8221;BTRCCK4V5ZCQZEF5UQLAL43RBM&#8221;,&#8221;description&#8221;:&#8221;Interviews, travel, recipes, fashion, gardening, advice columns, and more from the Irish Times Magazine supplement&#8221;,&#8221;slug&#8221;:&#8221;magazine&#8221;,&#8221;text&#8221;:&#8221;Magazine&#8221;},{&#8220;_id&#8221;:&#8221;CWKCCBAJZZAQXAHJYQ23GVFIKQ&#8221;,&#8221;description&#8221;:&#8221;Marino&#8221;,&#8221;slug&#8221;:&#8221;marino&#8221;,&#8221;text&#8221;:&#8221;Marino&#8221;},{&#8220;_id&#8221;:&#8221;XAIC6JJQPFFS7IKIVYJLQYTSNA&#8221;,&#8221;description&#8221;:&#8221;Attention-deficit hyperactivity disorder&#8221;,&#8221;slug&#8221;:&#8221;adhd&#8221;,&#8221;text&#8221;:&#8221;ADHD&#8221;},{&#8220;_id&#8221;:&#8221;PJEIQAKP65D3PADMNDAE5MF5WM&#8221;,&#8221;description&#8221;:&#8221;Comedian&#8221;,&#8221;slug&#8221;:&#8221;tony-cantwell&#8221;,&#8221;text&#8221;:&#8221;Tony Cantwell&#8221;},{&#8220;_id&#8221;:&#8221;VIL2ROZKVJFOTE3GJYSS6MKAMQ&#8221;,&#8221;description&#8221;:&#8221;London&#8221;,&#8221;slug&#8221;:&#8221;london&#8221;,&#8221;text&#8221;:&#8221;London&#8221;}]},&#8221;type&#8221;:&#8221;story&#8221;,&#8221;version&#8221;:&#8221;0.10.11&#8243;,&#8221;websites&#8221;:{&#8220;irishtimes&#8221;:{&#8220;website_section&#8221;:{&#8220;_id&#8221;:&#8221;\/life-style\/people&#8221;,&#8221;_website&#8221;:&#8221;irishtimes&#8221;,&#8221;type&#8221;:&#8221;section&#8221;,&#8221;version&#8221;:&#8221;0.6.0&#8243;,&#8221;name&#8221;:&#8221;People&#8221;,&#8221;path&#8221;:&#8221;\/life-style\/people&#8221;,&#8221;parent_id&#8221;:&#8221;\/life-style&#8221;,&#8221;parent&#8221;:{&#8220;default&#8221;:&#8221;\/life-style&#8221;},&#8221;additional_properties&#8221;:{&#8220;original&#8221;:{&#8220;_id&#8221;:&#8221;\/life-style\/people&#8221;,&#8221;_website&#8221;:&#8221;irishtimes&#8221;,&#8221;name&#8221;:&#8221;People&#8221;,&#8221;inactive&#8221;:false,&#8221;ancestors&#8221;:{&#8220;hamburger-menu&#8221;:[&#8220;https:\/\/www.irishtimes.com\/&#8221;,&#8221;\/life-style&#8221;],&#8221;App-Hamburger&#8221;:[&#8220;https:\/\/www.irishtimes.com\/&#8221;,&#8221;\/life-style&#8221;],&#8221;Mobile-Links-Navigation&#8221;:[],&#8221;navbar&#8221;:[],&#8221;Comopser&#8221;:[]},&#8221;parent&#8221;:{&#8220;default&#8221;:&#8221;\/life-style&#8221;,&#8221;hamburger-menu&#8221;:&#8221;\/life-style&#8221;,&#8221;App-Hamburger&#8221;:&#8221;\/life-style&#8221;,&#8221;Mobile-Links-Navigation&#8221;:null,&#8221;navbar&#8221;:null,&#8221;navbar-NU&#8221;:null,&#8221;Comopser&#8221;:null,&#8221;composer-relevant-sections&#8221;:&#8221;\/life-style&#8221;,&#8221;section-page-subnavs&#8221;:&#8221;\/life-style&#8221;,&#8221;sitemap-section&#8221;:null},&#8221;order&#8221;:{&#8220;hamburger-menu&#8221;:2005,&#8221;App-Hamburger&#8221;:2005,&#8221;section-page-subnavs&#8221;:2005},&#8221;Paywall&#8221;:{&#8220;paywall-status&#8221;:&#8221;free&#8221;},&#8221;Podcast follow links&#8221;:{&#8220;podcastplatforms&#8221;:{&#8220;Spotify&#8221;:&#8221;https:\/\/open.spotify.com\/show\/6kTMSMIFcdnj5Oai4kiTMJ&#8221;,&#8221;Google&#8221;:&#8221;https:\/\/podcasts.google.com\/feed\/aHR0cHM6Ly9mZWVkcy5hY2FzdC5jb20vcHVibGljL3Nob3dzLzhlMjJiMTAwLTA3ODktNWYyMy1iNDI1LTgxZjQ2ZGQxNWUzNg&#8221;,&#8221;Apple&#8221;:&#8221;https:\/\/podcasts.apple.com\/ie\/podcast\/ross-ocarroll-kelly\/id1005100505?mt=2&#8243;,&#8221;Acast&#8221;:&#8221;https:\/\/feeds.acast.com\/public\/shows\/8e22b100-0789-5f23-b425-81f46dd15e36&#8243;}},&#8221;_admin&#8221;:{&#8220;alias_ids&#8221;:[&#8220;\/life-style\/people&#8221;]},&#8221;metadata&#8221;:{&#8220;metadata_description&#8221;:&#8221;Stay inspired with in-depth features on Irish personalities, cultural trends and lifestyle stories, spotlighting people making an impact at home and abroad. Brought to you by Ireland\u2019s quality news brand, The Irish Times.&#8221;,&#8221;metadata_title&#8221;:&#8221;People | Irish Profiles, Culture &#038; Lifestyle Stories | The Irish Times&#8221;},&#8221;navigation&#8221;:{&#8220;nav_title&#8221;:&#8221;People&#8221;},&#8221;node_type&#8221;:&#8221;section&#8221;}},&#8221;_website_section_id&#8221;:&#8221;irishtimes.\/life-style\/people&#8221;},&#8221;website_url&#8221;:&#8221;https:\/\/www.irishtimes.com\/life-style\/people\/2025\/08\/29\/my-wife-and-i-had-the-tv-on-and-we-saw-the-angelus-im-like-oh-god-theyre-still-doing-that\/&#8221;}},&#8221;canonical_url&#8221;:&#8221;https:\/\/www.irishtimes.com\/life-style\/people\/2025\/08\/29\/my-wife-and-i-had-the-tv-on-and-we-saw-the-angelus-im-like-oh-god-theyre-still-doing-that\/&#8221;},{&#8220;additional_properties&#8221;:{&#8220;audio_duration&#8221;:355,&#8221;audio_url&#8221;:&#8221;https:\/\/cdn.beyondwords.io\/audio\/projects\/8948\/podcasts\/c63353d3-826f-43b5-bd9f-c4b007908da0\/versions\/1755596821\/media\/92c18ac40f5b4c8f5945928741a31754_compiled.mp3&#8243;,&#8221;has_published_copy&#8221;:true,&#8221;is_published&#8221;:true,&#8221;publish_date&#8221;:&#8221;2025-08-28T08:32:22.631Z&#8221;},&#8221;content_elements&#8221;:[],&#8221;_id&#8221;:&#8221;5TEZGJ7PS5AUVIQSXWQMEQRKKI&#8221;,&#8221;canonical_website&#8221;:&#8221;irishtimes&#8221;,&#8221;content_restrictions&#8221;:{&#8220;content_code&#8221;:&#8221;premium&#8221;},&#8221;copyright&#8221;:&#8221;&#8221;,&#8221;credits&#8221;:{&#8220;by&#8221;:[{&#8220;_id&#8221;:&#8221;corinna-hardgrave&#8221;,&#8221;type&#8221;:&#8221;author&#8221;,&#8221;version&#8221;:&#8221;0.5.8&#8243;,&#8221;name&#8221;:&#8221;Corinna Hardgrave&#8221;,&#8221;image&#8221;:{&#8220;url&#8221;:&#8221;https:\/\/s3.amazonaws.com\/arc-authors\/irishtimes\/6a602e3c-9389-4aa2-87e2-9c639a0b3322.png&#8221;,&#8221;version&#8221;:&#8221;0.5.8&#8243;,&#8221;type&#8221;:&#8221;image&#8221;,&#8221;auth&#8221;:{&#8220;1&#8243;:&#8221;17434adce3817ba06a88b9f48ccd42d22b1bc0100cf6b5e338651ce91ea3a4c1&#8243;}},&#8221;description&#8221;:&#8221;Corinna Hardgrave, a contributor to The Irish Times, writes a weekly restaurant column&#8221;,&#8221;url&#8221;:&#8221;\/author\/corinna-hardgrave\/&#8221;,&#8221;slug&#8221;:&#8221;corinna-hardgrave&#8221;,&#8221;social_links&#8221;:[{&#8220;site&#8221;:&#8221;email&#8221;,&#8221;url&#8221;:&#8221;magazine@irishtimes.com&#8221;},{&#8220;site&#8221;:&#8221;facebook&#8221;,&#8221;url&#8221;:null},{&#8220;site&#8221;:&#8221;twitter&#8221;,&#8221;url&#8221;:&#8221;CorinaHardgrave&#8221;}],&#8221;socialLinks&#8221;:[{&#8220;site&#8221;:&#8221;email&#8221;,&#8221;url&#8221;:&#8221;magazine@irishtimes.com&#8221;,&#8221;deprecated&#8221;:true,&#8221;deprecation_msg&#8221;:&#8221;Please use social_links.&#8221;},{&#8220;site&#8221;:&#8221;facebook&#8221;,&#8221;url&#8221;:null,&#8221;deprecated&#8221;:true,&#8221;deprecation_msg&#8221;:&#8221;Please use social_links.&#8221;},{&#8220;site&#8221;:&#8221;twitter&#8221;,&#8221;url&#8221;:&#8221;CorinaHardgrave&#8221;,&#8221;deprecated&#8221;:true,&#8221;deprecation_msg&#8221;:&#8221;Please use social_links.&#8221;}],&#8221;additional_properties&#8221;:{&#8220;original&#8221;:{&#8220;_id&#8221;:&#8221;corinna-hardgrave&#8221;,&#8221;byline&#8221;:&#8221;Corinna Hardgrave&#8221;,&#8221;slug&#8221;:&#8221;corinna-hardgrave&#8221;,&#8221;firstName&#8221;:&#8221;Corinna&#8221;,&#8221;lastName&#8221;:&#8221;Hardgrave&#8221;,&#8221;middleName&#8221;:null,&#8221;bio&#8221;:&#8221;Corinna Hardgrave, a contributor to The Irish Times, writes a weekly restaurant column&#8221;,&#8221;longBio&#8221;:&#8221;Corinna Hardgrave, a contributor to The Irish Times, writes a weekly restaurant column.&#8221;,&#8221;role&#8221;:&#8221;Contributor&#8221;,&#8221;author_type&#8221;:&#8221;Contributor&#8221;,&#8221;twitter&#8221;:&#8221;CorinaHardgrave&#8221;,&#8221;facebook&#8221;:null,&#8221;status&#8221;:true,&#8221;image&#8221;:&#8221;https:\/\/s3.amazonaws.com\/arc-authors\/irishtimes\/6a602e3c-9389-4aa2-87e2-9c639a0b3322.png&#8221;,&#8221;books&#8221;:[],&#8221;podcasts&#8221;:[],&#8221;education&#8221;:[],&#8221;awards&#8221;:[],&#8221;last_updated_date&#8221;:&#8221;2022-03-11T16:35:04.219Z&#8221;,&#8221;email&#8221;:&#8221;magazine@irishtimes.com&#8221;,&#8221;type&#8221;:&#8221;author&#8221;,&#8221;bio_page&#8221;:&#8221;\/author\/corinna-hardgrave\/&#8221;,&#8221;ansImage&#8221;:{&#8220;type&#8221;:&#8221;image&#8221;,&#8221;url&#8221;:&#8221;https:\/\/s3.amazonaws.com\/arc-authors\/irishtimes\/6a602e3c-9389-4aa2-87e2-9c639a0b3322.png&#8221;,&#8221;auth&#8221;:{&#8220;1&#8243;:&#8221;17434adce3817ba06a88b9f48ccd42d22b1bc0100cf6b5e338651ce91ea3a4c1&#8243;}}}}}]},&#8221;description&#8221;:{&#8220;basic&#8221;:&#8221;This Ballsbridge restaurant shines when it trusts what it knows but stumbles when it chases novelty&#8221;},&#8221;display_date&#8221;:&#8221;2025-08-28T04:12:00Z&#8221;,&#8221;distributor&#8221;:{&#8220;category&#8221;:&#8221;staff&#8221;,&#8221;name&#8221;:&#8221;irishtimes&#8221;,&#8221;subcategory&#8221;:&#8221;&#8221;},&#8221;headlines&#8221;:{&#8220;basic&#8221;:&#8221;Kiisaan review: The lamb chops at this Dublin restaurant are among the best in Ireland &#8220;,&#8221;meta_title&#8221;:&#8221;&#8221;,&#8221;mobile&#8221;:&#8221;&#8221;,&#8221;native&#8221;:&#8221;Restaurant review: This Dublin venue should just stick to the classics&#8221;,&#8221;print&#8221;:&#8221;&#8221;,&#8221;table&#8221;:&#8221;&#8221;,&#8221;tablet&#8221;:&#8221;Restaurant review: The lamb chops at this Dublin venue are among the best in Ireland&#8221;,&#8221;web&#8221;:&#8221;Kiisaan restaurant in Ballsbridge, Dublin review: The lamb chops, thick with spice and smoke, are among the best in Ireland &#8220;},&#8221;label&#8221;:{&#8220;audio_project_id&#8221;:{&#8220;display&#8221;:true,&#8221;text&#8221;:&#8221;8948&#8243;},&#8221;related_collection&#8221;:{&#8220;display&#8221;:true,&#8221;text&#8221;:&#8221;restaurant-reviews&#8221;}},&#8221;language&#8221;:&#8221;&#8221;,&#8221;owner&#8221;:{&#8220;sponsored&#8221;:false},&#8221;promo_items&#8221;:{&#8220;basic&#8221;:{&#8220;_id&#8221;:&#8221;AHNZSHV3B5DONOD6B7HRCVTW4A&#8221;,&#8221;additional_properties&#8221;:{&#8220;fullSizeResizeUrl&#8221;:&#8221;\/resizer\/v2\/AHNZSHV3B5DONOD6B7HRCVTW4A.JPG?auth=df945a2826ca445ff5d5171e792922a5ebdca7d532e52564b3ebbf8673851f5f&#8221;,&#8221;galleries&#8221;:[],&#8221;ingestionMethod&#8221;:&#8221;manual&#8221;,&#8221;mime_type&#8221;:&#8221;image\/jpeg&#8221;,&#8221;originalName&#8221;:&#8221;_07A9618.JPG&#8221;,&#8221;originalUrl&#8221;:&#8221;https:\/\/cloudfront-eu-central-1.images.arcpublishing.com\/irishtimes\/AHNZSHV3B5DONOD6B7HRCVTW4A.JPG&#8221;,&#8221;owner&#8221;:&#8221;nick.bradshaw@irishtimes.com&#8221;,&#8221;proxyUrl&#8221;:&#8221;\/resizer\/v2\/AHNZSHV3B5DONOD6B7HRCVTW4A.JPG?auth=df945a2826ca445ff5d5171e792922a5ebdca7d532e52564b3ebbf8673851f5f&#8221;,&#8221;published&#8221;:true,&#8221;resizeUrl&#8221;:&#8221;\/resizer\/v2\/AHNZSHV3B5DONOD6B7HRCVTW4A.JPG?auth=df945a2826ca445ff5d5171e792922a5ebdca7d532e52564b3ebbf8673851f5f&#8221;,&#8221;restricted&#8221;:false,&#8221;takenOn&#8221;:&#8221;2025-08-14T16:48:04Z&#8221;,&#8221;thumbnailResizeUrl&#8221;:&#8221;\/resizer\/v2\/AHNZSHV3B5DONOD6B7HRCVTW4A.JPG?auth=df945a2826ca445ff5d5171e792922a5ebdca7d532e52564b3ebbf8673851f5f&#038;width=300&#8243;,&#8221;version&#8221;:0,&#8221;template_id&#8221;:281,&#8221;alt_text&#8221;:&#8221;&#8221;,&#8221;focal_point&#8221;:{&#8220;max&#8221;:[4318,3061],&#8221;min&#8221;:[4318,3061]},&#8221;link&#8221;:&#8221;&#8221;},&#8221;address&#8221;:{},&#8221;auth&#8221;:{&#8220;1&#8243;:&#8221;df945a2826ca445ff5d5171e792922a5ebdca7d532e52564b3ebbf8673851f5f&#8221;},&#8221;caption&#8221;:&#8221;Bhatti ka lamb chops at Kiisaan. All photographs: Nick Bradshaw&#8221;,&#8221;created_date&#8221;:&#8221;2025-08-14T19:25:27Z&#8221;,&#8221;credits&#8221;:{&#8220;affiliation&#8221;:[],&#8221;by&#8221;:[{&#8220;byline&#8221;:&#8221;Nick Bradshaw IRISHTIMES&#8221;,&#8221;name&#8221;:&#8221;Nick Bradshaw IRISHTIMES&#8221;,&#8221;type&#8221;:&#8221;author&#8221;}]},&#8221;distributor&#8221;:{&#8220;category&#8221;:&#8221;staff&#8221;,&#8221;mode&#8221;:&#8221;custom&#8221;,&#8221;name&#8221;:&#8221;The Irish Times &#8220;,&#8221;subcategory&#8221;:&#8221;Photosales &#8220;},&#8221;height&#8221;:5464,&#8221;image_type&#8221;:&#8221;photograph&#8221;,&#8221;last_updated_date&#8221;:&#8221;2025-08-14T19:25:27Z&#8221;,&#8221;licensable&#8221;:false,&#8221;owner&#8221;:{&#8220;id&#8221;:&#8221;irishtimes&#8221;,&#8221;sponsored&#8221;:false},&#8221;source&#8221;:{&#8220;name&#8221;:&#8221;The Irish Times &#8220;,&#8221;source_type&#8221;:&#8221;staff&#8221;,&#8221;additional_properties&#8221;:{&#8220;editor&#8221;:&#8221;photo center&#8221;},&#8221;edit_url&#8221;:&#8221;&#8221;,&#8221;system&#8221;:&#8221;photo center&#8221;},&#8221;subtitle&#8221;:&#8221;NEWS&#8221;,&#8221;taxonomy&#8221;:{},&#8221;type&#8221;:&#8221;image&#8221;,&#8221;url&#8221;:&#8221;https:\/\/cloudfront-eu-central-1.images.arcpublishing.com\/irishtimes\/AHNZSHV3B5DONOD6B7HRCVTW4A.JPG&#8221;,&#8221;version&#8221;:&#8221;0.10.9&#8243;,&#8221;width&#8221;:8192,&#8221;focal_point&#8221;:{&#8220;x&#8221;:4318,&#8221;y&#8221;:3061}}},&#8221;publish_date&#8221;:&#8221;2025-08-28T09:16:58.367Z&#8221;,&#8221;revision&#8221;:{&#8220;published&#8221;:true,&#8221;revision_id&#8221;:&#8221;XCYEIYSBT5FEZIYC7WGOUU7ZOA&#8221;},&#8221;subheadlines&#8221;:{&#8220;basic&#8221;:&#8221;This Ballsbridge restaurant shines when it trusts what it knows but stumbles when it chases novelty&#8221;},&#8221;subtype&#8221;:&#8221;review&#8221;,&#8221;taxonomy&#8221;:{&#8220;primary_section&#8221;:{&#8220;_id&#8221;:&#8221;\/food\/restaurants&#8221;,&#8221;_website&#8221;:&#8221;irishtimes&#8221;,&#8221;type&#8221;:&#8221;section&#8221;,&#8221;version&#8221;:&#8221;0.6.0&#8243;,&#8221;name&#8221;:&#8221;Restaurants&#8221;,&#8221;path&#8221;:&#8221;\/food\/restaurants&#8221;,&#8221;parent_id&#8221;:&#8221;\/food&#8221;,&#8221;parent&#8221;:{&#8220;default&#8221;:&#8221;\/food&#8221;},&#8221;additional_properties&#8221;:{&#8220;original&#8221;:{&#8220;_id&#8221;:&#8221;\/food\/restaurants&#8221;,&#8221;_website&#8221;:&#8221;irishtimes&#8221;,&#8221;name&#8221;:&#8221;Restaurants&#8221;,&#8221;inactive&#8221;:false,&#8221;ancestors&#8221;:{&#8220;hamburger-menu&#8221;:[&#8220;https:\/\/www.irishtimes.com\/&#8221;,&#8221;\/food&#8221;],&#8221;App-Hamburger&#8221;:[&#8220;https:\/\/www.irishtimes.com\/&#8221;,&#8221;\/food&#8221;],&#8221;Comopser&#8221;:[]},&#8221;parent&#8221;:{&#8220;default&#8221;:&#8221;\/food&#8221;,&#8221;hamburger-menu&#8221;:&#8221;\/food&#8221;,&#8221;App-Hamburger&#8221;:&#8221;\/food&#8221;,&#8221;navbar-NU&#8221;:null,&#8221;Comopser&#8221;:null,&#8221;composer-relevant-sections&#8221;:&#8221;\/food&#8221;,&#8221;section-page-subnavs&#8221;:&#8221;\/food&#8221;,&#8221;sitemap-section&#8221;:null},&#8221;order&#8221;:{&#8220;default&#8221;:2003,&#8221;hamburger-menu&#8221;:2003,&#8221;App-Hamburger&#8221;:2003,&#8221;composer-relevant-sections&#8221;:2003,&#8221;section-page-subnavs&#8221;:2003},&#8221;Paywall&#8221;:{&#8220;paywall-status&#8221;:&#8221;free&#8221;},&#8221;_admin&#8221;:{&#8220;alias_ids&#8221;:[]},&#8221;metadata&#8221;:{&#8220;metadata_description&#8221;:&#8221;Stay up\u2011to\u2011date with the latest restaurant and takeaway reviews, industry features and dining trends in Ireland. Brought to you by Ireland\u2019s quality news brand, The Irish Times.&#8221;,&#8221;metadata_title&#8221;:&#8221;Restaurant Reviews &#038; Features | Dining Trends | The Irish Times&#8221;},&#8221;navigation&#8221;:{&#8220;nav_title&#8221;:&#8221;Restaurants&#8221;},&#8221;node_type&#8221;:&#8221;section&#8221;}},&#8221;_website_section_id&#8221;:&#8221;irishtimes.\/food\/restaurants&#8221;},&#8221;primary_site&#8221;:{&#8220;_id&#8221;:&#8221;\/food\/restaurants&#8221;,&#8221;type&#8221;:&#8221;site&#8221;,&#8221;version&#8221;:&#8221;0.5.8&#8243;,&#8221;name&#8221;:&#8221;Restaurants&#8221;,&#8221;path&#8221;:&#8221;\/food\/restaurants&#8221;,&#8221;parent_id&#8221;:&#8221;\/food&#8221;,&#8221;additional_properties&#8221;:{&#8220;original&#8221;:{&#8220;_id&#8221;:&#8221;\/food\/restaurants&#8221;,&#8221;name&#8221;:&#8221;Restaurants&#8221;,&#8221;inactive&#8221;:false,&#8221;ancestors&#8221;:{&#8220;hamburger-menu&#8221;:[&#8220;https:\/\/www.irishtimes.com\/&#8221;,&#8221;\/food&#8221;],&#8221;App-Hamburger&#8221;:[&#8220;https:\/\/www.irishtimes.com\/&#8221;,&#8221;\/food&#8221;],&#8221;Comopser&#8221;:[]},&#8221;parent&#8221;:{&#8220;default&#8221;:&#8221;\/food&#8221;,&#8221;hamburger-menu&#8221;:&#8221;\/food&#8221;,&#8221;App-Hamburger&#8221;:&#8221;\/food&#8221;,&#8221;navbar-NU&#8221;:null,&#8221;Comopser&#8221;:null,&#8221;composer-relevant-sections&#8221;:&#8221;\/food&#8221;,&#8221;section-page-subnavs&#8221;:&#8221;\/food&#8221;,&#8221;sitemap-section&#8221;:null},&#8221;order&#8221;:{&#8220;default&#8221;:2003,&#8221;hamburger-menu&#8221;:2003,&#8221;App-Hamburger&#8221;:2003,&#8221;composer-relevant-sections&#8221;:2003,&#8221;section-page-subnavs&#8221;:2003},&#8221;Paywall&#8221;:{&#8220;paywall-status&#8221;:&#8221;free&#8221;},&#8221;_admin&#8221;:{&#8220;alias_ids&#8221;:[]},&#8221;metadata&#8221;:{&#8220;metadata_description&#8221;:&#8221;Stay up\u2011to\u2011date with the latest restaurant and takeaway reviews, industry features and dining trends in Ireland. Brought to you by Ireland\u2019s quality news brand, The Irish Times.&#8221;,&#8221;metadata_title&#8221;:&#8221;Restaurant Reviews &#038; Features | Dining Trends | The Irish Times&#8221;},&#8221;navigation&#8221;:{&#8220;nav_title&#8221;:&#8221;Restaurants&#8221;}}}},&#8221;sections&#8221;:[{&#8220;_id&#8221;:&#8221;\/food\/restaurants&#8221;,&#8221;_website&#8221;:&#8221;irishtimes&#8221;,&#8221;type&#8221;:&#8221;section&#8221;,&#8221;version&#8221;:&#8221;0.6.0&#8243;,&#8221;name&#8221;:&#8221;Restaurants&#8221;,&#8221;path&#8221;:&#8221;\/food\/restaurants&#8221;,&#8221;parent_id&#8221;:&#8221;\/food&#8221;,&#8221;parent&#8221;:{&#8220;default&#8221;:&#8221;\/food&#8221;},&#8221;additional_properties&#8221;:{&#8220;original&#8221;:{&#8220;_id&#8221;:&#8221;\/food\/restaurants&#8221;,&#8221;_website&#8221;:&#8221;irishtimes&#8221;,&#8221;name&#8221;:&#8221;Restaurants&#8221;,&#8221;inactive&#8221;:false,&#8221;ancestors&#8221;:{&#8220;hamburger-menu&#8221;:[&#8220;https:\/\/www.irishtimes.com\/&#8221;,&#8221;\/food&#8221;],&#8221;App-Hamburger&#8221;:[&#8220;https:\/\/www.irishtimes.com\/&#8221;,&#8221;\/food&#8221;],&#8221;Comopser&#8221;:[]},&#8221;parent&#8221;:{&#8220;default&#8221;:&#8221;\/food&#8221;,&#8221;hamburger-menu&#8221;:&#8221;\/food&#8221;,&#8221;App-Hamburger&#8221;:&#8221;\/food&#8221;,&#8221;navbar-NU&#8221;:null,&#8221;Comopser&#8221;:null,&#8221;composer-relevant-sections&#8221;:&#8221;\/food&#8221;,&#8221;section-page-subnavs&#8221;:&#8221;\/food&#8221;,&#8221;sitemap-section&#8221;:null},&#8221;order&#8221;:{&#8220;default&#8221;:2003,&#8221;hamburger-menu&#8221;:2003,&#8221;App-Hamburger&#8221;:2003,&#8221;composer-relevant-sections&#8221;:2003,&#8221;section-page-subnavs&#8221;:2003},&#8221;Paywall&#8221;:{&#8220;paywall-status&#8221;:&#8221;free&#8221;},&#8221;_admin&#8221;:{&#8220;alias_ids&#8221;:[]},&#8221;metadata&#8221;:{&#8220;metadata_description&#8221;:&#8221;Stay up\u2011to\u2011date with the latest restaurant and takeaway reviews, industry features and dining trends in Ireland. Brought to you by Ireland\u2019s quality news brand, The Irish Times.&#8221;,&#8221;metadata_title&#8221;:&#8221;Restaurant Reviews &#038; Features | Dining Trends | The Irish Times&#8221;},&#8221;navigation&#8221;:{&#8220;nav_title&#8221;:&#8221;Restaurants&#8221;},&#8221;node_type&#8221;:&#8221;section&#8221;}},&#8221;_website_section_id&#8221;:&#8221;irishtimes.\/food\/restaurants&#8221;},{&#8220;_id&#8221;:&#8221;\/food&#8221;,&#8221;_website&#8221;:&#8221;irishtimes&#8221;,&#8221;type&#8221;:&#8221;section&#8221;,&#8221;version&#8221;:&#8221;0.6.0&#8243;,&#8221;name&#8221;:&#8221;Food&#8221;,&#8221;path&#8221;:&#8221;\/food&#8221;,&#8221;parent_id&#8221;:&#8221;https:\/\/www.irishtimes.com\/&#8221;,&#8221;parent&#8221;:{&#8220;default&#8221;:&#8221;https:\/\/www.irishtimes.com\/&#8221;},&#8221;additional_properties&#8221;:{&#8220;original&#8221;:{&#8220;_id&#8221;:&#8221;\/food&#8221;,&#8221;_website&#8221;:&#8221;irishtimes&#8221;,&#8221;name&#8221;:&#8221;Food&#8221;,&#8221;inactive&#8221;:false,&#8221;ancestors&#8221;:{&#8220;default&#8221;:[&#8220;https:\/\/www.irishtimes.com\/&#8221;],&#8221;navbar&#8221;:[],&#8221;+ add&#8221;:[&#8220;https:\/\/www.irishtimes.com\/&#8221;],&#8221;hamburger-menu&#8221;:[&#8220;https:\/\/www.irishtimes.com\/&#8221;],&#8221;App-Hamburger&#8221;:[&#8220;https:\/\/www.irishtimes.com\/&#8221;],&#8221;navbar-NU&#8221;:[],&#8221;Comopser&#8221;:[],&#8221;composer-relevant-sections&#8221;:[&#8220;https:\/\/www.irishtimes.com\/&#8221;],&#8221;section-page-subnavs&#8221;:[&#8220;https:\/\/www.irishtimes.com\/&#8221;],&#8221;sitemap-section&#8221;:[&#8220;https:\/\/www.irishtimes.com\/&#8221;],&#8221;HP-under-masthead&#8221;:[&#8220;https:\/\/www.irishtimes.com\/&#8221;],&#8221;App-Links-Navigation&#8221;:[&#8220;https:\/\/www.irishtimes.com\/&#8221;]},&#8221;parent&#8221;:{&#8220;default&#8221;:&#8221;https:\/\/www.irishtimes.com\/&#8221;,&#8221;+ add&#8221;:&#8221;https:\/\/www.irishtimes.com\/&#8221;,&#8221;hamburger-menu&#8221;:&#8221;https:\/\/www.irishtimes.com\/&#8221;,&#8221;App-Hamburger&#8221;:&#8221;https:\/\/www.irishtimes.com\/&#8221;,&#8221;navbar&#8221;:null,&#8221;navbar-NU&#8221;:null,&#8221;Comopser&#8221;:null,&#8221;composer-relevant-sections&#8221;:&#8221;https:\/\/www.irishtimes.com\/&#8221;,&#8221;section-page-subnavs&#8221;:&#8221;https:\/\/www.irishtimes.com\/&#8221;,&#8221;sitemap-section&#8221;:&#8221;https:\/\/www.irishtimes.com\/&#8221;,&#8221;HP-under-masthead&#8221;:&#8221;https:\/\/www.irishtimes.com\/&#8221;,&#8221;App-Links-Navigation&#8221;:&#8221;https:\/\/www.irishtimes.com\/&#8221;},&#8221;order&#8221;:{&#8220;default&#8221;:1006,&#8221;+ add&#8221;:1010,&#8221;hamburger-menu&#8221;:1014,&#8221;App-Hamburger&#8221;:1014,&#8221;navbar&#8221;:1008,&#8221;composer-relevant-sections&#8221;:1016,&#8221;section-page-subnavs&#8221;:1010,&#8221;sitemap-section&#8221;:1016,&#8221;HP-under-masthead&#8221;:1011,&#8221;App-Links-Navigation&#8221;:1012},&#8221;Article Promo&#8221;:{&#8220;content&#8221;:{&#8220;whatsapp&#8221;:&#8221;Join The Irish Times on <a href=\\\"https:\/\/www.whatsapp.com\/channel\/0029VaBlegFFXUuflSI6yL3d\\\" target=new>WhatsApp<\/a> and stay up to date&#8221;,&#8221;news&#8221;:&#8221;Get the <a href=\\\"https:\/\/www.irishtimes.com\/newsletters\/food-and-drink-club-newsletter\/\\\" target=new>Food &#038; Drink Club<\/a> newsletter for the tastiest recipes, reviews and offers&#8221;},&#8221;header_text&#8221;:null,&#8221;header_url&#8221;:null,&#8221;image&#8221;:null,&#8221;image_alt&#8221;:null},&#8221;Newsletter&#8221;:{&#8220;description&#8221;:&#8221;Exclusive competitions and restaurant offers, plus reviews, the latest food and drink news, recipes and lots more&#8221;,&#8221;headline&#8221;:&#8221;Food &#038; Drink Club&#8221;,&#8221;imageside&#8221;:&#8221;https:\/\/cloudfront-eu-central-1.images.arcpublishing.com\/irishtimes\/HYMBGGEVGZHRVE5F5HZQC2JAQA.png&#8221;,&#8221;imagetop&#8221;:&#8221;https:\/\/cloudfront-eu-central-1.images.arcpublishing.com\/irishtimes\/CXHWZGGIXRHG5AXI74KPCD3OSI.png&#8221;,&#8221;newsletterid&#8221;:&#8221;Food &#038; Drink club [75]&#8221;},&#8221;Paywall&#8221;:{&#8220;paywall-status&#8221;:&#8221;free&#8221;},&#8221;_admin&#8221;:{&#8220;alias_ids&#8221;:[&#8220;\/food&#8221;]},&#8221;metadata&#8221;:{&#8220;metadata_description&#8221;:&#8221;Stay up\u2011to\u2011date with the latest food news, recipes, expert features and dining guides covering Irish cuisine and global food culture. Brought to you by Ireland\u2019s quality news brand, The Irish Times.&#8221;,&#8221;metadata_title&#8221;:&#8221;Food | Recipes, Features &#038; Dining Guides | The Irish Times&#8221;},&#8221;navigation&#8221;:{&#8220;nav_title&#8221;:&#8221;Food&#8221;},&#8221;node_type&#8221;:&#8221;section&#8221;}},&#8221;_website_section_id&#8221;:&#8221;irishtimes.\/food&#8221;}],&#8221;seo_keywords&#8221;:[&#8220;Ballsbridge&#8221;,&#8221;Dublin restaurant reviews&#8221;],&#8221;sites&#8221;:[{&#8220;_id&#8221;:&#8221;\/food\/restaurants&#8221;,&#8221;type&#8221;:&#8221;site&#8221;,&#8221;version&#8221;:&#8221;0.5.8&#8243;,&#8221;name&#8221;:&#8221;Restaurants&#8221;,&#8221;path&#8221;:&#8221;\/food\/restaurants&#8221;,&#8221;parent_id&#8221;:&#8221;\/food&#8221;,&#8221;additional_properties&#8221;:{&#8220;original&#8221;:{&#8220;_id&#8221;:&#8221;\/food\/restaurants&#8221;,&#8221;name&#8221;:&#8221;Restaurants&#8221;,&#8221;inactive&#8221;:false,&#8221;ancestors&#8221;:{&#8220;hamburger-menu&#8221;:[&#8220;https:\/\/www.irishtimes.com\/&#8221;,&#8221;\/food&#8221;],&#8221;App-Hamburger&#8221;:[&#8220;https:\/\/www.irishtimes.com\/&#8221;,&#8221;\/food&#8221;],&#8221;Comopser&#8221;:[]},&#8221;parent&#8221;:{&#8220;default&#8221;:&#8221;\/food&#8221;,&#8221;hamburger-menu&#8221;:&#8221;\/food&#8221;,&#8221;App-Hamburger&#8221;:&#8221;\/food&#8221;,&#8221;navbar-NU&#8221;:null,&#8221;Comopser&#8221;:null,&#8221;composer-relevant-sections&#8221;:&#8221;\/food&#8221;,&#8221;section-page-subnavs&#8221;:&#8221;\/food&#8221;,&#8221;sitemap-section&#8221;:null},&#8221;order&#8221;:{&#8220;default&#8221;:2003,&#8221;hamburger-menu&#8221;:2003,&#8221;App-Hamburger&#8221;:2003,&#8221;composer-relevant-sections&#8221;:2003,&#8221;section-page-subnavs&#8221;:2003},&#8221;Paywall&#8221;:{&#8220;paywall-status&#8221;:&#8221;free&#8221;},&#8221;_admin&#8221;:{&#8220;alias_ids&#8221;:[]},&#8221;metadata&#8221;:{&#8220;metadata_description&#8221;:&#8221;Stay up\u2011to\u2011date with the latest restaurant and takeaway reviews, industry features and dining trends in Ireland. Brought to you by Ireland\u2019s quality news brand, The Irish Times.&#8221;,&#8221;metadata_title&#8221;:&#8221;Restaurant Reviews &#038; Features | Dining Trends | The Irish Times&#8221;},&#8221;navigation&#8221;:{&#8220;nav_title&#8221;:&#8221;Restaurants&#8221;}}}},{&#8220;_id&#8221;:&#8221;\/food&#8221;,&#8221;type&#8221;:&#8221;site&#8221;,&#8221;version&#8221;:&#8221;0.5.8&#8243;,&#8221;name&#8221;:&#8221;Food&#8221;,&#8221;path&#8221;:&#8221;\/food&#8221;,&#8221;parent_id&#8221;:&#8221;https:\/\/www.irishtimes.com\/&#8221;,&#8221;additional_properties&#8221;:{&#8220;original&#8221;:{&#8220;_id&#8221;:&#8221;\/food&#8221;,&#8221;name&#8221;:&#8221;Food&#8221;,&#8221;inactive&#8221;:false,&#8221;ancestors&#8221;:{&#8220;default&#8221;:[&#8220;https:\/\/www.irishtimes.com\/&#8221;],&#8221;navbar&#8221;:[],&#8221;+ add&#8221;:[&#8220;https:\/\/www.irishtimes.com\/&#8221;],&#8221;hamburger-menu&#8221;:[&#8220;https:\/\/www.irishtimes.com\/&#8221;],&#8221;App-Hamburger&#8221;:[&#8220;https:\/\/www.irishtimes.com\/&#8221;],&#8221;navbar-NU&#8221;:[],&#8221;Comopser&#8221;:[],&#8221;composer-relevant-sections&#8221;:[&#8220;https:\/\/www.irishtimes.com\/&#8221;],&#8221;section-page-subnavs&#8221;:[&#8220;https:\/\/www.irishtimes.com\/&#8221;],&#8221;sitemap-section&#8221;:[&#8220;https:\/\/www.irishtimes.com\/&#8221;],&#8221;HP-under-masthead&#8221;:[&#8220;https:\/\/www.irishtimes.com\/&#8221;],&#8221;App-Links-Navigation&#8221;:[&#8220;https:\/\/www.irishtimes.com\/&#8221;]},&#8221;parent&#8221;:{&#8220;default&#8221;:&#8221;https:\/\/www.irishtimes.com\/&#8221;,&#8221;+ add&#8221;:&#8221;https:\/\/www.irishtimes.com\/&#8221;,&#8221;hamburger-menu&#8221;:&#8221;https:\/\/www.irishtimes.com\/&#8221;,&#8221;App-Hamburger&#8221;:&#8221;https:\/\/www.irishtimes.com\/&#8221;,&#8221;navbar&#8221;:null,&#8221;navbar-NU&#8221;:null,&#8221;Comopser&#8221;:null,&#8221;composer-relevant-sections&#8221;:&#8221;https:\/\/www.irishtimes.com\/&#8221;,&#8221;section-page-subnavs&#8221;:&#8221;https:\/\/www.irishtimes.com\/&#8221;,&#8221;sitemap-section&#8221;:&#8221;https:\/\/www.irishtimes.com\/&#8221;,&#8221;HP-under-masthead&#8221;:&#8221;https:\/\/www.irishtimes.com\/&#8221;,&#8221;App-Links-Navigation&#8221;:&#8221;https:\/\/www.irishtimes.com\/&#8221;},&#8221;order&#8221;:{&#8220;default&#8221;:1006,&#8221;+ add&#8221;:1010,&#8221;hamburger-menu&#8221;:1014,&#8221;App-Hamburger&#8221;:1014,&#8221;navbar&#8221;:1008,&#8221;composer-relevant-sections&#8221;:1016,&#8221;section-page-subnavs&#8221;:1010,&#8221;sitemap-section&#8221;:1016,&#8221;HP-under-masthead&#8221;:1011,&#8221;App-Links-Navigation&#8221;:1012},&#8221;Article Promo&#8221;:{&#8220;content&#8221;:{&#8220;whatsapp&#8221;:&#8221;Join The Irish Times on <a href=\\\"https:\/\/www.whatsapp.com\/channel\/0029VaBlegFFXUuflSI6yL3d\\\" target=new>WhatsApp<\/a> and stay up to date&#8221;,&#8221;news&#8221;:&#8221;Get the <a href=\\\"https:\/\/www.irishtimes.com\/newsletters\/food-and-drink-club-newsletter\/\\\" target=new>Food &#038; Drink Club<\/a> newsletter for the tastiest recipes, reviews and offers&#8221;},&#8221;header_text&#8221;:null,&#8221;header_url&#8221;:null,&#8221;image&#8221;:null,&#8221;image_alt&#8221;:null},&#8221;Newsletter&#8221;:{&#8220;description&#8221;:&#8221;Exclusive competitions and restaurant offers, plus reviews, the latest food and drink news, recipes and lots more&#8221;,&#8221;headline&#8221;:&#8221;Food &#038; Drink Club&#8221;,&#8221;imageside&#8221;:&#8221;https:\/\/cloudfront-eu-central-1.images.arcpublishing.com\/irishtimes\/HYMBGGEVGZHRVE5F5HZQC2JAQA.png&#8221;,&#8221;imagetop&#8221;:&#8221;https:\/\/cloudfront-eu-central-1.images.arcpublishing.com\/irishtimes\/CXHWZGGIXRHG5AXI74KPCD3OSI.png&#8221;,&#8221;newsletterid&#8221;:&#8221;Food &#038; Drink club [75]&#8221;},&#8221;Paywall&#8221;:{&#8220;paywall-status&#8221;:&#8221;free&#8221;},&#8221;_admin&#8221;:{&#8220;alias_ids&#8221;:[&#8220;\/food&#8221;]},&#8221;metadata&#8221;:{&#8220;metadata_description&#8221;:&#8221;Stay up\u2011to\u2011date with the latest food news, recipes, expert features and dining guides covering Irish cuisine and global food culture. Brought to you by Ireland\u2019s quality news brand, The Irish Times.&#8221;,&#8221;metadata_title&#8221;:&#8221;Food | Recipes, Features &#038; Dining Guides | The Irish Times&#8221;},&#8221;navigation&#8221;:{&#8220;nav_title&#8221;:&#8221;Food&#8221;}}}}],&#8221;tags&#8221;:[{&#8220;_id&#8221;:&#8221;QLDVPFUF7NCTDMUCVFIGNWP5VY&#8221;,&#8221;description&#8221;:&#8221;Magazine&#8221;,&#8221;slug&#8221;:&#8221;magazine&#8221;,&#8221;text&#8221;:&#8221;Magazine&#8221;},{&#8220;_id&#8221;:&#8221;DYIIWLOJIJCBTL4OJH43PDMJ7Y&#8221;,&#8221;description&#8221;:&#8221;Ballsbridge&#8221;,&#8221;slug&#8221;:&#8221;ballsbridge&#8221;,&#8221;text&#8221;:&#8221;Ballsbridge&#8221;},{&#8220;_id&#8221;:&#8221;AWI62SUVEVBHLFAP5HUY7JQWKE&#8221;,&#8221;description&#8221;:&#8221;Dublin 4&#8243;,&#8221;slug&#8221;:&#8221;dublin-4&#8243;,&#8221;text&#8221;:&#8221;Dublin 4&#8243;},{&#8220;_id&#8221;:&#8221;64BEOHCAVVAPBITCSZTJGHUR3E&#8221;,&#8221;description&#8221;:&#8221;Restaurant reviews&#8221;,&#8221;slug&#8221;:&#8221;restaurant-reviews&#8221;,&#8221;text&#8221;:&#8221;Restaurant reviews&#8221;}]},&#8221;type&#8221;:&#8221;story&#8221;,&#8221;version&#8221;:&#8221;0.10.11&#8243;,&#8221;websites&#8221;:{&#8220;irishtimes&#8221;:{&#8220;website_section&#8221;:{&#8220;_id&#8221;:&#8221;\/food\/restaurants&#8221;,&#8221;_website&#8221;:&#8221;irishtimes&#8221;,&#8221;type&#8221;:&#8221;section&#8221;,&#8221;version&#8221;:&#8221;0.6.0&#8243;,&#8221;name&#8221;:&#8221;Restaurants&#8221;,&#8221;path&#8221;:&#8221;\/food\/restaurants&#8221;,&#8221;parent_id&#8221;:&#8221;\/food&#8221;,&#8221;parent&#8221;:{&#8220;default&#8221;:&#8221;\/food&#8221;},&#8221;additional_properties&#8221;:{&#8220;original&#8221;:{&#8220;_id&#8221;:&#8221;\/food\/restaurants&#8221;,&#8221;_website&#8221;:&#8221;irishtimes&#8221;,&#8221;name&#8221;:&#8221;Restaurants&#8221;,&#8221;inactive&#8221;:false,&#8221;ancestors&#8221;:{&#8220;hamburger-menu&#8221;:[&#8220;https:\/\/www.irishtimes.com\/&#8221;,&#8221;\/food&#8221;],&#8221;App-Hamburger&#8221;:[&#8220;https:\/\/www.irishtimes.com\/&#8221;,&#8221;\/food&#8221;],&#8221;Comopser&#8221;:[]},&#8221;parent&#8221;:{&#8220;default&#8221;:&#8221;\/food&#8221;,&#8221;hamburger-menu&#8221;:&#8221;\/food&#8221;,&#8221;App-Hamburger&#8221;:&#8221;\/food&#8221;,&#8221;navbar-NU&#8221;:null,&#8221;Comopser&#8221;:null,&#8221;composer-relevant-sections&#8221;:&#8221;\/food&#8221;,&#8221;section-page-subnavs&#8221;:&#8221;\/food&#8221;,&#8221;sitemap-section&#8221;:null},&#8221;order&#8221;:{&#8220;default&#8221;:2003,&#8221;hamburger-menu&#8221;:2003,&#8221;App-Hamburger&#8221;:2003,&#8221;composer-relevant-sections&#8221;:2003,&#8221;section-page-subnavs&#8221;:2003},&#8221;Paywall&#8221;:{&#8220;paywall-status&#8221;:&#8221;free&#8221;},&#8221;_admin&#8221;:{&#8220;alias_ids&#8221;:[]},&#8221;metadata&#8221;:{&#8220;metadata_description&#8221;:&#8221;Stay up\u2011to\u2011date with the latest restaurant and takeaway reviews, industry features and dining trends in Ireland. Brought to you by Ireland\u2019s quality news brand, The Irish Times.&#8221;,&#8221;metadata_title&#8221;:&#8221;Restaurant Reviews &#038; Features | Dining Trends | The Irish Times&#8221;},&#8221;navigation&#8221;:{&#8220;nav_title&#8221;:&#8221;Restaurants&#8221;},&#8221;node_type&#8221;:&#8221;section&#8221;}},&#8221;_website_section_id&#8221;:&#8221;irishtimes.\/food\/restaurants&#8221;},&#8221;website_url&#8221;:&#8221;https:\/\/www.irishtimes.com\/food\/restaurants\/review\/2025\/08\/28\/kiisaan-review-the-lamb-chops-thick-with-spice-and-smoke-are-among-the-best-in-ireland\/&#8221;}},&#8221;canonical_url&#8221;:&#8221;https:\/\/www.irishtimes.com\/food\/restaurants\/review\/2025\/08\/28\/kiisaan-review-the-lamb-chops-thick-with-spice-and-smoke-are-among-the-best-in-ireland\/&#8221;},{&#8220;additional_properties&#8221;:{&#8220;audio_duration&#8221;:154,&#8221;audio_url&#8221;:&#8221;https:\/\/cdn.beyondwords.io\/audio\/projects\/5469\/podcasts\/bb3967b0-36d6-4e6c-b622-d0eeb59c9efc\/versions\/1756396166\/media\/085e62ea9606771ce4b59929163ff504_compiled.mp3&#8243;,&#8221;has_published_copy&#8221;:true,&#8221;is_published&#8221;:false,&#8221;publish_date&#8221;:&#8221;2025-08-29T05:00:00.000Z&#8221;},&#8221;content_elements&#8221;:[],&#8221;_id&#8221;:&#8221;QBSIE7PY6RE6FDGTEQLB3V2KZ4&#8243;,&#8221;canonical_website&#8221;:&#8221;irishtimes&#8221;,&#8221;content_restrictions&#8221;:{&#8220;content_code&#8221;:&#8221;metered&#8221;},&#8221;credits&#8221;:{&#8220;by&#8221;:[{&#8220;_id&#8221;:&#8221;ed-power&#8221;,&#8221;type&#8221;:&#8221;author&#8221;,&#8221;version&#8221;:&#8221;0.5.8&#8243;,&#8221;name&#8221;:&#8221;Ed Power&#8221;,&#8221;image&#8221;:{&#8220;url&#8221;:&#8221;https:\/\/s3.amazonaws.com\/arc-authors\/irishtimes\/21880b1f-8d57-4b95-b94a-5bcf66549ccf.jpg&#8221;,&#8221;version&#8221;:&#8221;0.5.8&#8243;,&#8221;type&#8221;:&#8221;image&#8221;,&#8221;auth&#8221;:{&#8220;1&#8243;:&#8221;a01a922934c388215cf4722067dcf7fc06bc1004fda763889a11deada5caba4e&#8221;}},&#8221;description&#8221;:&#8221;Ed Power, a contributor to The Irish Times, writes about television, music and other cultural topics&#8221;,&#8221;url&#8221;:&#8221;\/author\/ed-power\/&#8221;,&#8221;slug&#8221;:&#8221;ed-power&#8221;,&#8221;social_links&#8221;:[{&#8220;site&#8221;:&#8221;email&#8221;,&#8221;url&#8221;:&#8221;arts@irishtimes.com&#8221;}],&#8221;socialLinks&#8221;:[{&#8220;site&#8221;:&#8221;email&#8221;,&#8221;url&#8221;:&#8221;arts@irishtimes.com&#8221;,&#8221;deprecated&#8221;:true,&#8221;deprecation_msg&#8221;:&#8221;Please use social_links.&#8221;}],&#8221;additional_properties&#8221;:{&#8220;original&#8221;:{&#8220;_id&#8221;:&#8221;ed-power&#8221;,&#8221;firstName&#8221;:&#8221;Ed&#8221;,&#8221;lastName&#8221;:&#8221;Power&#8221;,&#8221;byline&#8221;:&#8221;Ed Power&#8221;,&#8221;image&#8221;:&#8221;https:\/\/s3.amazonaws.com\/arc-authors\/irishtimes\/21880b1f-8d57-4b95-b94a-5bcf66549ccf.jpg&#8221;,&#8221;email&#8221;:&#8221;arts@irishtimes.com&#8221;,&#8221;affiliations&#8221;:&#8221;&#8221;,&#8221;education&#8221;:[],&#8221;awards&#8221;:[],&#8221;books&#8221;:[],&#8221;podcasts&#8221;:[],&#8221;bio_page&#8221;:&#8221;\/author\/ed-power\/&#8221;,&#8221;bio&#8221;:&#8221;Ed Power, a contributor to The Irish Times, writes about television, music and other cultural topics&#8221;,&#8221;longBio&#8221;:&#8221;Ed Power, a contributor to The Irish Times, writes about television, music and other cultural topics.&#8221;,&#8221;slug&#8221;:&#8221;ed-power&#8221;,&#8221;native_app_rendering&#8221;:false,&#8221;fuzzy_match&#8221;:false,&#8221;contributor&#8221;:false,&#8221;status&#8221;:true,&#8221;type&#8221;:&#8221;author&#8221;,&#8221;last_updated_date&#8221;:&#8221;2024-08-16T20:59:24.222Z&#8221;,&#8221;author_type&#8221;:&#8221;Contributor&#8221;,&#8221;role&#8221;:&#8221;Contributor&#8221;,&#8221;ansImage&#8221;:{&#8220;type&#8221;:&#8221;image&#8221;,&#8221;url&#8221;:&#8221;https:\/\/s3.amazonaws.com\/arc-authors\/irishtimes\/21880b1f-8d57-4b95-b94a-5bcf66549ccf.jpg&#8221;,&#8221;auth&#8221;:{&#8220;1&#8243;:&#8221;a01a922934c388215cf4722067dcf7fc06bc1004fda763889a11deada5caba4e&#8221;}}}}}]},&#8221;description&#8221;:{&#8220;basic&#8221;:&#8221;Television: A hollow page-turner adapted for film with all the zing of a lesser season of Inspector Morse&#8221;},&#8221;display_date&#8221;:&#8221;2025-08-29T05:00:00Z&#8221;,&#8221;distributor&#8221;:{&#8220;category&#8221;:&#8221;staff&#8221;,&#8221;name&#8221;:&#8221;irishtimes&#8221;,&#8221;subcategory&#8221;:&#8221;&#8221;},&#8221;headlines&#8221;:{&#8220;basic&#8221;:&#8221;Thursday Murder Club review: The weak link here, sadly, is the greatest James Bond of all&#8221;,&#8221;meta_title&#8221;:&#8221;&#8221;,&#8221;mobile&#8221;:&#8221;&#8221;,&#8221;native&#8221;:&#8221;&#8221;,&#8221;print&#8221;:&#8221;&#8221;,&#8221;table&#8221;:&#8221;&#8221;,&#8221;tablet&#8221;:&#8221;&#8221;,&#8221;web&#8221;:&#8221;&#8221;},&#8221;label&#8221;:{&#8220;audio_project_id&#8221;:{&#8220;display&#8221;:true,&#8221;text&#8221;:&#8221;5469&#8243;},&#8221;related_collection&#8221;:{&#8220;display&#8221;:true,&#8221;text&#8221;:&#8221;tv-radio-links&#8221;},&#8221;transparency&#8221;:{&#8220;display&#8221;:true,&#8221;text&#8221;:&#8221;Review&#8221;,&#8221;url&#8221;:&#8221;&#8221;}},&#8221;language&#8221;:&#8221;&#8221;,&#8221;owner&#8221;:{&#8220;sponsored&#8221;:false},&#8221;promo_items&#8221;:{&#8220;basic&#8221;:{&#8220;_id&#8221;:&#8221;5EIS5YGBEFK7CTWMZ4CWBY75FY&#8221;,&#8221;additional_properties&#8221;:{&#8220;expiration_date&#8221;:&#8221;2025-09-05T11:56:21Z&#8221;,&#8221;fullSizeResizeUrl&#8221;:&#8221;\/resizer\/v2\/5EIS5YGBEFK7CTWMZ4CWBY75FY.jpg?auth=4bb9ae34697ed460b08c111a82d967d17932b2cba0d6b78816e6886367cd98e1&#8243;,&#8221;galleries&#8221;:[],&#8221;iptc_job_identifier&#8221;:&#8221;pa-new-features\/SHOWBIZ Film Thursday Murder Club   12511937.JPG&#8221;,&#8221;iptc_source&#8221;:&#8221;PA&#8221;,&#8221;keywords&#8221;:[],&#8221;mime_type&#8221;:&#8221;application\/octet-stream&#8221;,&#8221;originalName&#8221;:&#8221;2a46a5a9-6636-4f4e-854c-442e1fd8c090&#8243;,&#8221;originalUrl&#8221;:&#8221;https:\/\/cloudfront-eu-central-1.images.arcpublishing.com\/irishtimes\/5EIS5YGBEFK7CTWMZ4CWBY75FY.jpg&#8221;,&#8221;proxyUrl&#8221;:&#8221;\/resizer\/v2\/5EIS5YGBEFK7CTWMZ4CWBY75FY.jpg?auth=4bb9ae34697ed460b08c111a82d967d17932b2cba0d6b78816e6886367cd98e1&#8243;,&#8221;published&#8221;:true,&#8221;resizeUrl&#8221;:&#8221;\/resizer\/v2\/5EIS5YGBEFK7CTWMZ4CWBY75FY.jpg?auth=4bb9ae34697ed460b08c111a82d967d17932b2cba0d6b78816e6886367cd98e1&#8243;,&#8221;restricted&#8221;:false,&#8221;takenOn&#8221;:&#8221;2025-08-22T12:35:23Z&#8221;,&#8221;thumbnailResizeUrl&#8221;:&#8221;\/resizer\/v2\/5EIS5YGBEFK7CTWMZ4CWBY75FY.jpg?auth=4bb9ae34697ed460b08c111a82d967d17932b2cba0d6b78816e6886367cd98e1&#038;width=300&#8243;,&#8221;version&#8221;:1,&#8221;focal_point&#8221;:{&#8220;max&#8221;:[1114,366],&#8221;min&#8221;:[1114,366]}},&#8221;address&#8221;:{},&#8221;auth&#8221;:{&#8220;1&#8243;:&#8221;4bb9ae34697ed460b08c111a82d967d17932b2cba0d6b78816e6886367cd98e1&#8243;},&#8221;caption&#8221;:&#8221;The Thursday Murder Club: Helen Mirren, Pierce Brosnan, Sir Ben Kingsley, Celia Imrie and Naomi Ackie star in the Netflix film. Photograph: Giles Keyte\/Netflix\/PA&#8221;,&#8221;copyright&#8221;:&#8221;Copyright remains with handout provider&#8221;,&#8221;created_date&#8221;:&#8221;2025-08-22T11:56:22Z&#8221;,&#8221;credits&#8221;:{&#8220;affiliation&#8221;:[{&#8220;name&#8221;:&#8221;PA&#8221;,&#8221;type&#8221;:&#8221;author&#8221;}],&#8221;by&#8221;:[{&#8220;name&#8221;:&#8221;Giles Keyte\/Netflix. All Rights Reserved&#8221;,&#8221;org&#8221;:&#8221;PA&#8221;,&#8221;type&#8221;:&#8221;author&#8221;}]},&#8221;distributor&#8221;:{&#8220;mode&#8221;:&#8221;reference&#8221;,&#8221;reference_id&#8221;:&#8221;c26dbefb-b0f0-460f-8a03-40800bfe2647&#8243;},&#8221;geo&#8221;:{},&#8221;height&#8221;:1183,&#8221;image_type&#8221;:&#8221;photograph&#8221;,&#8221;last_updated_date&#8221;:&#8221;2025-08-28T15:34:49Z&#8221;,&#8221;licensable&#8221;:false,&#8221;owner&#8221;:{&#8220;sponsored&#8221;:false},&#8221;slug&#8221;:&#8221;showbiz-film-thursday-murder-club&#8221;,&#8221;source&#8221;:{&#8220;name&#8221;:&#8221;PA &#8211; Press Association&#8221;,&#8221;source_id&#8221;:&#8221;SHOWBIZ&#8221;,&#8221;source_type&#8221;:&#8221;wires&#8221;,&#8221;additional_properties&#8221;:{&#8220;editor&#8221;:&#8221;photo center&#8221;},&#8221;system&#8221;:&#8221;Press Association&#8221;},&#8221;subtitle&#8221;:&#8221;Showbiz Film Thursday Murder Club&#8221;,&#8221;taxonomy&#8221;:{&#8220;associated_tasks&#8221;:[]},&#8221;type&#8221;:&#8221;image&#8221;,&#8221;url&#8221;:&#8221;https:\/\/cloudfront-eu-central-1.images.arcpublishing.com\/irishtimes\/5EIS5YGBEFK7CTWMZ4CWBY75FY.jpg&#8221;,&#8221;version&#8221;:&#8221;0.10.9&#8243;,&#8221;width&#8221;:2005,&#8221;focal_point&#8221;:{&#8220;x&#8221;:1114,&#8221;y&#8221;:366}}},&#8221;publish_date&#8221;:&#8221;2025-08-29T05:00:00.000Z&#8221;,&#8221;revision&#8221;:{&#8220;published&#8221;:true,&#8221;revision_id&#8221;:&#8221;6JEAR5F3SZBVNAAFKYD2BKQYSE&#8221;},&#8221;subheadlines&#8221;:{&#8220;basic&#8221;:&#8221;Television: A hollow page-turner adapted for film with all the zing of a lesser season of Inspector Morse&#8221;},&#8221;subtype&#8221;:&#8221;columnist&#8221;,&#8221;taxonomy&#8221;:{&#8220;primary_section&#8221;:{&#8220;_id&#8221;:&#8221;\/culture\/tv-radio&#8221;,&#8221;_website&#8221;:&#8221;irishtimes&#8221;,&#8221;type&#8221;:&#8221;section&#8221;,&#8221;version&#8221;:&#8221;0.6.0&#8243;,&#8221;name&#8221;:&#8221;TV &#038; Radio&#8221;,&#8221;path&#8221;:&#8221;\/culture\/tv-radio&#8221;,&#8221;parent_id&#8221;:&#8221;\/culture&#8221;,&#8221;parent&#8221;:{&#8220;default&#8221;:&#8221;\/culture&#8221;},&#8221;additional_properties&#8221;:{&#8220;original&#8221;:{&#8220;_id&#8221;:&#8221;\/culture\/tv-radio&#8221;,&#8221;_website&#8221;:&#8221;irishtimes&#8221;,&#8221;name&#8221;:&#8221;TV &#038; Radio&#8221;,&#8221;inactive&#8221;:false,&#8221;ancestors&#8221;:{&#8220;default&#8221;:[&#8220;\/culture&#8221;],&#8221;hamburger-menu&#8221;:[&#8220;https:\/\/www.irishtimes.com\/&#8221;,&#8221;\/culture&#8221;],&#8221;App-Hamburger&#8221;:[&#8220;https:\/\/www.irishtimes.com\/&#8221;,&#8221;\/culture&#8221;],&#8221;Mobile-Links-Navigation&#8221;:[],&#8221;navbar&#8221;:[],&#8221;navbar-NU&#8221;:[],&#8221;Comopser&#8221;:[],&#8221;composer-relevant-sections&#8221;:[&#8220;\/culture&#8221;],&#8221;section-page-subnavs&#8221;:[&#8220;\/culture&#8221;],&#8221;sitemap-section&#8221;:[]},&#8221;parent&#8221;:{&#8220;default&#8221;:&#8221;\/culture&#8221;,&#8221;hamburger-menu&#8221;:&#8221;\/culture&#8221;,&#8221;App-Hamburger&#8221;:&#8221;\/culture&#8221;,&#8221;Mobile-Links-Navigation&#8221;:null,&#8221;navbar&#8221;:null,&#8221;navbar-NU&#8221;:null,&#8221;Comopser&#8221;:null,&#8221;composer-relevant-sections&#8221;:&#8221;\/culture&#8221;,&#8221;section-page-subnavs&#8221;:&#8221;\/culture&#8221;,&#8221;sitemap-section&#8221;:null},&#8221;order&#8221;:{&#8220;default&#8221;:2006,&#8221;hamburger-menu&#8221;:2006,&#8221;App-Hamburger&#8221;:2006,&#8221;composer-relevant-sections&#8221;:2006,&#8221;section-page-subnavs&#8221;:2006},&#8221;Paywall&#8221;:{&#8220;paywall-status&#8221;:&#8221;free&#8221;},&#8221;_admin&#8221;:{&#8220;alias_ids&#8221;:[&#8220;\/culture\/tv-radio&#8221;]},&#8221;metadata&#8221;:{&#8220;metadata_description&#8221;:&#8221;Stay up\u2011to\u2011date with the latest TV &#038; radio news, in\u2011depth features, interviews and reviews on Irish and international broadcast programmes. Brought to you by Ireland\u2019s quality news brand, The Irish Times.&#8221;,&#8221;metadata_title&#8221;:&#8221;TV &#038; Radio News &#038; Features | Irish &#038; International Broadcast | The Irish Times&#8221;},&#8221;navigation&#8221;:{&#8220;nav_title&#8221;:&#8221;TV &#038; Radio&#8221;},&#8221;node_type&#8221;:&#8221;section&#8221;}},&#8221;_website_section_id&#8221;:&#8221;irishtimes.\/culture\/tv-radio&#8221;},&#8221;primary_site&#8221;:{&#8220;_id&#8221;:&#8221;\/culture\/tv-radio&#8221;,&#8221;type&#8221;:&#8221;site&#8221;,&#8221;version&#8221;:&#8221;0.5.8&#8243;,&#8221;name&#8221;:&#8221;TV &#038; Radio&#8221;,&#8221;path&#8221;:&#8221;\/culture\/tv-radio&#8221;,&#8221;parent_id&#8221;:&#8221;\/culture&#8221;,&#8221;additional_properties&#8221;:{&#8220;original&#8221;:{&#8220;_id&#8221;:&#8221;\/culture\/tv-radio&#8221;,&#8221;name&#8221;:&#8221;TV &#038; Radio&#8221;,&#8221;inactive&#8221;:false,&#8221;ancestors&#8221;:{&#8220;default&#8221;:[&#8220;\/culture&#8221;],&#8221;hamburger-menu&#8221;:[&#8220;https:\/\/www.irishtimes.com\/&#8221;,&#8221;\/culture&#8221;],&#8221;App-Hamburger&#8221;:[&#8220;https:\/\/www.irishtimes.com\/&#8221;,&#8221;\/culture&#8221;],&#8221;Mobile-Links-Navigation&#8221;:[],&#8221;navbar&#8221;:[],&#8221;navbar-NU&#8221;:[],&#8221;Comopser&#8221;:[],&#8221;composer-relevant-sections&#8221;:[&#8220;\/culture&#8221;],&#8221;section-page-subnavs&#8221;:[&#8220;\/culture&#8221;],&#8221;sitemap-section&#8221;:[]},&#8221;parent&#8221;:{&#8220;default&#8221;:&#8221;\/culture&#8221;,&#8221;hamburger-menu&#8221;:&#8221;\/culture&#8221;,&#8221;App-Hamburger&#8221;:&#8221;\/culture&#8221;,&#8221;Mobile-Links-Navigation&#8221;:null,&#8221;navbar&#8221;:null,&#8221;navbar-NU&#8221;:null,&#8221;Comopser&#8221;:null,&#8221;composer-relevant-sections&#8221;:&#8221;\/culture&#8221;,&#8221;section-page-subnavs&#8221;:&#8221;\/culture&#8221;,&#8221;sitemap-section&#8221;:null},&#8221;order&#8221;:{&#8220;default&#8221;:2006,&#8221;hamburger-menu&#8221;:2006,&#8221;App-Hamburger&#8221;:2006,&#8221;composer-relevant-sections&#8221;:2006,&#8221;section-page-subnavs&#8221;:2006},&#8221;Paywall&#8221;:{&#8220;paywall-status&#8221;:&#8221;free&#8221;},&#8221;_admin&#8221;:{&#8220;alias_ids&#8221;:[&#8220;\/culture\/tv-radio&#8221;]},&#8221;metadata&#8221;:{&#8220;metadata_description&#8221;:&#8221;Stay up\u2011to\u2011date with the latest TV &#038; radio news, in\u2011depth features, interviews and reviews on Irish and international broadcast programmes. Brought to you by Ireland\u2019s quality news brand, The Irish Times.&#8221;,&#8221;metadata_title&#8221;:&#8221;TV &#038; Radio News &#038; Features | Irish &#038; International Broadcast | The Irish Times&#8221;},&#8221;navigation&#8221;:{&#8220;nav_title&#8221;:&#8221;TV &#038; Radio&#8221;}}}},&#8221;sections&#8221;:[{&#8220;_id&#8221;:&#8221;\/culture\/tv-radio&#8221;,&#8221;_website&#8221;:&#8221;irishtimes&#8221;,&#8221;type&#8221;:&#8221;section&#8221;,&#8221;version&#8221;:&#8221;0.6.0&#8243;,&#8221;name&#8221;:&#8221;TV &#038; Radio&#8221;,&#8221;path&#8221;:&#8221;\/culture\/tv-radio&#8221;,&#8221;parent_id&#8221;:&#8221;\/culture&#8221;,&#8221;parent&#8221;:{&#8220;default&#8221;:&#8221;\/culture&#8221;},&#8221;additional_properties&#8221;:{&#8220;original&#8221;:{&#8220;_id&#8221;:&#8221;\/culture\/tv-radio&#8221;,&#8221;_website&#8221;:&#8221;irishtimes&#8221;,&#8221;name&#8221;:&#8221;TV &#038; Radio&#8221;,&#8221;inactive&#8221;:false,&#8221;ancestors&#8221;:{&#8220;default&#8221;:[&#8220;\/culture&#8221;],&#8221;hamburger-menu&#8221;:[&#8220;https:\/\/www.irishtimes.com\/&#8221;,&#8221;\/culture&#8221;],&#8221;App-Hamburger&#8221;:[&#8220;https:\/\/www.irishtimes.com\/&#8221;,&#8221;\/culture&#8221;],&#8221;Mobile-Links-Navigation&#8221;:[],&#8221;navbar&#8221;:[],&#8221;navbar-NU&#8221;:[],&#8221;Comopser&#8221;:[],&#8221;composer-relevant-sections&#8221;:[&#8220;\/culture&#8221;],&#8221;section-page-subnavs&#8221;:[&#8220;\/culture&#8221;],&#8221;sitemap-section&#8221;:[]},&#8221;parent&#8221;:{&#8220;default&#8221;:&#8221;\/culture&#8221;,&#8221;hamburger-menu&#8221;:&#8221;\/culture&#8221;,&#8221;App-Hamburger&#8221;:&#8221;\/culture&#8221;,&#8221;Mobile-Links-Navigation&#8221;:null,&#8221;navbar&#8221;:null,&#8221;navbar-NU&#8221;:null,&#8221;Comopser&#8221;:null,&#8221;composer-relevant-sections&#8221;:&#8221;\/culture&#8221;,&#8221;section-page-subnavs&#8221;:&#8221;\/culture&#8221;,&#8221;sitemap-section&#8221;:null},&#8221;order&#8221;:{&#8220;default&#8221;:2006,&#8221;hamburger-menu&#8221;:2006,&#8221;App-Hamburger&#8221;:2006,&#8221;composer-relevant-sections&#8221;:2006,&#8221;section-page-subnavs&#8221;:2006},&#8221;Paywall&#8221;:{&#8220;paywall-status&#8221;:&#8221;free&#8221;},&#8221;_admin&#8221;:{&#8220;alias_ids&#8221;:[&#8220;\/culture\/tv-radio&#8221;]},&#8221;metadata&#8221;:{&#8220;metadata_description&#8221;:&#8221;Stay up\u2011to\u2011date with the latest TV &#038; radio news, in\u2011depth features, interviews and reviews on Irish and international broadcast programmes. Brought to you by Ireland\u2019s quality news brand, The Irish Times.&#8221;,&#8221;metadata_title&#8221;:&#8221;TV &#038; Radio News &#038; Features | Irish &#038; International Broadcast | The Irish Times&#8221;},&#8221;navigation&#8221;:{&#8220;nav_title&#8221;:&#8221;TV &#038; Radio&#8221;},&#8221;node_type&#8221;:&#8221;section&#8221;}},&#8221;_website_section_id&#8221;:&#8221;irishtimes.\/culture\/tv-radio&#8221;},{&#8220;_id&#8221;:&#8221;\/culture&#8221;,&#8221;_website&#8221;:&#8221;irishtimes&#8221;,&#8221;type&#8221;:&#8221;section&#8221;,&#8221;version&#8221;:&#8221;0.6.0&#8243;,&#8221;name&#8221;:&#8221;Culture&#8221;,&#8221;path&#8221;:&#8221;\/culture&#8221;,&#8221;parent_id&#8221;:&#8221;https:\/\/www.irishtimes.com\/&#8221;,&#8221;parent&#8221;:{&#8220;default&#8221;:&#8221;https:\/\/www.irishtimes.com\/&#8221;},&#8221;additional_properties&#8221;:{&#8220;original&#8221;:{&#8220;_id&#8221;:&#8221;\/culture&#8221;,&#8221;_website&#8221;:&#8221;irishtimes&#8221;,&#8221;name&#8221;:&#8221;Culture&#8221;,&#8221;inactive&#8221;:false,&#8221;ancestors&#8221;:{&#8220;default&#8221;:[&#8220;https:\/\/www.irishtimes.com\/&#8221;],&#8221;links-bar&#8221;:[],&#8221;navbar&#8221;:[],&#8221;hamburger-menu&#8221;:[&#8220;https:\/\/www.irishtimes.com\/&#8221;],&#8221;Mobile-Links-Navigation&#8221;:[],&#8221;App-Hamburger&#8221;:[&#8220;https:\/\/www.irishtimes.com\/&#8221;],&#8221;navbar-NU&#8221;:[],&#8221;Comopser&#8221;:[],&#8221;composer-relevant-sections&#8221;:[&#8220;https:\/\/www.irishtimes.com\/&#8221;],&#8221;section-page-subnavs&#8221;:[&#8220;https:\/\/www.irishtimes.com\/&#8221;],&#8221;App-Links-Navigation&#8221;:[&#8220;https:\/\/www.irishtimes.com\/&#8221;],&#8221;sitemap-section&#8221;:[&#8220;https:\/\/www.irishtimes.com\/&#8221;],&#8221;HP-under-masthead&#8221;:[&#8220;https:\/\/www.irishtimes.com\/&#8221;]},&#8221;parent&#8221;:{&#8220;default&#8221;:&#8221;https:\/\/www.irishtimes.com\/&#8221;,&#8221;Mobile-Links-Navigation&#8221;:null,&#8221;App-Hamburger&#8221;:&#8221;https:\/\/www.irishtimes.com\/&#8221;,&#8221;hamburger-menu&#8221;:&#8221;https:\/\/www.irishtimes.com\/&#8221;,&#8221;navbar&#8221;:null,&#8221;navbar-NU&#8221;:null,&#8221;Comopser&#8221;:null,&#8221;composer-relevant-sections&#8221;:&#8221;https:\/\/www.irishtimes.com\/&#8221;,&#8221;section-page-subnavs&#8221;:&#8221;https:\/\/www.irishtimes.com\/&#8221;,&#8221;App-Links-Navigation&#8221;:&#8221;https:\/\/www.irishtimes.com\/&#8221;,&#8221;sitemap-section&#8221;:&#8221;https:\/\/www.irishtimes.com\/&#8221;,&#8221;HP-under-masthead&#8221;:&#8221;https:\/\/www.irishtimes.com\/&#8221;},&#8221;order&#8221;:{&#8220;default&#8221;:1004,&#8221;+ add&#8221;:1009,&#8221;App-Hamburger&#8221;:1017,&#8221;hamburger-menu&#8221;:1017,&#8221;navbar&#8221;:1001,&#8221;composer-relevant-sections&#8221;:1014,&#8221;section-page-subnavs&#8221;:1013,&#8221;App-Links-Navigation&#8221;:1009,&#8221;sitemap-section&#8221;:1014,&#8221;HP-under-masthead&#8221;:1008},&#8221;Newsletter&#8221;:{&#8220;description&#8221;:&#8221;Sign up to the Irish Times books newsletter for features, podcasts and more&#8221;,&#8221;headline&#8221;:&#8221;Book Club&#8221;,&#8221;imageside&#8221;:&#8221;https:\/\/irishtimes-irishtimes-prod.cdn.arcpublishing.com\/resizer\/t1B3oP9mDm5T_WnwFGB0XcR3GaQ=\/arc-photo-irishtimes\/eu-central-1-prod\/public\/OACS3AMXAZAU5IJWIED4LGZP6U.jpg&#8221;,&#8221;imagetop&#8221;:&#8221;https:\/\/cloudfront-eu-central-1.images.arcpublishing.com\/irishtimes\/SJQTLMCMMRC2PLALXUKEWWS6HU.png&#8221;,&#8221;newsletterid&#8221;:&#8221;Book Club [17]&#8221;,&#8221;newsletterpremium&#8221;:&#8221;false&#8221;},&#8221;Paywall&#8221;:{&#8220;paywall-status&#8221;:&#8221;free&#8221;},&#8221;_admin&#8221;:{&#8220;alias_ids&#8221;:[&#8220;\/culture&#8221;]},&#8221;metadata&#8221;:{&#8220;metadata_description&#8221;:&#8221;Stay up\u2011to\u2011date with the latest culture news and in\u2011depth features covering Irish and global arts, film, music, literature and theatre. Brought to you by Ireland\u2019s quality news brand, The Irish Times.&#8221;,&#8221;metadata_title&#8221;:&#8221;Culture News &#038; Features | Arts, Film, Music &#038; Theatre | The Irish Times&#8221;},&#8221;navigation&#8221;:{&#8220;nav_title&#8221;:&#8221;Culture&#8221;},&#8221;node_type&#8221;:&#8221;section&#8221;}},&#8221;_website_section_id&#8221;:&#8221;irishtimes.\/culture&#8221;}],&#8221;sites&#8221;:[{&#8220;_id&#8221;:&#8221;\/culture\/tv-radio&#8221;,&#8221;type&#8221;:&#8221;site&#8221;,&#8221;version&#8221;:&#8221;0.5.8&#8243;,&#8221;name&#8221;:&#8221;TV &#038; Radio&#8221;,&#8221;path&#8221;:&#8221;\/culture\/tv-radio&#8221;,&#8221;parent_id&#8221;:&#8221;\/culture&#8221;,&#8221;additional_properties&#8221;:{&#8220;original&#8221;:{&#8220;_id&#8221;:&#8221;\/culture\/tv-radio&#8221;,&#8221;name&#8221;:&#8221;TV &#038; Radio&#8221;,&#8221;inactive&#8221;:false,&#8221;ancestors&#8221;:{&#8220;default&#8221;:[&#8220;\/culture&#8221;],&#8221;hamburger-menu&#8221;:[&#8220;https:\/\/www.irishtimes.com\/&#8221;,&#8221;\/culture&#8221;],&#8221;App-Hamburger&#8221;:[&#8220;https:\/\/www.irishtimes.com\/&#8221;,&#8221;\/culture&#8221;],&#8221;Mobile-Links-Navigation&#8221;:[],&#8221;navbar&#8221;:[],&#8221;navbar-NU&#8221;:[],&#8221;Comopser&#8221;:[],&#8221;composer-relevant-sections&#8221;:[&#8220;\/culture&#8221;],&#8221;section-page-subnavs&#8221;:[&#8220;\/culture&#8221;],&#8221;sitemap-section&#8221;:[]},&#8221;parent&#8221;:{&#8220;default&#8221;:&#8221;\/culture&#8221;,&#8221;hamburger-menu&#8221;:&#8221;\/culture&#8221;,&#8221;App-Hamburger&#8221;:&#8221;\/culture&#8221;,&#8221;Mobile-Links-Navigation&#8221;:null,&#8221;navbar&#8221;:null,&#8221;navbar-NU&#8221;:null,&#8221;Comopser&#8221;:null,&#8221;composer-relevant-sections&#8221;:&#8221;\/culture&#8221;,&#8221;section-page-subnavs&#8221;:&#8221;\/culture&#8221;,&#8221;sitemap-section&#8221;:null},&#8221;order&#8221;:{&#8220;default&#8221;:2006,&#8221;hamburger-menu&#8221;:2006,&#8221;App-Hamburger&#8221;:2006,&#8221;composer-relevant-sections&#8221;:2006,&#8221;section-page-subnavs&#8221;:2006},&#8221;Paywall&#8221;:{&#8220;paywall-status&#8221;:&#8221;free&#8221;},&#8221;_admin&#8221;:{&#8220;alias_ids&#8221;:[&#8220;\/culture\/tv-radio&#8221;]},&#8221;metadata&#8221;:{&#8220;metadata_description&#8221;:&#8221;Stay up\u2011to\u2011date with the latest TV &#038; radio news, in\u2011depth features, interviews and reviews on Irish and international broadcast programmes. Brought to you by Ireland\u2019s quality news brand, The Irish Times.&#8221;,&#8221;metadata_title&#8221;:&#8221;TV &#038; Radio News &#038; Features | Irish &#038; International Broadcast | The Irish Times&#8221;},&#8221;navigation&#8221;:{&#8220;nav_title&#8221;:&#8221;TV &#038; Radio&#8221;}}}},{&#8220;_id&#8221;:&#8221;\/culture&#8221;,&#8221;type&#8221;:&#8221;site&#8221;,&#8221;version&#8221;:&#8221;0.5.8&#8243;,&#8221;name&#8221;:&#8221;Culture&#8221;,&#8221;path&#8221;:&#8221;\/culture&#8221;,&#8221;parent_id&#8221;:&#8221;https:\/\/www.irishtimes.com\/&#8221;,&#8221;additional_properties&#8221;:{&#8220;original&#8221;:{&#8220;_id&#8221;:&#8221;\/culture&#8221;,&#8221;name&#8221;:&#8221;Culture&#8221;,&#8221;inactive&#8221;:false,&#8221;ancestors&#8221;:{&#8220;default&#8221;:[&#8220;https:\/\/www.irishtimes.com\/&#8221;],&#8221;links-bar&#8221;:[],&#8221;navbar&#8221;:[],&#8221;hamburger-menu&#8221;:[&#8220;https:\/\/www.irishtimes.com\/&#8221;],&#8221;Mobile-Links-Navigation&#8221;:[],&#8221;App-Hamburger&#8221;:[&#8220;https:\/\/www.irishtimes.com\/&#8221;],&#8221;navbar-NU&#8221;:[],&#8221;Comopser&#8221;:[],&#8221;composer-relevant-sections&#8221;:[&#8220;https:\/\/www.irishtimes.com\/&#8221;],&#8221;section-page-subnavs&#8221;:[&#8220;https:\/\/www.irishtimes.com\/&#8221;],&#8221;App-Links-Navigation&#8221;:[&#8220;https:\/\/www.irishtimes.com\/&#8221;],&#8221;sitemap-section&#8221;:[&#8220;https:\/\/www.irishtimes.com\/&#8221;],&#8221;HP-under-masthead&#8221;:[&#8220;https:\/\/www.irishtimes.com\/&#8221;]},&#8221;parent&#8221;:{&#8220;default&#8221;:&#8221;https:\/\/www.irishtimes.com\/&#8221;,&#8221;Mobile-Links-Navigation&#8221;:null,&#8221;App-Hamburger&#8221;:&#8221;https:\/\/www.irishtimes.com\/&#8221;,&#8221;hamburger-menu&#8221;:&#8221;https:\/\/www.irishtimes.com\/&#8221;,&#8221;navbar&#8221;:null,&#8221;navbar-NU&#8221;:null,&#8221;Comopser&#8221;:null,&#8221;composer-relevant-sections&#8221;:&#8221;https:\/\/www.irishtimes.com\/&#8221;,&#8221;section-page-subnavs&#8221;:&#8221;https:\/\/www.irishtimes.com\/&#8221;,&#8221;App-Links-Navigation&#8221;:&#8221;https:\/\/www.irishtimes.com\/&#8221;,&#8221;sitemap-section&#8221;:&#8221;https:\/\/www.irishtimes.com\/&#8221;,&#8221;HP-under-masthead&#8221;:&#8221;https:\/\/www.irishtimes.com\/&#8221;},&#8221;order&#8221;:{&#8220;default&#8221;:1004,&#8221;+ add&#8221;:1009,&#8221;App-Hamburger&#8221;:1017,&#8221;hamburger-menu&#8221;:1017,&#8221;navbar&#8221;:1001,&#8221;composer-relevant-sections&#8221;:1014,&#8221;section-page-subnavs&#8221;:1013,&#8221;App-Links-Navigation&#8221;:1009,&#8221;sitemap-section&#8221;:1014,&#8221;HP-under-masthead&#8221;:1008},&#8221;Newsletter&#8221;:{&#8220;description&#8221;:&#8221;Sign up to the Irish Times books newsletter for features, podcasts and more&#8221;,&#8221;headline&#8221;:&#8221;Book Club&#8221;,&#8221;imageside&#8221;:&#8221;https:\/\/irishtimes-irishtimes-prod.cdn.arcpublishing.com\/resizer\/t1B3oP9mDm5T_WnwFGB0XcR3GaQ=\/arc-photo-irishtimes\/eu-central-1-prod\/public\/OACS3AMXAZAU5IJWIED4LGZP6U.jpg&#8221;,&#8221;imagetop&#8221;:&#8221;https:\/\/cloudfront-eu-central-1.images.arcpublishing.com\/irishtimes\/SJQTLMCMMRC2PLALXUKEWWS6HU.png&#8221;,&#8221;newsletterid&#8221;:&#8221;Book Club [17]&#8221;,&#8221;newsletterpremium&#8221;:&#8221;false&#8221;},&#8221;Paywall&#8221;:{&#8220;paywall-status&#8221;:&#8221;free&#8221;},&#8221;_admin&#8221;:{&#8220;alias_ids&#8221;:[&#8220;\/culture&#8221;]},&#8221;metadata&#8221;:{&#8220;metadata_description&#8221;:&#8221;Stay up\u2011to\u2011date with the latest culture news and in\u2011depth features covering Irish and global arts, film, music, literature and theatre. Brought to you by Ireland\u2019s quality news brand, The Irish Times.&#8221;,&#8221;metadata_title&#8221;:&#8221;Culture News &#038; Features | Arts, Film, Music &#038; Theatre | The Irish Times&#8221;},&#8221;navigation&#8221;:{&#8220;nav_title&#8221;:&#8221;Culture&#8221;}}}}],&#8221;tags&#8221;:[{&#8220;_id&#8221;:&#8221;H3UPDOR4LFFKXF4WMNTYMTX36M&#8221;,&#8221;description&#8221;:&#8221;Streaming service&#8221;,&#8221;slug&#8221;:&#8221;netflix&#8221;,&#8221;text&#8221;:&#8221;Netflix&#8221;},{&#8220;_id&#8221;:&#8221;QLHWNWEYSBGELE4VXRO3KJ6FMQ&#8221;,&#8221;description&#8221;:&#8221;Steven Spielberg&#8221;,&#8221;slug&#8221;:&#8221;steven-spielberg&#8221;,&#8221;text&#8221;:&#8221;Steven Spielberg&#8221;},{&#8220;_id&#8221;:&#8221;TUJKPDMV75HMLCGROVKBFEZWW4&#8243;,&#8221;description&#8221;:&#8221;Helen Mirren&#8221;,&#8221;slug&#8221;:&#8221;helen-mirren&#8221;,&#8221;text&#8221;:&#8221;Helen Mirren&#8221;},{&#8220;_id&#8221;:&#8221;GAYKK5TUTFASJINTYYV7G75MHM&#8221;,&#8221;description&#8221;:&#8221;Jonathan Pryce&#8221;,&#8221;slug&#8221;:&#8221;jonathan-pryce&#8221;,&#8221;text&#8221;:&#8221;Jonathan Pryce&#8221;},{&#8220;_id&#8221;:&#8221;O7LVEE2SVNDZXLPSN4IXBBVHFI&#8221;,&#8221;description&#8221;:&#8221;Ben Kingsley&#8221;,&#8221;slug&#8221;:&#8221;ben-kingsley&#8221;,&#8221;text&#8221;:&#8221;Ben Kingsley&#8221;},{&#8220;_id&#8221;:&#8221;BMWNFXLISZHVLKQA6A4N7J5CYA&#8221;,&#8221;description&#8221;:&#8221;David Tennant&#8221;,&#8221;slug&#8221;:&#8221;david-tennant&#8221;,&#8221;text&#8221;:&#8221;David Tennant&#8221;},{&#8220;_id&#8221;:&#8221;VH33E7VEQNATBHED4OIYF7PP4I&#8221;,&#8221;description&#8221;:&#8221;Actor&#8221;,&#8221;slug&#8221;:&#8221;pierce-brosnan&#8221;,&#8221;text&#8221;:&#8221;Pierce Brosnan&#8221;}]},&#8221;type&#8221;:&#8221;story&#8221;,&#8221;version&#8221;:&#8221;0.10.11&#8243;,&#8221;websites&#8221;:{&#8220;irishtimes&#8221;:{&#8220;website_section&#8221;:{&#8220;_id&#8221;:&#8221;\/culture\/tv-radio&#8221;,&#8221;_website&#8221;:&#8221;irishtimes&#8221;,&#8221;type&#8221;:&#8221;section&#8221;,&#8221;version&#8221;:&#8221;0.6.0&#8243;,&#8221;name&#8221;:&#8221;TV &#038; Radio&#8221;,&#8221;path&#8221;:&#8221;\/culture\/tv-radio&#8221;,&#8221;parent_id&#8221;:&#8221;\/culture&#8221;,&#8221;parent&#8221;:{&#8220;default&#8221;:&#8221;\/culture&#8221;},&#8221;additional_properties&#8221;:{&#8220;original&#8221;:{&#8220;_id&#8221;:&#8221;\/culture\/tv-radio&#8221;,&#8221;_website&#8221;:&#8221;irishtimes&#8221;,&#8221;name&#8221;:&#8221;TV &#038; Radio&#8221;,&#8221;inactive&#8221;:false,&#8221;ancestors&#8221;:{&#8220;default&#8221;:[&#8220;\/culture&#8221;],&#8221;hamburger-menu&#8221;:[&#8220;https:\/\/www.irishtimes.com\/&#8221;,&#8221;\/culture&#8221;],&#8221;App-Hamburger&#8221;:[&#8220;https:\/\/www.irishtimes.com\/&#8221;,&#8221;\/culture&#8221;],&#8221;Mobile-Links-Navigation&#8221;:[],&#8221;navbar&#8221;:[],&#8221;navbar-NU&#8221;:[],&#8221;Comopser&#8221;:[],&#8221;composer-relevant-sections&#8221;:[&#8220;\/culture&#8221;],&#8221;section-page-subnavs&#8221;:[&#8220;\/culture&#8221;],&#8221;sitemap-section&#8221;:[]},&#8221;parent&#8221;:{&#8220;default&#8221;:&#8221;\/culture&#8221;,&#8221;hamburger-menu&#8221;:&#8221;\/culture&#8221;,&#8221;App-Hamburger&#8221;:&#8221;\/culture&#8221;,&#8221;Mobile-Links-Navigation&#8221;:null,&#8221;navbar&#8221;:null,&#8221;navbar-NU&#8221;:null,&#8221;Comopser&#8221;:null,&#8221;composer-relevant-sections&#8221;:&#8221;\/culture&#8221;,&#8221;section-page-subnavs&#8221;:&#8221;\/culture&#8221;,&#8221;sitemap-section&#8221;:null},&#8221;order&#8221;:{&#8220;default&#8221;:2006,&#8221;hamburger-menu&#8221;:2006,&#8221;App-Hamburger&#8221;:2006,&#8221;composer-relevant-sections&#8221;:2006,&#8221;section-page-subnavs&#8221;:2006},&#8221;Paywall&#8221;:{&#8220;paywall-status&#8221;:&#8221;free&#8221;},&#8221;_admin&#8221;:{&#8220;alias_ids&#8221;:[&#8220;\/culture\/tv-radio&#8221;]},&#8221;metadata&#8221;:{&#8220;metadata_description&#8221;:&#8221;Stay up\u2011to\u2011date with the latest TV &#038; radio news, in\u2011depth features, interviews and reviews on Irish and international broadcast programmes. Brought to you by Ireland\u2019s quality news brand, The Irish Times.&#8221;,&#8221;metadata_title&#8221;:&#8221;TV &#038; Radio News &#038; Features | Irish &#038; International Broadcast | The Irish Times&#8221;},&#8221;navigation&#8221;:{&#8220;nav_title&#8221;:&#8221;TV &#038; Radio&#8221;},&#8221;node_type&#8221;:&#8221;section&#8221;}},&#8221;_website_section_id&#8221;:&#8221;irishtimes.\/culture\/tv-radio&#8221;},&#8221;website_url&#8221;:&#8221;\/culture\/tv-radio\/2025\/08\/29\/thursday-murder-club-review-the-weak-link-here-sadly-is-the-greatest-james-bond-of-all\/&#8221;}},&#8221;canonical_url&#8221;:&#8221;\/culture\/tv-radio\/2025\/08\/29\/thursday-murder-club-review-the-weak-link-here-sadly-is-the-greatest-james-bond-of-all\/&#8221;}],&#8221;websites&#8221;:{&#8220;irishtimes&#8221;:{}},&#8221;description&#8221;:{&#8220;basic&#8221;:&#8221;This collection can be used as a set of links to key Features items. Manual&#8221;},&#8221;content_aliases&#8221;:[&#8220;features-highlights&#8221;],&#8221;owner&#8221;:{&#8220;id&#8221;:&#8221;irishtimes&#8221;},&#8221;revision&#8221;:{&#8220;branch&#8221;:&#8221;default&#8221;,&#8221;published&#8221;:true},&#8221;canonical_url&#8221;:null,&#8221;publishing&#8221;:{&#8220;scheduled_operations&#8221;:{&#8220;publish_edition&#8221;:[],&#8221;unpublish_edition&#8221;:[]}},&#8221;website&#8221;:&#8221;irishtimes&#8221;},&#8221;expires&#8221;:1756964733608,&#8221;lastModified&#8221;:1756964433541}},&#8221;related-content&#8221;:{&#8220;{\\&#8221;_id\\&#8221;:\\&#8221;GWZVKOILHFFC7CWRXJNCXDBJLI\\&#8221;,\\&#8221;feedOffset\\&#8221;:0,\\&#8221;feedSize\\&#8221;:1}&#8221;:{&#8220;data&#8221;:{&#8220;content_elements&#8221;:[{&#8220;_id&#8221;:&#8221;P6P23ARCKVAA7G3FCMCTHJICOM&#8221;,&#8221;type&#8221;:&#8221;reference&#8221;},{&#8220;_id&#8221;:&#8221;CC53RKRP6VD4XKDGGJZI7DOZBI&#8221;,&#8221;type&#8221;:&#8221;reference&#8221;},{&#8220;_id&#8221;:&#8221;HGWAK3IOHBCILNM7SUEVULUIHM&#8221;,&#8221;type&#8221;:&#8221;reference&#8221;},{&#8220;_id&#8221;:&#8221;KIEVSOUCH5BRDNXQSJNIQ5AHOE&#8221;,&#8221;type&#8221;:&#8221;reference&#8221;},{&#8220;_id&#8221;:&#8221;YHNCPYRQCBCQVE5GTJCAKI2RQU&#8221;,&#8221;type&#8221;:&#8221;reference&#8221;}],&#8221;_id&#8221;:&#8221;74330a2993563d105021c99d7c7c1fbd453d001f1e4708d379157118e1973a0b&#8221;},&#8221;expires&#8221;:1756964625069,&#8221;lastModified&#8221;:1756964324896}},&#8221;story-feed-sections&#8221;:{&#8220;{\\&#8221;excludeSections\\&#8221;:\\&#8221;\\&#8221;,\\&#8221;feedOffset\\&#8221;:0,\\&#8221;feedSize\\&#8221;:5,\\&#8221;includeSections\\&#8221;:\\&#8221;\/culture\/stage\\&#8221;}&#8221;:{&#8220;data&#8221;:{&#8220;content_elements&#8221;:[{&#8220;_id&#8221;:&#8221;GWZVKOILHFFC7CWRXJNCXDBJLI&#8221;,&#8221;additional_properties&#8221;:{&#8220;audio_duration&#8221;:444,&#8221;audio_url&#8221;:&#8221;https:\/\/cdn.beyondwords.io\/audio\/projects\/8948\/podcasts\/cf89a5ed-005f-4fb3-a0d8-6bff08f18f0b\/versions\/1756900240\/media\/77baeea43439ef65cb19db0026c3e3cc_compiled.mp3&#8243;},&#8221;canonical_url&#8221;:&#8221;https:\/\/www.irishtimes.com\/culture\/stage\/2025\/09\/03\/sean-nos-dancer-edwina-guckian-i-have-very-bad-eyesight-which-comes-in-really-useful-as-i-cant-see-the-audience\/&#8221;,&#8221;content_elements&#8221;:[{&#8220;_id&#8221;:&#8221;JQ7FB2FRWBFRHCIAKYVYEEMK64&#8243;,&#8221;additional_properties&#8221;:{},&#8221;content&#8221;:&#8221;<a href=\\\"https:\/\/www.irishtimes.com\/tags\/dance\/\\\" target=\\\"_self\\\" rel=\\\"\\\" title=\\\"https:\/\/www.irishtimes.com\/tags\/dance\/\\\">Dance<\/a>, whether set, step or sean-n\u00f3s, occupies a curious place in the Irish tradition. &#8220;,&#8221;type&#8221;:&#8221;text&#8221;},{&#8220;_id&#8221;:&#8221;26EVK4TKHRE6XL5KCNFDR2WR54&#8243;,&#8221;additional_properties&#8221;:{},&#8221;content&#8221;:&#8221;<a href=\\\"https:\/\/www.irishtimes.com\/tags\/riverdance\/\\\" target=\\\"_blank\\\" rel=\\\"\\\" title=\\\"https:\/\/www.irishtimes.com\/tags\/riverdance\/\\\">Riverdance<\/a> put it on the global stage, and those who speak the language of set dancing pass it down through the generations with enviable zeal. But for many lovers of traditional music, their encounters with dance are few and far between. It can feel as if the session and the c\u00e9il\u00ed are a twain that never shall meet. &#8220;,&#8221;type&#8221;:&#8221;text&#8221;},{&#8220;_id&#8221;:&#8221;JJCRZLMYIBGJJATW2FDH4JE2RQ&#8221;,&#8221;additional_properties&#8221;:{},&#8221;content&#8221;:&#8221;At the same time, traditional music has been steadily taking its place alongside other musical art forms \u2013 the ground-breaking recent music created by <a href=\\\"https:\/\/www.irishtimes.com\/tags\/lankum\/\\\" target=\\\"_blank\\\" rel=\\\"\\\" title=\\\"https:\/\/www.irishtimes.com\/tags\/lankum\/\\\">Lankum<\/a>, <a href=\\\"https:\/\/www.irishtimes.com\/tags\/cormac-begley\/\\\" target=\\\"_blank\\\" rel=\\\"\\\" title=\\\"https:\/\/www.irishtimes.com\/tags\/cormac-begley\/\\\">Cormac Begley<\/a> and <a href=\\\"https:\/\/www.irishtimes.com\/tags\/john-francis-flynn\/\\\" target=\\\"_self\\\" rel=\\\"\\\" title=\\\"https:\/\/www.irishtimes.com\/tags\/john-francis-flynn\/\\\">John Francis Flynn<\/a>, among others, will have lured in even more listeners. &#8220;,&#8221;type&#8221;:&#8221;text&#8221;},{&#8220;_id&#8221;:&#8221;4Q45ZK4AYBDLHCWJKE33KXDR7I&#8221;,&#8221;additional_properties&#8221;:{},&#8221;content&#8221;:&#8221;The fiddle player and composer <a href=\\\"https:\/\/www.irishtimes.com\/tags\/zoe-conway\/\\\" target=\\\"_blank\\\" rel=\\\"\\\" title=\\\"https:\/\/www.irishtimes.com\/tags\/zoe-conway\/\\\">Zo\u00eb Conway<\/a>, who cut her teeth with Riverdance, has played no small part in bridging the gap between performance and audience, in concert halls, fleadhanna cheoil and sessions. &#8220;,&#8221;type&#8221;:&#8221;text&#8221;},{&#8220;_id&#8221;:&#8221;3NQDPYTCCJGJTETQ4NK4AO6OLA&#8221;,&#8221;additional_properties&#8221;:{},&#8221;content&#8221;:&#8221;Conway is constantly pursuing new horizons, infectiously curious about where the music might take her. In 2023 she became an associate artist of the <a href=\\\"https:\/\/www.irishtimes.com\/tags\/rte-concert-orchestra\/\\\" target=\\\"_blank\\\" rel=\\\"\\\" title=\\\"https:\/\/www.irishtimes.com\/tags\/rte-concert-orchestra\/\\\">RT\u00c9 Concert Orchestra<\/a>. For her next appearance with them, at the Anam \u00c9ireann \u2013 or The Soul of Ireland \u2013 concert at the Helix in Dublin this month, she is drawing together singer <a href=\\\"https:\/\/www.irishtimes.com\/tags\/rioghnach-connolly\/\\\" target=\\\"_blank\\\" rel=\\\"\\\" title=\\\"https:\/\/www.irishtimes.com\/tags\/rioghnach-connolly\/\\\">R\u00edoghnach Connolly<\/a>, piper <a href=\\\"https:\/\/www.irishtimes.com\/tags\/louise-mulcahy\/\\\" target=\\\"_blank\\\" rel=\\\"noreferrer\\\" title=\\\"https:\/\/www.irishtimes.com\/tags\/louise-mulcahy\/\\\">Louise Mulcahy<\/a> and conductor Ellie Slorach for a performance featuring the irrepressible sean-n\u00f3s dancer <a href=\\\"https:\/\/www.irishtimes.com\/tags\/edwina-guckian\/\\\" target=\\\"_blank\\\" rel=\\\"\\\" title=\\\"https:\/\/www.irishtimes.com\/tags\/edwina-guckian\/\\\">Edwina Guckian<\/a>. &#8220;,&#8221;type&#8221;:&#8221;text&#8221;},{&#8220;_id&#8221;:&#8221;I2GDKTQRGVEY5LZNSECGJGYRSA&#8221;,&#8221;additional_properties&#8221;:{},&#8221;content&#8221;:&#8221;Given the solo nature of sean-n\u00f3s dance, opportunities to collaborate can be few and far between. Still, Guckian belongs to a community that\u2019s not short of vim. She and her fellow solo dancers Stephanie Keane, Caitl\u00edn Nic Gabhann and Nic Gareiss have all made sean-n\u00f3s their own. &#8220;,&#8221;type&#8221;:&#8221;text&#8221;},{&#8220;_id&#8221;:&#8221;BCSUCMXBUVGF3CJ6L6ZRT7IAVU&#8221;,&#8221;additional_properties&#8221;:{},&#8221;content&#8221;:&#8221;Guckian has a particularly organic and inclusive approach to what she prefers to call percussive dance, as the term frees her of the fetters that can bind sean-n\u00f3s dance to a tight set of conventions. &#8220;,&#8221;type&#8221;:&#8221;text&#8221;},{&#8220;_id&#8221;:&#8221;L4XHW3U2ZZAZPFCQPWRZXOJMLA&#8221;,&#8221;additional_properties&#8221;:{},&#8221;content&#8221;:&#8221;Jean Butler: \u2018There\u2019s an expression of love that happens when people dance together\u2019&#8221;,&#8221;type&#8221;:&#8221;interstitial_link&#8221;},{&#8220;_id&#8221;:&#8221;D2QQAR2Z3RFQJBH7DKNHBF3GEE&#8221;,&#8221;additional_properties&#8221;:{},&#8221;content&#8221;:&#8221;\u201cIf you do anything that\u2019s off from the tradition at all, someone will turn around to you and say that\u2019s not sean-n\u00f3s dancing,\u201d she says. \u201cBut I never said that it was. I might be dancing to The Beatles, but sean-n\u00f3s dancing. &#8220;,&#8221;type&#8221;:&#8221;text&#8221;},{&#8220;_id&#8221;:&#8221;HYXTDY3F6VBYDF7C3C4DTCGRTY&#8221;,&#8221;additional_properties&#8221;:{},&#8221;content&#8221;:&#8221;\u201cAs well as that, most people associate sean-n\u00f3s dance with Connemara dancers and they expect you to dance in that way, but we never call it that. Where I grew up, people call what I do shuffling or battering.\u201d&#8221;,&#8221;type&#8221;:&#8221;text&#8221;},{&#8220;_id&#8221;:&#8221;F3YA4XVJ4FFZFOLQKQNB3EGDVM&#8221;,&#8221;subtype&#8221;:&#8221;facebook-video&#8221;,&#8221;type&#8221;:&#8221;oembed_response&#8221;},{&#8220;_id&#8221;:&#8221;TPLZLWEGHNC7PHSXGCVO7YU6UI&#8221;,&#8221;additional_properties&#8221;:{},&#8221;content&#8221;:&#8221;Anam \u00c9ireann will feature music that Conway composed for Guckian after <a href=\\\"https:\/\/www.irishtimes.com\/tags\/rte-lyric-fm\/\\\" target=\\\"_blank\\\" rel=\\\"\\\" title=\\\"https:\/\/www.irishtimes.com\/tags\/rte-lyric-fm\/\\\">RT\u00c9 Lyric FM<\/a> commissioned her to create a piece for its concert last year to mark the station\u2019s 25th birthday. The pair worked closely to meld dancer and dance with the tune in a way that would surely please Yeats in its seamlessness. &#8220;,&#8221;type&#8221;:&#8221;text&#8221;},{&#8220;_id&#8221;:&#8221;65FRV43WD5DCRFCGTL5FJY5FXM&#8221;,&#8221;additional_properties&#8221;:{},&#8221;content&#8221;:&#8221;\u201cI was so honoured when Lyric FM asked me to compose a piece,\u201d Conway says. \u201cAs associate artist with the orchestra, I felt it would be an opportunity to present a collaboration that shows the best of our living, breathing Irish tradition, and I immediately thought of Edwina.&#8221;,&#8221;type&#8221;:&#8221;text&#8221;},{&#8220;_id&#8221;:&#8221;IM7VXMKFHVDYFIWMTZITFEYSV4&#8243;,&#8221;additional_properties&#8221;:{},&#8221;content&#8221;:&#8221;\u201cI wanted the piece to be celebratory and uplifting, and something that embodies the spirit of the people who came before us. I loved the idea of the juxtaposition of sean-n\u00f3s dance with an orchestra, and how the rhythm of the feet could come through in the orchestration. Edwina\u2019s passion for the tradition is infectious, so once I began composing, the piece wrote itself.&#8221;,&#8221;type&#8221;:&#8221;text&#8221;},{&#8220;_id&#8221;:&#8221;224MOMJWNBF6BOVT32I4I5U7WQ&#8221;,&#8221;additional_properties&#8221;:{},&#8221;content&#8221;:&#8221;\u201cThis was actually the first piece I ever composed and orchestrated for full orchestra. I have to thank <a href=\\\"https:\/\/www.irishtimes.com\/tags\/bill-whelan\/\\\" target=\\\"_blank\\\" rel=\\\"\\\" title=\\\"https:\/\/www.irishtimes.com\/tags\/bill-whelan\/\\\">Bill Whelan<\/a> for giving me the push to do that, as I was a bit reluctant. He acted as mentor on the project and checked the final scores to make sure all was okay.&#8221;,&#8221;type&#8221;:&#8221;text&#8221;},{&#8220;_id&#8221;:&#8221;T45HUSYL5BBLZDKOIO2DH6O2CI&#8221;,&#8221;additional_properties&#8221;:{},&#8221;content&#8221;:&#8221;Conway called the piece, which they performed together on the stage of <a href=\\\"https:\/\/www.uch.ie\/\\\" target=\\\"_blank\\\" rel=\\\"\\\" title=\\\"https:\/\/www.uch.ie\/\\\">University Concert Hall<\/a>, in Limerick, Bualadh an Cheoil, Bualadh an Chro\u00ed, \u201cwhich means Music Playing, Heart Beating, in honour of Edwina\u201d.&#8221;,&#8221;type&#8221;:&#8221;text&#8221;},{&#8220;_id&#8221;:&#8221;P6P23ARCKVAA7G3FCMCTHJICOM&#8221;,&#8221;additional_properties&#8221;:{},&#8221;type&#8221;:&#8221;image&#8221;},{&#8220;_id&#8221;:&#8221;XWBODXOFZBBBHJK7ILMDOETVP4&#8243;,&#8221;additional_properties&#8221;:{},&#8221;content&#8221;:&#8221;Guckian was thrilled. \u201cI couldn\u2019t believe that someone wanted to write a piece of music for me, and that it was Zo\u00eb Conway, and for an orchestra too,\u201d she says. \u201cIt was a real honour. For someone to compose for you, and not only that, but to ask what you like dancing to, was fabulous \u2013 and then having it orchestrated: I never danced to such power.&#8221;,&#8221;type&#8221;:&#8221;text&#8221;},{&#8220;_id&#8221;:&#8221;U2ZHQX7CDVGMRLOGYRT3MZGLLE&#8221;,&#8221;additional_properties&#8221;:{},&#8221;content&#8221;:&#8221;\u201cOf course there was volume, but the power of the entire orchestra: I was literally up against the cello \u2013 she was nearly prodding me in the backside, I was that close to her. So that sheer force coming at you, with music that was written for you, was incredible. &#8220;,&#8221;type&#8221;:&#8221;text&#8221;},{&#8220;_id&#8221;:&#8221;RDCJW5GUXFA5VCUDKVZM4ITI6E&#8221;,&#8221;additional_properties&#8221;:{},&#8221;content&#8221;:&#8221;\u201cI was seven months pregnant when I danced. <a href=\\\"https:\/\/www.irishtimes.com\/tags\/david-brophy\/\\\" target=\\\"_blank\\\" rel=\\\"\\\" title=\\\"https:\/\/www.irishtimes.com\/tags\/david-brophy\/\\\">David Brophy<\/a> conducted, and it was as if he was dancing beside me too.\u201d &#8220;,&#8221;type&#8221;:&#8221;text&#8221;},{&#8220;_id&#8221;:&#8221;BMUR2OMWIVHGPGGPMMCDO7IWAQ&#8221;,&#8221;additional_properties&#8221;:{},&#8221;content&#8221;:&#8221;The dance school that Guckian runs, <a href=\\\"https:\/\/www.aircdamhsa.com\/\\\" target=\\\"_self\\\" rel=\\\"\\\" title=\\\"https:\/\/www.aircdamhsa.com\/\\\">\u00c1irc Damhsa Culture Club<\/a>, in Leitrim, is built on her philosophy that, with young people, \u201cif you imagine a big bucket of Irish culture \u2013 music, song, dance, folklore, language, customs, community \u2013 you dunk them in it.\u201d You could almost call it a school for life; past pupils now return to teach the next generation, fired by the passion that Guckian has created.&#8221;,&#8221;type&#8221;:&#8221;text&#8221;},{&#8220;_id&#8221;:&#8221;RCTVCKM4WJBJ3LATHRCK232JQE&#8221;,&#8221;additional_properties&#8221;:{},&#8221;content&#8221;:&#8221;Guckian\u2019s extraordinary choreography was on show at the National Concert Hall in Dublin recently, for the <a href=\\\"https:\/\/www.irishtimes.com\/tags\/irish-traditional-music-archive\/\\\" target=\\\"_blank\\\" rel=\\\"\\\" title=\\\"https:\/\/www.irishtimes.com\/tags\/irish-traditional-music-archive\/\\\">Irish Traditional Music Archive<\/a>\u2019s Drawing from the Well concert in May. She danced her own set with seven other dancers, a celebration of both the percussive force of her own style and the community-building potential of set dancing, fired by an entirely new set of steps learned on the fly. &#8220;,&#8221;type&#8221;:&#8221;text&#8221;},{&#8220;_id&#8221;:&#8221;KIEVSOUCH5BRDNXQSJNIQ5AHOE&#8221;,&#8221;additional_properties&#8221;:{},&#8221;type&#8221;:&#8221;image&#8221;},{&#8220;_id&#8221;:&#8221;WIYN7SFK4FHFTFE6D6OUD5QS4M&#8221;,&#8221;additional_properties&#8221;:{},&#8221;content&#8221;:&#8221;\u201cWhen I want to choreograph something to learn off and remember I\u2019ll learn to lilt the tune first, and then I\u2019ll make the whole thing up in my head and practise it over and over in my head and then eventually I\u2019ll let it come out in my feet,\u201d she says.&#8221;,&#8221;type&#8221;:&#8221;text&#8221;},{&#8220;_id&#8221;:&#8221;FJZ62TSY75BRVNLJNSWYDKFNX4&#8243;,&#8221;additional_properties&#8221;:{},&#8221;content&#8221;:&#8221;\u201cI\u2019d been dancing that set in my head for about eight years, and it was so exciting. Then on the day of the performance we got seven dancers into the studio at the Irish Traditional Music Archive and I taught it to everybody.\u201d&#8221;,&#8221;type&#8221;:&#8221;text&#8221;},{&#8220;_id&#8221;:&#8221;I5GZVK7FHVEEDJKT3ZG37KYHMM&#8221;,&#8221;additional_properties&#8221;:{},&#8221;content&#8221;:&#8221;The joy of mining this much-neglected seam of the tradition for new gems is evident in Guckian\u2019s dance.&#8221;,&#8221;type&#8221;:&#8221;text&#8221;},{&#8220;_id&#8221;:&#8221;MRP6IEMINVBMXA46Q7CDMZZRIU&#8221;,&#8221;additional_properties&#8221;:{},&#8221;content&#8221;:&#8221;\u201cI think it\u2019s lovely for the musicians, too, because they can see their tune coming out in my feet,\u201d she says. \u201cBecause Zo\u00eb and I are working so closely together, even if she stops playing she can hear the tune in my feet.\u201d &#8220;,&#8221;type&#8221;:&#8221;text&#8221;},{&#8220;_id&#8221;:&#8221;U7LLND4KYVHPBMXPIXMUZGHC5M&#8221;,&#8221;additional_properties&#8221;:{},&#8221;content&#8221;:&#8221;Guckian\u2019s approach to dance is the same whether she\u2019s in her kitchen, at a crossroads or in a concert hall.&#8221;,&#8221;type&#8221;:&#8221;text&#8221;},{&#8220;_id&#8221;:&#8221;AMWKWPYLJFBDHH5XFJCT4R2PAA&#8221;,&#8221;additional_properties&#8221;:{},&#8221;content&#8221;:&#8221;\u201cI have very bad eyesight \u2013 which comes in really useful, because I can\u2019t see the audience and I\u2019m away in my own world,\u201d she says, laughing. \u201cWhether there\u2019s 100 or 1,000 people, it\u2019s still a very personal performance. I tend to just go into my own world with that person who\u2019s playing. &#8220;,&#8221;type&#8221;:&#8221;text&#8221;},{&#8220;_id&#8221;:&#8221;CZTZYOCNU5A3PFI4DUMDFI3GSM&#8221;,&#8221;additional_properties&#8221;:{},&#8221;content&#8221;:&#8221;\u201cI face them and not the audience, and I only focus on them and the music. When they\u2019re relaxed alongside me, it\u2019s lovely.\u201d&#8221;,&#8221;type&#8221;:&#8221;text&#8221;},{&#8220;_id&#8221;:&#8221;FJKEWAYT4NBA7OFNDWBOGURRNI&#8221;,&#8221;additional_properties&#8221;:{},&#8221;content&#8221;:&#8221;Anam \u00c9ireann: The Soul of Ireland is at the <a href=\\\"https:\/\/www.thehelix.ie\/\\\" target=\\\"_blank\\\" rel=\\\"noreferrer\\\" title=\\\"https:\/\/www.thehelix.ie\/\\\">Helix<\/a>, in Dublin, on Thursday, September 11th&#8221;,&#8221;type&#8221;:&#8221;text&#8221;}],&#8221;content_restrictions&#8221;:{&#8220;content_code&#8221;:&#8221;premium&#8221;},&#8221;credits&#8221;:{&#8220;by&#8221;:[{&#8220;additional_properties&#8221;:{&#8220;original&#8221;:{&#8220;byline&#8221;:&#8221;Siobh\u00e1n Long&#8221;}},&#8221;name&#8221;:&#8221;Siobh\u00e1n Long&#8221;}]},&#8221;description&#8221;:{&#8220;basic&#8221;:&#8221;Edwina Guckian was thrilled when Zo\u00eb Conway composed a piece for her. They\u2019re about to perform it with the RT\u00c9 Concert Orchestra in Dublin&#8221;},&#8221;display_date&#8221;:&#8221;2025-09-03T04:03:00Z&#8221;,&#8221;headlines&#8221;:{&#8220;basic&#8221;:&#8221;Sean-n\u00f3s dancer Edwina Guckian: \u2018I have very bad eyesight \u2013 which comes in really useful, as I can\u2019t see the audience\u2019&#8221;,&#8221;native&#8221;:&#8221;&#8221;},&#8221;label&#8221;:{&#8220;audio_project_id&#8221;:{&#8220;text&#8221;:&#8221;8948&#8243;}},&#8221;promo_items&#8221;:{&#8220;basic&#8221;:{&#8220;_id&#8221;:&#8221;6EHWHUOHANCFTE7UBC2YEOCW64&#8243;,&#8221;auth&#8221;:{&#8220;1&#8243;:&#8221;a05262e50dbc3c470be6d3ddc8b446c3e0bf29ce35ada89bfa575c18bc7c2f21&#8243;},&#8221;focal_point&#8221;:{&#8220;x&#8221;:917,&#8221;y&#8221;:451},&#8221;type&#8221;:&#8221;image&#8221;,&#8221;url&#8221;:&#8221;https:\/\/cloudfront-eu-central-1.images.arcpublishing.com\/irishtimes\/6EHWHUOHANCFTE7UBC2YEOCW64.jpg&#8221;}},&#8221;subtype&#8221;:&#8221;feature&#8221;,&#8221;taxonomy&#8221;:{&#8220;sections&#8221;:[{&#8220;name&#8221;:&#8221;Stage&#8221;},{&#8220;name&#8221;:&#8221;Culture&#8221;},{&#8220;name&#8221;:&#8221;Music&#8221;}]},&#8221;type&#8221;:&#8221;story&#8221;,&#8221;website_url&#8221;:&#8221;https:\/\/www.irishtimes.com\/culture\/stage\/2025\/09\/03\/sean-nos-dancer-edwina-guckian-i-have-very-bad-eyesight-which-comes-in-really-useful-as-i-cant-see-the-audience\/&#8221;,&#8221;websites&#8221;:{&#8220;irishtimes&#8221;:{&#8220;website_section&#8221;:{&#8220;_id&#8221;:&#8221;\/culture\/stage&#8221;,&#8221;additional_properties&#8221;:{&#8220;original&#8221;:{}},&#8221;name&#8221;:&#8221;Stage&#8221;}}}},{&#8220;_id&#8221;:&#8221;K5ASIMRTBZHDDJR5GEESV3R5HQ&#8221;,&#8221;additional_properties&#8221;:{&#8220;audio_duration&#8221;:509,&#8221;audio_url&#8221;:&#8221;https:\/\/cdn.beyondwords.io\/audio\/projects\/5469\/podcasts\/a8afa89b-9fb7-4c07-9784-cb849051bfb1\/versions\/1756377900\/media\/ce3faca0d9a620df0c03cd90976b9364_compiled.mp3&#8243;},&#8221;canonical_url&#8221;:&#8221;https:\/\/www.irishtimes.com\/culture\/stage\/2025\/09\/02\/cautionary-tales-composer-errollyn-wallen-i-always-carry-my-inner-child-with-me-shes-very-precious\/&#8221;,&#8221;content_elements&#8221;:[{&#8220;_id&#8221;:&#8221;EOU6XX3RQZGSLDFDTCG65GTBDE&#8221;,&#8221;additional_properties&#8221;:{},&#8221;content&#8221;:&#8221;When Errollyn Wallen was studying composition at the University of Cambridge, as a postgraduate in the 1980s, she had to write about a work by the English composer <a href=\\\"https:\/\/www.irishtimes.com\/tags\/michael-tippett\/\\\" target=\\\"_blank\\\" rel=\\\"noreferrer\\\" title=\\\"https:\/\/www.irishtimes.com\/tags\/michael-tippett\/\\\">Michael Tippett<\/a>.&#8221;,&#8221;type&#8221;:&#8221;text&#8221;},{&#8220;_id&#8221;:&#8221;RROLMRLW2JC7HBXF2SE7IKX4CM&#8221;,&#8221;additional_properties&#8221;:{},&#8221;content&#8221;:&#8221;\u201cI made such a fantastic discovery about that piece,\u201d she says. \u201cI just went to the university library and took out a book that had never been taken out since the library acquired it, in 1937, and it answered everything that I needed to know. Isn\u2019t that incredible?\u201d&#8221;,&#8221;type&#8221;:&#8221;text&#8221;},{&#8220;_id&#8221;:&#8221;4PRJ7FGLQJEWZLBF7KW7747AEM&#8221;,&#8221;additional_properties&#8221;:{},&#8221;content&#8221;:&#8221;Wallen is telling the story because the background image I use for online calls shows the Long Room of the Old Library at Trinity College Dublin. Her opera, Cautionary Tales, which she composed in 2010, based on the stories by <a href=\\\"https:\/\/www.irishtimes.com\/tags\/hilaire-belloc\/\\\" target=\\\"_blank\\\" rel=\\\"noreferrer\\\" title=\\\"https:\/\/www.irishtimes.com\/tags\/hilaire-belloc\/\\\">Hilaire Belloc<\/a>, is on its way to Ireland for the first time, for a series of performances by <a href=\\\"https:\/\/www.irishtimes.com\/tags\/opera-collective-ireland\/\\\" target=\\\"_blank\\\" rel=\\\"noreferrer\\\" title=\\\"https:\/\/www.irishtimes.com\/tags\/opera-collective-ireland\/\\\">Opera Collective Ireland<\/a>.&#8221;,&#8221;type&#8221;:&#8221;text&#8221;},{&#8220;_id&#8221;:&#8221;NUFSZ5C4JVB25MJ6D3D5LSGRIM&#8221;,&#8221;additional_properties&#8221;:{},&#8221;content&#8221;:&#8221;Opera \u201cis, for me personally, one of the most natural forms to work in\u201d, she says. \u201cAnd it comes from childhood, you know, the idea of dressing up, with music, words, playing. I\u2019ve had the opportunity to write over 20. I\u2019m now on my 23rd. They\u2019ve all been for different situations, different-size ensembles. Some have been for a huge cast; some are just small chamber works. &#8220;,&#8221;type&#8221;:&#8221;text&#8221;},{&#8220;_id&#8221;:&#8221;IM2TBGAUFRBVNPRJGYZTE2TSDA&#8221;,&#8221;additional_properties&#8221;:{},&#8221;content&#8221;:&#8221;\u201cBut any opportunity I have to write for the stage I take it. Because there\u2019s so much to learn, not just from the performers, but also the teams you work with, the directors, the librettists, the dramaturge. I\u2019m very drawn to the form.\u201d&#8221;,&#8221;type&#8221;:&#8221;text&#8221;},{&#8220;_id&#8221;:&#8221;X3DF2YC42FD4VAQ4JFY5FDGE6I&#8221;,&#8221;additional_properties&#8221;:{},&#8221;content&#8221;:&#8221;The first opera Wallen saw in the flesh was from the early end of the repertoire, La Calisto, by Francesco Cavalli, which she went to on a school trip to Glyndebourne. This mid-17th-century work came only 44 years after Monteverdi\u2019s L\u2019Orfeo of 1607, the earliest opera to be an undisputed masterpiece. She calls it a \u201cmore stripped-away version of opera\u201d, but \u201cone that stayed with me\u201d.&#8221;,&#8221;type&#8221;:&#8221;text&#8221;},{&#8220;_id&#8221;:&#8221;I5A3KFYT7FBDNE7U2QR5KNEMFY&#8221;,&#8221;additional_properties&#8221;:{},&#8221;content&#8221;:&#8221;But even before that, she explains, she had been inspired at home \u2013 by placemats, of all things. \u201cIn fact,\u201d she says, \u201cI found one here the other day. It has pictures of scenes from Carmen. It shows dancers all dressed up, and the reproduction is a very lurid colour.&#8221;,&#8221;type&#8221;:&#8221;text&#8221;},{&#8220;_id&#8221;:&#8221;WTQHUXRY45GPDFQ5FX7KXG4FJQ&#8221;,&#8221;additional_properties&#8221;:{},&#8221;content&#8221;:&#8221;\u201cI would have sat looking at these stagings \u2013 you know, sets and scenes \u2013 every dinner time. So much so that I remember announcing that I wanted to be an opera singer without knowing what an opera singer was. But I knew it involved throwing myself around. So it\u2019s really nice that I now work in the form.\u201d&#8221;,&#8221;type&#8221;:&#8221;text&#8221;},{&#8220;_id&#8221;:&#8221;RGZCIER55ZDSHIULAHTLRAI4XM&#8221;,&#8221;additional_properties&#8221;:{},&#8221;content&#8221;:&#8221;A lot of composers she speaks to struggle with opera, Wallen says \u2013 \u201cthe fact that you can\u2019t hear the words, the fact that sometimes the voices sound &#8230; maybe overblown, and the plot\u2019s a bit ridiculous. But once you\u2019re working in the form yourself you start to understand more deeply why certain things are the way they are\u201d.&#8221;,&#8221;type&#8221;:&#8221;text&#8221;},{&#8220;_id&#8221;:&#8221;YOYJUB5Y4ZFITCIFT36TEBYB7M&#8221;,&#8221;additional_properties&#8221;:{},&#8221;content&#8221;:&#8221;Her favourites, she says, are possibly Puccini\u2019s Tosca and Britten\u2019s Peter Grimes. \u201cAnd, in a funny sort of way, they\u2019re linked, with the orchestra so powerful in setting the scene alongside the story and the singers \u2013 that idea of being able to achieve an integrated whole where every element in the score is almost complete.\u201d&#8221;,&#8221;type&#8221;:&#8221;text&#8221;},{&#8220;_id&#8221;:&#8221;YOMTKV7SP5AOTL7NT6WKKQKLPY&#8221;,&#8221;additional_properties&#8221;:{},&#8221;content&#8221;:&#8221;Wallen recalls a <a href=\\\"https:\/\/www.theguardian.com\/music\/2019\/dec\/02\/peter-grimes-review-royal-festival-hall-london-bergen-philharmonic\\\" target=\\\"_blank\\\" rel=\\\"noreferrer\\\" title=\\\"https:\/\/www.theguardian.com\/music\/2019\/dec\/02\/peter-grimes-review-royal-festival-hall-london-bergen-philharmonic\\\">semi-staged Peter Grimes<\/a> at the Royal Festival Hall in London with the Bergen Philharmonic Orchestra under Edward Gardner. \u201cThat was a revelation to me: just a few scenes acted out with a tiny bit of costume, but it was the most powerful experience.&#8221;,&#8221;type&#8221;:&#8221;text&#8221;},{&#8220;_id&#8221;:&#8221;G5XTDALCSBFJRL4ULE254SDIP4&#8243;,&#8221;additional_properties&#8221;:{},&#8221;content&#8221;:&#8221;\u201cIt reminds me of the duty to the score. I think sometimes directors would do well to really study the score, really study closely the music. Because with something like Peter Grimes it\u2019s all there in the music; it tells you what to do. We almost didn\u2019t need a set. It is the atmosphere.&#8221;,&#8221;type&#8221;:&#8221;text&#8221;},{&#8220;_id&#8221;:&#8221;ZXCN7QQ2MRFCVJFJHK3LJXZJL4&#8243;,&#8221;additional_properties&#8221;:{},&#8221;content&#8221;:&#8221;\u201cOpera at its best can really convey this powerful emotional force and the complexity of it. Through the music and the voices you can create this counterpoint of complex emotions. Yet at the same time it can be amazingly clear.\u201d&#8221;,&#8221;type&#8221;:&#8221;text&#8221;},{&#8220;_id&#8221;:&#8221;NXZWO5BSGFGYPLCHKR6JCTINLE&#8221;,&#8221;additional_properties&#8221;:{},&#8221;content&#8221;:&#8221;Wallen suggests that, in opera, \u201ccomposers are often underestimated. Writing an opera, we have to see everything ourselves; we have to take care of everything. Like, I sometimes invent backstories for my characters, so I really know about them\u201d.&#8221;,&#8221;type&#8221;:&#8221;text&#8221;},{&#8220;_id&#8221;:&#8221;ING6ZVL4XJFJJDZBPD55S4YXNU&#8221;,&#8221;additional_properties&#8221;:{},&#8221;content&#8221;:&#8221;\u201cI think people feel that all composers do is just write the music and that we have no understanding of the whole range of drama that we\u2019re dealing with. But with opera, more than anything, everything has to work in that score. That\u2019s the fun part of it.\u201d&#8221;,&#8221;type&#8221;:&#8221;text&#8221;},{&#8220;_id&#8221;:&#8221;OQNXYIV2QRDB7A4EZCSDGTS7IM&#8221;,&#8221;additional_properties&#8221;:{},&#8221;content&#8221;:&#8221;The score, Wallen says, \u201chas many answers. That\u2019s all because the composer will have questioned themselves over and over again about what might seem like a simple chord. Everything is part of this architecture where the smallest details really do matter\u201d.&#8221;,&#8221;type&#8221;:&#8221;text&#8221;},{&#8220;_id&#8221;:&#8221;A77BDVXF6BGQHNWKOLFSWGDLPY&#8221;,&#8221;additional_properties&#8221;:{},&#8221;content&#8221;:&#8221;She composed Cautionary Tales because the English company <a href=\\\"https:\/\/www.operanorth.co.uk\/\\\" target=\\\"_blank\\\" rel=\\\"noreferrer\\\" title=\\\"https:\/\/www.operanorth.co.uk\/\\\">Opera North<\/a>, which is based in Leeds, \u201cwanted an opera that was for children and that could tour with small forces. I think we had a choice of subjects, possibly Shockheaded Peter or Cautionary Tales. I really wanted to work with Cautionary Tales, and I can\u2019t tell you why exactly \u2013 I would have remembered it from my childhood\\&#8221;. &#8220;,&#8221;type&#8221;:&#8221;text&#8221;},{&#8220;_id&#8221;:&#8221;UYWIMPXAXRGE3CE7EHTOYEMCM4&#8243;,&#8221;additional_properties&#8221;:{},&#8221;content&#8221;:&#8221;Wallen points out how specific comedy needs to be, and how clear the words need to be for children. \u201cPia Furtado, who was directing it, adapted some of it, so, though we\u2019re using the words of Hilaire Belloc, scenes are framed with extra text.\u201d&#8221;,&#8221;type&#8221;:&#8221;text&#8221;},{&#8220;_id&#8221;:&#8221;Q7HUJNZ2RNFU3KFLJBTLHUO6OE&#8221;,&#8221;additional_properties&#8221;:{},&#8221;content&#8221;:&#8221;She worked on the opera at a particularly challenging time in her life. &#8220;,&#8221;type&#8221;:&#8221;text&#8221;},{&#8220;_id&#8221;:&#8221;KE2LP56QBFDW5AUQUYZ2QEHWB4&#8243;,&#8221;additional_properties&#8221;:{},&#8221;content&#8221;:&#8221;\u201cMy father was very sick and dying. So as soon as I handed in the full score I had to get on a plane to organise my father\u2019s funeral. And then, while I was there, I had to slightly adjust some percussion parts. So it\u2019s funny: it\u2019s such a joyous opera, but also in the background was this rather sad story. &#8220;,&#8221;type&#8221;:&#8221;text&#8221;},{&#8220;_id&#8221;:&#8221;PRYNN5Y3LNHTJGTIGDEIWHSLYM&#8221;,&#8221;additional_properties&#8221;:{},&#8221;content&#8221;:&#8221;\u201cBut I really enjoyed working on it. It\u2019s got just four singers and three instrumentalists. But it sounds very rich. Each tale is like a little vignette and takes its starting point from a Bach prelude or fugue. I don\u2019t know why that is. It just occurred to me and it seems to work.\u201d&#8221;,&#8221;type&#8221;:&#8221;text&#8221;},{&#8220;_id&#8221;:&#8221;LKXXHM7I5FHU3MJKPKAVIEGKPA&#8221;,&#8221;additional_properties&#8221;:{},&#8221;content&#8221;:&#8221;One reviewer pointed out that it was an opera without much tenderness. \u201cThe fact is these are brutal, brutal poems, aren\u2019t they?\u201d Wallen says. \u201cEvery child is a neglected child, with parents that don\u2019t care about it. The child is just high-spirited or wayward, and they all come to a terrible end. But, the thing is, children understand that too. Children tell you the truth.&#8221;,&#8221;type&#8221;:&#8221;text&#8221;},{&#8220;_id&#8221;:&#8221;E3ZSOAIHPVHA3G2UTTOCS3344Q&#8221;,&#8221;additional_properties&#8221;:{},&#8221;content&#8221;:&#8221;\u201cI also once made up an opera with children. It was called Clothesburger. The children had to provide some lyrics, and I was astonished with what came back. Because I thought in a million years I could never have such ingenuity and the ability to come up with the no-checks, freeflowing imagination. They\u2019re wonderful.\u201d&#8221;,&#8221;type&#8221;:&#8221;text&#8221;},{&#8220;_id&#8221;:&#8221;NXNTL2VOZRBOBEZO6M55USMVKM&#8221;,&#8221;additional_properties&#8221;:{},&#8221;content&#8221;:&#8221;Wallen, who as well as being the first black woman to have a work performed at the BBC Proms, in 1998, was awarded an MBE in 2007 and a CBE in 2020, has been master of the king\u2019s music since August 2024. She is the first black composer and only the second woman to hold the position, an honorary role whose holder often composes pieces for royal occasions such as weddings, jubilees and coronations.&#8221;,&#8221;type&#8221;:&#8221;text&#8221;},{&#8220;_id&#8221;:&#8221;NZ36IFTSVBF47I6CM5ZFLRS4QQ&#8221;,&#8221;additional_properties&#8221;:{},&#8221;content&#8221;:&#8221;She describes all of this as being like \u201can out-of-body experience. But I always carry my inner child with me. She\u2019s very precious to me, because that\u2019s the little girl that just dreamed things that nobody around me was dreaming and they didn\u2019t understand what I was saying\u201d.&#8221;,&#8221;type&#8221;:&#8221;text&#8221;},{&#8220;_id&#8221;:&#8221;3ZSW3NNAJVHDHPTETQNLQWCT7U&#8221;,&#8221;additional_properties&#8221;:{},&#8221;content&#8221;:&#8221;\u201cI didn\u2019t understand it then. But I am living the life of that seven-year-old. I was dreaming of these things and of sounds,\u201d Wallen says. \u201cIt\u2019s marvellous having recognition and accolades, but it brings a responsibility with it, and that responsibility is always to music, to really try and do the best I can do for music.\u201d&#8221;,&#8221;type&#8221;:&#8221;text&#8221;},{&#8220;_id&#8221;:&#8221;UKD7RND5TVGBLP3VVHFEHOULS4&#8243;,&#8221;additional_properties&#8221;:{},&#8221;content&#8221;:&#8221;Errollyn Wallen\u2019s Cautionary Tales, staged by <a href=\\\"https:\/\/operacollectiveireland.com\/\\\" target=\\\"_blank\\\" rel=\\\"noreferrer\\\" title=\\\"https:\/\/operacollectiveireland.com\/\\\">Opera Collective Ireland<\/a>, tours to the Mermaid Arts Centre, in Bray, Co Wicklow (Saturday, September 13th), Civic Theatre, in Tallaght, Dublin (Tuesday, September 16th, and Wednesday, September 17th), Solstice Arts Centre, Navan, Co Meath (Friday, September 19th), and An T\u00e1in Arts Centre, in Dundalk, Co Louth (Sunday, September 21st). Wallen\u2019s new short piece Flourish gets its Irish premiere from the Chineke! Orchestra at the <a href=\\\"https:\/\/www.nch.ie\/\\\" target=\\\"_blank\\\" rel=\\\"noreferrer\\\" title=\\\"https:\/\/www.nch.ie\/\\\">National Concert Hall<\/a>, Dublin, on Tuesday, September 30th&#8221;,&#8221;type&#8221;:&#8221;text&#8221;}],&#8221;content_restrictions&#8221;:{&#8220;content_code&#8221;:&#8221;premium&#8221;},&#8221;credits&#8221;:{&#8220;by&#8221;:[{&#8220;additional_properties&#8221;:{&#8220;original&#8221;:{&#8220;byline&#8221;:&#8221;Michael Dervan&#8221;}},&#8221;name&#8221;:&#8221;Michael Dervan&#8221;}]},&#8221;description&#8221;:{&#8220;basic&#8221;:&#8221;Opera Collective Ireland is giving Cautionary Tales its Irish premiere. The composer explains why the form is so important to her&#8221;},&#8221;display_date&#8221;:&#8221;2025-09-02T04:11:00Z&#8221;,&#8221;headlines&#8221;:{&#8220;basic&#8221;:&#8221;Cautionary Tales composer Errollyn Wallen: \u2018I always carry my inner child with me. She\u2019s very precious\u2019&#8221;,&#8221;native&#8221;:&#8221;&#8221;},&#8221;label&#8221;:{&#8220;audio_project_id&#8221;:{&#8220;text&#8221;:&#8221;5469&#8243;}},&#8221;promo_items&#8221;:{&#8220;basic&#8221;:{&#8220;_id&#8221;:&#8221;6ABFPSYROZBYFMKPFZXMWWX3H4&#8243;,&#8221;auth&#8221;:{&#8220;1&#8243;:&#8221;81d6a0d7bd4d7cabc77b8b505c3845be19fee47fe8528bb70b884bbda604aefe&#8221;},&#8221;focal_point&#8221;:{&#8220;x&#8221;:890,&#8221;y&#8221;:936},&#8221;type&#8221;:&#8221;image&#8221;,&#8221;url&#8221;:&#8221;https:\/\/cloudfront-eu-central-1.images.arcpublishing.com\/irishtimes\/6ABFPSYROZBYFMKPFZXMWWX3H4.jpg&#8221;}},&#8221;subtype&#8221;:&#8221;feature&#8221;,&#8221;taxonomy&#8221;:{&#8220;sections&#8221;:[{&#8220;name&#8221;:&#8221;Stage&#8221;},{&#8220;name&#8221;:&#8221;Culture&#8221;},{&#8220;name&#8221;:&#8221;Music&#8221;}]},&#8221;type&#8221;:&#8221;story&#8221;,&#8221;website_url&#8221;:&#8221;https:\/\/www.irishtimes.com\/culture\/stage\/2025\/09\/02\/cautionary-tales-composer-errollyn-wallen-i-always-carry-my-inner-child-with-me-shes-very-precious\/&#8221;,&#8221;websites&#8221;:{&#8220;irishtimes&#8221;:{&#8220;website_section&#8221;:{&#8220;_id&#8221;:&#8221;\/culture\/stage&#8221;,&#8221;additional_properties&#8221;:{&#8220;original&#8221;:{}},&#8221;name&#8221;:&#8221;Stage&#8221;}}}},{&#8220;_id&#8221;:&#8221;JOAC5GZYOBGNJNALLI7XPV3WOE&#8221;,&#8221;additional_properties&#8221;:{&#8220;audio_duration&#8221;:641,&#8221;audio_url&#8221;:&#8221;https:\/\/cdn.beyondwords.io\/audio\/projects\/8948\/podcasts\/cae1d6f9-247b-4f1e-90e0-9a56e0089914\/versions\/1756286626\/media\/1eb714a8f24174b83ef671b3295d7df8_compiled.mp3&#8243;},&#8221;canonical_url&#8221;:&#8221;https:\/\/www.irishtimes.com\/culture\/stage\/2025\/08\/30\/dublin-fringe-festival-2025-alison-spittle-felispeaks-and-21-other-attention-grabbing-shows-to-keep-an-eye-out-for\/&#8221;,&#8221;content_elements&#8221;:[{&#8220;_id&#8221;:&#8221;5CKJQX5AXVDRZCYNMNBC4RM7RA&#8221;,&#8221;additional_properties&#8221;:{},&#8221;content&#8221;:&#8221;<a href=\\\"https:\/\/www.irishtimes.com\/tags\/dublin-fringe-festival\/\\\" target=\\\"_blank\\\" rel=\\\"noreferrer\\\" title=\\\"https:\/\/www.irishtimes.com\/tags\/dublin-fringe-festival\/\\\">Dublin Fringe Festival<\/a> is about to be unleashed on the city, with more than a fortnight of shows. It\u2019s a great opportunity to sample the huge range of theatre, comedy, spoken word, dance, music, storytelling, circus, cabaret and more being made in Ireland \u2013 plus some international treats too. &#8220;,&#8221;type&#8221;:&#8221;text&#8221;},{&#8220;_id&#8221;:&#8221;EYXFIQYJBFA4BM3C5PEYSVX5NY&#8221;,&#8221;additional_properties&#8221;:{},&#8221;content&#8221;:&#8221;Bee Sparks, in her first outing as the festival\u2019s director \u2013 she was formerly its programmer \u2013 promises \u201cjoy, community, brazen truths and blazing dance floors\u201d for the fringe\u2019s 31st year, which features 85 events at 36 venues over the next few weeks. The stats: more than 650 artists working on 492 performances, including 56 world premieres, 67 Irish premieres and five Dublin premieres.&#8221;,&#8221;type&#8221;:&#8221;text&#8221;},{&#8220;_id&#8221;:&#8221;CTQR3H52YRAK5AMPV5VBOAV32Y&#8221;,&#8221;additional_properties&#8221;:{},&#8221;content&#8221;:&#8221;There are also shows this year in less usual venues. The festival has teamed with Guinness\u2019s experimental Open Gate brewery and Roe &amp; Co distillery to transform their spaces for six performances (in the Creativity on Tap series).&#8221;,&#8221;type&#8221;:&#8221;text&#8221;},{&#8220;_id&#8221;:&#8221;EPK3UA2ICFGRFK4ZRZTINLN5IQ&#8221;,&#8221;additional_properties&#8221;:{},&#8221;content&#8221;:&#8221;The National Leprechaun Museum hosts Hungry Grass\/Stray Sod, about an Irish bisexual and a Ugandan lesbian meeting in a foreign land. Holdings, from Clara McSweeney and Mel Galley, takes place on the phone, online and by post, to see Dublin city differently. &#8220;,&#8221;type&#8221;:&#8221;text&#8221;},{&#8220;_id&#8221;:&#8221;SWPNR6XEBFHB5FLUNVZMTX64HE&#8221;,&#8221;additional_properties&#8221;:{},&#8221;content&#8221;:&#8221;What Are We Waiting For, at Loughlinstown Community Rooms, sees Men\u2019s Shed members and the writer Colm Keegan explore mental health and masculinity. CoisC\u00e9im Dance Theatre presents Performing Memory free in civic spaces across the city. &#8220;,&#8221;type&#8221;:&#8221;text&#8221;},{&#8220;_id&#8221;:&#8221;TGMNBKMTWVG3VLQ7FFGCLHROMA&#8221;,&#8221;additional_properties&#8221;:{},&#8221;content&#8221;:&#8221;The festival also has various schemes to improve accessibility, and tickets generally are great value.&#8221;,&#8221;type&#8221;:&#8221;text&#8221;},{&#8220;_id&#8221;:&#8221;LGEWCL62RVGLJDEQS4IJGTJ26U&#8221;,&#8221;additional_properties&#8221;:{},&#8221;content&#8221;:&#8221;Here, in chronological order, are some of the productions that have caught our eye.&#8221;,&#8221;type&#8221;:&#8221;text&#8221;},{&#8220;_id&#8221;:&#8221;47YGVOQNKVFB7JFJHRWDQ6XVPM&#8221;,&#8221;additional_properties&#8221;:{},&#8221;type&#8221;:&#8221;image&#8221;},{&#8220;_id&#8221;:&#8221;Q3NO7K2O2BGWRDNEHLUS6I3QUY&#8221;,&#8221;additional_properties&#8221;:{},&#8221;content&#8221;:&#8221;<a href=\\\"https:\/\/www.fringefest.com\/festival\/whats-on\/i-want-to-speak-to-your-manager-how-i-was-radicalised-and-becamekaren\\\" target=\\\"_blank\\\" rel=\\\"noreferrer\\\" title=\\\"https:\/\/www.fringefest.com\/festival\/whats-on\/i-want-to-speak-to-your-manager-how-i-was-radicalised-and-becamekaren\\\">I Want to Speak to Your Manager<\/a>&#8220;,&#8221;type&#8221;:&#8221;header&#8221;},{&#8220;_id&#8221;:&#8221;VJ2NNVOWMVFL3JDP5GQBW6ZVJU&#8221;,&#8221;additional_properties&#8221;:{},&#8221;content&#8221;:&#8221;Pearse Centre, Dublin 2, Friday, September 5th, to Sunday, September 14th&#8221;,&#8221;type&#8221;:&#8221;header&#8221;},{&#8220;_id&#8221;:&#8221;R4K6N6DQ5ZD2TIIJYKCSVIGVXU&#8221;,&#8221;additional_properties&#8221;:{},&#8221;content&#8221;:&#8221;The Cork writer and artist Holly Hughes blends personal storytelling and stand-up in her one-woman show, which has the subtitle How I Was Radicalised and Became \u2026 Karen. The story of a fight for justice, one complaint email at a time, humorously deconstructing the archetype, to leave you asking, Is being a Karen really such a bad thing?&#8221;,&#8221;type&#8221;:&#8221;text&#8221;},{&#8220;_id&#8221;:&#8221;22WVTMZBKZBNFCEPUVQZYOMGZQ&#8221;,&#8221;additional_properties&#8221;:{},&#8221;content&#8221;:&#8221;<a href=\\\"https:\/\/www.fringefest.com\/festival\/whats-on\/octopus-children\\\" target=\\\"_blank\\\" rel=\\\"noreferrer\\\" title=\\\"https:\/\/www.fringefest.com\/festival\/whats-on\/octopus-children\\\">Octopus Children<\/a>&#8220;,&#8221;type&#8221;:&#8221;header&#8221;},{&#8220;_id&#8221;:&#8221;GQGQ6QILKFFDZILDAIFJOJRZD4&#8243;,&#8221;additional_properties&#8221;:{},&#8221;content&#8221;:&#8221;Project Arts Centre, Dublin 2, Friday, September 5th, to Sunday, September 14th&#8221;,&#8221;type&#8221;:&#8221;header&#8221;},{&#8220;_id&#8221;:&#8221;GYKO6356TFDARGTNARVSCOKSPQ&#8221;,&#8221;additional_properties&#8221;:{},&#8221;content&#8221;:&#8221;The new show from Felicia Olusanya, or FeliSpeaks, with Thispopbaby, is about growing up as a \u201cblack, Irish, queer culchie\u201d. With music and spoken word woven throughout. &#8220;,&#8221;type&#8221;:&#8221;text&#8221;},{&#8220;_id&#8221;:&#8221;5H6M6ST6TVBWVHDYE6LLGLAVNU&#8221;,&#8221;additional_properties&#8221;:{},&#8221;type&#8221;:&#8221;image&#8221;},{&#8220;_id&#8221;:&#8221;ZQSF7NGEBJBLRPKC3DWQT453L4&#8243;,&#8221;additional_properties&#8221;:{},&#8221;content&#8221;:&#8221;<a href=\\\"https:\/\/www.fringefest.com\/festival\/whats-on\/pea-dinneen-raising-her-voice\\\" target=\\\"_self\\\" rel=\\\"\\\" title=\\\"https:\/\/www.fringefest.com\/festival\/whats-on\/pea-dinneen-raising-her-voice\\\">Pea Dinneen: Raising Her Voice<\/a>&#8220;,&#8221;type&#8221;:&#8221;header&#8221;},{&#8220;_id&#8221;:&#8221;JAVIBN2RHFGKBDEZLMZSA6Q2ZI&#8221;,&#8221;additional_properties&#8221;:{},&#8221;content&#8221;:&#8221;Project Arts Centre, Dublin 2, Saturday, September 6th, to Sunday, September 14th &#8220;,&#8221;type&#8221;:&#8221;header&#8221;},{&#8220;_id&#8221;:&#8221;TYYTH44BYVAGZKSU4T7IAF4GRY&#8221;,&#8221;additional_properties&#8221;:{},&#8221;content&#8221;:&#8221;Trans woman Pea Dinneen\u2019s musical story, a cabaret of personal narrative.&#8221;,&#8221;type&#8221;:&#8221;text&#8221;},{&#8220;_id&#8221;:&#8221;LCUAAVBNJZHI5FJXALXT2NJX64&#8243;,&#8221;additional_properties&#8221;:{},&#8221;content&#8221;:&#8221;Pea Dinneen: \u2018Raising Her Voice was born out of frustration at seeing myself reflected nowhere in the Irish theatrical canon\u2019&#8221;,&#8221;type&#8221;:&#8221;interstitial_link&#8221;},{&#8220;_id&#8221;:&#8221;46H5ENPBSVCJVNK2NOBQ23UNMA&#8221;,&#8221;additional_properties&#8221;:{},&#8221;content&#8221;:&#8221;Young Radicals&#8221;,&#8221;type&#8221;:&#8221;header&#8221;},{&#8220;_id&#8221;:&#8221;XKR7WQF43VGNRFOFDSLCCYUOE4&#8243;,&#8221;additional_properties&#8221;:{},&#8221;content&#8221;:&#8221;Various venues and dates, Friday, September 5th, to Saturday, September 20th&#8221;,&#8221;type&#8221;:&#8221;header&#8221;},{&#8220;_id&#8221;:&#8221;P7VMTM36YND5LH2EWVK2VZV63I&#8221;,&#8221;additional_properties&#8221;:{},&#8221;content&#8221;:&#8221;A programme of shows made for and by young people, including Maisie Lee\u2019s <a href=\\\"https:\/\/www.fringefest.com\/festival\/whats-on\/the-shape-of-quiet-feelings\\\" target=\\\"_blank\\\" rel=\\\"noreferrer\\\" title=\\\"https:\/\/www.fringefest.com\/festival\/whats-on\/the-shape-of-quiet-feelings\\\"><b>The Shape of Quiet Feelings<\/b><\/a> (Mill Theatre, Dundrum, Friday, September 5th, to Sunday, September 14th), working with children aged eight-plus to explore the idea of change; and Bum Notes\u2019 <a href=\\\"https:\/\/www.fringefest.com\/festival\/whats-on\/pick-n-mix-an-improvised-youth-musical\\\" target=\\\"_blank\\\" rel=\\\"noreferrer\\\" title=\\\"https:\/\/www.fringefest.com\/festival\/whats-on\/pick-n-mix-an-improvised-youth-musical\\\"><b>Pick\u2019n\u2019Mix!<\/b><\/a> (Smock Alley, Dublin 8, Saturday, September 20th), in which children will create a live musical, along with comedians, in 60 minutes. &#8220;,&#8221;type&#8221;:&#8221;text&#8221;},{&#8220;_id&#8221;:&#8221;DBWDFAGDG5FEDEF4FWQ6RVGCXU&#8221;,&#8221;additional_properties&#8221;:{},&#8221;content&#8221;:&#8221;<a href=\\\"https:\/\/www.fringefest.com\/festival\/whats-on\/clash-at-the-quays-ii-lokomania\\\" target=\\\"_self\\\" rel=\\\"\\\" title=\\\"https:\/\/www.fringefest.com\/festival\/whats-on\/clash-at-the-quays-ii-lokomania\\\">Clash at the Quays! II: Lokomania<\/a>&#8220;,&#8221;type&#8221;:&#8221;header&#8221;},{&#8220;_id&#8221;:&#8221;H6P6W5X3HZAE5C77BXVPAIC3YI&#8221;,&#8221;additional_properties&#8221;:{},&#8221;content&#8221;:&#8221;The Complex, Dublin 1, Saturday, September 6th&#8221;,&#8221;type&#8221;:&#8221;header&#8221;},{&#8220;_id&#8221;:&#8221;35Z7U6XE7NALVGETCFJ2DDX7BU&#8221;,&#8221;additional_properties&#8221;:{},&#8221;content&#8221;:&#8221;The musicians Ahmed, With Love; Sloucho; VaticanJail; Julia Louise Knifefist; Lil Skag; Curtisy and Kibo take to the ring to settle some scores in a show of musical rivalries, wrestling blood feuds, and suplex-level silliness, where live music collides with the weird world of professional wrestling.&#8221;,&#8221;type&#8221;:&#8221;text&#8221;},{&#8220;_id&#8221;:&#8221;JJM2OJIH6REPDOUOR3FNLZADHQ&#8221;,&#8221;additional_properties&#8221;:{},&#8221;type&#8221;:&#8221;image&#8221;},{&#8220;_id&#8221;:&#8221;3E4I7DMZMNGLJPOTRQ6CPNLI6M&#8221;,&#8221;additional_properties&#8221;:{},&#8221;content&#8221;:&#8221;<a href=\\\"https:\/\/www.fringefest.com\/festival\/whats-on\/good-with-faces\\\" target=\\\"_self\\\" rel=\\\"\\\" title=\\\"https:\/\/www.fringefest.com\/festival\/whats-on\/good-with-faces\\\">Good With Faces<\/a>&#8220;,&#8221;type&#8221;:&#8221;text&#8221;},{&#8220;_id&#8221;:&#8221;QCDC7RRDNBECRGQJ3QZTJENALY&#8221;,&#8221;additional_properties&#8221;:{},&#8221;content&#8221;:&#8221;Project Arts Centre, Dublin 2, Saturday, September 6th, to Saturday, September 13th&#8221;,&#8221;type&#8221;:&#8221;header&#8221;},{&#8220;_id&#8221;:&#8221;ALK5VXKTDNHXTGBCIB6DGEOHQQ&#8221;,&#8221;additional_properties&#8221;:{},&#8221;content&#8221;:&#8221;This new play from the critically acclaimed theatre-maker Ois\u00edn Kearney is billed as a contemporary exploration of families, abuse and what it means to care.&#8221;,&#8221;type&#8221;:&#8221;text&#8221;},{&#8220;_id&#8221;:&#8221;FFR3IWABDVAADIVLZCRTVB5THA&#8221;,&#8221;additional_properties&#8221;:{},&#8221;content&#8221;:&#8221;<a href=\\\"https:\/\/www.fringefest.com\/festival\/whats-on\/offspring-a-modern-frankenstein\\\" target=\\\"_blank\\\" rel=\\\"noreferrer\\\" title=\\\"https:\/\/www.fringefest.com\/festival\/whats-on\/offspring-a-modern-frankenstein\\\">Offspring: A Modern Frankenstein<\/a>&#8220;,&#8221;type&#8221;:&#8221;header&#8221;},{&#8220;_id&#8221;:&#8221;CHAMGUGD2BB47IUVDL4CO53AMA&#8221;,&#8221;additional_properties&#8221;:{},&#8221;content&#8221;:&#8221;Smock Alley Theatre, Dublin 8, Sunday, September 7th, to Saturday, September 13th&#8221;,&#8221;type&#8221;:&#8221;header&#8221;},{&#8220;_id&#8221;:&#8221;K2WCLJKREJGHPHWOBJYBCXJ6YU&#8221;,&#8221;additional_properties&#8221;:{},&#8221;content&#8221;:&#8221;Emily Terndrup\u2019s new dance-theatre work, a visceral reimagining of Mary Shelley\u2019s horror classic, promises to thrust audiences into the chaos, beauty and terror of creation, whether birthing a child, a work of art or something far more monstrous.&#8221;,&#8221;type&#8221;:&#8221;text&#8221;},{&#8220;_id&#8221;:&#8221;HSFBUPD7TRFEHGL2AVAIQONJ74&#8243;,&#8221;additional_properties&#8221;:{},&#8221;content&#8221;:&#8221;<a href=\\\"https:\/\/www.fringefest.com\/festival\/whats-on\/aliens\\\" target=\\\"_self\\\" rel=\\\"\\\" title=\\\"https:\/\/www.fringefest.com\/festival\/whats-on\/aliens\\\">Aliens<\/a>&#8220;,&#8221;type&#8221;:&#8221;header&#8221;},{&#8220;_id&#8221;:&#8221;7UR773N5AJCIDNPAQAYPQXJAPY&#8221;,&#8221;additional_properties&#8221;:{},&#8221;content&#8221;:&#8221;Smock Alley Theatre, Dublin 8, Monday, September 8th, to Wednesday, September 10th&#8221;,&#8221;type&#8221;:&#8221;header&#8221;},{&#8220;_id&#8221;:&#8221;3XR36GOX7RBMZIYZRMFHUAMY44&#8243;,&#8221;additional_properties&#8221;:{},&#8221;content&#8221;:&#8221;This autobiographical, multilingual documentary play by the intergenerational Belfast company Curious Industries explores what it means to cross a border, between countries, cultures and generations, as mother and daughter Marta McIlduff and Alessandra Celesia take a road trip, both in life and on stage, weaving together personal stories, interviews and reconstructions of historical events. The starting point is the stories of Italians who emigrated to Northern Ireland between the wars, continuing to move on to New York.&#8221;,&#8221;type&#8221;:&#8221;text&#8221;},{&#8220;_id&#8221;:&#8221;LQNF4PLXSNDTPBXTUM6YOZB52U&#8221;,&#8221;additional_properties&#8221;:{},&#8221;type&#8221;:&#8221;image&#8221;},{&#8220;_id&#8221;:&#8221;EZCTGHCCB5A6DMLVWNPCQEXYTU&#8221;,&#8221;additional_properties&#8221;:{},&#8221;content&#8221;:&#8221;<a href=\\\"https:\/\/www.fringefest.com\/festival\/whats-on\/itch\\\" target=\\\"_self\\\" rel=\\\"\\\" title=\\\"https:\/\/www.fringefest.com\/festival\/whats-on\/itch\\\">Itch<\/a>&#8220;,&#8221;type&#8221;:&#8221;text&#8221;},{&#8220;_id&#8221;:&#8221;RDUXKYR76VFHDAWRPHNRUO3UCA&#8221;,&#8221;additional_properties&#8221;:{},&#8221;content&#8221;:&#8221;Smock Alley Theatre, Dublin 8, Tuesday, September 9th, to Saturday, September 13th&#8221;,&#8221;type&#8221;:&#8221;header&#8221;},{&#8220;_id&#8221;:&#8221;26VW74PQLREDNATRTJQDPF74JM&#8221;,&#8221;additional_properties&#8221;:{},&#8221;content&#8221;:&#8221;In this aerial work, Christopher McAuley explores life as a young man growing up a queer Catholic with chronic eczema in post-Troubles Belfast. &#8220;,&#8221;type&#8221;:&#8221;text&#8221;},{&#8220;_id&#8221;:&#8221;IGDDPW5NI5BFFKWYGIBJSORO5Q&#8221;,&#8221;additional_properties&#8221;:{},&#8221;content&#8221;:&#8221;<a href=\\\"https:\/\/www.fringefest.com\/festival\/whats-on\/testo\\\" target=\\\"_self\\\" rel=\\\"\\\" title=\\\"https:\/\/www.fringefest.com\/festival\/whats-on\/testo\\\">Testo<\/a>&#8220;,&#8221;type&#8221;:&#8221;header&#8221;},{&#8220;_id&#8221;:&#8221;HIW6UIBURZBMVAIJGTCG4ES6QE&#8221;,&#8221;additional_properties&#8221;:{},&#8221;content&#8221;:&#8221;Project Arts Centre, Dublin 2, Tuesday, September 9th, and Wednesday, September 10th&#8221;,&#8221;type&#8221;:&#8221;header&#8221;},{&#8220;_id&#8221;:&#8221;6VBWNG33VVFG5BB66M5C3IPWPI&#8221;,&#8221;additional_properties&#8221;:{},&#8221;content&#8221;:&#8221;The UK drag artist Wet Mess promises to \u201cmessify transitions, testosterone and the edges of drag\u201d in this solo show combining costume, dance, lip-syncing and avant-garde theatre. &#8220;,&#8221;type&#8221;:&#8221;text&#8221;},{&#8220;_id&#8221;:&#8221;KENSFAI2R5FBLEGHWSRORHDM4U&#8221;,&#8221;additional_properties&#8221;:{},&#8221;content&#8221;:&#8221;<a href=\\\"https:\/\/www.fringefest.com\/festival\/whats-on\/train-man\\\" target=\\\"_self\\\" rel=\\\"\\\" title=\\\"https:\/\/www.fringefest.com\/festival\/whats-on\/train-man\\\">Train Man<\/a>&#8220;,&#8221;type&#8221;:&#8221;header&#8221;},{&#8220;_id&#8221;:&#8221;KTGVTOUPFREVJOG7AZCHX4ESQ4&#8243;,&#8221;additional_properties&#8221;:{},&#8221;content&#8221;:&#8221;Pearse Centre, Dublin 2, Tuesday, September 9th, to Sunday, September 14th&#8221;,&#8221;type&#8221;:&#8221;header&#8221;},{&#8220;_id&#8221;:&#8221;BJ7ZYFYKINFNJPJMQ6DINFOSEE&#8221;,&#8221;additional_properties&#8221;:{},&#8221;content&#8221;:&#8221;The comedian Caroline McEvoy arrives fresh from Edinburgh with a tale of sibling rivalry in post-Troubles Northern Ireland and her relationship with her younger, neuro-divergent brother, who loves trains, buses and getting his way.&#8221;,&#8221;type&#8221;:&#8221;text&#8221;},{&#8220;_id&#8221;:&#8221;PC2FJHUK5FFNTD4BTUTV7HRZLE&#8221;,&#8221;additional_properties&#8221;:{},&#8221;content&#8221;:&#8221;<a href=\\\"https:\/\/www.fringefest.com\/festival\/whats-on\/353-presents-the-revengers-tragedy\\\" target=\\\"_self\\\" rel=\\\"\\\" title=\\\"https:\/\/www.fringefest.com\/festival\/whats-on\/353-presents-the-revengers-tragedy\\\">+353 Presents: The Revenger\u2019s Tragedy<\/a>&#8220;,&#8221;type&#8221;:&#8221;header&#8221;},{&#8220;_id&#8221;:&#8221;HIR2SNCJSJC4PDZ63V7QRM3TGU&#8221;,&#8221;additional_properties&#8221;:{},&#8221;content&#8221;:&#8221;Abbey Theatre, Dublin 1, Wednesday, September 10th, to Saturday, September 13th&#8221;,&#8221;type&#8221;:&#8221;header&#8221;},{&#8220;_id&#8221;:&#8221;ILGXZV5KGRFYBNAJIOJVSXCQPM&#8221;,&#8221;additional_properties&#8221;:{},&#8221;content&#8221;:&#8221;This \u201cchopped and screwed reimagining\u201d of Thomas Middleton\u2019s Jacobean revenge tragedy, performed with a live orchestra, engages with black identity and drill music, the hip-hop subgenre. Where words are weapons and bodies are battlegrounds, two men wrestle with lust, shame and revenge.&#8221;,&#8221;type&#8221;:&#8221;text&#8221;},{&#8220;_id&#8221;:&#8221;YYG3ZPBLXFGYLH5Y26VQFM2OAE&#8221;,&#8221;additional_properties&#8221;:{},&#8221;type&#8221;:&#8221;image&#8221;},{&#8220;_id&#8221;:&#8221;NVGRWHPOOJD6JIAJQ45R2ZH6PM&#8221;,&#8221;additional_properties&#8221;:{},&#8221;content&#8221;:&#8221;<a href=\\\"https:\/\/www.fringefest.com\/festival\/whats-on\/chop\\\" target=\\\"_self\\\" rel=\\\"\\\" title=\\\"https:\/\/www.fringefest.com\/festival\/whats-on\/chop\\\">Chop!<\/a>&#8220;,&#8221;type&#8221;:&#8221;text&#8221;},{&#8220;_id&#8221;:&#8221;FLQNRZJLANEGDBALOWID4EVESY&#8221;,&#8221;additional_properties&#8221;:{},&#8221;content&#8221;:&#8221;Smock Alley Theatre, Dublin 8, Wednesday, September 10th, to Saturday, September 13th&#8221;,&#8221;type&#8221;:&#8221;header&#8221;},{&#8220;_id&#8221;:&#8221;4RDX2AKMPZENVKYDJPAMAEREX4&#8243;,&#8221;additional_properties&#8221;:{},&#8221;content&#8221;:&#8221;Lords of Strut\u2019s Cian Kinsella, fresh from touring with Thisispopbaby\u2019s Riot, tackles climate and masculinity with laughter in a solo show described as \u201ca violently stupid and stupidly violent deep dive into fragile egos, environmental collapse and the absurdity of existence\u201d. &#8220;,&#8221;type&#8221;:&#8221;text&#8221;},{&#8220;_id&#8221;:&#8221;3PHU7RC74ZA4PO2WUSI6VRBW5M&#8221;,&#8221;additional_properties&#8221;:{},&#8221;content&#8221;:&#8221;<a href=\\\"https:\/\/www.fringefest.com\/festival\/whats-on\/seon-simpsons-on-a-tangent\\\" target=\\\"_self\\\" rel=\\\"\\\" title=\\\"https:\/\/www.fringefest.com\/festival\/whats-on\/seon-simpsons-on-a-tangent\\\">Se\u00f3n Simpson\u2019s on a Tangent<\/a>&#8220;,&#8221;type&#8221;:&#8221;header&#8221;},{&#8220;_id&#8221;:&#8221;DCOZ2ZWF6JGGFG2WTXQI7QTNRA&#8221;,&#8221;additional_properties&#8221;:{},&#8221;content&#8221;:&#8221;New Theatre, Dublin 2, Wednesday, September 10th, to Saturday, September 13th&#8221;,&#8221;type&#8221;:&#8221;header&#8221;},{&#8220;_id&#8221;:&#8221;RW3SNO6YCRGRPPRDZ6FJUXEC2M&#8221;,&#8221;additional_properties&#8221;:{},&#8221;content&#8221;:&#8221;Can you make poems about self-harm and suicide funny? Se\u00f3n Simpson believes so: she turns her teenage diary and once-secret poetry blog into a mix of stand-up comedy, theatre and Ted talk about mental health, oversharing and wringing laughs out of teenage trauma.&#8221;,&#8221;type&#8221;:&#8221;text&#8221;},{&#8220;_id&#8221;:&#8221;LE4FS2HDOREDBLDVYSQ4N2RNU4&#8243;,&#8221;additional_properties&#8221;:{},&#8221;content&#8221;:&#8221;<a href=\\\"https:\/\/www.fringefest.com\/festival\/whats-on\/reverb\\\" target=\\\"_self\\\" rel=\\\"\\\" title=\\\"https:\/\/www.fringefest.com\/festival\/whats-on\/reverb\\\">Reverb<\/a>&#8220;,&#8221;type&#8221;:&#8221;header&#8221;},{&#8220;_id&#8221;:&#8221;AYL7UZYYYFCK3DQDFY7K7JMPUY&#8221;,&#8221;additional_properties&#8221;:{},&#8221;content&#8221;:&#8221;Civic Theatre, Tallaght, Dublin 24, Thursday, September 11th, and Friday, September 12th&#8221;,&#8221;type&#8221;:&#8221;header&#8221;},{&#8220;_id&#8221;:&#8221;ZDTSH7RJLVF2TO3TUDZMQGY5EM&#8221;,&#8221;additional_properties&#8221;:{},&#8221;content&#8221;:&#8221;Luail, Ireland\u2019s national dance company, perform high-energy dance choreographed by Sarah Golding to pulse-pounding live music by the composer and musician Lisa Canny. &#8220;,&#8221;type&#8221;:&#8221;text&#8221;},{&#8220;_id&#8221;:&#8221;KNURPVI27RF3RPCIDNIWUUSSRE&#8221;,&#8221;additional_properties&#8221;:{},&#8221;content&#8221;:&#8221;<a href=\\\"https:\/\/www.fringefest.com\/festival\/whats-on\/am-i-the-ahole\\\" target=\\\"_self\\\" rel=\\\"\\\" title=\\\"https:\/\/www.fringefest.com\/festival\/whats-on\/am-i-the-ahole\\\">Am I the A**hole?<\/a>&#8220;,&#8221;type&#8221;:&#8221;header&#8221;},{&#8220;_id&#8221;:&#8221;WRRMVGEZIRCS7BOSCYL2VTKW54&#8243;,&#8221;additional_properties&#8221;:{},&#8221;content&#8221;:&#8221;Smock Alley Theatre, Dublin 8, Thursday, September 11th, to Saturday, September 13th&#8221;,&#8221;type&#8221;:&#8221;header&#8221;},{&#8220;_id&#8221;:&#8221;3FTJXSCINVE43NJG72LETYDTLU&#8221;,&#8221;additional_properties&#8221;:{},&#8221;content&#8221;:&#8221;An interactive courtroom drama from Dafe Orugbo and Lisa Nally that lets you sign up to be a member of the jury as part of a satirical, comedic, experimental show about social politics, turning the theatre-going experience into a game of cunning and manipulation.&#8221;,&#8221;type&#8221;:&#8221;text&#8221;},{&#8220;_id&#8221;:&#8221;QED4MQCWJ5ADXMZSE3RDW7FUDM&#8221;,&#8221;additional_properties&#8221;:{},&#8221;type&#8221;:&#8221;image&#8221;},{&#8220;_id&#8221;:&#8221;YUMWA24FGNCNNALVH23HJSKKFQ&#8221;,&#8221;additional_properties&#8221;:{},&#8221;content&#8221;:&#8221;<a href=\\\"https:\/\/www.fringefest.com\/festival\/whats-on\/amsterdam\\\" target=\\\"_self\\\" rel=\\\"\\\" title=\\\"https:\/\/www.fringefest.com\/festival\/whats-on\/amsterdam\\\">Amsterdam<\/a>&#8220;,&#8221;type&#8221;:&#8221;text&#8221;},{&#8220;_id&#8221;:&#8221;BXZ3ZN2NRVGEJERWUVBV5DQFGU&#8221;,&#8221;additional_properties&#8221;:{},&#8221;content&#8221;:&#8221;Glass Mask Theatre, Dublin 2, Friday, September 12th, to Thursday, September 18th&#8221;,&#8221;type&#8221;:&#8221;header&#8221;},{&#8220;_id&#8221;:&#8221;Z2RZ5IKIFNFLFM67KSCJZX5SQ4&#8243;,&#8221;additional_properties&#8221;:{},&#8221;content&#8221;:&#8221;David Rawle\u2019s new play, which he also stars in, is an anxious love story about the ultimate bad idea: falling for your best friend. Two people arrive in Amsterdam as friends, but somewhere between canals and coffee shops they develop some strong feelings. Is it love in the air, or just weed?&#8221;,&#8221;type&#8221;:&#8221;text&#8221;},{&#8220;_id&#8221;:&#8221;4MZCDLH3R5EB3LZPKL2YUVRX7M&#8221;,&#8221;additional_properties&#8221;:{},&#8221;content&#8221;:&#8221;<a href=\\\"https:\/\/www.fringefest.com\/festival\/whats-on\/queens-of-comedy\\\" target=\\\"_self\\\" rel=\\\"\\\" title=\\\"https:\/\/www.fringefest.com\/festival\/whats-on\/queens-of-comedy\\\">Queens of Comedy<\/a>&#8220;,&#8221;type&#8221;:&#8221;header&#8221;},{&#8220;_id&#8221;:&#8221;VIDRWSL43RGXZHIL4DIOHL526E&#8221;,&#8221;additional_properties&#8221;:{},&#8221;content&#8221;:&#8221;Smock Alley Theatre, Dublin 8, Sunday, September 14th, to Tuesday, September 16th&#8221;,&#8221;type&#8221;:&#8221;header&#8221;},{&#8220;_id&#8221;:&#8221;K2BXEX7RUBGKPERVW4TCXAWC2M&#8221;,&#8221;additional_properties&#8221;:{},&#8221;content&#8221;:&#8221;Aideen McQueen and Sophia Wren (aka Sophia Cadogan) host three nights of fast-paced stand-up with a rotating cast of Irish women comedians, from rising stars to established names.&#8221;,&#8221;type&#8221;:&#8221;text&#8221;},{&#8220;_id&#8221;:&#8221;XTORPHIGHFAD3NTPB26H222ULA&#8221;,&#8221;additional_properties&#8221;:{},&#8221;content&#8221;:&#8221;<a href=\\\"https:\/\/www.fringefest.com\/festival\/whats-on\/big\\\" target=\\\"_self\\\" rel=\\\"\\\" title=\\\"https:\/\/www.fringefest.com\/festival\/whats-on\/big\\\">Big<\/a>&#8220;,&#8221;type&#8221;:&#8221;header&#8221;},{&#8220;_id&#8221;:&#8221;6RTM6WEI4BBXBBTXHPAQLQ5CAU&#8221;,&#8221;additional_properties&#8221;:{},&#8221;content&#8221;:&#8221;Project Arts Centre, Dublin 2, Tuesday, September 16th, to Saturday, September 20th&#8221;,&#8221;type&#8221;:&#8221;header&#8221;},{&#8220;_id&#8221;:&#8221;JY7SE4DZJJD6ZKWVP4YP2TFTFM&#8221;,&#8221;additional_properties&#8221;:{},&#8221;content&#8221;:&#8221;Alison Spittle confronts misogyny, sexuality, classism, death and M&amp;Ms in a show about the changes the past year has imposed on her, and her recent weight-loss and health journey.&#8221;,&#8221;type&#8221;:&#8221;text&#8221;},{&#8220;_id&#8221;:&#8221;VZQHB6FDTJHI5LC2VYGSIBMSWI&#8221;,&#8221;additional_properties&#8221;:{},&#8221;content&#8221;:&#8221;Alison Spittle: \u2018I\u2019m treated more like a human being now I\u2019ve lost weight\u2019&#8221;,&#8221;type&#8221;:&#8221;interstitial_link&#8221;},{&#8220;_id&#8221;:&#8221;NR6CKCD3DFCIJKQPLRAUKZX2E4&#8243;,&#8221;additional_properties&#8221;:{},&#8221;content&#8221;:&#8221;<a href=\\\"https:\/\/www.fringefest.com\/festival\/whats-on\/last-gig-ever\\\" target=\\\"_self\\\" rel=\\\"\\\" title=\\\"https:\/\/www.fringefest.com\/festival\/whats-on\/last-gig-ever\\\">Last Gig Ever!<\/a>&#8220;,&#8221;type&#8221;:&#8221;header&#8221;},{&#8220;_id&#8221;:&#8221;VHXK7KO5FFFBHJXBE3EUSNJIDM&#8221;,&#8221;additional_properties&#8221;:{},&#8221;content&#8221;:&#8221;Smock Alley Theatre, Wednesday, September 17th, to Saturday, September 20th&#8221;,&#8221;type&#8221;:&#8221;header&#8221;},{&#8220;_id&#8221;:&#8221;AQL6G7EYLRCF7O5HK77KZZ7QSI&#8221;,&#8221;additional_properties&#8221;:{},&#8221;content&#8221;:&#8221;This Dutch piece of dance theatre, from Agents &amp; Juice, dives into the highs and lows, constraints and complexities of nightlife, DJ culture and nocturnal challenges, exploring the afterhours through slapstick comedy and rigorous movement.&#8221;,&#8221;type&#8221;:&#8221;text&#8221;},{&#8220;_id&#8221;:&#8221;P4H7GUKYDNFBNLKGGH7AIS27EU&#8221;,&#8221;additional_properties&#8221;:{},&#8221;content&#8221;:&#8221;<a href=\\\"https:\/\/www.fringefest.com\/festival\/whats-on\/change\\\" target=\\\"_self\\\" rel=\\\"\\\" title=\\\"https:\/\/www.fringefest.com\/festival\/whats-on\/change\\\">Change<\/a>&#8220;,&#8221;type&#8221;:&#8221;header&#8221;},{&#8220;_id&#8221;:&#8221;7LKEIR36FFGODNYADS2L5VL47E&#8221;,&#8221;additional_properties&#8221;:{},&#8221;content&#8221;:&#8221;Project Arts Centre, Dublin 8, Thursday, September 18th, to Saturday, September 20th&#8221;,&#8221;type&#8221;:&#8221;header&#8221;},{&#8220;_id&#8221;:&#8221;LCOUYAW6UNHB5FXNPFLULNOZP4&#8243;,&#8221;additional_properties&#8221;:{},&#8221;content&#8221;:&#8221;The integrated dance company Cro\u00ed Glan angles a hopeful lens on climate change while exploring disability, environment and immigration. A call to climate action through movement, music and diverse bodies in motion.&#8221;,&#8221;type&#8221;:&#8221;text&#8221;},{&#8220;_id&#8221;:&#8221;4GUB3A77P5AIFMZGED5FPSOM4Y&#8221;,&#8221;additional_properties&#8221;:{},&#8221;type&#8221;:&#8221;image&#8221;},{&#8220;_id&#8221;:&#8221;25GGOV256BDQXDPPVYLF4K7TRY&#8221;,&#8221;additional_properties&#8221;:{},&#8221;content&#8221;:&#8221;<a href=\\\"https:\/\/www.fringefest.com\/festival\/whats-on\/cirque-du-honeypot\\\" target=\\\"_self\\\" rel=\\\"\\\" title=\\\"https:\/\/www.fringefest.com\/festival\/whats-on\/cirque-du-honeypot\\\">Cirque du Honeypot<\/a>&#8220;,&#8221;type&#8221;:&#8221;text&#8221;},{&#8220;_id&#8221;:&#8221;WVJ4IWPSCFE5ZGEKQPOLN4VAWM&#8221;,&#8221;additional_properties&#8221;:{},&#8221;content&#8221;:&#8221;Grand Social, Dublin 1, Friday, September 19th&#8221;,&#8221;type&#8221;:&#8221;header&#8221;},{&#8220;_id&#8221;:&#8221;KG3TR4BWBJB3TL6JLYIRRF36TE&#8221;,&#8221;additional_properties&#8221;:{},&#8221;content&#8221;:&#8221;A queer-circus-themed club night with music, visuals, performance and interactivity, collaborations with local creatives and Honeypot friends, DJs, face painting and hypnotic dance-floor energy.&#8221;,&#8221;type&#8221;:&#8221;text&#8221;},{&#8220;_id&#8221;:&#8221;G7WGMRRTAFA4NDF53XR4INY65M&#8221;,&#8221;additional_properties&#8221;:{},&#8221;content&#8221;:&#8221;<a href=\\\"https:\/\/www.fringefest.com\/\\\" target=\\\"_blank\\\" rel=\\\"noreferrer\\\" title=\\\"https:\/\/www.fringefest.com\/\\\">Dublin Fringe Festival<\/a> runs from Saturday, September 6th, until Sunday, September 21st&#8221;,&#8221;type&#8221;:&#8221;text&#8221;}],&#8221;content_restrictions&#8221;:{&#8220;content_code&#8221;:&#8221;metered&#8221;},&#8221;credits&#8221;:{&#8220;by&#8221;:[{&#8220;additional_properties&#8221;:{&#8220;original&#8221;:{&#8220;byline&#8221;:&#8221;Deirdre Falvey&#8221;}},&#8221;name&#8221;:&#8221;Deirdre Falvey&#8221;}]},&#8221;description&#8221;:{&#8220;basic&#8221;:&#8221;This year\u2019s festival is a great opportunity to sample the huge range of theatre, comedy, spoken word, dance, music and more being made in Ireland \u2013 plus some international treats too&#8221;},&#8221;display_date&#8221;:&#8221;2025-08-30T04:12:00Z&#8221;,&#8221;headlines&#8221;:{&#8220;basic&#8221;:&#8221;Dublin Fringe Festival 2025: Alison Spittle, FeliSpeaks and 21 other attention-grabbing shows to keep an eye out for&#8221;,&#8221;native&#8221;:&#8221;&#8221;},&#8221;label&#8221;:{&#8220;audio_project_id&#8221;:{&#8220;text&#8221;:&#8221;8948&#8243;}},&#8221;promo_items&#8221;:{&#8220;basic&#8221;:{&#8220;_id&#8221;:&#8221;IMIT5BMMYFHJPLBPOWQHQ3QLOE&#8221;,&#8221;auth&#8221;:{&#8220;1&#8243;:&#8221;ee3109d5bd1868efe6dd90eb1ba32d5f803ae86b2b2bcdd375b7287bc4623e19&#8243;},&#8221;focal_point&#8221;:{&#8220;x&#8221;:2776,&#8221;y&#8221;:1569},&#8221;type&#8221;:&#8221;image&#8221;,&#8221;url&#8221;:&#8221;https:\/\/cloudfront-eu-central-1.images.arcpublishing.com\/irishtimes\/IMIT5BMMYFHJPLBPOWQHQ3QLOE.jpg&#8221;}},&#8221;subtype&#8221;:&#8221;default&#8221;,&#8221;taxonomy&#8221;:{&#8220;sections&#8221;:[{&#8220;name&#8221;:&#8221;Stage&#8221;},{&#8220;name&#8221;:&#8221;Culture&#8221;}]},&#8221;type&#8221;:&#8221;story&#8221;,&#8221;website_url&#8221;:&#8221;https:\/\/www.irishtimes.com\/culture\/stage\/2025\/08\/30\/dublin-fringe-festival-2025-alison-spittle-felispeaks-and-21-other-attention-grabbing-shows-to-keep-an-eye-out-for\/&#8221;,&#8221;websites&#8221;:{&#8220;irishtimes&#8221;:{&#8220;website_section&#8221;:{&#8220;_id&#8221;:&#8221;\/culture\/stage&#8221;,&#8221;additional_properties&#8221;:{&#8220;original&#8221;:{}},&#8221;name&#8221;:&#8221;Stage&#8221;}}}},{&#8220;_id&#8221;:&#8221;MI7ATN2K6JF57KWKBBBWSOQBY4&#8243;,&#8221;additional_properties&#8221;:{&#8220;audio_duration&#8221;:533,&#8221;audio_url&#8221;:&#8221;https:\/\/cdn.beyondwords.io\/audio\/projects\/8948\/podcasts\/089db5a4-7267-4a9f-8941-5cf78b628a30\/versions\/1756285932\/media\/0cc4a25af3d6003cfc2cc52c401366b4_compiled.mp3&#8243;},&#8221;canonical_url&#8221;:&#8221;https:\/\/www.irishtimes.com\/culture\/stage\/2025\/08\/30\/the-revengers-tragedy-i-love-the-idea-that-theres-a-jacobean-revenge-tragedy-inside-each-bedroom-rappers-head\/&#8221;,&#8221;content_elements&#8221;:[{&#8220;_id&#8221;:&#8221;N4VJWTHJ5ZAI5D5DG7FUVQXF6U&#8221;,&#8221;additional_properties&#8221;:{},&#8221;content&#8221;:&#8221;Hip-hop and theatre? We\u2019ve been here before \u2013 but a new production premiering at <a href=\\\"https:\/\/www.irishtimes.com\/tags\/dublin-fringe-festival\/\\\" target=\\\"_blank\\\" rel=\\\"noreferrer\\\" title=\\\"https:\/\/www.irishtimes.com\/tags\/dublin-fringe-festival\/\\\">Dublin Fringe Festival<\/a> is worlds away from Hamilton, Lin-Manuel Miranda and the founding fathers of the United States. Jacobean theatre and drill music may not seem like the most natural of bedfellows, but +353 Presents: The Revenger\u2019s Tragedy, at the <a href=\\\"https:\/\/www.irishtimes.com\/tags\/abbey-theatre\/\\\" target=\\\"_blank\\\" rel=\\\"noreferrer\\\" title=\\\"https:\/\/www.irishtimes.com\/tags\/abbey-theatre\/\\\">Abbey Theatre<\/a>, posits the theory that they have more in common than you think.&#8221;,&#8221;type&#8221;:&#8221;text&#8221;},{&#8220;_id&#8221;:&#8221;355EXGPJOVFHND3GRQHR7DVEOI&#8221;,&#8221;additional_properties&#8221;:{},&#8221;content&#8221;:&#8221;Kevin Keogh, a self-confessed hip-hop nerd, has adapted and directed a new version of Thomas Middleton\u2019s revenge tragedy, which was first performed in 1606 and underwent a revival in the 20th century after centuries of neglect. &#8220;,&#8221;type&#8221;:&#8221;text&#8221;},{&#8220;_id&#8221;:&#8221;VD5UOOZ4WRBCJMKL2WU5S3Y5N4&#8243;,&#8221;additional_properties&#8221;:{},&#8221;content&#8221;:&#8221;Keogh had the idea for the adaptation when <a href=\\\"https:\/\/www.irishtimes.com\/tags\/jennifer-jennings\/\\\" target=\\\"_blank\\\" rel=\\\"noreferrer\\\" title=\\\"https:\/\/www.irishtimes.com\/tags\/jennifer-jennings\/\\\">Jennifer Jennings<\/a> of <a href=\\\"https:\/\/www.irishtimes.com\/tags\/thisispopbaby\/\\\" target=\\\"_blank\\\" rel=\\\"noreferrer\\\" title=\\\"https:\/\/www.irishtimes.com\/tags\/thisispopbaby\/\\\">Thisispopbaby<\/a>, the innovative Irish theatre company, asked him to create a five-minute cabaret-style show for the Beyond the Pale festival a few years ago.&#8221;,&#8221;type&#8221;:&#8221;text&#8221;},{&#8220;_id&#8221;:&#8221;PU7OACTFRVDMNJSBMPFGYZPRZY&#8221;,&#8221;additional_properties&#8221;:{},&#8221;content&#8221;:&#8221;\u201cI was doing a lot of work with rave and techno music and making theatre in that space \u2013 which is how I linked up with Thisispopbaby to begin with,\u201d he says. \u201cI think they were expecting me to turn up with something in that sphere, and I arrived with a string quartet and a rapper.&#8221;,&#8221;type&#8221;:&#8221;text&#8221;},{&#8220;_id&#8221;:&#8221;OMQM6MM45NER7HFLEUZFDAKW5E&#8221;,&#8221;additional_properties&#8221;:{},&#8221;content&#8221;:&#8221;\u201cBut they actually didn\u2019t even blink, fair play to them. And that was kind of the genesis of it all. I felt, like, \u2018Okay, there\u2019s something to be unpicked here\u2019.\u201d&#8221;,&#8221;type&#8221;:&#8221;text&#8221;},{&#8220;_id&#8221;:&#8221;RIN6OAOLPRH3XFW7SHNIGHZJXM&#8221;,&#8221;additional_properties&#8221;:{},&#8221;content&#8221;:&#8221;Keogh was especially interested in how the themes of The Revenger\u2019s Tragedy \u2013 toxic masculinity, greed, vengeance, a lust for power and a lot of (literal) backstabbing and double-crossing \u2013 correlated to modern-day drill music, the subgenre of hip-hop known for its ultraviolent lyrics.&#8221;,&#8221;type&#8221;:&#8221;text&#8221;},{&#8220;_id&#8221;:&#8221;67F7VHPB6VCPDHHPDX7CJ64QY4&#8243;,&#8221;additional_properties&#8221;:{},&#8221;content&#8221;:&#8221;\u201cOriginally I thought of it as this off-the-cuff idea, because I was reading some Jacobean text and I thought, \u2018You know what? This reads like a rap album\u2019,\u201d the Dublin theatremaker says. \u201cAnd then around 2020, when the whole drill movement started happening in Ireland, I thought, \u2018This is so theatrical: it\u2019s these kids in masks saying this really gruesome stuff\u2019.&#8221;,&#8221;type&#8221;:&#8221;text&#8221;},{&#8220;_id&#8221;:&#8221;E5HDOQJPANAIXGHON5VYF2RMRI&#8221;,&#8221;additional_properties&#8221;:{},&#8221;content&#8221;:&#8221;\u201cBut it is the gesture of writing it, recording it, shooting the video, making it all look tough and putting it on YouTube that is the violence, not what they\u2019re saying.&#8221;,&#8221;type&#8221;:&#8221;text&#8221;},{&#8220;_id&#8221;:&#8221;LDAHTBSV6ZCYRB4OHEI5CO755E&#8221;,&#8221;additional_properties&#8221;:{},&#8221;content&#8221;:&#8221;\u201cAnd that\u2019s kind of the same for The Revenger\u2019s Tragedy. There\u2019s no real \u2018good guy\u2019 in the story; it\u2019s this idea of deep, deep corruption, and the characters themselves are so flawed.&#8221;,&#8221;type&#8221;:&#8221;text&#8221;},{&#8220;_id&#8221;:&#8221;NZFYJGBIHJCP3EZG45QIK3URGA&#8221;,&#8221;additional_properties&#8221;:{},&#8221;content&#8221;:&#8221;\u201cBut what I was interested in is Middleton writing that in 1606, perhaps being frustrated with Shakespeare, as a societal commentary on King Lear, and how that mirrors the drill scene in Ireland \u2013 [drill artists] writing from that same exact place: no care for what they\u2019re saying, or how it sounds, or how it comes across, just \u2018This is how frustrated I am\u2019.\u201d&#8221;,&#8221;type&#8221;:&#8221;text&#8221;},{&#8220;_id&#8221;:&#8221;C2EPF2GCFVHYZPRKD3NHYJAQYM&#8221;,&#8221;additional_properties&#8221;:{},&#8221;content&#8221;:&#8221;Music plays a big part in this new adaptation, with an original score by Colin Fitzpatrick and Ire Adebari performed live by a 13-piece orchestra.&#8221;,&#8221;type&#8221;:&#8221;text&#8221;},{&#8220;_id&#8221;:&#8221;HECAJMAUFNG5FBNJVDIXHO7N7E&#8221;,&#8221;additional_properties&#8221;:{},&#8221;content&#8221;:&#8221;It started as a music project, with monologues from the play, Keogh says. \u201cWhen I brought it to Beyond the Pale I was, like, \u2018Cool, a music festival: I\u2019ll do something music-orientated\u2019. I texted my friend, saying, \u2019Hey, can you just make me some baroque string\/drill-type beats?\u2019 &#8220;,&#8221;type&#8221;:&#8221;text&#8221;},{&#8220;_id&#8221;:&#8221;EOALASMLYJD2HAWSZASGB6VUCI&#8221;,&#8221;additional_properties&#8221;:{},&#8221;content&#8221;:&#8221;\u201cAnd he texted me back, saying, \u2018What the hell?\u2019,\u201d Keogh says, chuckling. \u201cBasically, they sampled a lot of existing baroque string-quartet music, made drums and bass for it, and then renotated it. &#8220;,&#8221;type&#8221;:&#8221;text&#8221;},{&#8220;_id&#8221;:&#8221;LXBO3HEIZREYNARMVUUW3XYWVQ&#8221;,&#8221;additional_properties&#8221;:{},&#8221;type&#8221;:&#8221;image&#8221;},{&#8220;_id&#8221;:&#8221;IQEU3CG5CVHY7AKBDF5SRFTTHE&#8221;,&#8221;additional_properties&#8221;:{},&#8221;content&#8221;:&#8221;&#8221;,&#8221;type&#8221;:&#8221;text&#8221;},{&#8220;_id&#8221;:&#8221;NRXQRVTCUJGO5O3VLVQE73RZBY&#8221;,&#8221;additional_properties&#8221;:{},&#8221;content&#8221;:&#8221;\u201cIt\u2019s a whole opera written on a laptop, essentially. I think about it very cinematically now, where it ebbs and flows. And it kind of breaks up the narrative \u2013 because there\u2019s a lot of narrative to get through.\u201d&#8221;,&#8221;type&#8221;:&#8221;text&#8221;},{&#8220;_id&#8221;:&#8221;MSM4A3NWOJGGZGRYTPVRIVKYEU&#8221;,&#8221;additional_properties&#8221;:{},&#8221;content&#8221;:&#8221;The length and multiple storylines of Middleton\u2019s play have been \u201cchopped and screwed\u201d for +353\u2019s interpretation, which now focuses on three characters: Vindice, Lussurioso and the mother figure, Gratiana. &#8220;,&#8221;type&#8221;:&#8221;text&#8221;},{&#8220;_id&#8221;:&#8221;LUTOZCJDEZHW3OUL2ROROF3AUU&#8221;,&#8221;additional_properties&#8221;:{},&#8221;content&#8221;:&#8221;The original is set in a 17th-century Italian court; the new version is \u201cin its own world\u201d, with nods to the Jacobean era in terms of costume and set but with contemporary touches such as \u201cthe sound of tyres screeching\u201d. &#8220;,&#8221;type&#8221;:&#8221;text&#8221;},{&#8220;_id&#8221;:&#8221;Y6HGFDARDZAYXGUSVJSEEZ2A5A&#8221;,&#8221;additional_properties&#8221;:{},&#8221;content&#8221;:&#8221;The two lead actors, Alexander Potgieter and Andrew Ajetunmobi, are rappers who had never acted before this production. It has been \u201ca beautiful thing\u201d to watch their journey over the past few years, Keogh says, as well as to offer representation at the national theatre for both black youth and young people in hip-hop. &#8220;,&#8221;type&#8221;:&#8221;text&#8221;},{&#8220;_id&#8221;:&#8221;TZZF65T6AVA2JDODK2UQBGZ35Q&#8221;,&#8221;additional_properties&#8221;:{},&#8221;content&#8221;:&#8221;He came across Potgieter, who plays Vindice, on social media several years ago and drafted him in at short notice for that first Beyond the Pale performance. &#8220;,&#8221;type&#8221;:&#8221;text&#8221;},{&#8220;_id&#8221;:&#8221;PPU2AVGQE5EOTPVXEOUY4RJITE&#8221;,&#8221;additional_properties&#8221;:{},&#8221;content&#8221;:&#8221;\u201cWe did a development period after that, and I brought in a voice coach and a movement coach,\u201d he says. \u201cBoth of their journeys, from having literally never touched any kind of archaic text to what they\u2019re doing in the rehearsal room now, are insane. Yesterday we had an argument about the plague, and I was just, like, \u2018This is wild. Like, I found you on Instagram two years ago\u2019.\u201d &#8220;,&#8221;type&#8221;:&#8221;text&#8221;},{&#8220;_id&#8221;:&#8221;ZAZAFVHETVE4ZMENHLGTIOGUHY&#8221;,&#8221;additional_properties&#8221;:{},&#8221;content&#8221;:&#8221;The opera singer Ellen Kelly, who plays Gratiana, has been similarly explosive. \u201cClassical music and classical arts can be very rigid; there is a tradition there, a training that wants you to adhere to it,\u201d Keogh says. \u201cBut she came in and tore up the rule book.\u201d&#8221;,&#8221;type&#8221;:&#8221;text&#8221;},{&#8220;_id&#8221;:&#8221;PSRVMROI2JHALBEODLPBNDAH5E&#8221;,&#8221;additional_properties&#8221;:{},&#8221;content&#8221;:&#8221;Presenting a version of a play that confronts race and musical stereotypes was not a decision Keogh made lightly. In the early days of its development he reached out to Maiya McQueen, an American anthropologist, who later became the show\u2019s producer. &#8220;,&#8221;type&#8221;:&#8221;text&#8221;},{&#8220;_id&#8221;:&#8221;ZCPCXNUF6ZCGJGMVDY3MCHRKP4&#8243;,&#8221;additional_properties&#8221;:{},&#8221;content&#8221;:&#8221;\u201cAt the time that Kevin met me, I was working at the <a href=\\\"https:\/\/sites.harvard.edu\/hiphoparchive\/\\\" target=\\\"_blank\\\" rel=\\\"noreferrer\\\" title=\\\"https:\/\/sites.harvard.edu\/hiphoparchive\/\\\">Hiphop Archive &amp; Research Institute<\/a> over at Harvard,\u201d she says. \u201cHe reached out just to have a chat about what he was looking to make, if it was something that could be done ethically \u2013 which I really appreciated. He didn\u2019t come and say, \u2018I\u2019m going to do this \u2013 help!\u2019 He said, \u2018Should I do this? Is this out of line? How do I do this the right way?\u2019\u201d&#8221;,&#8221;type&#8221;:&#8221;text&#8221;},{&#8220;_id&#8221;:&#8221;A347V32L2BF6PC3B3O5CZD7XAY&#8221;,&#8221;additional_properties&#8221;:{},&#8221;content&#8221;:&#8221;While other characters have been dropped from the narrative, the inclusion of the mother figure, to represent wider society, was \u201ca very intentional choice\u201d, Kelly says. \u201cYou can see, \u2018Okay, this isn\u2019t about them as people; this is about a sick society\u2019.\u201d&#8221;,&#8221;type&#8221;:&#8221;text&#8221;},{&#8220;_id&#8221;:&#8221;ZZ4N47DABZHPLOEAOVIDWCBKW4&#8243;,&#8221;additional_properties&#8221;:{},&#8221;content&#8221;:&#8221;According to McQueen, \u201cWhen you put two black men on stage and have them deliver the language that they will be delivering with this show, we run the risk of people walking away with [their only takeaway being], \u2018Oh, that was really disgusting\u2019, or, \u2018Drill is really disgusting\u2019 \u2013 which is not at all the case that we\u2019re making.&#8221;,&#8221;type&#8221;:&#8221;text&#8221;},{&#8220;_id&#8221;:&#8221;MSJVRDPFINAXPK2YAJFPTSYC4U&#8221;,&#8221;additional_properties&#8221;:{},&#8221;content&#8221;:&#8221;\u201cI think it challenges the audience to think further than just, \u2018I\u2019m seeing two black boys on stage who are saying grotesque things\u2019. It requires a bit more intentional thought.\u201d&#8221;,&#8221;type&#8221;:&#8221;text&#8221;},{&#8220;_id&#8221;:&#8221;MUBZD2YQDBF6FDJIBUTK2REKMM&#8221;,&#8221;additional_properties&#8221;:{},&#8221;content&#8221;:&#8221;She adds: \u201cI think we\u2019re really challenging conversations surrounding storytelling. What is \u2018good\u2019 storytelling, what is \u2018bad\u2019 storytelling? What makes a Jacobean tragedy better, or more relevant, or more competent than a drill song? So we\u2019re really hoping that people will engage in that conversation really honestly.&#8221;,&#8221;type&#8221;:&#8221;text&#8221;},{&#8220;_id&#8221;:&#8221;7CDXD7S3DRFEBCBJKAA6VJGNZY&#8221;,&#8221;additional_properties&#8221;:{},&#8221;content&#8221;:&#8221;And The Revenger\u2019s Tragedy is also great fun, she says, grinning. \u201cThe music is insane, so there\u2019s no pressure to be up with the language or the text. If people want to come sit and listen to our insanely good orchestra, that\u2019s fine with me. We don\u2019t want people to shy away from coming because the language is big and scary \u2013 there\u2019s so much there to be engaged and understood.\u201d&#8221;,&#8221;type&#8221;:&#8221;text&#8221;},{&#8220;_id&#8221;:&#8221;P7CPJKRCU5A3LNXNT2HJGQY6VQ&#8221;,&#8221;additional_properties&#8221;:{},&#8221;content&#8221;:&#8221;\u201cIt\u2019s for the Abbey Theatre\u2019s audiences, both current and future,\u201d Keogh says, relishing the thought of presenting a provocative show at Ireland\u2019s national theatre.&#8221;,&#8221;type&#8221;:&#8221;text&#8221;},{&#8220;_id&#8221;:&#8221;QMKOX2JTIRB4VFTI7MH2CY6H7E&#8221;,&#8221;additional_properties&#8221;:{},&#8221;content&#8221;:&#8221;\u201cThe takeaway I want people to have is to think about the next kid they pass on the street wearing a tracksuit who makes rap songs in his bedroom. I love the idea that there is a Jacobean revenge tragedy inside each of their heads, just waiting to be written.&#8221;,&#8221;type&#8221;:&#8221;text&#8221;},{&#8220;_id&#8221;:&#8221;4NTS7IYAIBG7HJAD3SMZBSBMTU&#8221;,&#8221;additional_properties&#8221;:{},&#8221;content&#8221;:&#8221;\u201cThe youth in Ireland are hungry for work that makes them feel but allows them to feel seen and engaged. And I think this is really doing that.\u201d&#8221;,&#8221;type&#8221;:&#8221;text&#8221;},{&#8220;_id&#8221;:&#8221;FJU5LR5KORBD7JRPZRL6LCSOJQ&#8221;,&#8221;additional_properties&#8221;:{},&#8221;content&#8221;:&#8221;+353 Presents: The Revenger\u2019s Tragedy is on the Peacock stage of the Abbey Theatre, as part of <a href=\\\"https:\/\/www.fringefest.com\/\\\" target=\\\"_blank\\\" rel=\\\"noreferrer\\\" title=\\\"https:\/\/www.fringefest.com\/\\\">Dublin Fringe Festival<\/a>, from Wednesday, September 10th, to Saturday, September 13th&#8221;,&#8221;type&#8221;:&#8221;text&#8221;}],&#8221;content_restrictions&#8221;:{&#8220;content_code&#8221;:&#8221;premium&#8221;},&#8221;credits&#8221;:{&#8220;by&#8221;:[{&#8220;additional_properties&#8221;:{&#8220;original&#8221;:{&#8220;byline&#8221;:&#8221;Lauren Murphy&#8221;}},&#8221;name&#8221;:&#8221;Lauren Murphy&#8221;}]},&#8221;description&#8221;:{&#8220;basic&#8221;:&#8221;Dublin Fringe Festival 2025: +353 Presents: The Revenger\u2019s Tragedy gives a drill update to a restored classic of Jacobean theatre&#8221;},&#8221;display_date&#8221;:&#8221;2025-08-30T04:10:00Z&#8221;,&#8221;headlines&#8221;:{&#8220;basic&#8221;:&#8221;The Revenger\u2019s Tragedy: \u2018I love the idea that there\u2019s a Jacobean revenge tragedy inside each bedroom rapper\u2019s head\u2019&#8221;,&#8221;native&#8221;:&#8221;&#8221;},&#8221;label&#8221;:{&#8220;audio_project_id&#8221;:{&#8220;text&#8221;:&#8221;8948&#8243;}},&#8221;promo_items&#8221;:{&#8220;basic&#8221;:{&#8220;_id&#8221;:&#8221;XCCWWMKARRH3LEALCBZXL3X53Y&#8221;,&#8221;auth&#8221;:{&#8220;1&#8243;:&#8221;f55b2b01c22ffdd4c2a32fab04ea7add82168749c1fbbe09681d861ef56938d5&#8243;},&#8221;focal_point&#8221;:{&#8220;x&#8221;:1680,&#8221;y&#8221;:1664},&#8221;type&#8221;:&#8221;image&#8221;,&#8221;url&#8221;:&#8221;https:\/\/cloudfront-eu-central-1.images.arcpublishing.com\/irishtimes\/XCCWWMKARRH3LEALCBZXL3X53Y.jpg&#8221;}},&#8221;subtype&#8221;:&#8221;feature&#8221;,&#8221;taxonomy&#8221;:{&#8220;sections&#8221;:[{&#8220;name&#8221;:&#8221;Stage&#8221;},{&#8220;name&#8221;:&#8221;Culture&#8221;}]},&#8221;type&#8221;:&#8221;story&#8221;,&#8221;website_url&#8221;:&#8221;https:\/\/www.irishtimes.com\/culture\/stage\/2025\/08\/30\/the-revengers-tragedy-i-love-the-idea-that-theres-a-jacobean-revenge-tragedy-inside-each-bedroom-rappers-head\/&#8221;,&#8221;websites&#8221;:{&#8220;irishtimes&#8221;:{&#8220;website_section&#8221;:{&#8220;_id&#8221;:&#8221;\/culture\/stage&#8221;,&#8221;additional_properties&#8221;:{&#8220;original&#8221;:{}},&#8221;name&#8221;:&#8221;Stage&#8221;}}}},{&#8220;_id&#8221;:&#8221;TXAL33PC5BBWTLAO4AKJSCTKOY&#8221;,&#8221;additional_properties&#8221;:{&#8220;audio_duration&#8221;:208,&#8221;audio_url&#8221;:&#8221;https:\/\/cdn.beyondwords.io\/audio\/projects\/8948\/podcasts\/498c0a3a-b076-4714-b18c-34760925ccd7\/versions\/1755700706\/media\/b186c3f3e5ea1be6920f2aaecdf3de1d_compiled.mp3&#8243;},&#8221;canonical_url&#8221;:&#8221;https:\/\/www.irishtimes.com\/culture\/stage\/review\/2025\/08\/20\/the-girl-on-the-train-review-laura-whitmore-dominates-the-stage-in-this-enthralling-paula-hawkins-adaptation\/&#8221;,&#8221;content_elements&#8221;:[{&#8220;_id&#8221;:&#8221;T7DGOZSI4VBU7EERWQ43ZE7UTE&#8221;,&#8221;additional_properties&#8221;:{},&#8221;content&#8221;:&#8221;The Girl on the Train&#8221;,&#8221;type&#8221;:&#8221;header&#8221;},{&#8220;_id&#8221;:&#8221;B355YIK76VGEBA4VTB2YPX7E7A&#8221;,&#8221;additional_properties&#8221;:{},&#8221;content&#8221;:&#8221;Everyman, Cork&#8221;,&#8221;type&#8221;:&#8221;header&#8221;},{&#8220;_id&#8221;:&#8221;IW336VKKAFEOTCU6V65Q6PK624&#8243;,&#8221;additional_properties&#8221;:{},&#8221;content&#8221;:&#8221;\u2605\u2605\u2605\u2605\u2605&#8221;,&#8221;type&#8221;:&#8221;header&#8221;},{&#8220;_id&#8221;:&#8221;V4WAYK7HSJAQ5GJL2D7MZYLQUI&#8221;,&#8221;additional_properties&#8221;:{},&#8221;content&#8221;:&#8221;The episodic structure of this stage retelling of Paula Hawkins\u2019s bestselling novel is a challenge overcome by a brightly sustained performance from Laura Whitmore as the eponymous girl on the train. Challenge is not a casual word: her role as Rachel Watson keeps her on stage and dominant in almost every scene. &#8220;,&#8221;type&#8221;:&#8221;text&#8221;},{&#8220;_id&#8221;:&#8221;IICUNUHLXFHJLD6J4KWIKV4MXI&#8221;,&#8221;additional_properties&#8221;:{},&#8221;content&#8221;:&#8221;Movement is the theme throughout as Rachel Wagstaff and Duncan Abel, the play\u2019s writers, re-create the atmosphere of railways and station platforms and huddled, hurried passengers that Hawkins evoked in her book. There is never a moment, it seems, in which something is not happening; there is no sense that the train doesn\u2019t stop here any more.&#8221;,&#8221;type&#8221;:&#8221;text&#8221;},{&#8220;_id&#8221;:&#8221;MAA4U3CCT5FF3DUQ6Z2EVW5ZAE&#8221;,&#8221;additional_properties&#8221;:{},&#8221;content&#8221;:&#8221;Certainly not Rachel Watson\u2019s train, from which she watches, like a wistful voyeur, the lives of others. A soul close to being lost, she ostensibly makes her journeys as a commuter, but as the narrative develops it is suggested that she is not a traveller but a spy, seeking out evidence of other lives in order to verify her own.&#8221;,&#8221;type&#8221;:&#8221;text&#8221;},{&#8220;_id&#8221;:&#8221;NJO4MSNTTNDGFH77PKBQYVF4RA&#8221;,&#8221;additional_properties&#8221;:{},&#8221;content&#8221;:&#8221;In her currently chaotic existence she seeks certainties to confirm her observations of events fleeting past her window seat. But what she sees are the backs of houses, not the facades of places she knows, or thinks she knows, and not the inner lives of the people who live there. And anyway, Rachel asks all the wrong questions even as she herself is interrogated.&#8221;,&#8221;type&#8221;:&#8221;text&#8221;},{&#8220;_id&#8221;:&#8221;Y25CRSSFHBA4XA34KMC67IX4FU&#8221;,&#8221;additional_properties&#8221;:{},&#8221;content&#8221;:&#8221;In this <a href=\\\"https:\/\/www.mpot.co.uk\/\\\" target=\\\"_blank\\\" rel=\\\"noreferrer\\\" title=\\\"https:\/\/www.mpot.co.uk\/\\\">Melting Pot<\/a> production, as in Hawkins\u2019s novel, there is an underlay of irony, allowing glimpses of humour for an enthralled audience. From the start, Loveday Ingram\u2019s direction offers subtle plot indications, such as the abandon with which Rachel uncorks a bottle and then shoves it into its pillowed hiding place; the flourish with which she repeatedly drapes herself in a coat as challenging as a chevalier\u2019s cloak; the gilded seconds in which a suspicious kiss is framed as if recalling FW Burton\u2019s painting The Meeting on the Turret Stairs; and, above all, the monologue by Freya Parks as Megan, one of the most memorable moments in a play that essentially is about memory.&#8221;,&#8221;type&#8221;:&#8221;text&#8221;},{&#8220;_id&#8221;:&#8221;HVZ2UAMBSZFC5JPLCMPXS5DY3Y&#8221;,&#8221;additional_properties&#8221;:{},&#8221;content&#8221;:&#8221;As in any decent thriller \u2013 and this is certainly one of those \u2013 the core of the plot is truth. You can add to this the issues of personal responsibility, fidelity, interpretation and besotted, despairing conviction. There is also institutional doubt, expressed by Paul McEwan\u2019s detective, a dogged inspector who calls rather too often.&#8221;,&#8221;type&#8221;:&#8221;text&#8221;},{&#8220;_id&#8221;:&#8221;FBWHFW7Q4RHANPCNYU7LWD62AY&#8221;,&#8221;additional_properties&#8221;:{},&#8221;content&#8221;:&#8221;The composition of set design by Adam Wiltshire, sound by Elizabeth Purnell and video design by Dan Light succeeds in establishing the acceleration of confliction, generating an energy in which Rachel herself is energetically adrift.&#8221;,&#8221;type&#8221;:&#8221;text&#8221;},{&#8220;_id&#8221;:&#8221;G5UTURIRTZEGFCL34LQC3PFLYY&#8221;,&#8221;additional_properties&#8221;:{},&#8221;content&#8221;:&#8221;One caveat: light script editing might eliminate the repeated assurances of the strong cast that they have something to tell one another. And another: Whitmore\u2019s voice initially seems too frail, almost adolescent, to carry the weight of Rachel\u2019s experiences. But it matures as girl becomes woman.&#8221;,&#8221;type&#8221;:&#8221;text&#8221;},{&#8220;_id&#8221;:&#8221;5HRX3JIYNZHV7I7CHNEUKL6D2U&#8221;,&#8221;additional_properties&#8221;:{},&#8221;content&#8221;:&#8221;<a href=\\\"https:\/\/thegirlonthetrain.com\/\\\" target=\\\"_blank\\\" rel=\\\"noreferrer\\\" title=\\\"https:\/\/thegirlonthetrain.com\/\\\">The Girl on the Train<\/a> is at the <a href=\\\"https:\/\/everymancork.com\/\\\" target=\\\"_blank\\\" rel=\\\"noreferrer\\\" title=\\\"https:\/\/everymancork.com\/\\\">Everyman<\/a>, Cork, until Saturday, August 23rd, then at the <a href=\\\"https:\/\/www.bordgaisenergytheatre.ie\/\\\" target=\\\"_blank\\\" rel=\\\"noreferrer\\\" title=\\\"https:\/\/www.bordgaisenergytheatre.ie\/\\\">Bord G\u00e1is Energy Theatre<\/a>, Dublin, from Tuesday, August 26th, until Saturday, August 30th&#8221;,&#8221;type&#8221;:&#8221;text&#8221;}],&#8221;content_restrictions&#8221;:{&#8220;content_code&#8221;:&#8221;premium&#8221;},&#8221;credits&#8221;:{&#8220;by&#8221;:[{&#8220;additional_properties&#8221;:{&#8220;original&#8221;:{&#8220;byline&#8221;:&#8221;Mary Leland&#8221;}},&#8221;name&#8221;:&#8221;Mary Leland&#8221;}]},&#8221;description&#8221;:{&#8220;basic&#8221;:&#8221;Theatre: Loveday Ingram\u2019s subtle direction is complemented by strong performances in the stage version of the bestselling novel&#8221;},&#8221;display_date&#8221;:&#8221;2025-08-20T14:33:13.566Z&#8221;,&#8221;headlines&#8221;:{&#8220;basic&#8221;:&#8221;The Girl on the Train review: Laura Whitmore dominates the stage in this enthralling Paula Hawkins adaptation&#8221;,&#8221;native&#8221;:&#8221;&#8221;},&#8221;label&#8221;:{&#8220;audio_project_id&#8221;:{&#8220;text&#8221;:&#8221;8948&#8243;}},&#8221;promo_items&#8221;:{&#8220;basic&#8221;:{&#8220;_id&#8221;:&#8221;CY73DVMU5JD4NLMWPWB7X2XKAA&#8221;,&#8221;auth&#8221;:{&#8220;1&#8243;:&#8221;d06741fdfd91c9c01733e656e009c3b69b2e0d32b160bc5b866977f7fc90f559&#8243;},&#8221;focal_point&#8221;:{&#8220;x&#8221;:2584,&#8221;y&#8221;:3482},&#8221;type&#8221;:&#8221;image&#8221;,&#8221;url&#8221;:&#8221;https:\/\/cloudfront-eu-central-1.images.arcpublishing.com\/irishtimes\/CY73DVMU5JD4NLMWPWB7X2XKAA.jpg&#8221;}},&#8221;subtype&#8221;:&#8221;review&#8221;,&#8221;taxonomy&#8221;:{&#8220;sections&#8221;:[{&#8220;name&#8221;:&#8221;Stage&#8221;},{&#8220;name&#8221;:&#8221;Culture&#8221;}]},&#8221;type&#8221;:&#8221;story&#8221;,&#8221;website_url&#8221;:&#8221;https:\/\/www.irishtimes.com\/culture\/stage\/review\/2025\/08\/20\/the-girl-on-the-train-review-laura-whitmore-dominates-the-stage-in-this-enthralling-paula-hawkins-adaptation\/&#8221;,&#8221;websites&#8221;:{&#8220;irishtimes&#8221;:{&#8220;website_section&#8221;:{&#8220;_id&#8221;:&#8221;\/culture\/stage&#8221;,&#8221;additional_properties&#8221;:{&#8220;original&#8221;:{}},&#8221;name&#8221;:&#8221;Stage&#8221;}}}}],&#8221;count&#8221;:4245,&#8221;_id&#8221;:&#8221;6b62cf5ac89efc028bd2c375724130fd20a2060514e2c56f2ff048928e955836&#8243;},&#8221;expires&#8221;:1756964842915,&#8221;lastModified&#8221;:1756964542818}},&#8221;most-popular&#8221;:{&#8220;{\\&#8221;feedOffset\\&#8221;:0,\\&#8221;feedSize\\&#8221;:5,\\&#8221;section\\&#8221;:0,\\&#8221;size\\&#8221;:5}&#8221;:{&#8220;data&#8221;:{&#8220;content_elements&#8221;:[{&#8220;_id&#8221;:&#8221;7GJU542RVZH2RHG2VFPU4G63MA&#8221;,&#8221;canonical_url&#8221;:&#8221;https:\/\/www.irishtimes.com\/world\/europe\/2025\/09\/03\/at-least-15-people-dead-in-lisbon-funicular-crash\/&#8221;,&#8221;display_date&#8221;:&#8221;2025-09-03T21:16:41.529Z&#8221;,&#8221;headlines&#8221;:{&#8220;basic&#8221;:&#8221;At least 15 people dead in Lisbon funicular crash&#8221;,&#8221;native&#8221;:&#8221;&#8221;},&#8221;label&#8221;:{&#8220;audio_project_id&#8221;:{&#8220;text&#8221;:&#8221;5469&#8243;}},&#8221;promo_items&#8221;:{&#8220;basic&#8221;:{&#8220;_id&#8221;:&#8221;J5KYHC3W35YBKPEUZ4XTT3FUK4&#8243;,&#8221;auth&#8221;:{&#8220;1&#8243;:&#8221;ade4fd6260ec7550307f01ace0d58875886eabe3598cca17dd96ad2eb9d52705&#8243;},&#8221;type&#8221;:&#8221;image&#8221;,&#8221;url&#8221;:&#8221;https:\/\/cloudfront-eu-central-1.images.arcpublishing.com\/irishtimes\/J5KYHC3W35YBKPEUZ4XTT3FUK4.jpg&#8221;}},&#8221;taxonomy&#8221;:{},&#8221;website_url&#8221;:&#8221;https:\/\/www.irishtimes.com\/world\/europe\/2025\/09\/03\/at-least-15-people-dead-in-lisbon-funicular-crash\/&#8221;,&#8221;websites&#8221;:{&#8220;irishtimes&#8221;:{&#8220;website_section&#8221;:{&#8220;_id&#8221;:&#8221;\/world\/europe&#8221;,&#8221;additional_properties&#8221;:{&#8220;original&#8221;:{}},&#8221;name&#8221;:&#8221;Europe&#8221;}}}},{&#8220;_id&#8221;:&#8221;DUFXCPE3TJHMXOPQBPKUW3JXHQ&#8221;,&#8221;canonical_url&#8221;:&#8221;https:\/\/www.irishtimes.com\/ireland\/education\/2025\/09\/03\/irelands-largest-school-forced-to-close-classes-due-to-secretary-and-caretaker-strike\/&#8221;,&#8221;display_date&#8221;:&#8221;2025-09-03T17:25:23.352Z&#8221;,&#8221;headlines&#8221;:{&#8220;basic&#8221;:&#8221;Ireland\u2019s largest school forced to close classes due to secretary and caretaker strike&#8221;,&#8221;native&#8221;:&#8221;&#8221;},&#8221;label&#8221;:{&#8220;audio_project_id&#8221;:{&#8220;text&#8221;:&#8221;8948&#8243;}},&#8221;promo_items&#8221;:{&#8220;basic&#8221;:{&#8220;_id&#8221;:&#8221;54V37NP3R5G4PKBBTQC3T5UZDA&#8221;,&#8221;auth&#8221;:{&#8220;1&#8243;:&#8221;e3a389998fc37af51f7901dc036d19421ee8aec340b4585f341031cd62350e1c&#8221;},&#8221;type&#8221;:&#8221;image&#8221;,&#8221;url&#8221;:&#8221;https:\/\/cloudfront-eu-central-1.images.arcpublishing.com\/irishtimes\/54V37NP3R5G4PKBBTQC3T5UZDA.jpg&#8221;}},&#8221;taxonomy&#8221;:{},&#8221;website_url&#8221;:&#8221;https:\/\/www.irishtimes.com\/ireland\/education\/2025\/09\/03\/irelands-largest-school-forced-to-close-classes-due-to-secretary-and-caretaker-strike\/&#8221;,&#8221;websites&#8221;:{&#8220;irishtimes&#8221;:{&#8220;website_section&#8221;:{&#8220;_id&#8221;:&#8221;\/ireland\/education&#8221;,&#8221;additional_properties&#8221;:{&#8220;original&#8221;:{}},&#8221;name&#8221;:&#8221;Education&#8221;}}}},{&#8220;_id&#8221;:&#8221;FKXDGHYK2ZG5FI64TPG3SK7HME&#8221;,&#8221;canonical_url&#8221;:&#8221;https:\/\/www.irishtimes.com\/life-style\/people\/2025\/09\/03\/cmat-liam-neeson-david-mccullagh-eight-people-who-would-make-a-great-president-of-ireland\/&#8221;,&#8221;display_date&#8221;:&#8221;2025-09-03T08:25:14.883Z&#8221;,&#8221;headlines&#8221;:{&#8220;basic&#8221;:&#8221;CMAT, Liam Neeson, David McCullagh: Eight people who would make a great president of Ireland&#8221;,&#8221;native&#8221;:&#8221;Forget Joanna Donnelly and Bob Geldof, these are my eight picks for president&#8221;},&#8221;label&#8221;:{&#8220;audio_project_id&#8221;:{&#8220;text&#8221;:&#8221;8948&#8243;}},&#8221;promo_items&#8221;:{&#8220;basic&#8221;:{&#8220;_id&#8221;:&#8221;PYJMPCMANRHC3A7RRI56W6BRHY&#8221;,&#8221;auth&#8221;:{&#8220;1&#8243;:&#8221;75cdf43d455bbf3292334c7ad50cc07e6ad77c87502d105eb0623d6dfd1c722f&#8221;},&#8221;type&#8221;:&#8221;image&#8221;,&#8221;url&#8221;:&#8221;https:\/\/cloudfront-eu-central-1.images.arcpublishing.com\/irishtimes\/PYJMPCMANRHC3A7RRI56W6BRHY.jpg&#8221;}},&#8221;taxonomy&#8221;:{},&#8221;website_url&#8221;:&#8221;https:\/\/www.irishtimes.com\/life-style\/people\/2025\/09\/03\/cmat-liam-neeson-david-mccullagh-eight-people-who-would-make-a-great-president-of-ireland\/&#8221;,&#8221;websites&#8221;:{&#8220;irishtimes&#8221;:{&#8220;website_section&#8221;:{&#8220;_id&#8221;:&#8221;\/life-style\/people&#8221;,&#8221;additional_properties&#8221;:{&#8220;original&#8221;:{}},&#8221;name&#8221;:&#8221;People&#8221;}}}},{&#8220;_id&#8221;:&#8221;WRUIO7Y2DBBM3KGRMF4CUINYEI&#8221;,&#8221;canonical_url&#8221;:&#8221;https:\/\/www.irishtimes.com\/crime-law\/courts\/2025\/09\/03\/man-drove-into-garda-van-after-taking-exception-to-reports-about-tricolour-court-told\/&#8221;,&#8221;display_date&#8221;:&#8221;2025-09-03T17:30:14.862Z&#8221;,&#8221;headlines&#8221;:{&#8220;basic&#8221;:&#8221;Man drove into Garda van after taking exception to reports about Tricolour, court told&#8221;,&#8221;native&#8221;:&#8221;&#8221;},&#8221;label&#8221;:{&#8220;audio_project_id&#8221;:{&#8220;text&#8221;:&#8221;8948&#8243;}},&#8221;promo_items&#8221;:{&#8220;basic&#8221;:{&#8220;_id&#8221;:&#8221;DTN4JGYECEX7AOTQBIBSSVPQMQ&#8221;,&#8221;auth&#8221;:{&#8220;1&#8243;:&#8221;681b4de9a0d8374005b0a646dc66f157f5b79e4571b63ec251d27391ab5319a9&#8243;},&#8221;focal_point&#8221;:{&#8220;x&#8221;:2156,&#8221;y&#8221;:1628},&#8221;type&#8221;:&#8221;image&#8221;,&#8221;url&#8221;:&#8221;https:\/\/cloudfront-eu-central-1.images.arcpublishing.com\/irishtimes\/DTN4JGYECEX7AOTQBIBSSVPQMQ.jpg&#8221;}},&#8221;taxonomy&#8221;:{},&#8221;website_url&#8221;:&#8221;https:\/\/www.irishtimes.com\/crime-law\/courts\/2025\/09\/03\/man-drove-into-garda-van-after-taking-exception-to-reports-about-tricolour-court-told\/&#8221;,&#8221;websites&#8221;:{&#8220;irishtimes&#8221;:{&#8220;website_section&#8221;:{&#8220;_id&#8221;:&#8221;\/crime-law\/courts&#8221;,&#8221;additional_properties&#8221;:{&#8220;original&#8221;:{}},&#8221;name&#8221;:&#8221;Courts&#8221;}}}},{&#8220;_id&#8221;:&#8221;37MV7VBVKZA6NHWAIZZEM5LKLQ&#8221;,&#8221;canonical_url&#8221;:&#8221;https:\/\/www.irishtimes.com\/sport\/rugby\/2025\/09\/03\/ireland-v-new-zealand-tv-details-kick-off-time-team-news-and-more\/&#8221;,&#8221;display_date&#8221;:&#8221;2025-09-03T13:24:03.907Z&#8221;,&#8221;headlines&#8221;:{&#8220;basic&#8221;:&#8221;Ireland v New Zealand: TV details, kick-off time, team news and more&#8221;,&#8221;native&#8221;:&#8221;&#8221;},&#8221;label&#8221;:{&#8220;audio_project_id&#8221;:{&#8220;text&#8221;:&#8221;5469&#8243;}},&#8221;promo_items&#8221;:{&#8220;basic&#8221;:{&#8220;_id&#8221;:&#8221;HPTV34UXFPKFV775KQONNKK44M&#8221;,&#8221;auth&#8221;:{&#8220;1&#8243;:&#8221;d30836b64abe44d2e835ce414499a53a18b7b2b5488101233e4febcd02deee9a&#8221;},&#8221;type&#8221;:&#8221;image&#8221;,&#8221;url&#8221;:&#8221;https:\/\/cloudfront-eu-central-1.images.arcpublishing.com\/irishtimes\/HPTV34UXFPKFV775KQONNKK44M.jpg&#8221;}},&#8221;taxonomy&#8221;:{},&#8221;website_url&#8221;:&#8221;https:\/\/www.irishtimes.com\/sport\/rugby\/2025\/09\/03\/ireland-v-new-zealand-tv-details-kick-off-time-team-news-and-more\/&#8221;,&#8221;websites&#8221;:{&#8220;irishtimes&#8221;:{&#8220;website_section&#8221;:{&#8220;_id&#8221;:&#8221;\/sport\/rugby&#8221;,&#8221;additional_properties&#8221;:{&#8220;original&#8221;:{}},&#8221;name&#8221;:&#8221;Rugby&#8221;}}}}],&#8221;count&#8221;:5,&#8221;_id&#8221;:&#8221;8d2972b6766370b2092bb4a61c1939f4dd04503ef9e13e0ef0a58041549840cf&#8221;},&#8221;expires&#8221;:1756964912672,&#8221;lastModified&#8221;:1756964612082}},&#8221;story-feed-query&#8221;:{&#8220;{\\&#8221;feature\\&#8221;:\\&#8221;top-table-list\\&#8221;,\\&#8221;offset\\&#8221;:0,\\&#8221;query\\&#8221;:\\&#8221;(taxonomy.primary_section._id:\\\\\\\\\/abroad* OR taxonomy.primary_section._id:\\\\\\\\\/business* OR taxonomy.primary_section._id:\\\\\\\\\/crime-law* OR taxonomy.primary_section._id:\\\\\\\\\/culture* OR taxonomy.primary_section._id:\\\\\\\\\/environment* OR taxonomy.primary_section._id:\\\\\\\\\/food* OR taxonomy.primary_section._id:\\\\\\\\\/health* OR taxonomy.primary_section._id:\\\\\\\\\/history* OR taxonomy.primary_section._id:\\\\\\\\\/ireland* OR taxonomy.primary_section._id:\\\\\\\\\/life-style* OR taxonomy.primary_section._id:\\\\\\\\\/media* OR taxonomy.primary_section._id:\\\\\\\\\/motors* OR taxonomy.primary_section._id:\\\\\\\\\/obituaries* OR taxonomy.primary_section._id:\\\\\\\\\/offbeat* OR taxonomy.primary_section._id:\\\\\\\\\/opinion* OR taxonomy.primary_section._id:\\\\\\\\\/photography* OR taxonomy.primary_section._id:\\\\\\\\\/podcasts* OR taxonomy.primary_section._id:\\\\\\\\\/politics* OR taxonomy.primary_section._id:\\\\\\\\\/property* OR taxonomy.primary_section._id:\\\\\\\\\/science* OR taxonomy.primary_section._id:\\\\\\\\\/sport* OR taxonomy.primary_section._id:\\\\\\\\\/technology* OR taxonomy.primary_section._id:\\\\\\\\\/transport* OR taxonomy.primary_section._id:\\\\\\\\\/tuarascail* OR taxonomy.primary_section._id:\\\\\\\\\/world* OR taxonomy.primary_section._id:\\\\\\\\\/your-money* OR taxonomy.primary_section._id:\\\\\\\\\/podcasts*) AND (subtype:\\\\\\&#8221;default\\\\\\&#8221; OR subtype:\\\\\\&#8221;analysis\\\\\\&#8221; subtype:\\\\\\&#8221;feature\\\\\\&#8221; OR subtype:\\\\\\&#8221;opinion\\\\\\&#8221; OR subtype:\\\\\\&#8221;showcase\\\\\\&#8221; OR subtype:\\\\\\&#8221;columnist\\\\\\&#8221; OR subtype:\\\\\\&#8221;live-story\\\\\\&#8221; OR subtype:\\\\\\&#8221;podcast\\\\\\&#8221; OR subtype:\\\\\\&#8221;editors-note\\\\\\&#8221;) -(taxonomy.primary_section._id:\\\\\\&#8221;\/opinion\/letters\\\\\\&#8221;)\\&#8221;,\\&#8221;size\\&#8221;:10}&#8221;:{&#8220;data&#8221;:{&#8220;content_elements&#8221;:[{&#8220;_id&#8221;:&#8221;64UOSEY66JCE7CGRNPAT7HFMV4&#8243;,&#8221;credits&#8221;:{&#8220;by&#8221;:[{&#8220;_id&#8221;:&#8221;kevin-osullivan&#8221;,&#8221;additional_properties&#8221;:{&#8220;original&#8221;:{&#8220;byline&#8221;:&#8221;Kevin O&#8217;Sullivan&#8221;}},&#8221;name&#8221;:&#8221;Kevin O&#8217;Sullivan&#8221;,&#8221;type&#8221;:&#8221;author&#8221;,&#8221;url&#8221;:&#8221;\/author\/kevin-osullivan\/&#8221;}]},&#8221;description&#8221;:{&#8220;basic&#8221;:&#8221;Era of being a treeless country with little forest culture now changing, with restoration of forests across a wide variety of landscapes  &#8220;},&#8221;display_date&#8221;:&#8221;2025-09-04T05:36:00Z&#8221;,&#8221;headlines&#8221;:{&#8220;basic&#8221;:&#8221;How Ireland\u2019s forests are undergoing a revolution to boost biodiversity&#8221;},&#8221;label&#8221;:{},&#8221;owner&#8221;:{&#8220;sponsored&#8221;:false},&#8221;promo_items&#8221;:{&#8220;basic&#8221;:{&#8220;_id&#8221;:&#8221;6PACJ7QCUNF2DEI3PZHRJ5GZGA&#8221;,&#8221;auth&#8221;:{&#8220;1&#8243;:&#8221;f8002a114aeeef7b3b19d0a192c91202972ff3dfe7643f1fa41c8a258d050e5e&#8221;},&#8221;type&#8221;:&#8221;image&#8221;,&#8221;url&#8221;:&#8221;https:\/\/cloudfront-eu-central-1.images.arcpublishing.com\/irishtimes\/6PACJ7QCUNF2DEI3PZHRJ5GZGA.jpg&#8221;}},&#8221;type&#8221;:&#8221;story&#8221;,&#8221;websites&#8221;:{&#8220;irishtimes&#8221;:{&#8220;website_section&#8221;:{&#8220;_id&#8221;:&#8221;\/environment\/climate-crisis&#8221;,&#8221;name&#8221;:&#8221;Climate Crisis&#8221;},&#8221;website_url&#8221;:&#8221;https:\/\/www.irishtimes.com\/environment\/climate-crisis\/2025\/09\/04\/forests-benefiting-from-restoration-with-30-of-coilltes-estate-managed-for-nature\/&#8221;}}},{&#8220;_id&#8221;:&#8221;ACJHKSKW3JEFXJCANBEYZPBOS4&#8243;,&#8221;credits&#8221;:{&#8220;by&#8221;:[{&#8220;_id&#8221;:&#8221;hannah-daly&#8221;,&#8221;additional_properties&#8221;:{&#8220;original&#8221;:{&#8220;byline&#8221;:&#8221;Hannah Daly&#8221;}},&#8221;name&#8221;:&#8221;Hannah Daly&#8221;,&#8221;type&#8221;:&#8221;author&#8221;,&#8221;url&#8221;:&#8221;&#8221;}]},&#8221;description&#8221;:{&#8220;basic&#8221;:&#8221;Carbon budgets should be sent back to the climate council with clear instructions to reassess them against Paris commitments&#8221;},&#8221;display_date&#8221;:&#8221;2025-09-04T05:23:00Z&#8221;,&#8221;headlines&#8221;:{&#8220;basic&#8221;:&#8221;Why \u2018no additional warming\u2019 is a dangerous climate loophole&#8221;},&#8221;label&#8221;:{},&#8221;owner&#8221;:{&#8220;sponsored&#8221;:false},&#8221;promo_items&#8221;:{&#8220;basic&#8221;:{&#8220;_id&#8221;:&#8221;KRUZJBPWHZHWBCJZRQJUPIKFVQ&#8221;,&#8221;auth&#8221;:{&#8220;1&#8243;:&#8221;370af7ed92c7e7c8a1450fe72b06aefa71fb8c842bad4e580251d7f03e70563c&#8221;},&#8221;focal_point&#8221;:{&#8220;x&#8221;:1148,&#8221;y&#8221;:905},&#8221;type&#8221;:&#8221;image&#8221;,&#8221;url&#8221;:&#8221;https:\/\/cloudfront-eu-central-1.images.arcpublishing.com\/irishtimes\/KRUZJBPWHZHWBCJZRQJUPIKFVQ.jpg&#8221;}},&#8221;type&#8221;:&#8221;story&#8221;,&#8221;websites&#8221;:{&#8220;irishtimes&#8221;:{&#8220;website_section&#8221;:{&#8220;_id&#8221;:&#8221;\/environment\/climate-crisis&#8221;,&#8221;name&#8221;:&#8221;Climate Crisis&#8221;},&#8221;website_url&#8221;:&#8221;https:\/\/www.irishtimes.com\/environment\/climate-crisis\/2025\/09\/04\/why-no-additional-warming-is-a-dangerous-climate-loophole\/&#8221;}}},{&#8220;_id&#8221;:&#8221;VC6Y4SD7LFGNDJ33XFIOUBHDCI&#8221;,&#8221;credits&#8221;:{&#8220;by&#8221;:[{&#8220;_id&#8221;:&#8221;ciara-obrien&#8221;,&#8221;additional_properties&#8221;:{&#8220;original&#8221;:{&#8220;byline&#8221;:&#8221;Ciara O&#8217;Brien&#8221;}},&#8221;name&#8221;:&#8221;Ciara O&#8217;Brien&#8221;,&#8221;type&#8221;:&#8221;author&#8221;,&#8221;url&#8221;:&#8221;\/author\/ciara-obrien\/&#8221;}]},&#8221;description&#8221;:{&#8220;basic&#8221;:&#8221;The youngest members of the family have grown up with the belief that technology can do almost anything&#8221;},&#8221;display_date&#8221;:&#8221;2025-09-04T05:15:00Z&#8221;,&#8221;headlines&#8221;:{&#8220;basic&#8221;:&#8221;AI doesn\u2019t always have the answer. So how do we teach our children about it? &#8220;},&#8221;label&#8221;:{},&#8221;owner&#8221;:{&#8220;sponsored&#8221;:false},&#8221;promo_items&#8221;:{&#8220;basic&#8221;:{&#8220;_id&#8221;:&#8221;Q5UR6CEAVRDKDF3X3NN4L5AEM4&#8243;,&#8221;auth&#8221;:{&#8220;1&#8243;:&#8221;d499132eec8139b4ce6b2ee080bd25329c9118940a9cf0dda2de1715b1b85ce5&#8243;},&#8221;type&#8221;:&#8221;image&#8221;,&#8221;url&#8221;:&#8221;https:\/\/cloudfront-eu-central-1.images.arcpublishing.com\/irishtimes\/Q5UR6CEAVRDKDF3X3NN4L5AEM4.jpg&#8221;}},&#8221;type&#8221;:&#8221;story&#8221;,&#8221;websites&#8221;:{&#8220;irishtimes&#8221;:{&#8220;website_section&#8221;:{&#8220;_id&#8221;:&#8221;\/technology&#8221;,&#8221;name&#8221;:&#8221;Technology&#8221;},&#8221;website_url&#8221;:&#8221;https:\/\/www.irishtimes.com\/technology\/2025\/09\/04\/ai-doesnt-always-have-the-answer-so-how-do-we-teach-our-children-about-it\/&#8221;}}},{&#8220;_id&#8221;:&#8221;RXH3EAX6IBHUDJ2AKFLLH64C2A&#8221;,&#8221;credits&#8221;:{&#8220;by&#8221;:[{&#8220;_id&#8221;:&#8221;nathan-johns&#8221;,&#8221;additional_properties&#8221;:{&#8220;original&#8221;:{&#8220;byline&#8221;:&#8221;Nathan Johns&#8221;}},&#8221;name&#8221;:&#8221;Nathan Johns&#8221;,&#8221;type&#8221;:&#8221;author&#8221;,&#8221;url&#8221;:&#8221;\/author\/nathan-johns\/&#8221;}]},&#8221;description&#8221;:{&#8220;basic&#8221;:&#8221;The numbers don\u2019t lie and they point to a backrow reaching new heights&#8221;},&#8221;display_date&#8221;:&#8221;2025-09-04T05:00:01Z&#8221;,&#8221;headlines&#8221;:{&#8220;basic&#8221;:&#8221;Ireland backrow Brittany Hogan carries more than her share of the load at World Cup&#8221;},&#8221;label&#8221;:{},&#8221;owner&#8221;:{&#8220;sponsored&#8221;:false},&#8221;promo_items&#8221;:{&#8220;basic&#8221;:{&#8220;_id&#8221;:&#8221;WVT3HYA5JKA5YXWX2YTU5XALEU&#8221;,&#8221;auth&#8221;:{&#8220;1&#8243;:&#8221;c75dd918fa691aef53fafd585b78d5c2e99e7e91fcbf519d7880699f072fcfdd&#8221;},&#8221;focal_point&#8221;:{&#8220;x&#8221;:2638,&#8221;y&#8221;:993},&#8221;type&#8221;:&#8221;image&#8221;,&#8221;url&#8221;:&#8221;https:\/\/cloudfront-eu-central-1.images.arcpublishing.com\/irishtimes\/WVT3HYA5JKA5YXWX2YTU5XALEU.jpg&#8221;}},&#8221;type&#8221;:&#8221;story&#8221;,&#8221;websites&#8221;:{&#8220;irishtimes&#8221;:{&#8220;website_section&#8221;:{&#8220;_id&#8221;:&#8221;\/sport\/rugby&#8221;,&#8221;name&#8221;:&#8221;Rugby&#8221;},&#8221;website_url&#8221;:&#8221;https:\/\/www.irishtimes.com\/sport\/rugby\/2025\/09\/03\/ireland-workhorse-brittany-hogan-carries-more-than-her-share-of-the-load-at-world-cup\/&#8221;}}},{&#8220;_id&#8221;:&#8221;IFM3C2PPWBD5ZHZPH3B4BECDLE&#8221;,&#8221;credits&#8221;:{&#8220;by&#8221;:[{&#8220;_id&#8221;:&#8221;conor-lally&#8221;,&#8221;additional_properties&#8221;:{&#8220;original&#8221;:{&#8220;byline&#8221;:&#8221;Conor Lally&#8221;}},&#8221;name&#8221;:&#8221;Conor Lally&#8221;,&#8221;type&#8221;:&#8221;author&#8221;,&#8221;url&#8221;:&#8221;\/author\/conor-lally\/&#8221;}]},&#8221;description&#8221;:{&#8220;basic&#8221;:&#8221;Garda National Immigration Bureau operation is part of more aggressive approach over last two years&#8221;},&#8221;display_date&#8221;:&#8221;2025-09-04T05:00:01Z&#8221;,&#8221;headlines&#8221;:{&#8220;basic&#8221;:&#8221;Special Garda operation sees number of Brazilians deported, including some in prison&#8221;},&#8221;label&#8221;:{},&#8221;owner&#8221;:{&#8220;sponsored&#8221;:false},&#8221;promo_items&#8221;:{&#8220;basic&#8221;:{&#8220;_id&#8221;:&#8221;XWPFYPOMGBHEPHQUUJPG4YLHC4&#8243;,&#8221;auth&#8221;:{&#8220;1&#8243;:&#8221;9f319a8ceba0f05e1457cd9ba82783e28fa19cfc1ee6ea4a8cbd83630fbf227f&#8221;},&#8221;focal_point&#8221;:{&#8220;x&#8221;:1345,&#8221;y&#8221;:592},&#8221;type&#8221;:&#8221;image&#8221;,&#8221;url&#8221;:&#8221;https:\/\/cloudfront-eu-central-1.images.arcpublishing.com\/irishtimes\/XWPFYPOMGBHEPHQUUJPG4YLHC4.jpg&#8221;}},&#8221;type&#8221;:&#8221;story&#8221;,&#8221;websites&#8221;:{&#8220;irishtimes&#8221;:{&#8220;website_section&#8221;:{&#8220;_id&#8221;:&#8221;\/crime-law&#8221;,&#8221;name&#8221;:&#8221;Crime &#038; Law&#8221;},&#8221;website_url&#8221;:&#8221;https:\/\/www.irishtimes.com\/crime-law\/2025\/09\/04\/spike-in-number-of-brazilians-deported-by-state-including-some-in-prison\/&#8221;}}},{&#8220;_id&#8221;:&#8221;NCJY5O4FY5CQDF3PDHTERG2UMU&#8221;,&#8221;credits&#8221;:{&#8220;by&#8221;:[{&#8220;_id&#8221;:&#8221;harry-mcgee&#8221;,&#8221;additional_properties&#8221;:{&#8220;original&#8221;:{&#8220;byline&#8221;:&#8221;Harry McGee&#8221;}},&#8221;name&#8221;:&#8221;Harry McGee&#8221;,&#8221;type&#8221;:&#8221;author&#8221;,&#8221;url&#8221;:&#8221;\/author\/harry-mcgee\/&#8221;}]},&#8221;description&#8221;:{&#8220;basic&#8221;:&#8221;Is a route to presidential nomination via the Oireachtas open to anyone else? Theoretically, yes&#8221;},&#8221;display_date&#8221;:&#8221;2025-09-04T05:00:01Z&#8221;,&#8221;headlines&#8221;:{&#8220;basic&#8221;:&#8221;President Geldof, Donnelly or Flatley? Is there still a path to the \u00c1ras for an Independent?&#8221;},&#8221;label&#8221;:{},&#8221;owner&#8221;:{&#8220;sponsored&#8221;:false},&#8221;promo_items&#8221;:{&#8220;basic&#8221;:{&#8220;_id&#8221;:&#8221;K3AYCUZC2BE4TDLTINPKJEVFEA&#8221;,&#8221;auth&#8221;:{&#8220;1&#8243;:&#8221;8b8c800e0b1df2010ed922b12865bcc06624ed10d7ed0e94bebec3d7d2d39850&#8243;},&#8221;type&#8221;:&#8221;image&#8221;,&#8221;url&#8221;:&#8221;https:\/\/cloudfront-eu-central-1.images.arcpublishing.com\/irishtimes\/K3AYCUZC2BE4TDLTINPKJEVFEA.jpg&#8221;}},&#8221;type&#8221;:&#8221;story&#8221;,&#8221;websites&#8221;:{&#8220;irishtimes&#8221;:{&#8220;website_section&#8221;:{&#8220;_id&#8221;:&#8221;\/politics&#8221;,&#8221;name&#8221;:&#8221;Politics&#8221;},&#8221;website_url&#8221;:&#8221;https:\/\/www.irishtimes.com\/politics\/2025\/09\/04\/president-geldof-donnelly-or-flatley-is-there-still-a-path-to-the-aras-for-an-independent\/&#8221;}}},{&#8220;_id&#8221;:&#8221;NZ37NEA6MJCZLEEN5GXVRCVZSA&#8221;,&#8221;credits&#8221;:{&#8220;by&#8221;:[{&#8220;_id&#8221;:&#8221;malachy-clerkin&#8221;,&#8221;additional_properties&#8221;:{&#8220;original&#8221;:{&#8220;byline&#8221;:&#8221;Malachy Clerkin&#8221;}},&#8221;name&#8221;:&#8221;Malachy Clerkin&#8221;,&#8221;type&#8221;:&#8221;author&#8221;,&#8221;url&#8221;:&#8221;\/author\/malachy-clerkin\/&#8221;}]},&#8221;description&#8221;:{&#8220;basic&#8221;:&#8221;Six of Heimir Halgrimsson\u2019s 23-man panel have worn the armband at club level already this season&#8221;},&#8221;display_date&#8221;:&#8221;2025-09-04T05:00:01Z&#8221;,&#8221;headlines&#8221;:{&#8220;basic&#8221;:&#8221;With so many captains in the Ireland squad, leadership shouldn\u2019t be a problem&#8221;},&#8221;label&#8221;:{},&#8221;owner&#8221;:{&#8220;sponsored&#8221;:false},&#8221;promo_items&#8221;:{&#8220;basic&#8221;:{&#8220;_id&#8221;:&#8221;S5SPTWC4KFAGLPGMC6CUEJN7GA&#8221;,&#8221;auth&#8221;:{&#8220;1&#8243;:&#8221;ae0d7ca589247b8d8e1d6aaed733ea23d177af15106d0fd2936dfd686484f7c1&#8243;},&#8221;type&#8221;:&#8221;image&#8221;,&#8221;url&#8221;:&#8221;https:\/\/cloudfront-eu-central-1.images.arcpublishing.com\/irishtimes\/S5SPTWC4KFAGLPGMC6CUEJN7GA.jpg&#8221;}},&#8221;type&#8221;:&#8221;story&#8221;,&#8221;websites&#8221;:{&#8220;irishtimes&#8221;:{&#8220;website_section&#8221;:{&#8220;_id&#8221;:&#8221;\/sport\/soccer&#8221;,&#8221;name&#8221;:&#8221;Soccer&#8221;},&#8221;website_url&#8221;:&#8221;https:\/\/www.irishtimes.com\/sport\/soccer\/2025\/09\/04\/with-so-many-captains-in-the-ireland-squad-leadership-shouldnt-be-a-problem\/&#8221;}}},{&#8220;_id&#8221;:&#8221;VGPFZYK34NDQPNFFHB3CVPVF2E&#8221;,&#8221;credits&#8221;:{&#8220;by&#8221;:[{&#8220;_id&#8221;:&#8221;gordon-manning&#8221;,&#8221;additional_properties&#8221;:{&#8220;original&#8221;:{&#8220;byline&#8221;:&#8221;Gordon Manning&#8221;}},&#8221;name&#8221;:&#8221;Gordon Manning&#8221;,&#8221;type&#8221;:&#8221;author&#8221;,&#8221;url&#8221;:&#8221;\/author\/gordon-manning\/&#8221;}]},&#8221;description&#8221;:{&#8220;basic&#8221;:&#8221;The Galway man could play at left-back as Ireland kick off their World Cup qualifying campaign against Hungary&#8221;},&#8221;display_date&#8221;:&#8221;2025-09-04T05:00:01Z&#8221;,&#8221;headlines&#8221;:{&#8220;basic&#8221;:&#8221;Ryan Manning: \u2018We need to create memories for the younger generation\u2019&#8221;},&#8221;label&#8221;:{},&#8221;owner&#8221;:{&#8220;sponsored&#8221;:false},&#8221;promo_items&#8221;:{&#8220;basic&#8221;:{&#8220;_id&#8221;:&#8221;FHIMKTWZZRENFMDA6ZFKJWOAXQ&#8221;,&#8221;auth&#8221;:{&#8220;1&#8243;:&#8221;6ec4cf25caecb294b56e32064680882e73cdbc335fab239141195dbdd2a9140e&#8221;},&#8221;type&#8221;:&#8221;image&#8221;,&#8221;url&#8221;:&#8221;https:\/\/cloudfront-eu-central-1.images.arcpublishing.com\/irishtimes\/FHIMKTWZZRENFMDA6ZFKJWOAXQ.jpg&#8221;}},&#8221;type&#8221;:&#8221;story&#8221;,&#8221;websites&#8221;:{&#8220;irishtimes&#8221;:{&#8220;website_section&#8221;:{&#8220;_id&#8221;:&#8221;\/sport\/soccer&#8221;,&#8221;name&#8221;:&#8221;Soccer&#8221;},&#8221;website_url&#8221;:&#8221;https:\/\/www.irishtimes.com\/sport\/soccer\/2025\/09\/04\/ryan-manning-we-need-to-create-memories-for-the-younger-generation\/&#8221;}}},{&#8220;_id&#8221;:&#8221;ZLE5OWHK2FDWTG4IJQBK4FAT3U&#8221;,&#8221;credits&#8221;:{&#8220;by&#8221;:[{&#8220;_id&#8221;:&#8221;ciaran-murphy&#8221;,&#8221;additional_properties&#8221;:{&#8220;original&#8221;:{&#8220;byline&#8221;:&#8221;Ciar\u00e1n Murphy&#8221;}},&#8221;name&#8221;:&#8221;Ciar\u00e1n Murphy&#8221;,&#8221;type&#8221;:&#8221;author&#8221;,&#8221;url&#8221;:&#8221;\/author\/ciaran-murphy\/&#8221;}]},&#8221;description&#8221;:{&#8220;basic&#8221;:&#8221;Buck still stops with the manager, but in some cases their selectors pay first for bad results&#8221;},&#8221;display_date&#8221;:&#8221;2025-09-04T05:00:01Z&#8221;,&#8221;headlines&#8221;:{&#8220;basic&#8221;:&#8221;Ciar\u00e1n Murphy: Intercounty selectors have never faced this level of scrutiny&#8221;},&#8221;label&#8221;:{},&#8221;owner&#8221;:{&#8220;sponsored&#8221;:false},&#8221;promo_items&#8221;:{&#8220;basic&#8221;:{&#8220;_id&#8221;:&#8221;SJMXF33G2ZCTZBQPI2YBSSZ4AY&#8221;,&#8221;auth&#8221;:{&#8220;1&#8243;:&#8221;77d5f49d67906b48c4a4e0984d3812bbc4890ad308a5ae979332aacf2c3ffda8&#8243;},&#8221;type&#8221;:&#8221;image&#8221;,&#8221;url&#8221;:&#8221;https:\/\/cloudfront-eu-central-1.images.arcpublishing.com\/irishtimes\/SJMXF33G2ZCTZBQPI2YBSSZ4AY.jpg&#8221;}},&#8221;type&#8221;:&#8221;story&#8221;,&#8221;websites&#8221;:{&#8220;irishtimes&#8221;:{&#8220;website_section&#8221;:{&#8220;_id&#8221;:&#8221;\/sport\/gaelic-games&#8221;,&#8221;name&#8221;:&#8221;Gaelic Games&#8221;},&#8221;website_url&#8221;:&#8221;\/sport\/gaelic-games\/2025\/09\/04\/ciaran-murphy-intercounty-selectors-have-never-faced-so-much-scrutiny\/&#8221;}}},{&#8220;_id&#8221;:&#8221;3M5A7ZYVP5EN3P7YRF5GFSJ63I&#8221;,&#8221;credits&#8221;:{&#8220;by&#8221;:[{&#8220;additional_properties&#8221;:{&#8220;original&#8221;:{}},&#8221;name&#8221;:&#8221;Clare Kelly&#8221;,&#8221;type&#8221;:&#8221;author&#8221;},{&#8220;additional_properties&#8221;:{&#8220;original&#8221;:{}},&#8221;name&#8221;:&#8221;Katja Bruisch&#8221;,&#8221;type&#8221;:&#8221;author&#8221;},{&#8220;additional_properties&#8221;:{&#8220;original&#8221;:{}},&#8221;name&#8221;:&#8221;Caitr\u00edona Leahy&#8221;,&#8221;type&#8221;:&#8221;author&#8221;}]},&#8221;description&#8221;:{&#8220;basic&#8221;:&#8221;Even if all the known issues were magically resolved, we would still not want our students to use GenAI&#8221;},&#8221;display_date&#8221;:&#8221;2025-09-04T05:00:01Z&#8221;,&#8221;headlines&#8221;:{&#8220;basic&#8221;:&#8221;We are lecturers in Trinity College Dublin. We see it as our responsibility to resist AI&#8221;},&#8221;label&#8221;:{},&#8221;owner&#8221;:{&#8220;sponsored&#8221;:false},&#8221;promo_items&#8221;:{&#8220;basic&#8221;:{&#8220;_id&#8221;:&#8221;T5GH6DQTMRCXLI5K7YEBDQMCWY&#8221;,&#8221;auth&#8221;:{&#8220;1&#8243;:&#8221;32d39e2088d06f5e158733c643c27ccbdd8cea467e5cda72b6d8d24fdc4eea0c&#8221;},&#8221;focal_point&#8221;:{&#8220;x&#8221;:2760,&#8221;y&#8221;:2815},&#8221;type&#8221;:&#8221;image&#8221;,&#8221;url&#8221;:&#8221;https:\/\/cloudfront-eu-central-1.images.arcpublishing.com\/irishtimes\/T5GH6DQTMRCXLI5K7YEBDQMCWY.JPG&#8221;}},&#8221;type&#8221;:&#8221;story&#8221;,&#8221;websites&#8221;:{&#8220;irishtimes&#8221;:{&#8220;website_section&#8221;:{&#8220;_id&#8221;:&#8221;\/opinion&#8221;,&#8221;name&#8221;:&#8221;Opinion&#8221;},&#8221;website_url&#8221;:&#8221;\/opinion\/2025\/09\/04\/opinion-we-are-lecturers-in-trinity-college-we-see-it-as-our-responsibility-to-resist-ai\/&#8221;}}}],&#8221;_id&#8221;:&#8221;b0aaf883c3e0543d99d960f22277d6c15623a6d9a327a24e25a9d953464a0333&#8243;},&#8221;expires&#8221;:1756964659048,&#8221;lastModified&#8221;:1756964357713}}};Fusion.layout=&#8221;slim-content&#8221;;Fusion.metas={&#8220;page-type&#8221;:{&#8220;value&#8221;:&#8221;article&#8221;,&#8221;html&#8221;:true},&#8221;twitter:title&#8221;:{&#8220;value&#8221;:&#8221;{{globalContent.headlines.tablet}}&#8221;,&#8221;html&#8221;:true},&#8221;og:title&#8221;:{&#8220;value&#8221;:&#8221;{{globalContent.headlines.tablet}}&#8221;,&#8221;html&#8221;:true}};Fusion.outputType=&#8221;default&#8221;;Fusion.template=&#8221;template\/tkUrdrDBdeBjkSHs&#8221;;Fusion.tree={&#8220;collection&#8221;:&#8221;layouts&#8221;,&#8221;type&#8221;:&#8221;slim-content&#8221;,&#8221;props&#8221;:{&#8220;collection&#8221;:&#8221;layouts&#8221;,&#8221;type&#8221;:&#8221;slim-content&#8221;,&#8221;id&#8221;:&#8221;slim-content&#8221;,&#8221;childProps&#8221;:[{&#8220;collection&#8221;:&#8221;sections&#8221;,&#8221;id&#8221;:0},{&#8220;collection&#8221;:&#8221;sections&#8221;,&#8221;id&#8221;:1},{&#8220;collection&#8221;:&#8221;sections&#8221;,&#8221;id&#8221;:2},{&#8220;collection&#8221;:&#8221;sections&#8221;,&#8221;id&#8221;:3},{&#8220;collection&#8221;:&#8221;sections&#8221;,&#8221;id&#8221;:4},{&#8220;collection&#8221;:&#8221;sections&#8221;,&#8221;id&#8221;:5}]},&#8221;children&#8221;:[{&#8220;collection&#8221;:&#8221;sections&#8221;,&#8221;props&#8221;:{&#8220;collection&#8221;:&#8221;sections&#8221;,&#8221;id&#8221;:0},&#8221;children&#8221;:[{&#8220;collection&#8221;:&#8221;chains&#8221;,&#8221;type&#8221;:&#8221;header-nav&#8221;,&#8221;props&#8221;:{&#8220;collection&#8221;:&#8221;chains&#8221;,&#8221;type&#8221;:&#8221;header-nav&#8221;,&#8221;id&#8221;:&#8221;c0fJUqSnv8g6bdb&#8221;,&#8221;customFields&#8221;:{&#8220;hierarchy&#8221;:&#8221;hamburger-menu&#8221;,&#8221;logoAlignment&#8221;:&#8221;center&#8221;,&#8221;showHorizontalSeperatorDots&#8221;:true,&#8221;ariaLabel&#8221;:&#8221;Sections Menu&#8221;,&#8221;ariaLabelLink&#8221;:&#8221;Top Links&#8221;,&#8221;leftComponentMobile1&#8243;:&#8221;menu&#8221;,&#8221;leftComponentDesktop1&#8243;:&#8221;queryly&#8221;,&#8221;leftComponentDesktop2&#8243;:&#8221;menu&#8221;,&#8221;rightComponentMobile1&#8243;:&#8221;custom&#8221;,&#8221;rightComponentCustomIndexMobile1&#8243;:3,&#8221;rightComponentDesktop1&#8243;:&#8221;custom&#8221;,&#8221;rightComponentCustomIndexDesktop1&#8243;:1,&#8221;rightComponentDesktop2&#8243;:&#8221;custom&#8221;,&#8221;rightComponentCustomIndexDesktop2&#8243;:3,&#8221;menuComponentMobile1&#8243;:&#8221;custom&#8221;,&#8221;menuComponentCustomIndexMobile1&#8243;:2,&#8221;menuComponentMobile2&#8243;:&#8221;queryly&#8221;,&#8221;menuComponentDesktop1&#8243;:&#8221;none&#8221;,&#8221;menuComponentDesktop2&#8243;:&#8221;none&#8221;},&#8221;displayProperties&#8221;:{}},&#8221;children&#8221;:[{&#8220;collection&#8221;:&#8221;features&#8221;,&#8221;type&#8221;:&#8221;@wpmedia\/htmlbox-block\/htmlbox&#8221;,&#8221;props&#8221;:{&#8220;collection&#8221;:&#8221;features&#8221;,&#8221;type&#8221;:&#8221;@wpmedia\/htmlbox-block\/htmlbox&#8221;,&#8221;id&#8221;:&#8221;f0f1j0n1myTR7B9-0-0-0&#8243;,&#8221;contentConfig&#8221;:{&#8220;contentService&#8221;:&#8221;&#8221;,&#8221;contentConfigValues&#8221;:{},&#8221;inherit&#8221;:true},&#8221;customFields&#8221;:{&#8220;HTML&#8221;:&#8221;&#8221;,&#8221;pbInternal_cloneId&#8221;:&#8221;f0f1j0n1myTR7B9&#8243;},&#8221;displayProperties&#8221;:{},&#8221;localEdits&#8221;:{},&#8221;variants&#8221;:{}}},{&#8220;collection&#8221;:&#8221;features&#8221;,&#8221;type&#8221;:&#8221;subscribe-button\/default&#8221;,&#8221;props&#8221;:{&#8220;collection&#8221;:&#8221;features&#8221;,&#8221;type&#8221;:&#8221;subscribe-button\/default&#8221;,&#8221;id&#8221;:&#8221;f0fcuF3rugfL8OV-0-0-1&#8243;,&#8221;contentConfig&#8221;:{&#8220;contentService&#8221;:&#8221;&#8221;,&#8221;contentConfigValues&#8221;:{},&#8221;inherit&#8221;:true},&#8221;customFields&#8221;:{&#8220;customTopHtml&#8221;:&#8221;&#8221;},&#8221;displayProperties&#8221;:{},&#8221;localEdits&#8221;:{},&#8221;variants&#8221;:{}}},{&#8220;collection&#8221;:&#8221;features&#8221;,&#8221;type&#8221;:&#8221;signin-subscribe\/default&#8221;,&#8221;props&#8221;:{&#8220;collection&#8221;:&#8221;features&#8221;,&#8221;type&#8221;:&#8221;signin-subscribe\/default&#8221;,&#8221;id&#8221;:&#8221;f0fe6HNJvtOK8J1-0-0-2&#8243;,&#8221;contentConfig&#8221;:{&#8220;contentService&#8221;:&#8221;&#8221;,&#8221;contentConfigValues&#8221;:{},&#8221;inherit&#8221;:true},&#8221;customFields&#8221;:{&#8220;loggedInNavigationTitle&#8221;:&#8221;Logged-in-navigation&#8221;},&#8221;displayProperties&#8221;:{},&#8221;localEdits&#8221;:{},&#8221;variants&#8221;:{}}}]},{&#8220;collection&#8221;:&#8221;features&#8221;,&#8221;type&#8221;:&#8221;zephr-target\/default&#8221;,&#8221;props&#8221;:{&#8220;collection&#8221;:&#8221;features&#8221;,&#8221;type&#8221;:&#8221;zephr-target\/default&#8221;,&#8221;id&#8221;:&#8221;f0fCkZsw9jMl3rT&#8221;,&#8221;contentConfig&#8221;:{&#8220;contentService&#8221;:&#8221;&#8221;,&#8221;contentConfigValues&#8221;:{},&#8221;inherit&#8221;:true},&#8221;customFields&#8221;:{&#8220;targetClass&#8221;:&#8221;toast-message&#8221;},&#8221;displayProperties&#8221;:{},&#8221;localEdits&#8221;:{},&#8221;variants&#8221;:{}}},{&#8220;collection&#8221;:&#8221;features&#8221;,&#8221;type&#8221;:&#8221;@wpmedia\/alert-bar-block\/alert-bar&#8221;,&#8221;props&#8221;:{&#8220;collection&#8221;:&#8221;features&#8221;,&#8221;type&#8221;:&#8221;@wpmedia\/alert-bar-block\/alert-bar&#8221;,&#8221;id&#8221;:&#8221;f0fBKUBoGWyV8Ay&#8221;,&#8221;contentConfig&#8221;:{&#8220;contentService&#8221;:&#8221;&#8221;,&#8221;contentConfigValues&#8221;:{},&#8221;inherit&#8221;:true},&#8221;customFields&#8221;:{&#8220;ariaLabel&#8221;:null},&#8221;displayProperties&#8221;:{},&#8221;localEdits&#8221;:{},&#8221;variants&#8221;:{}}}]},{&#8220;collection&#8221;:&#8221;sections&#8221;,&#8221;props&#8221;:{&#8220;collection&#8221;:&#8221;sections&#8221;,&#8221;id&#8221;:1},&#8221;children&#8221;:[{&#8220;collection&#8221;:&#8221;features&#8221;,&#8221;type&#8221;:&#8221;global\/ads-block&#8221;,&#8221;props&#8221;:{&#8220;collection&#8221;:&#8221;features&#8221;,&#8221;type&#8221;:&#8221;global\/ads-block&#8221;,&#8221;id&#8221;:&#8221;f0fGCoj1bH9lbdb&#8221;,&#8221;contentConfig&#8221;:{&#8220;contentService&#8221;:&#8221;&#8221;,&#8221;contentConfigValues&#8221;:{},&#8221;inherit&#8221;:true},&#8221;customFields&#8221;:{&#8220;adType&#8221;:&#8221;970&#215;250|970&#215;90|728&#215;90|320&#215;50&#8243;,&#8221;lazyLoad&#8221;:false,&#8221;displayAdLabel&#8221;:true,&#8221;reserveSpace&#8221;:false},&#8221;displayProperties&#8221;:{},&#8221;localEdits&#8221;:{},&#8221;variants&#8221;:{}}},{&#8220;collection&#8221;:&#8221;chains&#8221;,&#8221;type&#8221;:&#8221;flex-chain&#8221;,&#8221;props&#8221;:{&#8220;collection&#8221;:&#8221;chains&#8221;,&#8221;type&#8221;:&#8221;flex-chain&#8221;,&#8221;id&#8221;:&#8221;c0fPc4rmYkYa4GI&#8221;,&#8221;customFields&#8221;:{&#8220;linkText&#8221;:&#8221;&#8221;,&#8221;linkUrl&#8221;:&#8221;&#8221;,&#8221;layout&#8221;:&#8221;[[3,6,3],[12,12,12],[]]&#8221;,&#8221;column1&#8243;:0,&#8221;column2&#8243;:3,&#8221;column3&#8243;:0,&#8221;column4&#8243;:0,&#8221;column5&#8243;:0,&#8221;pbInternal_cloneId&#8221;:&#8221;c0fPc4rmYkYa4GI&#8221;,&#8221;spacing&#8221;:&#8221;spacing-0&#8243;},&#8221;displayProperties&#8221;:{}},&#8221;children&#8221;:[{&#8220;collection&#8221;:&#8221;features&#8221;,&#8221;type&#8221;:&#8221;overline\/default&#8221;,&#8221;props&#8221;:{&#8220;collection&#8221;:&#8221;features&#8221;,&#8221;type&#8221;:&#8221;overline\/default&#8221;,&#8221;id&#8221;:&#8221;f0f2VNU9w8g6bjd&#8221;,&#8221;contentConfig&#8221;:{&#8220;contentService&#8221;:&#8221;&#8221;,&#8221;contentConfigValues&#8221;:{},&#8221;inherit&#8221;:true},&#8221;customFields&#8221;:{&#8220;displayCenter&#8221;:true,&#8221;paywallStatus&#8221;:&#8221;premium&#8221;,&#8221;displayTransparency&#8221;:true},&#8221;displayProperties&#8221;:{},&#8221;localEdits&#8221;:{},&#8221;variants&#8221;:{}}},{&#8220;collection&#8221;:&#8221;features&#8221;,&#8221;type&#8221;:&#8221;headline\/default&#8221;,&#8221;props&#8221;:{&#8220;collection&#8221;:&#8221;features&#8221;,&#8221;type&#8221;:&#8221;headline\/default&#8221;,&#8221;id&#8221;:&#8221;f0focxS07pA6bRr&#8221;,&#8221;contentConfig&#8221;:{&#8220;contentService&#8221;:&#8221;&#8221;,&#8221;contentConfigValues&#8221;:{},&#8221;inherit&#8221;:true},&#8221;customFields&#8221;:{&#8220;displayCenter&#8221;:true,&#8221;lightFontWeight&#8221;:false},&#8221;displayProperties&#8221;:{},&#8221;localEdits&#8221;:{},&#8221;variants&#8221;:{}}}]},{&#8220;collection&#8221;:&#8221;chains&#8221;,&#8221;type&#8221;:&#8221;flex-chain&#8221;,&#8221;props&#8221;:{&#8220;collection&#8221;:&#8221;chains&#8221;,&#8221;type&#8221;:&#8221;flex-chain&#8221;,&#8221;id&#8221;:&#8221;c0fCOufnnsHN13K&#8221;,&#8221;customFields&#8221;:{&#8220;linkText&#8221;:&#8221;&#8221;,&#8221;linkUrl&#8221;:&#8221;&#8221;,&#8221;layout&#8221;:&#8221;[[3,6,3],[12,12,12],[]]&#8221;,&#8221;column1&#8243;:0,&#8221;column2&#8243;:3,&#8221;column3&#8243;:0,&#8221;column4&#8243;:0,&#8221;column5&#8243;:0,&#8221;pbInternal_cloneId&#8221;:&#8221;c0fCOufnnsHN13K&#8221;,&#8221;spacing&#8221;:&#8221;spacing-0&#8243;},&#8221;displayProperties&#8221;:{}},&#8221;children&#8221;:[{&#8220;collection&#8221;:&#8221;features&#8221;,&#8221;type&#8221;:&#8221;subheadline\/default&#8221;,&#8221;props&#8221;:{&#8220;collection&#8221;:&#8221;features&#8221;,&#8221;type&#8221;:&#8221;subheadline\/default&#8221;,&#8221;id&#8221;:&#8221;f0fFBCLjkUGu6xv&#8221;,&#8221;contentConfig&#8221;:{&#8220;contentService&#8221;:&#8221;&#8221;,&#8221;contentConfigValues&#8221;:{},&#8221;inherit&#8221;:true},&#8221;customFields&#8221;:{&#8220;valueToDisplay&#8221;:&#8221;Subheadline&#8221;,&#8221;displayCenter&#8221;:true,&#8221;lightFontColor&#8221;:false},&#8221;displayProperties&#8221;:{},&#8221;localEdits&#8221;:{},&#8221;variants&#8221;:{}}}]}]},{&#8220;collection&#8221;:&#8221;sections&#8221;,&#8221;props&#8221;:{&#8220;collection&#8221;:&#8221;sections&#8221;,&#8221;id&#8221;:2},&#8221;children&#8221;:[{&#8220;collection&#8221;:&#8221;chains&#8221;,&#8221;type&#8221;:&#8221;flex-chain&#8221;,&#8221;props&#8221;:{&#8220;collection&#8221;:&#8221;chains&#8221;,&#8221;type&#8221;:&#8221;flex-chain&#8221;,&#8221;id&#8221;:&#8221;c0fCfFUth1iM9d&#8221;,&#8221;customFields&#8221;:{&#8220;linkText&#8221;:&#8221;&#8221;,&#8221;linkUrl&#8221;:&#8221;&#8221;,&#8221;layout&#8221;:&#8221;[[3,6,3],[12,12,12],[]]&#8221;,&#8221;column1&#8243;:0,&#8221;column2&#8243;:3,&#8221;column3&#8243;:0,&#8221;column4&#8243;:0,&#8221;column5&#8243;:0},&#8221;displayProperties&#8221;:{}},&#8221;children&#8221;:[{&#8220;collection&#8221;:&#8221;features&#8221;,&#8221;type&#8221;:&#8221;article\/lead-art&#8221;,&#8221;props&#8221;:{&#8220;collection&#8221;:&#8221;features&#8221;,&#8221;type&#8221;:&#8221;article\/lead-art&#8221;,&#8221;id&#8221;:&#8221;f0fEQHDOaSJv1vx&#8221;,&#8221;contentConfig&#8221;:{&#8220;contentService&#8221;:&#8221;&#8221;,&#8221;contentConfigValues&#8221;:{},&#8221;inherit&#8221;:true},&#8221;customFields&#8221;:{&#8220;shrinkToFit&#8221;:true,&#8221;viewportPercentage&#8221;:65,&#8221;hideTitle&#8221;:true,&#8221;hideCredits&#8221;:true,&#8221;imageLoadingStrategy&#8221;:&#8221;eager&#8221;},&#8221;displayProperties&#8221;:{},&#8221;localEdits&#8221;:{},&#8221;variants&#8221;:{}}}]}]},{&#8220;collection&#8221;:&#8221;sections&#8221;,&#8221;props&#8221;:{&#8220;collection&#8221;:&#8221;sections&#8221;,&#8221;id&#8221;:3},&#8221;children&#8221;:[{&#8220;collection&#8221;:&#8221;features&#8221;,&#8221;type&#8221;:&#8221;@wpmedia\/divider-block\/divider&#8221;,&#8221;props&#8221;:{&#8220;collection&#8221;:&#8221;features&#8221;,&#8221;type&#8221;:&#8221;@wpmedia\/divider-block\/divider&#8221;,&#8221;id&#8221;:&#8221;f0fSdX5DE2tm3fz&#8221;,&#8221;contentConfig&#8221;:{&#8220;contentService&#8221;:&#8221;&#8221;,&#8221;contentConfigValues&#8221;:{},&#8221;inherit&#8221;:true},&#8221;customFields&#8221;:{},&#8221;displayProperties&#8221;:{},&#8221;localEdits&#8221;:{},&#8221;variants&#8221;:{}}},{&#8220;collection&#8221;:&#8221;features&#8221;,&#8221;type&#8221;:&#8221;byline\/default&#8221;,&#8221;props&#8221;:{&#8220;collection&#8221;:&#8221;features&#8221;,&#8221;type&#8221;:&#8221;byline\/default&#8221;,&#8221;id&#8221;:&#8221;f0fXiSPzwe2v8Gz&#8221;,&#8221;contentConfig&#8221;:{&#8220;contentService&#8221;:&#8221;&#8221;,&#8221;contentConfigValues&#8221;:{},&#8221;inherit&#8221;:true},&#8221;customFields&#8221;:{&#8220;displayImage&#8221;:true},&#8221;displayProperties&#8221;:{},&#8221;localEdits&#8221;:{},&#8221;variants&#8221;:{}}},{&#8220;collection&#8221;:&#8221;features&#8221;,&#8221;type&#8221;:&#8221;social-share-bar\/default&#8221;,&#8221;props&#8221;:{&#8220;collection&#8221;:&#8221;features&#8221;,&#8221;type&#8221;:&#8221;social-share-bar\/default&#8221;,&#8221;id&#8221;:&#8221;f0fMOMxAw8g6bfU&#8221;,&#8221;contentConfig&#8221;:{&#8220;contentService&#8221;:&#8221;&#8221;,&#8221;contentConfigValues&#8221;:{},&#8221;inherit&#8221;:true},&#8221;customFields&#8221;:{&#8220;spaceAbove&#8221;:true,&#8221;showCloseButtonLP&#8221;:true},&#8221;displayProperties&#8221;:{},&#8221;localEdits&#8221;:{},&#8221;variants&#8221;:{}}},{&#8220;collection&#8221;:&#8221;features&#8221;,&#8221;type&#8221;:&#8221;sponsored-byline\/default&#8221;,&#8221;props&#8221;:{&#8220;collection&#8221;:&#8221;features&#8221;,&#8221;type&#8221;:&#8221;sponsored-byline\/default&#8221;,&#8221;id&#8221;:&#8221;f0fL2dnr7MZF42m&#8221;,&#8221;contentConfig&#8221;:{&#8220;contentService&#8221;:&#8221;&#8221;,&#8221;contentConfigValues&#8221;:{},&#8221;inherit&#8221;:true},&#8221;customFields&#8221;:{},&#8221;displayProperties&#8221;:{},&#8221;localEdits&#8221;:{},&#8221;variants&#8221;:{}}},{&#8220;collection&#8221;:&#8221;chains&#8221;,&#8221;type&#8221;:&#8221;article-body&#8221;,&#8221;props&#8221;:{&#8220;collection&#8221;:&#8221;chains&#8221;,&#8221;type&#8221;:&#8221;article-body&#8221;,&#8221;id&#8221;:&#8221;c0fM4IgRB8zO6Fa&#8221;,&#8221;customFields&#8221;:{&#8220;elementPlacement&#8221;:{&#8220;1&#8243;:&#8221;4&#8243;,&#8221;2&#8243;:&#8221;6&#8243;,&#8221;3&#8243;:&#8221;12&#8243;,&#8221;4&#8243;:&#8221;18&#8243;,&#8221;5&#8243;:&#8221;24&#8243;,&#8221;6&#8243;:&#8221;30&#8243;},&#8221;hideImageTitle&#8221;:true,&#8221;hideImageCredits&#8221;:true,&#8221;hideGalleryTitle&#8221;:true,&#8221;hideGalleryCredits&#8221;:true,&#8221;hideVideoTitle&#8221;:true,&#8221;hideVideoCredits&#8221;:true},&#8221;displayProperties&#8221;:{}},&#8221;children&#8221;:[{&#8220;collection&#8221;:&#8221;features&#8221;,&#8221;type&#8221;:&#8221;read-more\/default&#8221;,&#8221;props&#8221;:{&#8220;collection&#8221;:&#8221;features&#8221;,&#8221;type&#8221;:&#8221;read-more\/default&#8221;,&#8221;id&#8221;:&#8221;f0fa2KleT3UWaPB-3-4-0&#8243;,&#8221;contentConfig&#8221;:{&#8220;contentService&#8221;:&#8221;&#8221;,&#8221;contentConfigValues&#8221;:{},&#8221;inherit&#8221;:true},&#8221;customFields&#8221;:{&#8220;amoutOfStories&#8221;:3,&#8221;storiesPerRow&#8221;:3,&#8221;removeCurrentStory&#8221;:true,&#8221;headingText&#8221;:&#8221;READ MORE&#8221;,&#8221;collectionAlias&#8221;:&#8221;features-highlights&#8221;},&#8221;displayProperties&#8221;:{},&#8221;localEdits&#8221;:{},&#8221;variants&#8221;:{}}},{&#8220;collection&#8221;:&#8221;features&#8221;,&#8221;type&#8221;:&#8221;global\/ads-block&#8221;,&#8221;props&#8221;:{&#8220;collection&#8221;:&#8221;features&#8221;,&#8221;type&#8221;:&#8221;global\/ads-block&#8221;,&#8221;id&#8221;:&#8221;f0fuQba8T6Jr6YD-3-4-1&#8243;,&#8221;contentConfig&#8221;:{&#8220;contentService&#8221;:&#8221;&#8221;,&#8221;contentConfigValues&#8221;:{},&#8221;inherit&#8221;:true},&#8221;customFields&#8221;:{&#8220;adType&#8221;:&#8221;728&#215;90|300&#215;250&#8243;,&#8221;lazyLoad&#8221;:true,&#8221;displayAdLabel&#8221;:true,&#8221;reserveSpace&#8221;:false},&#8221;displayProperties&#8221;:{},&#8221;localEdits&#8221;:{},&#8221;variants&#8221;:{}}},{&#8220;collection&#8221;:&#8221;features&#8221;,&#8221;type&#8221;:&#8221;global\/ads-block&#8221;,&#8221;props&#8221;:{&#8220;collection&#8221;:&#8221;features&#8221;,&#8221;type&#8221;:&#8221;global\/ads-block&#8221;,&#8221;id&#8221;:&#8221;f0fVXNppHnA0bqg-3-4-2&#8243;,&#8221;contentConfig&#8221;:{&#8220;contentService&#8221;:&#8221;&#8221;,&#8221;contentConfigValues&#8221;:{},&#8221;inherit&#8221;:true},&#8221;customFields&#8221;:{&#8220;adType&#8221;:&#8221;728&#215;90|300&#215;250&#8243;,&#8221;lazyLoad&#8221;:true,&#8221;displayAdLabel&#8221;:true,&#8221;reserveSpace&#8221;:false,&#8221;pbInternal_cloneId&#8221;:&#8221;f0fVXNppHnA0bqg&#8221;},&#8221;displayProperties&#8221;:{},&#8221;localEdits&#8221;:{},&#8221;variants&#8221;:{}}},{&#8220;collection&#8221;:&#8221;features&#8221;,&#8221;type&#8221;:&#8221;global\/ads-block&#8221;,&#8221;props&#8221;:{&#8220;collection&#8221;:&#8221;features&#8221;,&#8221;type&#8221;:&#8221;global\/ads-block&#8221;,&#8221;id&#8221;:&#8221;f0fYKctXj7wt6xL-3-4-3&#8243;,&#8221;contentConfig&#8221;:{&#8220;contentService&#8221;:&#8221;&#8221;,&#8221;contentConfigValues&#8221;:{},&#8221;inherit&#8221;:true},&#8221;customFields&#8221;:{&#8220;adType&#8221;:&#8221;728&#215;90|300&#215;250&#8243;,&#8221;lazyLoad&#8221;:true,&#8221;displayAdLabel&#8221;:true,&#8221;reserveSpace&#8221;:false,&#8221;pbInternal_cloneId&#8221;:&#8221;f0fYKctXj7wt6xL&#8221;},&#8221;displayProperties&#8221;:{},&#8221;localEdits&#8221;:{},&#8221;variants&#8221;:{}}},{&#8220;collection&#8221;:&#8221;features&#8221;,&#8221;type&#8221;:&#8221;global\/ads-block&#8221;,&#8221;props&#8221;:{&#8220;collection&#8221;:&#8221;features&#8221;,&#8221;type&#8221;:&#8221;global\/ads-block&#8221;,&#8221;id&#8221;:&#8221;f0f6RPR7vA01bMt-3-4-4&#8243;,&#8221;contentConfig&#8221;:{&#8220;contentService&#8221;:&#8221;&#8221;,&#8221;contentConfigValues&#8221;:{},&#8221;inherit&#8221;:true},&#8221;customFields&#8221;:{&#8220;adType&#8221;:&#8221;728&#215;90|300&#215;250&#8243;,&#8221;lazyLoad&#8221;:true,&#8221;displayAdLabel&#8221;:true,&#8221;reserveSpace&#8221;:false,&#8221;pbInternal_cloneId&#8221;:&#8221;f0f6RPR7vA01bMt&#8221;},&#8221;displayProperties&#8221;:{},&#8221;localEdits&#8221;:{},&#8221;variants&#8221;:{}}},{&#8220;collection&#8221;:&#8221;features&#8221;,&#8221;type&#8221;:&#8221;global\/ads-block&#8221;,&#8221;props&#8221;:{&#8220;collection&#8221;:&#8221;features&#8221;,&#8221;type&#8221;:&#8221;global\/ads-block&#8221;,&#8221;id&#8221;:&#8221;f0fTB5060bBt6oG-3-4-5&#8243;,&#8221;contentConfig&#8221;:{&#8220;contentService&#8221;:&#8221;&#8221;,&#8221;contentConfigValues&#8221;:{},&#8221;inherit&#8221;:true},&#8221;customFields&#8221;:{&#8220;adType&#8221;:&#8221;728&#215;90|300&#215;250&#8243;,&#8221;lazyLoad&#8221;:true,&#8221;displayAdLabel&#8221;:true,&#8221;reserveSpace&#8221;:false,&#8221;pbInternal_cloneId&#8221;:&#8221;f0fTB5060bBt6oG&#8221;},&#8221;displayProperties&#8221;:{},&#8221;localEdits&#8221;:{},&#8221;variants&#8221;:{}}}]},{&#8220;collection&#8221;:&#8221;features&#8221;,&#8221;type&#8221;:&#8221;@wpmedia\/article-tag-block\/tag&#8221;,&#8221;props&#8221;:{&#8220;collection&#8221;:&#8221;features&#8221;,&#8221;type&#8221;:&#8221;@wpmedia\/article-tag-block\/tag&#8221;,&#8221;id&#8221;:&#8221;f0fFcyfc18563Ok-3-5-1&#8243;,&#8221;contentConfig&#8221;:{&#8220;contentService&#8221;:&#8221;&#8221;,&#8221;contentConfigValues&#8221;:{},&#8221;inherit&#8221;:true},&#8221;customFields&#8221;:{&#8220;lazyLoad&#8221;:false},&#8221;displayProperties&#8221;:{},&#8221;localEdits&#8221;:{},&#8221;variants&#8221;:{}}},{&#8220;collection&#8221;:&#8221;features&#8221;,&#8221;type&#8221;:&#8221;flex-promo\/default&#8221;,&#8221;props&#8221;:{&#8220;collection&#8221;:&#8221;features&#8221;,&#8221;type&#8221;:&#8221;flex-promo\/default&#8221;,&#8221;id&#8221;:&#8221;f0fXgyRndykV8UV&#8221;,&#8221;contentConfig&#8221;:{&#8220;contentService&#8221;:&#8221;&#8221;,&#8221;contentConfigValues&#8221;:{},&#8221;inherit&#8221;:true},&#8221;customFields&#8221;:{&#8220;itemContentConfig&#8221;:{&#8220;contentService&#8221;:&#8221;related-content&#8221;,&#8221;contentConfigValues&#8221;:{&#8220;_id&#8221;:&#8221;GWZVKOILHFFC7CWRXJNCXDBJLI&#8221;,&#8221;feedSize&#8221;:1,&#8221;feedOffset&#8221;:0}},&#8221;sizeOverride&#8221;:7,&#8221;allowSpeechKit&#8221;:false,&#8221;overlineAlignment&#8221;:&#8221;Left&#8221;,&#8221;showCloseButton&#8221;:true,&#8221;fontSize&#8221;:&#8221;Small&#8221;,&#8221;headlineWeight&#8221;:&#8221;Bold&#8221;,&#8221;headlineTextAlignment&#8221;:&#8221;text-align_left&#8221;,&#8221;showHeadline&#8221;:true,&#8221;showOverline&#8221;:false,&#8221;showByline&#8221;:false,&#8221;showDateTime&#8221;:false,&#8221;showLiveStoryTimeline&#8221;:false,&#8221;liveStoryEntriesCount&#8221;:4,&#8221;showImageDesktop&#8221;:false,&#8221;imageRatioDesktop&#8221;:&#8221;1:1&#8243;,&#8221;imagePositionDesktop&#8221;:&#8221;left&#8221;,&#8221;showImageMobile&#8221;:false,&#8221;imageRatioMobile&#8221;:&#8221;1:1&#8243;,&#8221;imagePositionMobile&#8221;:&#8221;left&#8221;,&#8221;paywallStatus&#8221;:&#8221;premium&#8221;,&#8221;lastBottomDividerDesktop&#8221;:false,&#8221;lastBottomDividerTablet&#8221;:false,&#8221;lastBottomDividerMobile&#8221;:false,&#8221;offsetOverride&#8221;:3,&#8221;bottomDividerDesktop&#8221;:true,&#8221;bottomDividerTablet&#8221;:true,&#8221;bottomDividerMobile&#8221;:true},&#8221;displayProperties&#8221;:{},&#8221;localEdits&#8221;:{},&#8221;variants&#8221;:{}}},{&#8220;collection&#8221;:&#8221;features&#8221;,&#8221;type&#8221;:&#8221;zephr-target\/default&#8221;,&#8221;props&#8221;:{&#8220;collection&#8221;:&#8221;features&#8221;,&#8221;type&#8221;:&#8221;zephr-target\/default&#8221;,&#8221;id&#8221;:&#8221;f0fzoHxn18563dN-3-7-0&#8243;,&#8221;contentConfig&#8221;:{&#8220;contentService&#8221;:&#8221;&#8221;,&#8221;contentConfigValues&#8221;:{},&#8221;inherit&#8221;:true},&#8221;customFields&#8221;:{&#8220;targetClass&#8221;:&#8221;floating-subscribe&#8221;},&#8221;displayProperties&#8221;:{},&#8221;localEdits&#8221;:{},&#8221;variants&#8221;:{}}},{&#8220;collection&#8221;:&#8221;chains&#8221;,&#8221;type&#8221;:&#8221;flex-chain&#8221;,&#8221;props&#8221;:{&#8220;collection&#8221;:&#8221;chains&#8221;,&#8221;type&#8221;:&#8221;flex-chain&#8221;,&#8221;id&#8221;:&#8221;c0fzBf5RCKct34h&#8221;,&#8221;customFields&#8221;:{&#8220;lazyLoad&#8221;:false,&#8221;layout&#8221;:&#8221;[[12],[],[]]&#8221;,&#8221;column1&#8243;:8,&#8221;column2&#8243;:0,&#8221;column3&#8243;:0,&#8221;column4&#8243;:0,&#8221;column5&#8243;:0},&#8221;displayProperties&#8221;:{}},&#8221;children&#8221;:[{&#8220;collection&#8221;:&#8221;features&#8221;,&#8221;type&#8221;:&#8221;global\/ads-block&#8221;,&#8221;props&#8221;:{&#8220;collection&#8221;:&#8221;features&#8221;,&#8221;type&#8221;:&#8221;global\/ads-block&#8221;,&#8221;id&#8221;:&#8221;f0fQn4CM6bob3un-3-8-0&#8243;,&#8221;contentConfig&#8221;:{&#8220;contentService&#8221;:&#8221;&#8221;,&#8221;contentConfigValues&#8221;:{},&#8221;inherit&#8221;:true},&#8221;customFields&#8221;:{&#8220;adType&#8221;:&#8221;970&#215;250|970&#215;90|728&#215;90|300&#215;250&#8243;,&#8221;lazyLoad&#8221;:true,&#8221;displayAdLabel&#8221;:true,&#8221;reserveSpace&#8221;:false},&#8221;displayProperties&#8221;:{},&#8221;localEdits&#8221;:{},&#8221;variants&#8221;:{}}}]}]},{&#8220;collection&#8221;:&#8221;sections&#8221;,&#8221;props&#8221;:{&#8220;collection&#8221;:&#8221;sections&#8221;,&#8221;id&#8221;:4},&#8221;children&#8221;:[{&#8220;collection&#8221;:&#8221;features&#8221;,&#8221;type&#8221;:&#8221;divider\/default&#8221;,&#8221;props&#8221;:{&#8220;collection&#8221;:&#8221;features&#8221;,&#8221;type&#8221;:&#8221;divider\/default&#8221;,&#8221;id&#8221;:&#8221;f0fp00Stb59LbWS&#8221;,&#8221;contentConfig&#8221;:{&#8220;contentService&#8221;:&#8221;&#8221;,&#8221;contentConfigValues&#8221;:{},&#8221;inherit&#8221;:true},&#8221;customFields&#8221;:{},&#8221;displayProperties&#8221;:{},&#8221;localEdits&#8221;:{},&#8221;variants&#8221;:{}}},{&#8220;collection&#8221;:&#8221;chains&#8221;,&#8221;type&#8221;:&#8221;flex-chain&#8221;,&#8221;props&#8221;:{&#8220;collection&#8221;:&#8221;chains&#8221;,&#8221;type&#8221;:&#8221;flex-chain&#8221;,&#8221;id&#8221;:&#8221;c0f1XjTzy5525Dg&#8221;,&#8221;customFields&#8221;:{&#8220;lazyLoad&#8221;:false,&#8221;layout&#8221;:&#8221;[[6,6],[],[]]&#8221;,&#8221;column1&#8243;:3,&#8221;column2&#8243;:3,&#8221;column3&#8243;:0,&#8221;column4&#8243;:0,&#8221;column5&#8243;:0,&#8221;showDividersDesktop&#8221;:true,&#8221;showDividersTablet&#8221;:true,&#8221;showDividersMobile&#8221;:true},&#8221;displayProperties&#8221;:{}},&#8221;children&#8221;:[{&#8220;collection&#8221;:&#8221;features&#8221;,&#8221;type&#8221;:&#8221;header\/default&#8221;,&#8221;props&#8221;:{&#8220;collection&#8221;:&#8221;features&#8221;,&#8221;type&#8221;:&#8221;header\/default&#8221;,&#8221;id&#8221;:&#8221;f0fiTUotbjvO5Nz-4-1-0&#8243;,&#8221;contentConfig&#8221;:{&#8220;contentService&#8221;:&#8221;&#8221;,&#8221;contentConfigValues&#8221;:{},&#8221;inherit&#8221;:true},&#8221;customFields&#8221;:{&#8220;text&#8221;:&#8221;IN THIS SECTION&#8221;,&#8221;size&#8221;:&#8221;Small&#8221;,&#8221;pbInternal_cloneId&#8221;:&#8221;f0fiTUotbjvO5Nz&#8221;,&#8221;lightFontWeight&#8221;:true},&#8221;displayProperties&#8221;:{},&#8221;localEdits&#8221;:{},&#8221;variants&#8221;:{}}},{&#8220;collection&#8221;:&#8221;features&#8221;,&#8221;type&#8221;:&#8221;flex-promo\/default&#8221;,&#8221;props&#8221;:{&#8220;collection&#8221;:&#8221;features&#8221;,&#8221;type&#8221;:&#8221;flex-promo\/default&#8221;,&#8221;id&#8221;:&#8221;f0fXXL9QGASL2Mb-4-1-1&#8243;,&#8221;contentConfig&#8221;:{&#8220;contentService&#8221;:&#8221;&#8221;,&#8221;contentConfigValues&#8221;:{},&#8221;inherit&#8221;:true},&#8221;customFields&#8221;:{&#8220;itemContentConfig&#8221;:{&#8220;contentService&#8221;:&#8221;story-feed-sections&#8221;,&#8221;contentConfigValues&#8221;:{&#8220;includeSections&#8221;:&#8221;\/culture\/stage&#8221;,&#8221;excludeSections&#8221;:&#8221;&#8221;,&#8221;feedSize&#8221;:5,&#8221;feedOffset&#8221;:0}},&#8221;sizeOverride&#8221;:5,&#8221;allowSpeechKit&#8221;:false,&#8221;overlineAlignment&#8221;:&#8221;Left&#8221;,&#8221;showCloseButton&#8221;:false,&#8221;fontSize&#8221;:&#8221;Medium Small&#8221;,&#8221;headlineWeight&#8221;:&#8221;Bold&#8221;,&#8221;headlineTextAlignment&#8221;:&#8221;text-align_left&#8221;,&#8221;showHeadline&#8221;:true,&#8221;showOverline&#8221;:false,&#8221;showByline&#8221;:false,&#8221;showDateTime&#8221;:false,&#8221;showImageDesktop&#8221;:true,&#8221;imageRatioDesktop&#8221;:&#8221;16:9&#8243;,&#8221;imagePositionDesktop&#8221;:&#8221;left&#8221;,&#8221;showImageMobile&#8221;:true,&#8221;imageRatioMobile&#8221;:&#8221;3:2&#8243;,&#8221;imagePositionMobile&#8221;:&#8221;right&#8221;,&#8221;paywallStatus&#8221;:&#8221;premium&#8221;,&#8221;lastBottomDividerDesktop&#8221;:true,&#8221;lastBottomDividerTablet&#8221;:true,&#8221;lastBottomDividerMobile&#8221;:true,&#8221;bottomDividerDesktop&#8221;:true,&#8221;bottomDividerTablet&#8221;:true,&#8221;bottomDividerMobile&#8221;:true,&#8221;offsetOverride&#8221;:0},&#8221;displayProperties&#8221;:{},&#8221;localEdits&#8221;:{},&#8221;variants&#8221;:{}}},{&#8220;collection&#8221;:&#8221;features&#8221;,&#8221;type&#8221;:&#8221;global\/ads-block&#8221;,&#8221;props&#8221;:{&#8220;collection&#8221;:&#8221;features&#8221;,&#8221;type&#8221;:&#8221;global\/ads-block&#8221;,&#8221;id&#8221;:&#8221;f0f8SJ8QaBSTb6K-4-1-2&#8243;,&#8221;contentConfig&#8221;:{&#8220;contentService&#8221;:&#8221;&#8221;,&#8221;contentConfigValues&#8221;:{},&#8221;inherit&#8221;:true},&#8221;customFields&#8221;:{&#8220;adType&#8221;:&#8221;Fluid&#8221;,&#8221;lazyLoad&#8221;:true,&#8221;displayAdLabel&#8221;:false,&#8221;reserveSpace&#8221;:false},&#8221;displayProperties&#8221;:{},&#8221;localEdits&#8221;:{},&#8221;variants&#8221;:{}}},{&#8220;collection&#8221;:&#8221;features&#8221;,&#8221;type&#8221;:&#8221;header\/default&#8221;,&#8221;props&#8221;:{&#8220;collection&#8221;:&#8221;features&#8221;,&#8221;type&#8221;:&#8221;header\/default&#8221;,&#8221;id&#8221;:&#8221;f0fF8aMj2luWczE-4-1-3&#8243;,&#8221;contentConfig&#8221;:{&#8220;contentService&#8221;:&#8221;&#8221;,&#8221;contentConfigValues&#8221;:{},&#8221;inherit&#8221;:true},&#8221;customFields&#8221;:{&#8220;text&#8221;:&#8221;MOST READ&#8221;,&#8221;size&#8221;:&#8221;Small&#8221;,&#8221;link&#8221;:&#8221;https:\/\/www.irishtimes.com\/most-read\/&#8221;,&#8221;lightFontWeight&#8221;:true},&#8221;displayProperties&#8221;:{},&#8221;localEdits&#8221;:{},&#8221;variants&#8221;:{}}},{&#8220;collection&#8221;:&#8221;features&#8221;,&#8221;type&#8221;:&#8221;flex-promo\/default&#8221;,&#8221;props&#8221;:{&#8220;collection&#8221;:&#8221;features&#8221;,&#8221;type&#8221;:&#8221;flex-promo\/default&#8221;,&#8221;id&#8221;:&#8221;f0fD85eBFtxCSI-4-1-4&#8243;,&#8221;contentConfig&#8221;:{&#8220;contentService&#8221;:&#8221;&#8221;,&#8221;contentConfigValues&#8221;:{},&#8221;inherit&#8221;:true},&#8221;customFields&#8221;:{&#8220;itemContentConfig&#8221;:{&#8220;contentService&#8221;:&#8221;most-popular&#8221;,&#8221;contentConfigValues&#8221;:{&#8220;size&#8221;:5,&#8221;section&#8221;:0,&#8221;feedSize&#8221;:5,&#8221;feedOffset&#8221;:0}},&#8221;sizeOverride&#8221;:5,&#8221;allowSpeechKit&#8221;:false,&#8221;overlineAlignment&#8221;:&#8221;Left&#8221;,&#8221;showCloseButton&#8221;:false,&#8221;fontSize&#8221;:&#8221;Medium Small&#8221;,&#8221;headlineWeight&#8221;:&#8221;Bold&#8221;,&#8221;headlineTextAlignment&#8221;:&#8221;text-align_left&#8221;,&#8221;showHeadline&#8221;:true,&#8221;showOverline&#8221;:false,&#8221;showByline&#8221;:false,&#8221;showDateTime&#8221;:false,&#8221;showImageDesktop&#8221;:true,&#8221;imageRatioDesktop&#8221;:&#8221;16:9&#8243;,&#8221;imagePositionDesktop&#8221;:&#8221;left&#8221;,&#8221;showImageMobile&#8221;:true,&#8221;imageRatioMobile&#8221;:&#8221;3:2&#8243;,&#8221;imagePositionMobile&#8221;:&#8221;right&#8221;,&#8221;paywallStatus&#8221;:&#8221;premium&#8221;,&#8221;lastBottomDividerDesktop&#8221;:true,&#8221;lastBottomDividerTablet&#8221;:true,&#8221;lastBottomDividerMobile&#8221;:true,&#8221;bottomDividerDesktop&#8221;:true,&#8221;bottomDividerTablet&#8221;:true,&#8221;bottomDividerMobile&#8221;:true,&#8221;offsetOverride&#8221;:0,&#8221;pbInternal_cloneId&#8221;:&#8221;f0fD85eBFtxCSI&#8221;},&#8221;displayProperties&#8221;:{},&#8221;localEdits&#8221;:{},&#8221;variants&#8221;:{}}},{&#8220;collection&#8221;:&#8221;features&#8221;,&#8221;type&#8221;:&#8221;global\/ads-block&#8221;,&#8221;props&#8221;:{&#8220;collection&#8221;:&#8221;features&#8221;,&#8221;type&#8221;:&#8221;global\/ads-block&#8221;,&#8221;id&#8221;:&#8221;f0fvmELu3NwwapD-4-1-5&#8243;,&#8221;contentConfig&#8221;:{&#8220;contentService&#8221;:&#8221;&#8221;,&#8221;contentConfigValues&#8221;:{},&#8221;inherit&#8221;:true},&#8221;customFields&#8221;:{&#8220;adType&#8221;:&#8221;Fluid&#8221;,&#8221;lazyLoad&#8221;:true,&#8221;displayAdLabel&#8221;:false,&#8221;reserveSpace&#8221;:false,&#8221;pbInternal_cloneId&#8221;:&#8221;f0fvmELu3NwwapD&#8221;},&#8221;displayProperties&#8221;:{},&#8221;localEdits&#8221;:{},&#8221;variants&#8221;:{}}}]},{&#8220;collection&#8221;:&#8221;chains&#8221;,&#8221;type&#8221;:&#8221;flex-chain&#8221;,&#8221;props&#8221;:{&#8220;collection&#8221;:&#8221;chains&#8221;,&#8221;type&#8221;:&#8221;flex-chain&#8221;,&#8221;id&#8221;:&#8221;c0fMYHnvEkG08pB&#8221;,&#8221;customFields&#8221;:{&#8220;linkText&#8221;:&#8221;&#8221;,&#8221;linkUrl&#8221;:&#8221;&#8221;,&#8221;layout&#8221;:&#8221;[[12],[12],[]]&#8221;,&#8221;column1&#8243;:6,&#8221;column2&#8243;:0,&#8221;column3&#8243;:0,&#8221;column4&#8243;:0,&#8221;column5&#8243;:0,&#8221;showDividersDesktop&#8221;:true,&#8221;showDividersTablet&#8221;:true,&#8221;showDividersMobile&#8221;:true},&#8221;displayProperties&#8221;:{}},&#8221;children&#8221;:[{&#8220;collection&#8221;:&#8221;features&#8221;,&#8221;type&#8221;:&#8221;header\/default&#8221;,&#8221;props&#8221;:{&#8220;collection&#8221;:&#8221;features&#8221;,&#8221;type&#8221;:&#8221;header\/default&#8221;,&#8221;id&#8221;:&#8221;f0fPWHi6Te3Ya88-4-2-0&#8243;,&#8221;contentConfig&#8221;:{&#8220;contentService&#8221;:&#8221;&#8221;,&#8221;contentConfigValues&#8221;:{},&#8221;inherit&#8221;:true},&#8221;customFields&#8221;:{&#8220;text&#8221;:&#8221;LATEST STORIES&#8221;,&#8221;size&#8221;:&#8221;Small&#8221;,&#8221;link&#8221;:&#8221;https:\/\/www.irishtimes.com\/latest\/&#8221;,&#8221;showBorder&#8221;:true,&#8221;lightFontWeight&#8221;:true},&#8221;displayProperties&#8221;:{},&#8221;localEdits&#8221;:{},&#8221;variants&#8221;:{}}},{&#8220;collection&#8221;:&#8221;features&#8221;,&#8221;type&#8221;:&#8221;@wpmedia\/top-table-list-block\/top-table-list&#8221;,&#8221;props&#8221;:{&#8220;collection&#8221;:&#8221;features&#8221;,&#8221;type&#8221;:&#8221;@wpmedia\/top-table-list-block\/top-table-list&#8221;,&#8221;id&#8221;:&#8221;f0fWDLZBcW11b63-4-2-1&#8243;,&#8221;contentConfig&#8221;:{&#8220;contentService&#8221;:&#8221;&#8221;,&#8221;contentConfigValues&#8221;:{},&#8221;inherit&#8221;:true},&#8221;customFields&#8221;:{&#8220;listContentConfig&#8221;:{&#8220;contentService&#8221;:&#8221;story-feed-query&#8221;,&#8221;contentConfigValues&#8221;:{&#8220;query&#8221;:&#8221;(taxonomy.primary_section._id:\\\\\/abroad* OR taxonomy.primary_section._id:\\\\\/business* OR taxonomy.primary_section._id:\\\\\/crime-law* OR taxonomy.primary_section._id:\\\\\/culture* OR taxonomy.primary_section._id:\\\\\/environment* OR taxonomy.primary_section._id:\\\\\/food* OR taxonomy.primary_section._id:\\\\\/health* OR taxonomy.primary_section._id:\\\\\/history* OR taxonomy.primary_section._id:\\\\\/ireland* OR taxonomy.primary_section._id:\\\\\/life-style* OR taxonomy.primary_section._id:\\\\\/media* OR taxonomy.primary_section._id:\\\\\/motors* OR taxonomy.primary_section._id:\\\\\/obituaries* OR taxonomy.primary_section._id:\\\\\/offbeat* OR taxonomy.primary_section._id:\\\\\/opinion* OR taxonomy.primary_section._id:\\\\\/photography* OR taxonomy.primary_section._id:\\\\\/podcasts* OR taxonomy.primary_section._id:\\\\\/politics* OR taxonomy.primary_section._id:\\\\\/property* OR taxonomy.primary_section._id:\\\\\/science* OR taxonomy.primary_section._id:\\\\\/sport* OR taxonomy.primary_section._id:\\\\\/technology* OR taxonomy.primary_section._id:\\\\\/transport* OR taxonomy.primary_section._id:\\\\\/tuarascail* OR taxonomy.primary_section._id:\\\\\/world* OR taxonomy.primary_section._id:\\\\\/your-money* OR taxonomy.primary_section._id:\\\\\/podcasts*) AND (subtype:\\&#8221;default\\&#8221; OR subtype:\\&#8221;analysis\\&#8221; subtype:\\&#8221;feature\\&#8221; OR subtype:\\&#8221;opinion\\&#8221; OR subtype:\\&#8221;showcase\\&#8221; OR subtype:\\&#8221;columnist\\&#8221; OR subtype:\\&#8221;live-story\\&#8221; OR subtype:\\&#8221;podcast\\&#8221; OR subtype:\\&#8221;editors-note\\&#8221;) -(taxonomy.primary_section._id:\\&#8221;\/opinion\/letters\\&#8221;)&#8221;,&#8221;size&#8221;:10,&#8221;offset&#8221;:0}},&#8221;showOverlineXL&#8221;:true,&#8221;showHeadlineXL&#8221;:true,&#8221;showImageXL&#8221;:true,&#8221;showDescriptionXL&#8221;:true,&#8221;showBylineXL&#8221;:true,&#8221;showDateXL&#8221;:true,&#8221;imageRatioXL&#8221;:&#8221;4:3&#8243;,&#8221;showBottomBorderXL&#8221;:true,&#8221;shrinkToFitXL&#8221;:true,&#8221;viewportPercentageXL&#8221;:65,&#8221;showOverlineLG&#8221;:true,&#8221;showHeadlineLG&#8221;:true,&#8221;showImageLG&#8221;:true,&#8221;showDescriptionLG&#8221;:true,&#8221;showBylineLG&#8221;:true,&#8221;showDateLG&#8221;:true,&#8221;imageRatioLG&#8221;:&#8221;4:3&#8243;,&#8221;showBottomBorderLG&#8221;:true,&#8221;shrinkToFitLG&#8221;:true,&#8221;viewportPercentageLG&#8221;:65,&#8221;showHeadlineMD&#8221;:true,&#8221;showImageMD&#8221;:true,&#8221;showDescriptionMD&#8221;:true,&#8221;showBylineMD&#8221;:true,&#8221;showDateMD&#8221;:true,&#8221;imageRatioMD&#8221;:&#8221;16:9&#8243;,&#8221;showBottomBorderMD&#8221;:true,&#8221;showHeadlineSM&#8221;:true,&#8221;showImageSM&#8221;:true,&#8221;imageRatioSM&#8221;:&#8221;3:2&#8243;,&#8221;storiesPerRowSM&#8221;:4,&#8221;imagePositionSM&#8221;:&#8221;right&#8221;,&#8221;showBottomBorderSM&#8221;:true,&#8221;extraLarge&#8221;:0,&#8221;large&#8221;:0,&#8221;medium&#8221;:0,&#8221;small&#8221;:8,&#8221;offsetOverride&#8221;:0},&#8221;displayProperties&#8221;:{},&#8221;localEdits&#8221;:{},&#8221;variants&#8221;:{}}},{&#8220;collection&#8221;:&#8221;features&#8221;,&#8221;type&#8221;:&#8221;divider\/default&#8221;,&#8221;props&#8221;:{&#8220;collection&#8221;:&#8221;features&#8221;,&#8221;type&#8221;:&#8221;divider\/default&#8221;,&#8221;id&#8221;:&#8221;f0fRTstEen7K5so-4-2-2&#8243;,&#8221;contentConfig&#8221;:{&#8220;contentService&#8221;:&#8221;&#8221;,&#8221;contentConfigValues&#8221;:{},&#8221;inherit&#8221;:true},&#8221;customFields&#8221;:{},&#8221;displayProperties&#8221;:{},&#8221;localEdits&#8221;:{},&#8221;variants&#8221;:{}}},{&#8220;collection&#8221;:&#8221;features&#8221;,&#8221;type&#8221;:&#8221;global\/ads-block&#8221;,&#8221;props&#8221;:{&#8220;collection&#8221;:&#8221;features&#8221;,&#8221;type&#8221;:&#8221;global\/ads-block&#8221;,&#8221;id&#8221;:&#8221;f0fat77rGTar4Ld-4-2-3&#8243;,&#8221;contentConfig&#8221;:{&#8220;contentService&#8221;:&#8221;&#8221;,&#8221;contentConfigValues&#8221;:{},&#8221;inherit&#8221;:true},&#8221;customFields&#8221;:{&#8220;adType&#8221;:&#8221;970&#215;250|970&#215;90|728&#215;90|300&#215;250&#8243;,&#8221;lazyLoad&#8221;:true,&#8221;displayAdLabel&#8221;:true,&#8221;reserveSpace&#8221;:false},&#8221;displayProperties&#8221;:{},&#8221;localEdits&#8221;:{},&#8221;variants&#8221;:{}}}]}]},{&#8220;collection&#8221;:&#8221;sections&#8221;,&#8221;props&#8221;:{&#8220;collection&#8221;:&#8221;sections&#8221;,&#8221;id&#8221;:5},&#8221;children&#8221;:[{&#8220;collection&#8221;:&#8221;chains&#8221;,&#8221;type&#8221;:&#8221;flex-chain&#8221;,&#8221;props&#8221;:{&#8220;collection&#8221;:&#8221;chains&#8221;,&#8221;type&#8221;:&#8221;flex-chain&#8221;,&#8221;id&#8221;:&#8221;c0fltkZLAHVnLj&#8221;,&#8221;customFields&#8221;:{&#8220;layout&#8221;:&#8221;[[12],[12],[]]&#8221;,&#8221;column1&#8243;:4,&#8221;column2&#8243;:1,&#8221;column3&#8243;:1,&#8221;column4&#8243;:1,&#8221;column5&#8243;:1,&#8221;lazyLoad&#8221;:null,&#8221;linkText&#8221;:null,&#8221;linkUrl&#8221;:null,&#8221;showDividersDesktop&#8221;:null,&#8221;showDividersTablet&#8221;:null,&#8221;showDividersMobile&#8221;:null},&#8221;displayProperties&#8221;:{}},&#8221;children&#8221;:[{&#8220;collection&#8221;:&#8221;features&#8221;,&#8221;type&#8221;:&#8221;footer-it\/default&#8221;,&#8221;props&#8221;:{&#8220;collection&#8221;:&#8221;features&#8221;,&#8221;type&#8221;:&#8221;footer-it\/default&#8221;,&#8221;id&#8221;:&#8221;f0f2UzJi3hqZcR5-5-0-0&#8243;,&#8221;contentConfig&#8221;:{&#8220;contentService&#8221;:&#8221;&#8221;,&#8221;contentConfigValues&#8221;:{},&#8221;inherit&#8221;:true},&#8221;customFields&#8221;:{&#8220;displayLogo&#8221;:true,&#8221;navigationConfig&#8221;:{&#8220;contentService&#8221;:&#8221;site-service-hierarchy-it&#8221;,&#8221;contentConfigValues&#8221;:{&#8220;hierarchy&#8221;:&#8221;footer&#8221;}},&#8221;secondaryLinksConfig&#8221;:{&#8220;contentService&#8221;:&#8221;site-service-hierarchy-it&#8221;,&#8221;contentConfigValues&#8221;:{&#8220;hierarchy&#8221;:&#8221;our-partners&#8221;}},&#8221;iOSLink&#8221;:&#8221;https:\/\/apps.apple.com\/ie\/developer\/the-irish-times-ltd\/id365544597&#8243;,&#8221;androidLink&#8221;:&#8221;https:\/\/play.google.com\/store\/apps\/developer?id=The+Irish+Times+Ltd&#8221;,&#8221;secondaryLinksLabel&#8221;:&#8221;OUR PARTNERS:&#8221;},&#8221;displayProperties&#8221;:{},&#8221;localEdits&#8221;:{},&#8221;variants&#8221;:{}}}]}]}]};Fusion.spa=false;Fusion.spaEnabled=false;<\/p>\n","protected":false},"excerpt":{"rendered":"Dance, whether set, step or sean-n\u00f3s, occupies a curious place in the Irish tradition. Riverdance put it on&hellip;\n","protected":false},"author":2,"featured_media":42423,"comment_status":"","ping_status":"","sticky":false,"template":"","format":"standard","meta":{"footnotes":""},"categories":[75],"tags":[31951,31946,31943,18,117,19,17,31953,31947,31945,31949,31952,31948,14186,27462,31950,31944],"class_list":{"0":"post-42422","1":"post","2":"type-post","3":"status-publish","4":"format-standard","5":"has-post-thumbnail","7":"category-entertainment","8":"tag-bill-whelan","9":"tag-cormac-begley","10":"tag-edwina-guckian","11":"tag-eire","12":"tag-entertainment","13":"tag-ie","14":"tag-ireland","15":"tag-irish-traditional-music-archive","16":"tag-john-francis-flynn","17":"tag-lankum","18":"tag-louise-mulcahy","19":"tag-national-concert-hall","20":"tag-rioghnach-connolly","21":"tag-riverdance","22":"tag-rte-concert-orchestra","23":"tag-rte-lyric-fm","24":"tag-zoe-conway"},"share_on_mastodon":{"url":"","error":""},"_links":{"self":[{"href":"https:\/\/www.europesays.com\/ie\/wp-json\/wp\/v2\/posts\/42422","targetHints":{"allow":["GET"]}}],"collection":[{"href":"https:\/\/www.europesays.com\/ie\/wp-json\/wp\/v2\/posts"}],"about":[{"href":"https:\/\/www.europesays.com\/ie\/wp-json\/wp\/v2\/types\/post"}],"author":[{"embeddable":true,"href":"https:\/\/www.europesays.com\/ie\/wp-json\/wp\/v2\/users\/2"}],"replies":[{"embeddable":true,"href":"https:\/\/www.europesays.com\/ie\/wp-json\/wp\/v2\/comments?post=42422"}],"version-history":[{"count":0,"href":"https:\/\/www.europesays.com\/ie\/wp-json\/wp\/v2\/posts\/42422\/revisions"}],"wp:featuredmedia":[{"embeddable":true,"href":"https:\/\/www.europesays.com\/ie\/wp-json\/wp\/v2\/media\/42423"}],"wp:attachment":[{"href":"https:\/\/www.europesays.com\/ie\/wp-json\/wp\/v2\/media?parent=42422"}],"wp:term":[{"taxonomy":"category","embeddable":true,"href":"https:\/\/www.europesays.com\/ie\/wp-json\/wp\/v2\/categories?post=42422"},{"taxonomy":"post_tag","embeddable":true,"href":"https:\/\/www.europesays.com\/ie\/wp-json\/wp\/v2\/tags?post=42422"}],"curies":[{"name":"wp","href":"https:\/\/api.w.org\/{rel}","templated":true}]}}