{"id":45669,"date":"2025-09-05T17:05:07","date_gmt":"2025-09-05T17:05:07","guid":{"rendered":"https:\/\/www.europesays.com\/ie\/45669\/"},"modified":"2025-09-05T17:05:07","modified_gmt":"2025-09-05T17:05:07","slug":"aontu-leader-hopes-to-announce-backing-for-independent-candidate-next-week-the-irish-times","status":"publish","type":"post","link":"https:\/\/www.europesays.com\/ie\/45669\/","title":{"rendered":"Aont\u00fa leader hopes to announce backing for Independent candidate next week \u2013 The Irish Times"},"content":{"rendered":"<p class=\"c-paragraph paywall b-it-article-body__text--left\"><a href=\"https:\/\/www.irishtimes.com\/tags\/aontu\/\" target=\"_self\" rel=\"nofollow noopener\" title=\"https:\/\/www.irishtimes.com\/tags\/aontu\/\">Aont\u00fa<\/a> leader <a href=\"https:\/\/www.irishtimes.com\/tags\/peadar-toibin\/\" target=\"_self\" rel=\"nofollow noopener\" title=\"https:\/\/www.irishtimes.com\/tags\/peadar-toibin\/\">Peadar T\u00f3ib\u00edn<\/a> is hoping to announce the backing of Independent TDs and Senators for a <a href=\"https:\/\/www.irishtimes.com\/tags\/presidential-election\/\" target=\"_self\" rel=\"nofollow noopener\" title=\"https:\/\/www.irishtimes.com\/tags\/presidential-election\/\">presidential candidate<\/a> next week. <\/p>\n<p class=\"c-paragraph paywall b-it-article-body__text--left\">The <a href=\"https:\/\/www.irishtimes.com\/tags\/meath-west\/\" target=\"_self\" rel=\"nofollow noopener\" title=\"https:\/\/www.irishtimes.com\/tags\/meath-west\/\">Meath West<\/a> TD said 10 parliamentarians so far had agreed to support a candidate and he hoped their nominee would be decided at a special caucus next Thursday. <\/p>\n<p class=\"c-paragraph paywall \">Up to three candidates, including conservative campaigner Maria Steen, could be interviewed before members of the group decide if they will support their effort to get on the ballot paper.<\/p>\n<p class=\"c-paragraph paywall \">Mr T\u00f3ib\u00edn said he hoped and expected to have as many as 14 TDs and Senators signed up to the initiative by next week. In order to contest the election, an Independent candidate would need the support of at least 20 Oireachtas members. <\/p>\n<p class=\"c-paragraph paywall \">The Aont\u00fa leader said his expectation was that Independent TDs and Senators would announce their backing for a candidate, regardless of whether or not they reached the threshold of 20 backers. <\/p>\n<p class=\"c-paragraph paywall \">\u201cWe want to build momentum for a candidate and flush out any undecideds on the sidelines,\u201d he said. <\/p>\n<p class=\"c-paragraph paywall \">Aont\u00fa has been lobbying for a caucus of Independent politicians to come together behind an agreed candidate in order to get a centre-right perspective on the ballot paper for next month\u2019s presidential election. <\/p>\n<p class=\"c-paragraph paywall b-it-article-body__text--left\">Mr T\u00f3ib\u00edn said there were two strong contenders who could secure the backing of the group and that Ms Steen was one of them. He declined to name the other person, but it is understood that businessman <a href=\"https:\/\/www.irishtimes.com\/tags\/declan-ganley\/\" target=\"_self\" rel=\"nofollow noopener\" title=\"https:\/\/www.irishtimes.com\/tags\/declan-ganley\/\">Declan Ganley<\/a>, who has yet to publicly declare an intention to run, could be a possibility. <\/p>\n<p class=\"c-paragraph paywall \">Independent Senator Joe Conway, who is not part of the original 10 TDs and Senators who have backed Mr T\u00f3ib\u00edn\u2019s initiative, said he thought the idea was \u201ceminently reasonable\u201d and would broaden the choice open to voters \u201cif it ever comes to fruition\u201d.<\/p>\n<p class=\"c-paragraph paywall \">\u201cIt also points the way for others to propose a caucus of members that might be willing to propose a candidate with alternate views to the T\u00f3ib\u00edn group,\u201d he said. <\/p>\n<p class=\"c-paragraph paywall \">\u201cIn essence, there is little validity in whinging about the paucity of choice while at the same time spurning one\u2019s privilege to propose.\u201d <\/p>\n<p class=\"c-paragraph paywall b-it-article-body__text--left\">Ms Steen announced last week that she was interested in running for the presidency and would be having \u201cconversations\u201d with politicians about this. <\/p>\n<p class=\"c-paragraph paywall \">She was part of the successful campaign last year against the failed family and care referendums. She is a member of the Iona Institute, the Catholic advocacy group, and campaigned against the lifting of the State\u2019s constitutional bans on abortion in 2018 and same-sex marriage in 2015. She has also been critical of divorce and assisted dying. <\/p>\n<p class=\"c-paragraph paywall \">Ms Steen is a barrister but works within the home as a stay-at-home mother. She has lobbied a number of local authorities for support. Independent candidates can also secure a place on the ballot paper if they win the support of four local authorities. <\/p>\n<p class=\"c-paragraph paywall b-it-article-body__text--left\">She said that while \u201cboth routes are difficult\u201d, she was open to trying either. Independent Senator Sharon Keogan had named Ms Steen as one of five Independent candidates she would like to secure a nomination. <\/p>\n<p class=\"c-paragraph paywall \">Independent Senator Ronan Mullen said he would not be declaring his support for anyone at this stage, but that Ms Steen was a \u201cvalued friend\u201d. He said he would not presume to advise her, but that she would be a \u201cformidable\u201d candidate. <\/p>\n","protected":false},"excerpt":{"rendered":"Aont\u00fa leader Peadar T\u00f3ib\u00edn is hoping to announce the backing of Independent TDs and Senators for a presidential&hellip;\n","protected":false},"author":2,"featured_media":45670,"comment_status":"","ping_status":"","sticky":false,"template":"","format":"standard","meta":{"footnotes":""},"categories":[41],"tags":[9,10,13,14,6,11,12,15,16,30253,5,7,8,65,66,67],"class_list":{"0":"post-45669","1":"post","2":"type-post","3":"status-publish","4":"format-standard","5":"has-post-thumbnail","7":"category-world","8":"tag-breaking-news","9":"tag-breakingnews","10":"tag-featured-news","11":"tag-featurednews","12":"tag-headlines","13":"tag-latest-news","14":"tag-latestnews","15":"tag-main-news","16":"tag-mainnews","17":"tag-maria-steen","18":"tag-news","19":"tag-top-stories","20":"tag-topstories","21":"tag-world","22":"tag-world-news","23":"tag-worldnews"},"share_on_mastodon":{"url":"","error":""},"_links":{"self":[{"href":"https:\/\/www.europesays.com\/ie\/wp-json\/wp\/v2\/posts\/45669","targetHints":{"allow":["GET"]}}],"collection":[{"href":"https:\/\/www.europesays.com\/ie\/wp-json\/wp\/v2\/posts"}],"about":[{"href":"https:\/\/www.europesays.com\/ie\/wp-json\/wp\/v2\/types\/post"}],"author":[{"embeddable":true,"href":"https:\/\/www.europesays.com\/ie\/wp-json\/wp\/v2\/users\/2"}],"replies":[{"embeddable":true,"href":"https:\/\/www.europesays.com\/ie\/wp-json\/wp\/v2\/comments?post=45669"}],"version-history":[{"count":0,"href":"https:\/\/www.europesays.com\/ie\/wp-json\/wp\/v2\/posts\/45669\/revisions"}],"wp:featuredmedia":[{"embeddable":true,"href":"https:\/\/www.europesays.com\/ie\/wp-json\/wp\/v2\/media\/45670"}],"wp:attachment":[{"href":"https:\/\/www.europesays.com\/ie\/wp-json\/wp\/v2\/media?parent=45669"}],"wp:term":[{"taxonomy":"category","embeddable":true,"href":"https:\/\/www.europesays.com\/ie\/wp-json\/wp\/v2\/categories?post=45669"},{"taxonomy":"post_tag","embeddable":true,"href":"https:\/\/www.europesays.com\/ie\/wp-json\/wp\/v2\/tags?post=45669"}],"curies":[{"name":"wp","href":"https:\/\/api.w.org\/{rel}","templated":true}]}}