{"id":4758,"date":"2025-08-17T11:17:10","date_gmt":"2025-08-17T11:17:10","guid":{"rendered":"https:\/\/www.europesays.com\/ie\/4758\/"},"modified":"2025-08-17T11:17:10","modified_gmt":"2025-08-17T11:17:10","slug":"the-irish-caminos-climbing-the-passage-of-the-birds","status":"publish","type":"post","link":"https:\/\/www.europesays.com\/ie\/4758\/","title":{"rendered":"The Irish caminos: Climbing the \u2018passage of the birds\u2019"},"content":{"rendered":"<p class=\"c-paragraph paywall \">Compared with the <a href=\"https:\/\/www.irishtimes.com\/tags\/camino\/\" target=\"_self\" rel=\"nofollow noopener\" title=\"https:\/\/www.irishtimes.com\/tags\/camino\/\">Camino de Santiago<\/a> or the other great pilgrim routes of Europe, the one to M\u00e1m \u00c9an in <a href=\"https:\/\/www.irishtimes.com\/tags\/connemara\/\" target=\"_self\" rel=\"nofollow noopener\" title=\"https:\/\/www.irishtimes.com\/tags\/connemara\/\">Connemara<\/a> is a miniature affair. <\/p>\n<p class=\"c-paragraph paywall \">You can do it from two directions and, even combined, they\u2019re only a few kilometres long.<\/p>\n<p class=\"c-paragraph paywall \">But the history of the pilgrimage is no less epic than Santiago\u2019s, reaching back to pagan times when it was associated with the harvest festival of Lughnasa.<\/p>\n<p class=\"c-paragraph paywall \">Its Christian period dates from the visit in 442 AD of <a href=\"https:\/\/www.irishtimes.com\/tags\/st-patrick\/\" target=\"_self\" rel=\"nofollow noopener\" title=\"https:\/\/www.irishtimes.com\/tags\/st-patrick\/\">St Patrick<\/a>, who blessed Connemara (or in some versions the whole southern half of Ireland, which he seems to have otherwise avoided) from the lofty perch of M\u00e1m \u00c9an mountain. <\/p>\n<p class=\"c-paragraph paywall \">In the process he was attacked by locals, who threw stones. The devil inevitably turned up too, until the holy man drowned him in the adjacent lake.<\/p>\n<p class=\"c-paragraph paywall \">The scenery is on a grand scale too. From a car park at the southern end, where I started my walk, the Inagh Valley falls away to your left, with several of the Twelve Bens looming like giant, grey-green haystacks: a familiar sight even to some first-time visitors, thanks to the paintings of <a href=\"https:\/\/www.irishtimes.com\/tags\/paul-henry\/\" target=\"_self\" rel=\"nofollow noopener\" title=\"https:\/\/www.irishtimes.com\/tags\/paul-henry\/\">Paul Henry<\/a>.<\/p>\n<p class=\"c-paragraph paywall \">A narrow, rocky, path meanders up the mountain ahead, lightly marked but accompanied at first by reassuring signs detailing the pilgrim route and \u201cgeotrail\u201d through this ancient landscape, which outside days of designated pilgrimage is populated mainly by sheep, spray-painted in psychedelic colours.<\/p>\n<p class=\"c-paragraph paywall \">A twenty-minute climb brings you to M\u00e1m \u00c9an, the \u201cpassage of the birds\u201d, now overlooked by a gaunt statute of St Patrick and a tiny modern chapel, along with the more ancient landmarks including wells and Leaba Ph\u00e1draig &#8211; a small cave where the holy man supposedly slept.<\/p>\n<p class=\"c-paragraph b-it-article-body__interstitial-link\">[\u00a0<a aria-label=\"Open related story\" class=\"c-link\" href=\"https:\/\/www.irishtimes.com\/life-style\/people\/2024\/05\/23\/michael-harding-the-camino-only-makes-sense-when-its-over\/\" rel=\"noreferrer nofollow noopener\" target=\"_blank\">The Camino only makes sense when it\u2019s overOpens in new window<\/a>\u00a0]<\/p>\n<p class=\"c-paragraph paywall \">A little beyond that, over a ridge, lies the great expanse of Maam Valley, where the northern approach to the M\u00e1m \u00c9an begins and ends, at Keane\u2019s pub in Maum.<\/p>\n<p class=\"c-paragraph paywall \">This pass was a traditional boundary between southern and northern Connemara, and so between the land of the O\u2019Flaherty\u2019s and Joyce Country. It explains some of the tensions that used to surround the annual \u201cpattern\u201d at M\u00e1m \u00c9an\u2019s holy well and why the Catholic Church came to suppress the pilgrimage in the early 20th century, before approving revival in the late 1970s.<\/p>\n<p><img decoding=\"async\" data-chromatic=\"ignore\" alt=\"The M&#xE1;n &#xC9;an pilgrimage was rescued in the 1970s by the reforming Jesuit priest Fr Miche&#xE1;l MacGr&#xE9;il. Photograph: Conor McKeown\" class=\"c-image\" loading=\"lazy\" src=\"https:\/\/www.europesays.com\/ie\/wp-content\/uploads\/2025\/08\/4IVSG7QLXVADTK5IBHSKIZZ46U.jpg\"   width=\"800\" height=\"532\"\/>The M\u00e1n \u00c9an pilgrimage was rescued in the 1970s by the reforming Jesuit priest Fr Miche\u00e1l MacGr\u00e9il. Photograph: Conor McKeown <\/p>\n<p class=\"c-paragraph paywall \">The Scottish travel writer Henry Inglis (1775 \u2013 1835) visited Maam during his 1834 tour of Ireland, subsequently described in a two-volume book. He was lucky that his trip to Connemara coincided with a \u201cpattern\u201d day at M\u00e1m \u00c9an. And he was doubly lucky, having shamefacedly admitted wanting to see a faction fight while in Ireland, that the event supplied one of those two.<\/p>\n<p class=\"c-paragraph paywall \">As Inglis told it, M\u00e1m \u00c9an was at the centre of a kind of branding dispute then, with the Joyces claiming this was their country and the O\u2019Flahertys begging to disagree. <\/p>\n<p class=\"c-paragraph paywall \">Of the former, by the way, the travel writer was in awe. \u201cThe Joyces are a magnificent race of men,\u201d he wrote, \u201cthe biggest, and stoutest, and tallest, I have seen in Ireland, eclipsing even the peasantry of the Tyrol &#8230;\u201d<\/p>\n<p class=\"c-paragraph b-it-article-body__interstitial-link\">[\u00a0<a aria-label=\"Open related story\" class=\"c-link\" href=\"https:\/\/www.irishtimes.com\/health\/your-wellness\/2022\/12\/19\/walking-the-camino-what-drew-my-fellow-peregrinos-to-this-arduous-113km-walk\/\" rel=\"noreferrer nofollow noopener\" target=\"_blank\">Walking the Camino: What drew my fellow peregrinos to this arduous 113km walk?Opens in new window<\/a>\u00a0]<\/p>\n<p class=\"c-paragraph paywall \">But the pattern began pleasantly, with Inglis welcomed into some of the 20 or more tents pitched at the site, some of them serving as bars, and the locals speaking English for his benefit. Then something uttered by one of the Joyces appeared to cause offence, at which point the mood darkened and the language \u201csuddenly changed to Irish\u201d. <\/p>\n<p class=\"c-paragraph paywall \">Men were now seen to gulp down glasses of poit\u00edn as a prelude to action. Warned by a bar tender that there would be fighting soon, Inglis excused himself from the company and \u201ctook up a safe position on some neighbouring rocks\u201d.<\/p>\n<p><img decoding=\"async\" data-chromatic=\"ignore\" alt=\"The history of the M&#xE1;n &#xC9;an pilgrimage reaches back to pagan times when it was associated with the harvest festival of Lughnasa. Photograph: Conor McKeown\" class=\"c-image\" loading=\"lazy\" src=\"https:\/\/www.europesays.com\/ie\/wp-content\/uploads\/2025\/08\/FAFVMIAOTJGAXDMN2I3MIXSEUA.jpg\"   width=\"800\" height=\"532\"\/>The history of the M\u00e1n \u00c9an pilgrimage reaches back to pagan times when it was associated with the harvest festival of Lughnasa. Photograph: Conor McKeown <\/p>\n<p class=\"c-paragraph paywall \">Although the fighting included shillelaghs and rock-throwing, it left fewer casualties than Inglis had feared. \u201cFive or six were disabled but there were no homicides,\u201d he reported. It was no surprise to him that the Joyces won on points. But he was taken aback by the good humour, as even some enemies \u201cshook hands and kissed [afterwards] and appeared as friendly as before\u201d.<\/p>\n<p class=\"c-paragraph paywall \">Poit\u00edn drinking and other excesses, combined with a lingering paganism, made the church uneasy and eventually intolerant of the patterns. But the summer event, formerly held on the last Sunday of July, also suffered from the rivalry of a more famous western pilgrimage: <a href=\"https:\/\/www.irishtimes.com\/tags\/croagh-patrick\/\" target=\"_self\" rel=\"nofollow noopener\" title=\"https:\/\/www.irishtimes.com\/tags\/croagh-patrick\/\">Croagh Patrick<\/a>. <\/p>\n<p class=\"c-paragraph paywall \">Thus, except for the local faithful, it fell into neglect for much the 20th century. Then it was rescued by one of those faithful, the reforming Jesuit priest Fr Miche\u00e1l MacGr\u00e9il.<\/p>\n<p class=\"c-paragraph paywall \">Born in Laois but of Joyce Country stock and reared in Mayo, Fr MacGr\u00e9il was a man of many causes. He championed the rights of homosexuals in the church and once, in the late 1960s, spent time living in disguise on the roadsides of Ireland to better understand the plight of travellers. But the M\u00e1m \u00c9an shrine was especially dear to him and he was determined to revive its former glories.<\/p>\n<p class=\"c-paragraph paywall \">In the late 1970s, he won permission from superiors to celebrate mass again among the stones up there, after which (as he told travel writer Christopher Somerville), \u201cpeople pushed a whole lot of money over the rock at me \u2013 I didn\u2019t want it but they insisted\u201d. <\/p>\n<p class=\"c-paragraph paywall \">So he used the money to have an altar erected at the site. The statue, stations of the cross, and chapel soon followed, built or paid for by locals. From then on, as long as he could, Mac Gr\u00e9il vowed to say mass at the shrine once a year, with the date now moved to the first Sunday in August. <\/p>\n<p><img decoding=\"async\" data-chromatic=\"ignore\" alt=\"P&#xE1;draig Laffey from the parish of Clonbur-Cornamona carries the cross during the Stations of the Cross on the M&#xE1;n &#xC9;an pilgrimage. Photograph: Conor McKeown\" class=\"c-image\" loading=\"lazy\" src=\"https:\/\/www.europesays.com\/ie\/wp-content\/uploads\/2025\/08\/T4OLEFEHWFESNF2FM55ZK3ON2Q.jpg\"   width=\"800\" height=\"532\"\/>P\u00e1draig Laffey from the parish of Clonbur-Cornamona carries the cross during the Stations of the Cross on the M\u00e1n \u00c9an pilgrimage. Photograph: Conor McKeown <\/p>\n<p class=\"c-paragraph paywall \">None of this was designed to obliterate the older pagan history of the site. \u201cI wanted to put a strong Christian message on the place,\u201d the priest explained to Somerville, \u201cwithout interfering with all the pre-Christian wells and stones and the other sacred sites there\u201d.<\/p>\n<p class=\"c-paragraph paywall \">Having successfully revived the shrine and pilgrimage, Fr MacGr\u00e9il was anxious that they would not turn into mere tourist attractions. In this, Connemara gave him two reliable allies: violent weather and Irish. <\/p>\n<p class=\"c-paragraph paywall \">During the 1982 event, itself held in good conditions, he commented with approval: \u201cWe have had bad weather for the pilgrimage over the past few years and this has helped discourage the less religious and committed from climbing up here.\u201d<\/p>\n<p class=\"c-paragraph paywall \">Similarly, he always insisted on celebrating mass as Gaeilge \u2013 still the area\u2019s vernacular \u2013 partly as an insurance policy against popularity. As paraphrased by the Connacht Tribune, he thought that those who might like to see the event \u201cupgraded\u201d for tourism purposes would be discouraged by the continuing use of the native language.<\/p>\n<p class=\"c-paragraph paywall \">Fr MacGr\u00e9il died in 2023 but when Fr Francis Mitchell said mass at the shrine earlier this month, it was still in Irish, while the hundreds who attended from both sides of the mountain were predominantly locals for whom this remains the mother tongue.<\/p>\n<p class=\"c-paragraph b-it-article-body__interstitial-link\">[\u00a0<a aria-label=\"Open related story\" class=\"c-link\" href=\"https:\/\/www.irishtimes.com\/life-style\/2025\/05\/27\/walking-the-bray-celtic-camino-a-famous-five-adventure-for-adults\/\" rel=\"noreferrer nofollow noopener\" target=\"_blank\">Walking the Bray Celtic Camino: a Famous Five adventure for adultsOpens in new window<\/a>\u00a0]<\/p>\n<p class=\"c-paragraph paywall \">The first people I spoke to that day had the surname Joyce \u2013 what were the chances? They were not the giant male Joyces the Scottish travel writer met in 1834, but a group of women: two sisters, Mary and Breda, and their cousin Shannon Cleere from Seattle, who was making her first pilgrimage to the shrine. <\/p>\n<p class=\"c-paragraph paywall \">In an area dense with Joyces, you need nicknames (or more often three-generation patronymics \u2013 father, grandfather, and great-father usually) to distinguish families. These were the \u201cTommy-Tom-Tom\u201d Joyces, I learned, a nominal homogeneity that nevertheless sets them apart.<\/p>\n<p><img decoding=\"async\" data-chromatic=\"ignore\" alt=\"Jack Hanley looks after the small church on M&#xE1;n &#xC9;an. Photograph: Conor McKeown\" class=\"c-image\" loading=\"lazy\" src=\"https:\/\/www.europesays.com\/ie\/wp-content\/uploads\/2025\/08\/EXW4YYVK2BDEXKXM7HXAMEHWVM.jpg\"   width=\"800\" height=\"511\"\/>Jack Hanley looks after the small church on M\u00e1n \u00c9an. Photograph: Conor McKeown <\/p>\n<p class=\"c-paragraph paywall \">Also there was Philip Coyne, whose father Toomy built the altar and chapel. Except for years when he was in England, Philip never misses mass at the shrine (now held three days a year, on St Patrick\u2019s Day and Good Friday as well as early August).<\/p>\n<p class=\"c-paragraph paywall \">Overseeing the events, meanwhile, was the affable Jack Hanley, who serves as site caretaker. Hanley has been coming here since he was a boy in the 1960s. A decade or so later he was one of those who helped develop the Maamturk Moutains walk, the much longer hiking route that passes through M\u00e1m \u00c9an and forms part of the Western Way.<\/p>\n<p class=\"c-paragraph paywall \">The caretaker lives on the Maam side of the mountain and now uses a quad to get up and down the steep switchbacks at the top of the climb. In Fr MacGr\u00e9il\u2019s later years, he gave him lifts up and down, behind the quad, in a trailer (\u201che was not a light man\u201d).<\/p>\n<p class=\"c-paragraph paywall \">Hanley has seen the fall and rise again of the pilgrimage, which now attracts hundreds on the three red-letter days. But as if to reassure the late Jesuit on the dangers of mass tourism, he has also witnessed changes that make the only potential Airbnb on M\u00e1m \u00c9an even less attractive than it once was. <\/p>\n<p class=\"c-paragraph paywall \">Pointing to Leaba Ph\u00e1draig, the miniature cave with its unevenly horizontal slab of rock, Hanley recalls that back in the 1960s, \u201cyou could go to bed in it\u201d. The comfort levels must have spartan then. But in the years since, visitors chipping away souvenirs have made them more so, he says: \u201cYou wouldn\u2019t sleep in it now.\u201d<\/p>\n<ul class=\"c-unordered-list paywall\">\n<li class=\"c-list-item paywall\">The Irish Caminos series continues in The Irish Times on Monday with St Kevin\u2019s Way, Co Wicklow <\/li>\n<\/ul>\n","protected":false},"excerpt":{"rendered":"Compared with the Camino de Santiago or the other great pilgrim routes of Europe, the one to M\u00e1m&hellip;\n","protected":false},"author":2,"featured_media":4759,"comment_status":"","ping_status":"","sticky":false,"template":"","format":"standard","meta":{"footnotes":""},"categories":[40],"tags":[9,10,5075,2512,5074,18,13,14,2215,1878,6,19,17,11,12,15,16,2354,5,7,8],"class_list":{"0":"post-4758","1":"post","2":"type-post","3":"status-publish","4":"format-standard","5":"has-post-thumbnail","7":"category-ireland","8":"tag-breaking-news","9":"tag-breakingnews","10":"tag-camino","11":"tag-catholic-church","12":"tag-connemara","13":"tag-eire","14":"tag-featured-news","15":"tag-featurednews","16":"tag-for-you","17":"tag-galway","18":"tag-headlines","19":"tag-ie","20":"tag-ireland","21":"tag-latest-news","22":"tag-latestnews","23":"tag-main-news","24":"tag-mainnews","25":"tag-mayo","26":"tag-news","27":"tag-top-stories","28":"tag-topstories"},"share_on_mastodon":{"url":"","error":""},"_links":{"self":[{"href":"https:\/\/www.europesays.com\/ie\/wp-json\/wp\/v2\/posts\/4758","targetHints":{"allow":["GET"]}}],"collection":[{"href":"https:\/\/www.europesays.com\/ie\/wp-json\/wp\/v2\/posts"}],"about":[{"href":"https:\/\/www.europesays.com\/ie\/wp-json\/wp\/v2\/types\/post"}],"author":[{"embeddable":true,"href":"https:\/\/www.europesays.com\/ie\/wp-json\/wp\/v2\/users\/2"}],"replies":[{"embeddable":true,"href":"https:\/\/www.europesays.com\/ie\/wp-json\/wp\/v2\/comments?post=4758"}],"version-history":[{"count":0,"href":"https:\/\/www.europesays.com\/ie\/wp-json\/wp\/v2\/posts\/4758\/revisions"}],"wp:featuredmedia":[{"embeddable":true,"href":"https:\/\/www.europesays.com\/ie\/wp-json\/wp\/v2\/media\/4759"}],"wp:attachment":[{"href":"https:\/\/www.europesays.com\/ie\/wp-json\/wp\/v2\/media?parent=4758"}],"wp:term":[{"taxonomy":"category","embeddable":true,"href":"https:\/\/www.europesays.com\/ie\/wp-json\/wp\/v2\/categories?post=4758"},{"taxonomy":"post_tag","embeddable":true,"href":"https:\/\/www.europesays.com\/ie\/wp-json\/wp\/v2\/tags?post=4758"}],"curies":[{"name":"wp","href":"https:\/\/api.w.org\/{rel}","templated":true}]}}