{"id":47691,"date":"2025-09-06T17:42:07","date_gmt":"2025-09-06T17:42:07","guid":{"rendered":"https:\/\/www.europesays.com\/ie\/47691\/"},"modified":"2025-09-06T17:42:07","modified_gmt":"2025-09-06T17:42:07","slug":"heimir-hallgrimssons-men-begin-world-cup-bid-in-dublin-the-irish-times","status":"publish","type":"post","link":"https:\/\/www.europesays.com\/ie\/47691\/","title":{"rendered":"Heimir Hallgr\u00edmsson\u2019s men begin World Cup bid in Dublin \u2013 The Irish Times"},"content":{"rendered":"<p>World Cup qualifiers: Republic of Ireland v Hungary, Aviva Stadium, 7.45pm<\/p>\n<p class=\"c-paragraph free \"><b>Key Reads<\/b><\/p>\n<p class=\"c-paragraph free \">Hungary\u2019s Italian manager Marco Rossi appears to have gone for a 4-1-4-1 set-up, but we\u2019ll see how that plays out. Three of Robbie Keane\u2019s Ferencv\u00e1ros players are included, goalkeeper D\u00e9nes Dibusz, 19-year-old midfielder Alex T\u00f3th and striker Barnab\u00e1s Varga &#8211; who has scored 10 goals for his club already this season. <\/p>\n<p class=\"c-paragraph free \">Full-back Milos Kerkez, Liverpool\u2019s \u20ac46 million signing from Bournemouth, starts, as, of course, does his club-mate Dominik Szoboszlai, Hungary\u2019s captain. English-born Callum Styles, a team-mate of Mikey Johnston and Jayson Molumby at West Brom, wins his 25th cap.<\/p>\n<p class=\"c-paragraph free b-it-article-body__text--left\"><b>Hungary<\/b>: D\u00e9nes Dibusz; Milos Kerkez, Attila Szalai, Willi Orb\u00e1n, Lo\u00efc N\u00e9go; Callum Styles; Roland Sallai, Dominik Szoboszlai, Alex T\u00f3th, Bendeg\u00faz Bolla; Barnab\u00e1s Varga. <\/p>\n<p class=\"c-paragraph free \">We have our starting line-up:<\/p>\n<blockquote class=\"twitter-tweet\">\n<p lang=\"en\" dir=\"ltr\">STARTING XI | Ireland v Hungary  <\/p>\n<p>Ferguson, Szmodics &amp; Azaz all start as Ireland kick-off the World Cup qualifying campaign at the Aviva Stadium tonight (KO 7:45pm) \ud83e\udd29  <\/p>\n<p>Be loud, be proud. Get behind the boys tonight \ud83d\udc9a\ud83c\uddee\ud83c\uddea <a href=\"https:\/\/t.co\/ItjqqeYf8E\" rel=\"nofollow\">pic.twitter.com\/ItjqqeYf8E<\/a><\/p>\n<p>\u2014 Ireland Football \u26bd\ufe0f\ud83c\uddee\ud83c\uddea (@IrelandFootball) <a href=\"https:\/\/twitter.com\/IrelandFootball\/status\/1964376801880178801?ref_src=twsrc%5Etfw\" rel=\"nofollow noopener\" target=\"_blank\">September 6, 2025<\/a><\/p><\/blockquote>\n<p class=\"c-paragraph free \">We\u2019ll have to wait and see what formation Hallgr\u00edmsson opts for, but if it\u2019s a 4-4-1-1, then he\u2019ll have Jake O\u2019Brien, Nathan Collins, Dara O\u2019Shea and Matt Doherty as his back four, in front of Caoimh\u00edn Kelleher. Josh Cullen and Jason Knight are his midfielders, with Sammie Szmodics to their right and Ryan Manning on the left. Finn Azaz has been chosen to fill the slot behind Evan Ferguson.<\/p>\n<p class=\"c-paragraph free \">If we had this fella at the back tonight, Caoimh\u00edn Kelleher would be able to have a 90 minute nap. Loving the legend\u2019s confidence. <\/p>\n<p class=\"c-paragraph free \">Meanwhile, it\u2019s 3-0 at half-time for Portugal away to Armenia in the opening game of their campaign in Ireland\u2019s group, Jo\u00e3o Cancelo adding the third. Hopefully Armenia will be worn out by the end of it &#8211; Ireland visit Yerevan on Tuesday.<\/p>\n<p class=\"c-paragraph free \">Portugal are already 2-0 up away to Armenia. Jo\u00e3o F\u00e9lix scored after 10 minutes and a young fella by the name of Cristiano Ronaldo doubled the lead 10 minutes later. <\/p>\n<p class=\"c-paragraph free b-it-article-body__text--left\"><b>Malachy Clerkin<\/b> has done nothing for our nerves: \u201cIreland have taken part in five campaigns since the start of this decade \u2013 three Nations Leagues as well as qualifiers for the 2022 World Cup and the 2024 Euros. Not only have they lost their first home game each time, they haven\u2019t scored a goal.\u201d<\/p>\n<p class=\"c-paragraph free \">Cripes.<\/p>\n<p class=\"c-paragraph free \">You have plenty of reading to do before kick-off, some are linked above, but here is your full menu.<\/p>\n<p class=\"c-paragraph free b-it-article-body__text--left\"><b>Gavin Cummiskey<\/b> previews the game, and takes a stab at predicting the shape of Heimir Hallgr\u00edmsson\u2019s line-up. <\/p>\n<p class=\"c-paragraph b-it-article-body__interstitial-link\">[\u00a0<a aria-label=\"Open related story\" class=\"c-link\" href=\"https:\/\/www.irishtimes.com\/sport\/soccer\/2025\/09\/06\/ireland-hope-as-hungary-expect-to-qualify-for-2026-world-cup\/\" rel=\"noreferrer nofollow noopener\" target=\"_blank\">Ireland vs Hungary preview: Just how important is tonight\u2019s game for World Cup chances?Opens in new window<\/a>\u00a0]<\/p>\n<p class=\"c-paragraph free b-it-article-body__text--left\"><b>Ken Early<\/b> writes about \u201cthe biggest international match Dublin has hosted in nearly eight years\u201d. <\/p>\n<p class=\"c-paragraph b-it-article-body__interstitial-link\">[\u00a0<a aria-label=\"Open related story\" class=\"c-link\" href=\"https:\/\/www.irishtimes.com\/sport\/soccer\/2025\/09\/06\/ireland-v-hungary-charlton-would-not-have-been-surprised-by-what-heimir-is-asking-of-team\/\" rel=\"noreferrer nofollow noopener\" target=\"_blank\">Jack Charlton would not have been surprised by what Heimir is asking of Ireland teamOpens in new window<\/a>\u00a0]<\/p>\n<p class=\"c-paragraph free b-it-article-body__text--left\"><b>Malachy Clerkin<\/b> looks at the impact Hallgr\u00edmsson has had in his 14 months in charge so far.<\/p>\n<p class=\"c-paragraph b-it-article-body__interstitial-link\">[\u00a0<a aria-label=\"Open related story\" class=\"c-link\" href=\"https:\/\/www.irishtimes.com\/sport\/soccer\/2025\/09\/06\/heimir-hallgrimsson-has-given-ireland-hope-but-now-is-the-moment-to-follow-through\/\" rel=\"noreferrer nofollow noopener\" target=\"_blank\">Heimir Hallgr\u00edmsson has given Ireland hope, but now is the moment to follow throughOpens in new window<\/a>\u00a0]<\/p>\n<p class=\"c-paragraph free b-it-article-body__text--left\"><b>Gordon Manning<\/b> takes us on a trip down memory lane.<\/p>\n<p class=\"c-paragraph b-it-article-body__interstitial-link\">[\u00a0<a aria-label=\"Open related story\" class=\"c-link\" href=\"https:\/\/www.irishtimes.com\/sport\/soccer\/2025\/09\/05\/victory-against-hungary-cleared-the-path-to-italia-90-life-would-never-be-the-same\/\" rel=\"noreferrer nofollow noopener\" target=\"_blank\">Victory against Hungary cleared the path to Italia 90. Life would never be the sameOpens in new window<\/a>\u00a0]<\/p>\n<p class=\"c-paragraph free b-it-article-body__text--left\"><b>Kevin Kilbane<\/b> says Ireland\u2019s hopes in this campaign may rest on a certain Roma striker.<\/p>\n<p class=\"c-paragraph b-it-article-body__interstitial-link\">[\u00a0<a aria-label=\"Open related story\" class=\"c-link\" href=\"https:\/\/www.irishtimes.com\/sport\/soccer\/2025\/09\/06\/kevin-kilbane-irelands-chance-of-success-falls-on-evan-fergusons-shoulders\/\" rel=\"noreferrer nofollow noopener\" target=\"_blank\">Ireland\u2019s chance of success falls on Evan Ferguson\u2019s shouldersOpens in new window<\/a>\u00a0]<\/p>\n<p class=\"c-paragraph free b-it-article-body__text--left\"><b>James McDermott<\/b> takes us through the history of Republic of Ireland v Hungary meetings.<\/p>\n<p class=\"c-paragraph b-it-article-body__interstitial-link\">[\u00a0<a aria-label=\"Open related story\" class=\"c-link\" href=\"https:\/\/www.irishtimes.com\/sport\/soccer\/2025\/09\/05\/recent-history-bodes-well-for-republic-of-ireland-ahead-of-hungary-match\/\" rel=\"noreferrer nofollow noopener\" target=\"_blank\">Recent history bodes well for Hallgr\u00edmsson\u2019s men ahead of World Cup qualifierOpens in new window<\/a>\u00a0]<\/p>\n<p class=\"c-paragraph free b-it-article-body__text--left\">And <b>Michael Walker<\/b> profiles Dominik Szoboszlai, the Hungarian captain.<\/p>\n<p class=\"c-paragraph b-it-article-body__interstitial-link\">[\u00a0<a aria-label=\"Open related story\" class=\"c-link\" href=\"https:\/\/www.irishtimes.com\/sport\/soccer\/2025\/09\/05\/michael-walker-limiting-dominik-szoboszlai-triple-threat-key-if-ireland-are-to-hamper-hungary\/\" rel=\"noreferrer nofollow noopener\" target=\"_blank\">Limiting Dominik Szoboszlai triple threat key if Ireland are to hamper HungaryOpens in new window<\/a>\u00a0]<\/p>\n<p class=\"c-paragraph free \">Szoboszlai is reasonably good at free-kicks too.<\/p>\n<p class=\"c-paragraph free b-it-article-body__text--left\"><b>Afternoon all<\/b>, are you ready for the start of the Republic of Ireland\u2019s 2026 World Cup qualifying campaign? No? Well, you\u2019d want to get a move on because it kicks off at 7.45 this evening at a sold-out Aviva Stadium (live on RT\u00c92). Hungary are the first opponents on the road to \u2026. hopefully \u2026. the United States\/Canada\/Mexico next summer. <\/p>\n<p class=\"c-paragraph free \">With world rankings in brackets, Ireland (60) were drawn in group F with Portugal (6), Hungary (38) and Armenia (105). These are their fixtures:<\/p>\n<p class=\"c-paragraph free b-it-article-body__text--left\"><b>Today<\/b>: RoI v Hungary, Dublin; <b>September 9<\/b>: Armenia v RoI, Yerevan; <b>October 11<\/b>: Portugal v RoI, Lisbon; <b>October 14<\/b>: RoI v Armenia, Dublin; <b>November 13<\/b>: RoI v Portugal, Dublin; <b>November 16<\/b>: Hungary v RoI, Budapest.<\/p>\n<p class=\"c-paragraph free \">The group winners automatically qualify for the World Cup, the runners-up go into the play-offs next March where they\u2019ll have to conquer two nations to qualify.<\/p>\n<p class=\"c-paragraph free \">There\u2019s a third route to those play-offs that involves how you fared in the Nations League, but even Archimedes would struggle to understand the permutations. Those who can make sense of them say Ireland\u2019s chances of prevailing on that front are exceedingly slim. <\/p>\n<p class=\"c-paragraph free \">So, we\u2019ll stick with needing to win the group or, a heap more realistically, taking second place. Portugal &#8211; who kick off against Armenia in Yerevan at 5.0 today &#8211; are, naturally, favourites to top it, which, barring any catastrophes against Armenia, means Ireland and Hungary will slug it out for the runners-up spot. Which makes tonight\u2019s game mahoosive.<\/p>\n<p><script async src=\"https:\/\/platform.twitter.com\/widgets.js\" charset=\"utf-8\"><\/script><\/p>\n","protected":false},"excerpt":{"rendered":"World Cup qualifiers: Republic of Ireland v Hungary, Aviva Stadium, 7.45pm Key Reads Hungary\u2019s Italian manager Marco Rossi&hellip;\n","protected":false},"author":2,"featured_media":47692,"comment_status":"","ping_status":"","sticky":false,"template":"","format":"standard","meta":{"footnotes":""},"categories":[76],"tags":[18,17065,19,17,6634,132,35350],"class_list":{"0":"post-47691","1":"post","2":"type-post","3":"status-publish","4":"format-standard","5":"has-post-thumbnail","7":"category-sports","8":"tag-eire","9":"tag-heimir-hallgrimsson","10":"tag-ie","11":"tag-ireland","12":"tag-republic-of-ireland-mnt","13":"tag-sports","14":"tag-world-cup"},"share_on_mastodon":{"url":"","error":""},"_links":{"self":[{"href":"https:\/\/www.europesays.com\/ie\/wp-json\/wp\/v2\/posts\/47691","targetHints":{"allow":["GET"]}}],"collection":[{"href":"https:\/\/www.europesays.com\/ie\/wp-json\/wp\/v2\/posts"}],"about":[{"href":"https:\/\/www.europesays.com\/ie\/wp-json\/wp\/v2\/types\/post"}],"author":[{"embeddable":true,"href":"https:\/\/www.europesays.com\/ie\/wp-json\/wp\/v2\/users\/2"}],"replies":[{"embeddable":true,"href":"https:\/\/www.europesays.com\/ie\/wp-json\/wp\/v2\/comments?post=47691"}],"version-history":[{"count":0,"href":"https:\/\/www.europesays.com\/ie\/wp-json\/wp\/v2\/posts\/47691\/revisions"}],"wp:featuredmedia":[{"embeddable":true,"href":"https:\/\/www.europesays.com\/ie\/wp-json\/wp\/v2\/media\/47692"}],"wp:attachment":[{"href":"https:\/\/www.europesays.com\/ie\/wp-json\/wp\/v2\/media?parent=47691"}],"wp:term":[{"taxonomy":"category","embeddable":true,"href":"https:\/\/www.europesays.com\/ie\/wp-json\/wp\/v2\/categories?post=47691"},{"taxonomy":"post_tag","embeddable":true,"href":"https:\/\/www.europesays.com\/ie\/wp-json\/wp\/v2\/tags?post=47691"}],"curies":[{"name":"wp","href":"https:\/\/api.w.org\/{rel}","templated":true}]}}