{"id":49405,"date":"2025-09-07T15:55:09","date_gmt":"2025-09-07T15:55:09","guid":{"rendered":"https:\/\/www.europesays.com\/ie\/49405\/"},"modified":"2025-09-07T15:55:09","modified_gmt":"2025-09-07T15:55:09","slug":"gaoth-dobhair-sean-nos-singer-to-launch-powerful-new-book-and-album","status":"publish","type":"post","link":"https:\/\/www.europesays.com\/ie\/49405\/","title":{"rendered":"Gaoth Dobhair sean-n\u00f3s singer to launch powerful new book and album"},"content":{"rendered":"<p>Pictured: Doimnic Mac Giolla Bhr\u00edde. Photo: John Soffe<\/p>\n<p><strong>Esteemed sean-n\u00f3s singer and researcher of Gaelic song, Doimnic Mac Giolla Bhr\u00edde will release a powerful new album, Gealach na gCuanta alongside a major new publication exploring the intertwined roots of ancient Gaelic harp playing and sean-n\u00f3s singing.<\/strong><\/p>\n<p>There is a busy day organised for the launch, which will be officially performed by fiddler Paddy Glackin at Hi\u00fada\u00ed Beag\u2019s, Gaoth Dobhair on Saturday 13th September.<\/p>\n<p>\u201cSean-n\u00f3s stems from the ancient harping tradition of Ireland which lasted at least a thousand years and to demonstrate and explain this properly a day of workshops a lecture and a concert is organised,\u201d explains Doimnic Mac Giolla Bhr\u00edde.<\/p>\n<p>At 4pm Paddy Glackin will give a fiddle workshop, Siobh\u00e1n Armstrong will give a harping workshop and Doimnic Mac Giolla Bhr\u00edde will give a sean-n\u00f3s singing workshop.<\/p>\n<p>At 5pm all three musicians will give a lecture, explaining the connection between Gaelic harping, singing and Donegal fiddle playing.<\/p>\n<p>At 8pm Paddy will launch the album\/book, and a concert will follow with Doimnic (singing), Frances Morton (flute), \u00c9anna \u00d3 Croin\u00edn (uilleann pipes), Tom\u00e1s Mac Se\u00e1in (viola) and Dan Bodwell (double bass). Paddy and Siobh\u00e1n will of course contribute to the concert.<\/p>\n<p><img loading=\"lazy\" decoding=\"async\" class=\"aligncenter size-full wp-image-606514\" src=\"https:\/\/www.europesays.com\/ie\/wp-content\/uploads\/2025\/09\/Seoladh-AlbamLeabhar-agus-Ceardlainn-scaled.png\" alt=\"\" width=\"848\" height=\"1200\"  \/><\/p>\n<p>Available now via<a href=\"https:\/\/doimnicmacgiollabhrde.bandcamp.com\/album\/gealach-na-gcuanta\" target=\"_blank\" rel=\"noopener nofollow\"> Bandcamp, <strong>Gealach na gCuanta<\/strong><\/a> also includes an album of sean-n\u00f3s and newly composed pieces reflecting some of the most ancient and evocative compositions in existence of Irish song. Doimnic has recreated the airs for some songs where they have been lost, and the album features his own prize-winning song, Dh\u00e1 dTrian Catha an Misneach.<\/p>\n<p>Mac Giolla Bhr\u00edde has authored a companion book that breaks new ground in Irish musicology and history. Borne from his deep association with the tradition of sean-n\u00f3s singing, and his life\u2019s work in cultivating and preserving it, the work argues that sean-n\u00f3s singing and Gaelic harp playing were not separate traditions, but two expressions of the same art form. Drawing on historical texts, music collections such as that of Bunting, and personal papers of various collectors, the book traces how these traditions diverged over time but share a common origin.<\/p>\n<p>\u201cWe often think of sean-n\u00f3s singing and the Gaelic harp as distinct traditions, but they were once one,\u201d says Mac Giolla Bhr\u00edde. \u201cThe voice and the cl\u00e1irseach were partners, and the songs conveyed deep, rich, poetry that had developed over centuries. With this project, and as a singer, I wanted to explore that lost unity.\u201d<\/p>\n<p>Born and raised in the Gaeltacht of Gaoth Dobhair, Mac Giolla Bhr\u00edde is a celebrated singer, piano player, accordionist, uilleann piper, composer, and researcher. A former winner of Corn U\u00ed Riada, Ireland\u2019s most prestigious award for sean-n\u00f3s singing, he is widely recognised as a leading voice in the revival and interpretation of Irish-language song.<\/p>\n<p>The dual release of Gealach na gCuanta and the accompanying book invites audiences to experience sean-n\u00f3s not only as a form of song, but as part of a broader cultural and musical continuum\u2014one that reaches back to the harpists and poets of Gaelic Ireland.<\/p>\n<p><strong>The book is available in hard copy from <a href=\"http:\/\/www.doimnic.com\" rel=\"nofollow noopener\" target=\"_blank\">www.doimnic.com<\/a> and includes a free, unique digital download<\/strong><\/p>\n<p><strong>The album Gealach na gCuanta is available now via Bandcamp:<a href=\"https:\/\/doimnicmacgiollabhrde.bandcamp.com\/album\/gealach-na-gcuanta\" rel=\"nofollow noopener\" target=\"_blank\"> https:\/\/doimnicmacgiollabhrde.bandcamp.com\/album\/gealach-na-gcuanta<\/a><\/strong><\/p>\n<p>\u00a0<\/p>\n<p>\u00a0<\/p>\n<p>Gaoth Dobhair sean-n\u00f3s singer to launch powerful new book and album was last modified:  September 5th, 2025 by Rachel McLaughlin<\/p>\n<p>      Tags:<\/p>\n","protected":false},"excerpt":{"rendered":"Pictured: Doimnic Mac Giolla Bhr\u00edde. Photo: John Soffe Esteemed sean-n\u00f3s singer and researcher of Gaelic song, Doimnic Mac&hellip;\n","protected":false},"author":2,"featured_media":49406,"comment_status":"","ping_status":"","sticky":false,"template":"","format":"standard","meta":{"footnotes":""},"categories":[75],"tags":[36514,18,117,6369,36515,36516,19,17,36517],"class_list":{"0":"post-49405","1":"post","2":"type-post","3":"status-publish","4":"format-standard","5":"has-post-thumbnail","7":"category-entertainment","8":"tag-doimnic-mac-giolla-bhride","9":"tag-eire","10":"tag-entertainment","11":"tag-gaoth-dobhair","12":"tag-harp","13":"tag-hiudai-beags","14":"tag-ie","15":"tag-ireland","16":"tag-sean-nos"},"share_on_mastodon":{"url":"","error":""},"_links":{"self":[{"href":"https:\/\/www.europesays.com\/ie\/wp-json\/wp\/v2\/posts\/49405","targetHints":{"allow":["GET"]}}],"collection":[{"href":"https:\/\/www.europesays.com\/ie\/wp-json\/wp\/v2\/posts"}],"about":[{"href":"https:\/\/www.europesays.com\/ie\/wp-json\/wp\/v2\/types\/post"}],"author":[{"embeddable":true,"href":"https:\/\/www.europesays.com\/ie\/wp-json\/wp\/v2\/users\/2"}],"replies":[{"embeddable":true,"href":"https:\/\/www.europesays.com\/ie\/wp-json\/wp\/v2\/comments?post=49405"}],"version-history":[{"count":0,"href":"https:\/\/www.europesays.com\/ie\/wp-json\/wp\/v2\/posts\/49405\/revisions"}],"wp:featuredmedia":[{"embeddable":true,"href":"https:\/\/www.europesays.com\/ie\/wp-json\/wp\/v2\/media\/49406"}],"wp:attachment":[{"href":"https:\/\/www.europesays.com\/ie\/wp-json\/wp\/v2\/media?parent=49405"}],"wp:term":[{"taxonomy":"category","embeddable":true,"href":"https:\/\/www.europesays.com\/ie\/wp-json\/wp\/v2\/categories?post=49405"},{"taxonomy":"post_tag","embeddable":true,"href":"https:\/\/www.europesays.com\/ie\/wp-json\/wp\/v2\/tags?post=49405"}],"curies":[{"name":"wp","href":"https:\/\/api.w.org\/{rel}","templated":true}]}}