{"id":5212,"date":"2025-08-17T15:41:09","date_gmt":"2025-08-17T15:41:09","guid":{"rendered":"https:\/\/www.europesays.com\/ie\/5212\/"},"modified":"2025-08-17T15:41:09","modified_gmt":"2025-08-17T15:41:09","slug":"liam-gallagher-had-a-great-line-about-mayo-during-triumphant-oasis-gig","status":"publish","type":"post","link":"https:\/\/www.europesays.com\/ie\/5212\/","title":{"rendered":"Liam Gallagher Had A Great Line About Mayo During Triumphant Oasis Gig"},"content":{"rendered":"<p>It was a triumphant homecoming of sorts for Oasis on Saturday night at Croke Park.<\/p>\n<p>80,000 people brought Dublin to a stand-still as the Gallagher brothers were given a memorable Croke Park welcome.<\/p>\n<p>Oasis are the biggest UK band of the past 40 years but they were shaped by Ireland and its music.<\/p>\n<p>Born in Manchester, Liam and Noel, of course, have very close ties back to this island. Their mother Peggy comes from Charlestown in Co. Mayo while their father Tommy comes from Duleek in Co. Meath.<\/p>\n<p>Oasis were thinking of Mayo during the set last night. Liam dedicated &#8216;Roll With It&#8217; to the people of Mayo and Charlestown.<\/p>\n<p>When he asked if there were anyone from the town at the gig, there was a huge roar, and Gallagher had a brilliant response.<\/p>\n<p>Liam and Noel&#8217;s mother Peggy was in attendance at the concert, and Liam dedicated the song &#8216;Stand By Me&#8217; to her.<\/p>\n<blockquote>\n<p>&#8220;I wanna play this one to me mam, me mam&#8217;s in tonight!&#8221;<\/p>\n<\/blockquote>\n<p>There was even a Mayo flag spotted in the stands.<\/p>\n<blockquote class=\"twitter-tweet\">\n<p lang=\"en\" dir=\"ltr\">Up Mayo wherever you go!<a href=\"https:\/\/twitter.com\/hashtag\/Oasis?src=hash&amp;ref_src=twsrc%5Etfw\" rel=\"nofollow noopener\" target=\"_blank\">#Oasis<\/a> \u2066<a href=\"https:\/\/twitter.com\/officialgaa?ref_src=twsrc%5Etfw\" rel=\"nofollow noopener\" target=\"_blank\">@officialgaa<\/a>\u2069 <a href=\"https:\/\/t.co\/Yiq3Wor257\" rel=\"nofollow\">pic.twitter.com\/Yiq3Wor257<\/a><\/p>\n<p>\u2014 Austin Payne (@austinjpayne) <a href=\"https:\/\/twitter.com\/austinjpayne\/status\/1956780644278694257?ref_src=twsrc%5Etfw\" rel=\"nofollow noopener\" target=\"_blank\">August 16, 2025<\/a><\/p>\n<\/blockquote>\n<p>\u00a0<\/p>\n<p>As Mayo great and Charlestown man John Casey <a href=\"https:\/\/www.theguardian.com\/world\/2025\/aug\/16\/charlestown-gallagher-connection-oasis-ireland#:~:text=%E2%80%9CThey%20were%20frequent%20visitors%20here,in%20a%201996%20RT%C3%89%20interview.\" rel=\"nofollow noopener\" target=\"_blank\">told the Guardian this week:<\/a><\/p>\n<p>\u201cWe\u2019re very, very proud of our association with the boys. They were frequent visitors here before and after fame found its way with them.\u201d<\/p>\n<p>Someone on Twitter described it as Mayo&#8217;s best performance in Croke Park since 1951, and they might be right.<\/p>\n<p>On the whole it was a hugely emotional evening for the Gallagher brothers. Oasis fans noticed Noel welling up at one point in the concert.<\/p>\n<blockquote class=\"twitter-tweet\">\n<p lang=\"en\" dir=\"ltr\">NOEL TEARING UP AGAIN&#8230; it&#8217;s honestly unbelievable how vulnerable he&#8217;s been during this tour, so many emotions must hit him like a truck every night <a href=\"https:\/\/t.co\/V1jLGNs1RC\" rel=\"nofollow\">pic.twitter.com\/V1jLGNs1RC<\/a><\/p>\n<p>\u2014 OasisGallagherFan (@OasisLGNGFan) <a href=\"https:\/\/twitter.com\/OasisLGNGFan\/status\/1956853263099138501?ref_src=twsrc%5Etfw\" rel=\"nofollow noopener\" target=\"_blank\">August 16, 2025<\/a><\/p>\n<\/blockquote>\n<p>We&#8217;re sure Sunday&#8217;s gig will hit just as hard.<\/p>\n<p><strong>Backlash to Ol\u00e9 chant during Oasis concert<\/strong><\/p>\n<p>One moment that proved divisive during the gig was the singing of \u00d3le by the Croke Park faithful. There&#8217;s been a bit of backlash to a raucous rendition of \u00d3l\u00e9 that took place in the middle of the gig.<\/p>\n<blockquote class=\"twitter-tweet\">\n<p lang=\"fr\" dir=\"ltr\">Fucking Ol\u00e9? \ud83e\udd26\u200d\u2642\ufe0f\ud83e\udd2c <a href=\"https:\/\/t.co\/txhUQkUwaF\" rel=\"nofollow\">https:\/\/t.co\/txhUQkUwaF<\/a><\/p>\n<p>\u2014 Phelim Warren (@Freewheeler12) <a href=\"https:\/\/twitter.com\/Freewheeler12\/status\/1956980121199648803?ref_src=twsrc%5Etfw\" rel=\"nofollow noopener\" target=\"_blank\">August 17, 2025<\/a><\/p>\n<\/blockquote>\n<blockquote class=\"twitter-tweet\">\n<p lang=\"en\" dir=\"ltr\">Comfortably the worst part of the entire gig. Generally the worst part of every gig in this country, actually. <a href=\"https:\/\/t.co\/wPyF6g76UI\" rel=\"nofollow\">https:\/\/t.co\/wPyF6g76UI<\/a><\/p>\n<p>\u2014 Andrew Cunneen (@Cunneen92) <a href=\"https:\/\/twitter.com\/Cunneen92\/status\/1956867014292799982?ref_src=twsrc%5Etfw\" rel=\"nofollow noopener\" target=\"_blank\">August 16, 2025<\/a><\/p>\n<\/blockquote>\n<p>For what it&#8217;s worth, Noel seemed to approve, but perhaps this chant starting to outlive its expiry date, 35 years after it became a part of the Irish sporting songbook.<\/p>\n<p><strong>SEE ALSO: <a href=\"https:\/\/www.balls.ie\/the-rewind\/oasis-dublin-irish-flag-638058\" rel=\"nofollow noopener\" target=\"_blank\">Explaining The Irish Rebel Flag That Will Be On The Oasis Stage In Dublin<\/a><\/strong><br \/>\n<script async src=\"https:\/\/platform.twitter.com\/widgets.js\" charset=\"utf-8\"><\/script><\/p>\n","protected":false},"excerpt":{"rendered":"It was a triumphant homecoming of sorts for Oasis on Saturday night at Croke Park. 80,000 people brought&hellip;\n","protected":false},"author":2,"featured_media":5213,"comment_status":"","ping_status":"","sticky":false,"template":"","format":"standard","meta":{"footnotes":""},"categories":[268],"tags":[434,18,117,19,17,1004],"class_list":{"0":"post-5212","1":"post","2":"type-post","3":"status-publish","4":"format-standard","5":"has-post-thumbnail","7":"category-celebrities","8":"tag-celebrities","9":"tag-eire","10":"tag-entertainment","11":"tag-ie","12":"tag-ireland","13":"tag-oasis"},"share_on_mastodon":{"url":"","error":""},"_links":{"self":[{"href":"https:\/\/www.europesays.com\/ie\/wp-json\/wp\/v2\/posts\/5212","targetHints":{"allow":["GET"]}}],"collection":[{"href":"https:\/\/www.europesays.com\/ie\/wp-json\/wp\/v2\/posts"}],"about":[{"href":"https:\/\/www.europesays.com\/ie\/wp-json\/wp\/v2\/types\/post"}],"author":[{"embeddable":true,"href":"https:\/\/www.europesays.com\/ie\/wp-json\/wp\/v2\/users\/2"}],"replies":[{"embeddable":true,"href":"https:\/\/www.europesays.com\/ie\/wp-json\/wp\/v2\/comments?post=5212"}],"version-history":[{"count":0,"href":"https:\/\/www.europesays.com\/ie\/wp-json\/wp\/v2\/posts\/5212\/revisions"}],"wp:featuredmedia":[{"embeddable":true,"href":"https:\/\/www.europesays.com\/ie\/wp-json\/wp\/v2\/media\/5213"}],"wp:attachment":[{"href":"https:\/\/www.europesays.com\/ie\/wp-json\/wp\/v2\/media?parent=5212"}],"wp:term":[{"taxonomy":"category","embeddable":true,"href":"https:\/\/www.europesays.com\/ie\/wp-json\/wp\/v2\/categories?post=5212"},{"taxonomy":"post_tag","embeddable":true,"href":"https:\/\/www.europesays.com\/ie\/wp-json\/wp\/v2\/tags?post=5212"}],"curies":[{"name":"wp","href":"https:\/\/api.w.org\/{rel}","templated":true}]}}