{"id":60106,"date":"2025-09-12T19:04:07","date_gmt":"2025-09-12T19:04:07","guid":{"rendered":"https:\/\/www.europesays.com\/ie\/60106\/"},"modified":"2025-09-12T19:04:07","modified_gmt":"2025-09-12T19:04:07","slug":"maria-steens-route-to-nomination-to-contest-presidential-election-narrows-the-irish-times","status":"publish","type":"post","link":"https:\/\/www.europesays.com\/ie\/60106\/","title":{"rendered":"Maria Steen\u2019s route to nomination to contest presidential election narrows \u2013 The Irish Times"},"content":{"rendered":"<p class=\"c-paragraph paywall b-it-article-body__text--left\">Conservative campaigner <a href=\"https:\/\/www.irishtimes.com\/tags\/maria-steen\" target=\"_self\" rel=\"nofollow noopener\" title=\"https:\/\/www.irishtimes.com\/tags\/maria-steen\">Maria Steen<\/a>\u2019s route to getting nominations from TDs and Senators to appear on the <a href=\"https:\/\/www.irishtimes.com\/tags\/presidential-election\/\" target=\"_self\" rel=\"nofollow noopener\" title=\"https:\/\/www.irishtimes.com\/tags\/presidential-election\/\">presidential election<\/a> ballot paper is narrowing. <\/p>\n<p class=\"c-paragraph paywall \">Ten Oireachtas members are said to have given commitments to nominate Ms Steen to enter the election.<\/p>\n<p class=\"c-paragraph paywall \">However, aspiring candidates need the support of 20 Oireachtas members or four local authorities to get on the ballot paper for next month\u2019s election.<\/p>\n<p class=\"c-paragraph paywall b-it-article-body__text--left\">Independent Dublin Bay North TD Barry Heneghan confirmed on Friday he will not nominate Ms Steen.<\/p>\n<p class=\"c-paragraph paywall \">He said he is \u201cleaning towards\u201d supporting left-wing Independent candidate Catherine Connolly but will not make a final decision on that until next week. <\/p>\n<p class=\"c-paragraph paywall \">His reason for not facilitating Ms Steen is her \u201cconservative views\u201d including her opposition to same-sex marriage.<\/p>\n<p class=\"c-paragraph paywall \">Independent senator Gerard Craughwell also ruled himself out saying: \u201cI don\u2019t believe that I would be in a position to support Maria. I wish her well.\u201d<\/p>\n<p class=\"c-paragraph paywall \">Independent Senator Michael McDowell is also thought to be very unlikely to back Ms Steen and it is understood that Senator Tom Clonan is not likely to nominate her. <\/p>\n<p class=\"c-paragraph paywall \">Ms Steen has been seeking nominations through both the Oireachtas and council routes.<\/p>\n<p class=\"c-paragraph paywall b-it-article-body__text--left\">Ten TDs and Senators are said to have offered commitments to nominate her <a href=\"https:\/\/www.irishtimes.com\/politics\/2025\/09\/11\/maria-steen-said-to-have-backing-of-10-oireachtas-members-to-enter-presidential-election\/\" target=\"_self\" rel=\"nofollow noopener\" title=\"https:\/\/www.irishtimes.com\/politics\/2025\/09\/11\/maria-steen-said-to-have-backing-of-10-oireachtas-members-to-enter-presidential-election\/\">after a meeting on Thursday<\/a> where a group of Oireachtas members heard from a number of presidential hopefuls.<\/p>\n<p class=\"c-paragraph paywall b-it-article-body__text--left\">Barrister Ms Steen was part of the successful campaign last year against the failed family and care referendums. She previously campaigned against same sex marriage and repealing the Eighth Amendment on abortion. <\/p>\n<p class=\"c-paragraph b-it-article-body__interstitial-link\">[\u00a0<a aria-label=\"Open related story\" class=\"c-link\" href=\"https:\/\/www.irishtimes.com\/opinion\/2025\/09\/08\/fintan-otoole-what-the-presidential-election-needs-is-a-candidate-i-wouldnt-dream-of-voting-for-maria-steen\/\" rel=\"noreferrer nofollow noopener\" target=\"_blank\">Fintan O&#8217;Toole: The presidential election needs a candidate I wouldn\u2019t vote for: Maria SteenOpens in new window<\/a>\u00a0]<\/p>\n<p class=\"c-paragraph paywall \">She thanked Oireachtas members backing her to enter the race, saying: \u201cMany of them may not share all my views, but they are true democrats, and they believe that the Irish people should have a choice other than an establishment candidate.\u201d<\/p>\n<p class=\"c-paragraph paywall \">She said she would \u201ccontinue working hard to try to attain the other 10 votes necessary to get into the magic number of 20.\u201d<\/p>\n<p class=\"c-paragraph paywall \">If that happens she will stand down from seeking council nominations.<\/p>\n<p class=\"c-paragraph paywall b-it-article-body__text--left\"><a href=\"https:\/\/www.irishtimes.com\/tags\/aontu\" target=\"_self\" rel=\"nofollow noopener\" title=\"https:\/\/www.irishtimes.com\/tags\/aontu\">Aont\u00fa<\/a> leader <a href=\"https:\/\/www.irishtimes.com\/tags\/peadar-toibin\/\" target=\"_self\" rel=\"nofollow noopener\" title=\"https:\/\/www.irishtimes.com\/tags\/peadar-toibin\/\">Peadar T\u00f3ib\u00edn <\/a>has been <a href=\"https:\/\/www.irishtimes.com\/politics\/2025\/09\/05\/presidential-election-aontu-leader-hopes-to-announce-backing-for-independent-candidate-next-week\/\" target=\"_self\" rel=\"nofollow noopener\" title=\"https:\/\/www.irishtimes.com\/politics\/2025\/09\/05\/presidential-election-aontu-leader-hopes-to-announce-backing-for-independent-candidate-next-week\/\">pushing for a caucus of Oireachtas members to come together to nominate a candidate<\/a>.<\/p>\n<p class=\"c-paragraph paywall b-it-article-body__text--left\">Ms Steen was among four potential presidential candidates that made presentations seeking support from 10 Oireachtas members that met on Thursday.<\/p>\n<p class=\"c-paragraph paywall b-it-article-body__text--left\">That evening Mr T\u00f3ib\u00edn named eight of the  10 who have committed to nominating Ms Steen as: himself; party colleagues deputy Paul Lawless and Senator Sarah O\u2019Reilly; Independent TDs Mattie McGrath and Carol Nolan; and Senators Joe Conway, Ron\u00e1n Mullen and Sharon Keogan.<\/p>\n<p class=\"c-paragraph paywall \">He said another two have given a commitment but they have to talk to their teams and \u201cthey\u2019ll come out in the next couple of days\u201d.<\/p>\n<p class=\"c-paragraph paywall b-it-article-body__text--left\">On Friday Dublin Mid-West TD Paul Gogarty revealed he had also attended the meeting and appears to be among the 10 Oireachtas members that Ms Steen\u2019s supporters say have made a commitment to facilitate her nomination.<\/p>\n<p class=\"c-paragraph paywall b-it-article-body__text--left\">He told The Irish Times he would have been \u201chappy\u201d to nominate Ms Connolly \u201cbut I was not asked\u201d and he remained \u201copen to nominating any credible Independent candidate to enter the race who can engage with citizens and other candidates in a constructive and respectful way\u201d.<\/p>\n<p class=\"c-paragraph paywall \">Mr Gogarty said \u201cif a scenario arises where one candidate is close to getting a nomination, but has been unable to get to 20 signatures, then I would facilitate their nomination, irrespective of whether I would personally vote for them or not.\u201d<\/p>\n<p class=\"c-paragraph paywall \">He said this would be \u201cpurely in the interests of enhancing the democratic process and giving Irish citizens the widest possible choice.\u201d<\/p>\n<p class=\"c-paragraph paywall \">Later he told RT\u00c9 Radio he had attended the meeting organised by Mr T\u00f3ib\u00edn and he told the candidates there including Ms Steen that if they were in a position where they \u201cneed a vote or two\u201d to reach 20 Oireachtas members he would add his nomination.<\/p>\n<p class=\"c-paragraph paywall \">There are 20 other Independent TDs and Senators in the Oireachtas and further four nominations potentially up for grabs from Independent Ireland. <\/p>\n<p class=\"c-paragraph paywall \">However, many of the independents have come out in support of rival candidates in the presidential election. <\/p>\n<p class=\"c-paragraph paywall \">Independent Ministers Michael Healy-Rae, Noel Grealish and Se\u00e1n Canney have expressed support for Fine Gael\u2019s candidate Heather Humphreys.<\/p>\n<p class=\"c-paragraph paywall \">TDs Seamus Healy, Brian Stanley and 100% Redress Party deputy Charles Ward are backing left-wing Independent Catherine Connolly as is Senator Eileen Flynn.<\/p>\n<p class=\"c-paragraph paywall \">Independent Ireland has said it will potentially facilitate a candidate getting on the ballot paper if they have 16 other nominations. <\/p>\n<p class=\"c-paragraph paywall \">Its leader Michael Collins expressed scepticism on Friday that any presidential candidate would meet that threshold. <\/p>\n<p class=\"c-paragraph paywall \">He told The Irish Times: \u201cWe have been very clear from the word go that if a candidate has 16 other votes and come to us and are in line with our principles we will give serious consideration in giving the other four votes which will bring them across the line.<\/p>\n<p class=\"c-paragraph paywall \">\u201cI don\u2019t think personally that any candidate can get anywhere near that.\u201d<\/p>\n<p class=\"c-paragraph paywall b-it-article-body__text--left\">Kerry Independent Danny Healy-Rae told RT\u00c9 Radio he will decide if he is backing a candidate \u201ccloser to the time\u201d of next month\u2019s election.<\/p>\n<p class=\"c-paragraph paywall \">He said he would \u201cconsider\u201d supporting Ms Steen but: \u201cI\u2019m not saying I\u2019ll support her yet.\u201d <\/p>\n","protected":false},"excerpt":{"rendered":"Conservative campaigner Maria Steen\u2019s route to getting nominations from TDs and Senators to appear on the presidential election&hellip;\n","protected":false},"author":2,"featured_media":60107,"comment_status":"","ping_status":"","sticky":false,"template":"","format":"standard","meta":{"footnotes":""},"categories":[3],"tags":[9,10,18,13,14,6,19,17,11,12,15,16,30253,5,59,7,8],"class_list":{"0":"post-60106","1":"post","2":"type-post","3":"status-publish","4":"format-standard","5":"has-post-thumbnail","7":"category-headlines","8":"tag-breaking-news","9":"tag-breakingnews","10":"tag-eire","11":"tag-featured-news","12":"tag-featurednews","13":"tag-headlines","14":"tag-ie","15":"tag-ireland","16":"tag-latest-news","17":"tag-latestnews","18":"tag-main-news","19":"tag-mainnews","20":"tag-maria-steen","21":"tag-news","22":"tag-presidential-election","23":"tag-top-stories","24":"tag-topstories"},"share_on_mastodon":{"url":"","error":""},"_links":{"self":[{"href":"https:\/\/www.europesays.com\/ie\/wp-json\/wp\/v2\/posts\/60106","targetHints":{"allow":["GET"]}}],"collection":[{"href":"https:\/\/www.europesays.com\/ie\/wp-json\/wp\/v2\/posts"}],"about":[{"href":"https:\/\/www.europesays.com\/ie\/wp-json\/wp\/v2\/types\/post"}],"author":[{"embeddable":true,"href":"https:\/\/www.europesays.com\/ie\/wp-json\/wp\/v2\/users\/2"}],"replies":[{"embeddable":true,"href":"https:\/\/www.europesays.com\/ie\/wp-json\/wp\/v2\/comments?post=60106"}],"version-history":[{"count":0,"href":"https:\/\/www.europesays.com\/ie\/wp-json\/wp\/v2\/posts\/60106\/revisions"}],"wp:featuredmedia":[{"embeddable":true,"href":"https:\/\/www.europesays.com\/ie\/wp-json\/wp\/v2\/media\/60107"}],"wp:attachment":[{"href":"https:\/\/www.europesays.com\/ie\/wp-json\/wp\/v2\/media?parent=60106"}],"wp:term":[{"taxonomy":"category","embeddable":true,"href":"https:\/\/www.europesays.com\/ie\/wp-json\/wp\/v2\/categories?post=60106"},{"taxonomy":"post_tag","embeddable":true,"href":"https:\/\/www.europesays.com\/ie\/wp-json\/wp\/v2\/tags?post=60106"}],"curies":[{"name":"wp","href":"https:\/\/api.w.org\/{rel}","templated":true}]}}