{"id":60703,"date":"2025-09-13T01:42:15","date_gmt":"2025-09-13T01:42:15","guid":{"rendered":"https:\/\/www.europesays.com\/ie\/60703\/"},"modified":"2025-09-13T01:42:15","modified_gmt":"2025-09-13T01:42:15","slug":"gardai-appeal-for-information-on-missing-woman-from-newcastle-west","status":"publish","type":"post","link":"https:\/\/www.europesays.com\/ie\/60703\/","title":{"rendered":"Garda\u00ed appeal for information on missing woman from Newcastle West"},"content":{"rendered":"<p>        <a href=\"https:\/\/www.live95fm.ie\/news\/live95-news\/\" class=\"c-btn c-btn--small c-btn--secondary-fill\" rel=\"nofollow noopener\" target=\"_blank\"><\/p>\n<p>        All Live95 News<br \/>\n    <\/a><\/p>\n<p>                <img decoding=\"async\" class=\"aiir-c-news-figure__image\" src=\"https:\/\/www.europesays.com\/ie\/wp-content\/uploads\/2025\/09\/68c455e368e8c.jpg\" alt=\"\"\/><br \/>\n                                    Via An Garda S\u00edoch\u00e1na Missing Persons<\/p>\n<p class=\"aiir-c-news-article__abstract\">\n            Anyone with information is asked to contact garda\u00ed.\n        <\/p>\n<p>Garda\u00ed are seeking the public&#8217;s assistance in tracing the whereabouts of 51-year-old Patricia Foley, who is reported missing from Newcastlewest, Co. Limerick, since Friday, 12th September 2025.<\/p>\n<p>Patricia is described as being approximately 5&#8217;2 in height with a slim build, blonde hair, and green\/blue eyes.<\/p>\n<p>She may be travelling in a 181-L registration white Hyundai Tucson.<\/p>\n<p>Garda\u00ed are concerned for Patricia\u2019s well-being.<\/p>\n<p>Anyone with information on Patricia&#8217;s whereabouts is asked to contact Newcastlewest Garda Station at 069 20650 the Garda Confidential Line at 1800 666 111, or any Garda Station.<\/p>\n<blockquote cite=\"https:\/\/graph.facebook.com\/61561628136098\/posts\/122171323952387604\/\" class=\"fb-xfbml-parse-ignore\">\n<p>Garda\u00ed are seeking the public&#8217;s assistance in tracing the whereabouts of 51-old Patricia Foley, who is reported missing&#8230;<\/p>\n<p>Posted by <a href=\"https:\/\/www.facebook.com\/people\/An-Garda-S%C3%ADoch%C3%A1na-Missing-Persons\/61561628136098\/\" rel=\"nofollow noopener\" target=\"_blank\">An Garda S\u00edoch\u00e1na Missing Persons<\/a> on\u00a0<a href=\"https:\/\/graph.facebook.com\/61561628136098\/posts\/122171323952387604\/\" rel=\"nofollow noopener\" target=\"_blank\">Friday, September 12, 2025<\/a><\/p><\/blockquote>\n<p>                <a href=\"https:\/\/www.live95fm.ie\/on-air\/ways-to-listen\/?utm_source=Live95&amp;utm_medium=news+article&amp;utm_campaign=app_download\" rel=\"nofollow noopener\" target=\"_blank\"><img decoding=\"async\" alt=\"\" class=\"\" src=\"https:\/\/www.europesays.com\/ie\/wp-content\/uploads\/2025\/08\/6655efe7844a7.jpg\" style=\"\"\/><\/a><\/p>\n<blockquote cite=\\\"https:\\\/\\\/graph.facebook.com\\\/61561628136098\\\/posts\\\/122171323952387604\\\/\\\" class=\\\"fb-xfbml-parse-ignore\\\">\n<p>Garda\\u00ed are seeking the public&#8217;s assistance in tracing the whereabouts of 51-old Patricia Foley, who is reported missing&#8230;Posted by <a href=\\\"https:\\\/\\\/www.facebook.com\\\/people\\\/An-Garda-S%C3%ADoch%C3%A1na-Missing-Persons\\\/61561628136098\\\/\\\">An Garda S\\u00edoch\\u00e1na Missing Persons on\\u00a0<a href=\\\"https:\\\/\\\/graph.facebook.com\\\/61561628136098\\\/posts\\\/122171323952387604\\\/\\\">Friday, September 12, 2025&#8243;,&#8221;image&#8221;:&#8221;https:\\\/\\\/mmo.aiircdn.com\\\/301\\\/68c455e368e8c.jpg&#8221;,&#8221;datePublished&#8221;:&#8221;2025-09-12T17:20:16+00:00&#8243;,&#8221;url&#8221;:&#8221;https:\\\/\\\/www.live95fm.ie\\\/news\\\/live95-news\\\/gardai-appeal-for-information-on-missing-woman-from-newcastle-west\\\/&#8221;,&#8221;publisher&#8221;:{&#8220;@type&#8221;:&#8221;Organization&#8221;,&#8221;name&#8221;:&#8221;Limerick&#8217;s Live 95&#8243;},&#8221;headline&#8221;:&#8221;Garda\\u00ed appeal for information on missing woman from Newcastle West &#8220;,&#8221;author&#8221;:{&#8220;@type&#8221;:&#8221;Person&#8221;,&#8221;name&#8221;:&#8221;Live95 News Team&#8221;}}<\/p>\n","protected":false},"excerpt":{"rendered":"All Live95 News Via An Garda S\u00edoch\u00e1na Missing Persons Anyone with information is asked to contact garda\u00ed. Garda\u00ed&hellip;\n","protected":false},"author":2,"featured_media":60704,"comment_status":"","ping_status":"","sticky":false,"template":"","format":"standard","meta":{"footnotes":""},"categories":[3],"tags":[9,10,18,13,14,6,19,17,11,12,3006,3009,3005,3008,3007,3010,15,16,5,7,8],"class_list":{"0":"post-60703","1":"post","2":"type-post","3":"status-publish","4":"format-standard","5":"has-post-thumbnail","7":"category-headlines","8":"tag-breaking-news","9":"tag-breakingnews","10":"tag-eire","11":"tag-featured-news","12":"tag-featurednews","13":"tag-headlines","14":"tag-ie","15":"tag-ireland","16":"tag-latest-news","17":"tag-latestnews","18":"tag-limerick-radio","19":"tag-limerick-today","20":"tag-limericks-live95fm","21":"tag-live-95","22":"tag-live95fm","23":"tag-live95fm-homepage","24":"tag-main-news","25":"tag-mainnews","26":"tag-news","27":"tag-top-stories","28":"tag-topstories"},"share_on_mastodon":{"url":"","error":""},"_links":{"self":[{"href":"https:\/\/www.europesays.com\/ie\/wp-json\/wp\/v2\/posts\/60703","targetHints":{"allow":["GET"]}}],"collection":[{"href":"https:\/\/www.europesays.com\/ie\/wp-json\/wp\/v2\/posts"}],"about":[{"href":"https:\/\/www.europesays.com\/ie\/wp-json\/wp\/v2\/types\/post"}],"author":[{"embeddable":true,"href":"https:\/\/www.europesays.com\/ie\/wp-json\/wp\/v2\/users\/2"}],"replies":[{"embeddable":true,"href":"https:\/\/www.europesays.com\/ie\/wp-json\/wp\/v2\/comments?post=60703"}],"version-history":[{"count":0,"href":"https:\/\/www.europesays.com\/ie\/wp-json\/wp\/v2\/posts\/60703\/revisions"}],"wp:featuredmedia":[{"embeddable":true,"href":"https:\/\/www.europesays.com\/ie\/wp-json\/wp\/v2\/media\/60704"}],"wp:attachment":[{"href":"https:\/\/www.europesays.com\/ie\/wp-json\/wp\/v2\/media?parent=60703"}],"wp:term":[{"taxonomy":"category","embeddable":true,"href":"https:\/\/www.europesays.com\/ie\/wp-json\/wp\/v2\/categories?post=60703"},{"taxonomy":"post_tag","embeddable":true,"href":"https:\/\/www.europesays.com\/ie\/wp-json\/wp\/v2\/tags?post=60703"}],"curies":[{"name":"wp","href":"https:\/\/api.w.org\/{rel}","templated":true}]}}