{"id":61012,"date":"2025-09-13T05:13:10","date_gmt":"2025-09-13T05:13:10","guid":{"rendered":"https:\/\/www.europesays.com\/ie\/61012\/"},"modified":"2025-09-13T05:13:10","modified_gmt":"2025-09-13T05:13:10","slug":"lessons-with-letizia-queen-of-spain-looks-chic-in-blue-as-she-makes-school-visits-to-mark-start-of-term","status":"publish","type":"post","link":"https:\/\/www.europesays.com\/ie\/61012\/","title":{"rendered":"Lessons with Letizia! Queen of Spain looks chic in blue as she makes school visits to mark start of term"},"content":{"rendered":"<p class=\"mol-para-with-font\">Queen <a style=\"font-weight: bold;\" target=\"_self\" href=\"https:\/\/www.dailymail.co.uk\/news\/queen-letizia-of-spain\/index.html\" id=\"mol-1f5a6cb0-6eae-11f0-b23a-4da091bce403\" rel=\"nofollow noopener\">Letizia of Spain<\/a>\u00a0looked casually chic as she made a public appearance in La Rioja on Friday, visiting two schools to mark the start of the new academic year.<\/p>\n<p class=\"mol-para-with-font\">Some 28,748 schools in the country reopen their doors this week, welcoming 8,289,090 students and 793,215 teachers back.<\/p>\n<p class=\"mol-para-with-font\">The Spanish monarch, 52, looked relaxed as she\u00a0attended the ceremonial opening of the school year at Entresotos Elementary School and Gonzalo de Berceo Secondary School in\u00a0Rinc\u00f3n de Soto.<\/p>\n<p class=\"mol-para-with-font\">Letizia looked typically chic, wearing a blue button-down shirt with a pair of wide-legged cropped trousers.<\/p>\n<p class=\"mol-para-with-font\">She finished the ensemble with a pair of low-heeled sling-back black patent sandals.<\/p>\n<p class=\"mol-para-with-font\">Meanwhile, the royal opted for her usual classical look when it came to her make-up donning a fresh base and natural looking eye shadow, blush and lip.<\/p>\n<p class=\"mol-para-with-font\">She wore her shining chestnut locks loose, blowdried into a shiny cascade that tumbled past her shoulders.\u00a0<\/p>\n<p class=\"mol-para-with-font\">According to the Spanish Royal Family&#8217;s website, the queen &#8216;presided over the opening of the 2025\/2026 School Year at the Entresotos Early Childhood and Primary Education Center and at the Gonzalo de Berceo&#8217; Secondary Education Institute Section.&#8217;<\/p>\n<p>   <img decoding=\"async\" id=\"i-609909bc06bdad55\" src=\"https:\/\/www.europesays.com\/ie\/wp-content\/uploads\/2025\/09\/102081259-15092103-image-a-22_1757684693339.jpg\" height=\"423\" width=\"634\" alt=\"Queen Letizia of Spain (pictured, left) is seen reading with a child during her visit to Entresotos Elementary School on Friday\" class=\"blkBorder img-share\" style=\"max-width:100%\" loading=\"lazy\" \/>   <\/p>\n<p class=\"imageCaption\">Queen Letizia of Spain (pictured, left) is seen reading with a child during her visit to Entresotos Elementary School on Friday<\/p>\n<p class=\"mol-para-with-font\">When she arrived at the Entresotos Early Childhood and Primary Education Centre, she was met by a number of senior figures.\u00a0<\/p>\n<p class=\"mol-para-with-font\">Among them were\u00a0the President of the Autonomous Community of La Rioja, Gonzalo Capell\u00e1n; the Minister of Education, Vocational Training, and Sports, Pilar Alegr\u00eda; the President of the Parliament of the Autonomous Community of La Rioja, Marta Fern\u00e1ndez Cornago; and the Mayor of Rinc\u00f3n de Soto, Javier Mart\u00ednez.<\/p>\n<p class=\"mol-para-with-font\">However, the royal wasn&#8217;t just there to meet with the adults, she also had engagements with some of the pupils at the facility &#8211; as well as plans to look at some of the spaces.<\/p>\n<p class=\"mol-para-with-font\">Among them were the early childhood education classroom, where she was introduced to the Bee-Bot activity, described by the Spanish Royal Family&#8217;s statement about the visit as a &#8216;small bee-shaped educational robot designed for early childhood education&#8217;.<\/p>\n<p class=\"mol-para-with-font\">Letizia then visited the library, where a group of children aged between seven and 10 led a reading activity, which they presented to the royal.<\/p>\n<p class=\"mol-para-with-font\">She also received a special gift;\u00a0three books written by former students of the centre.<\/p>\n<p class=\"mol-para-with-font\">The next activity took place in the music room, where students performed for the 52-year-old, singing Ama, ama y ensancha el alma (Love, Love and Broaden the Soul).<\/p>\n<p class=\"mol-para-with-font\">Next,\u00a0Queen Letizia made her way to the workshop room with a group of volunteers.<\/p>\n<p>   <img decoding=\"async\" id=\"i-5841a4bbf7b2fb1d\" src=\"https:\/\/www.europesays.com\/ie\/wp-content\/uploads\/2025\/09\/102084537-15092103-image-a-26_1757688528989.jpg\" height=\"422\" width=\"634\" alt=\"Queen Letizia of Spain (pictured) visited two schools on Friday to mark the start of the new academic year\" class=\"blkBorder img-share\" style=\"max-width:100%\" loading=\"lazy\" \/>   <\/p>\n<p class=\"imageCaption\">Queen Letizia of Spain (pictured) visited two schools on Friday to mark the start of the new academic year<\/p>\n<p>  <img decoding=\"async\" id=\"i-29e4501e8cf6c64c\" src=\"https:\/\/www.europesays.com\/ie\/wp-content\/uploads\/2025\/09\/102084341-15092103-image-m-27_1757688593305.jpg\" height=\"587\" width=\"306\" alt=\"The 52-year-old royal (pictured) looked typically stylish during the engagement\" class=\"blkBorder img-share\" style=\"max-width:100%\" loading=\"lazy\" \/>    <img decoding=\"async\" id=\"i-48e59a1f022414ad\" src=\"https:\/\/www.europesays.com\/ie\/wp-content\/uploads\/2025\/09\/102084343-15092103-image-m-30_1757688616233.jpg\" height=\"587\" width=\"306\" alt=\"She donned a blue button down shirt and a pair of wide-legged trousers\" class=\"blkBorder img-share\" style=\"max-width:100%\" loading=\"lazy\" \/>  <\/p>\n<p class=\"imageCaption\">The 52-year-old royal (pictured) looked casually stylish in a blue button down shirt and a pair of wide-legged trousers<\/p>\n<p class=\"mol-para-with-font\">There,\u00a0third-grade students also put on a demonstration, presenting the queen with what was described as an\u00a0Interactive Group activity.<\/p>\n<p class=\"mol-para-with-font\">Letizia was then shown to the gymnasium, where she met some of the teachers from the schools.<\/p>\n<p class=\"mol-para-with-font\">The final activity of the day was making a record the special day, by taking a photo of the royal in the courtyard.<\/p>\n<p class=\"mol-para-with-font\">There, she posed with alongside students of the Entresotos Early Childhood and Primary Education Center and the Gonzalo de Berceo Secondary Education Section.<\/p>\n<p class=\"mol-para-with-font\">The royal did not appear to be accompanied by her husband King Felipe of Spain, or their two daughters\u00a0Crown <a style=\"font-weight: bold;\" target=\"_self\" href=\"https:\/\/www.dailymail.co.uk\/femail\/princess-leonor-of-spain\/index.html\" id=\"mol-34c3ba60-6eaf-11f0-b23a-4da091bce403\" class=\"\" rel=\"nofollow noopener\">Princess Leonor<\/a>\u00a0or\u00a0Princess Sofia.<\/p>\n","protected":false},"excerpt":{"rendered":"Queen Letizia of Spain\u00a0looked casually chic as she made a public appearance in La Rioja on Friday, visiting&hellip;\n","protected":false},"author":2,"featured_media":61013,"comment_status":"","ping_status":"","sticky":false,"template":"","format":"standard","meta":{"footnotes":""},"categories":[75],"tags":[118,18,117,2930,19,17,43508,8505,383],"class_list":{"0":"post-61012","1":"post","2":"type-post","3":"status-publish","4":"format-standard","5":"has-post-thumbnail","7":"category-entertainment","8":"tag-dailymail","9":"tag-eire","10":"tag-entertainment","11":"tag-femail","12":"tag-ie","13":"tag-ireland","14":"tag-queen-letizia-of-spain","15":"tag-royals","16":"tag-spain"},"share_on_mastodon":{"url":"","error":""},"_links":{"self":[{"href":"https:\/\/www.europesays.com\/ie\/wp-json\/wp\/v2\/posts\/61012","targetHints":{"allow":["GET"]}}],"collection":[{"href":"https:\/\/www.europesays.com\/ie\/wp-json\/wp\/v2\/posts"}],"about":[{"href":"https:\/\/www.europesays.com\/ie\/wp-json\/wp\/v2\/types\/post"}],"author":[{"embeddable":true,"href":"https:\/\/www.europesays.com\/ie\/wp-json\/wp\/v2\/users\/2"}],"replies":[{"embeddable":true,"href":"https:\/\/www.europesays.com\/ie\/wp-json\/wp\/v2\/comments?post=61012"}],"version-history":[{"count":0,"href":"https:\/\/www.europesays.com\/ie\/wp-json\/wp\/v2\/posts\/61012\/revisions"}],"wp:featuredmedia":[{"embeddable":true,"href":"https:\/\/www.europesays.com\/ie\/wp-json\/wp\/v2\/media\/61013"}],"wp:attachment":[{"href":"https:\/\/www.europesays.com\/ie\/wp-json\/wp\/v2\/media?parent=61012"}],"wp:term":[{"taxonomy":"category","embeddable":true,"href":"https:\/\/www.europesays.com\/ie\/wp-json\/wp\/v2\/categories?post=61012"},{"taxonomy":"post_tag","embeddable":true,"href":"https:\/\/www.europesays.com\/ie\/wp-json\/wp\/v2\/tags?post=61012"}],"curies":[{"name":"wp","href":"https:\/\/api.w.org\/{rel}","templated":true}]}}