{"id":61167,"date":"2025-09-13T07:09:08","date_gmt":"2025-09-13T07:09:08","guid":{"rendered":"https:\/\/www.europesays.com\/ie\/61167\/"},"modified":"2025-09-13T07:09:08","modified_gmt":"2025-09-13T07:09:08","slug":"high-seas-and-unsafe-piers-force-families-to-abandon-west-coast-island-for-school-term-the-irish-times","status":"publish","type":"post","link":"https:\/\/www.europesays.com\/ie\/61167\/","title":{"rendered":"High seas and unsafe piers force families to abandon west-coast island for school term \u2013 The Irish Times"},"content":{"rendered":"<p class=\"c-paragraph paywall b-it-article-body__text--left\">It might have just been the remnants of Hurricane Erin that hit the west coast on Monday, August 25th.<\/p>\n<p class=\"c-paragraph paywall b-it-article-body__text--left\">For the skippers of the ferries servicing the Co <a href=\"https:\/\/www.irishtimes.com\/tags\/mayo\/\" target=\"_blank\" rel=\"noreferrer nofollow noopener\" title=\"https:\/\/www.irishtimes.com\/tags\/mayo\/\">Mayo<\/a> islands of Inishturk and Clare Island, the height of the waves crashing over the mainland pier at Roonagh near Louisburgh was certainly not expected as the summer season drew to a close. <\/p>\n<p class=\"c-paragraph paywall b-it-article-body__text--left\">Ironically, on Sunday, the previous day, the seas of Clew Bay had been more Mediterranean than anarchic Atlantic, with hundreds of visitors enjoying day trips to both islands.<\/p>\n<p class=\"c-paragraph paywall b-it-article-body__text--left\">It was a very different scene the following day, with a viral video of parked vehicles being bashed and shaken by the mountainous swell thundering over the quay walls and the lower car park. It not only highlighted the realities of rising sea levels and increasing storm activity but also the shortcomings of essential infrastructure for our island communities. <\/p>\n<p class=\"c-paragraph paywall b-it-article-body__text--left\">After all, the Government\u2019s \u201cOur Living Islands\u201d policy paper was launched by former minister Heather Humphreys in 2023 and its action plan for 2023-2026 is already approaching the final years of its aims: a key one of which is to \u201cprogress the priority island infrastructure projects in the National Development Plan\u201d.<\/p>\n<p class=\"c-paragraph paywall b-it-article-body__text--left\">Indeed, to be fair to the Government, there was very good news down the coast for the community of Inis O\u00edrr last month when Minister for Rural, Community Development and the Gaeltacht Dara Calleary accompanied by Minister for Public Expenditure Jack Chambers visited the smallest of the Aran Islands.<\/p>\n<p class=\"c-paragraph paywall b-it-article-body__text--left\">They <a href=\"https:\/\/www.irishtimes.com\/politics\/2025\/08\/28\/ministers-brave-rough-seas-to-inis-oirr-to-announce-36m-funding-for-new-pier\/\" target=\"_blank\" rel=\"noreferrer nofollow noopener\" title=\"https:\/\/www.irishtimes.com\/politics\/2025\/08\/28\/ministers-brave-rough-seas-to-inis-oirr-to-announce-36m-funding-for-new-pier\/\">confirmed that \u20ac35.75 million in State funding will be provided<\/a> for a new pier on the island. This necessary development was first mooted and progressed to planning about 23 years ago because of increased passenger numbers and significant safety concerns but the economic crash scuppered the much-needed infrastructure.<\/p>\n<p><img decoding=\"async\" data-chromatic=\"ignore\" alt=\"Alan O'Grady, skipper of the Clare Island ferry, at Roonagh pier. Photograph: Michael McLaughlin\" class=\"c-image\" loading=\"lazy\" src=\"https:\/\/www.europesays.com\/ie\/wp-content\/uploads\/2025\/09\/AQCNEK2JCFFHZJ56M2ILC57ELA.jpg\"   width=\"800\" height=\"552\"\/>Alan O&#8217;Grady, skipper of the Clare Island ferry, at Roonagh pier. Photograph: Michael McLaughlin <\/p>\n<p class=\"c-paragraph paywall b-it-article-body__text--left\">This is the largest ever investment in the offshore islands by this department. Construction is expected to begin in spring 2026 and will take two years to complete.<\/p>\n<p class=\"c-paragraph paywall b-it-article-body__text--left\">Speaking to The Irish Times this week, Antoine \u00d3 Coisdealbha, the manager of Comhar Caomh\u00e1n Teo, the island\u2019s community development co-operative, welcomed how \u201cengaged and positive Minister Calleary was about challenges facing island communities\u201d.<\/p>\n<p class=\"c-paragraph paywall \">\u201cThe pier extension will change the whole narrative of the quality of island life and the tourism possibilities. It is certainly one important step towards the facilitation of the 200,000 visitors who come to the island every year and will also open the possibilities for creating more long-term jobs,\u201d \u00d3 Coisdealbha said.<\/p>\n<p class=\"c-paragraph paywall \">However, he emphasised the urgency of holistic thinking about island sustainability and development, citing the example of the inadequacy of public toilets built in 1987 to cater for the huge numbers of tourists, as well as the limitations of the sewerage system for the development of housing and tourism on the island.<\/p>\n<p class=\"c-paragraph paywall \">\u201cWhen people up and down the coast saw that video of what was happening to parked cars in Roonagh last month, you didn\u2019t need to be an islander to conclude there is a breakdown in the process, which needs to have an integrated approach,\u201d he added.<\/p>\n<p class=\"c-paragraph paywall \">Of course, the smallest of the Aran Islands isn\u2019t the only outpost awaiting harbour developments for decades. <\/p>\n<p class=\"c-paragraph paywall b-it-article-body__text--left\">Safety issues at Roonagh harbour have been highlighted to a plethora of ministers, including two who hailed from Co Mayo \u2013 former taoiseach Enda Kenny and now-retired minister Michael Ring \u2013 for more than 50 years.<\/p>\n<p class=\"c-paragraph paywall b-it-article-body__text--left\">Like his father and grandfather before him, Clare islander and skipper Alan O\u2019Grady has been going to sea since he was in short trousers and can tell many tales about hairy times in Roonagh, with ropes and chains breaking and passengers being forced to jump on and off the ferry as a rolling swell breaks suddenly.<\/p>\n<p class=\"c-paragraph paywall b-it-article-body__text--left\">\u201cOn the day when [ex-hurriance] Erin hit the west coast, our three kids were due back to secondary school in Louisburgh the following morning. For us Roonagh has proved to be a total disaster really,\u201d he said.<\/p>\n<p class=\"c-paragraph paywall b-it-article-body__text--left\">\u201cEven though the island service offers up to four scheduled boats every day, we can\u2019t rely on commuting from the island and we\u2019ve had to rent a house on the mainland for the school term because our kids have medical issues.\u201d<\/p>\n<p class=\"c-paragraph paywall b-it-article-body__text--left\">He said Jake (18), Emily (16) and Holly (13) \u201chad just landed in Roonagh and walked up the quay on the evening of August 25th when all hell broke loose\u201d.<\/p>\n<p class=\"c-paragraph paywall \">\u201cIt was terrifying for them, and they are well used to rough seas,\u201d he added.<\/p>\n<p class=\"c-paragraph paywall b-it-article-body__text--left\">The O\u2019Gradys are not the only family forced to make the difficult decision to live on the mainland for the school term.<\/p>\n<p class=\"c-paragraph paywall b-it-article-body__text--left\">Clare Island\u2019s community development coordinator Joanne Carroll confirmed that four families with three pupils who were attending the island\u2019s primary school and two future pupils had also taken the difficult decision this school year.<\/p>\n<blockquote cite=\"Joanne Carroll\" class=\"c-stack b-it-article-body__pullquote\" data-style-direction=\"vertical\" data-style-justification=\"start\" data-style-alignment=\"unset\" data-style-inline=\"false\" data-style-wrap=\"nowrap\">\n<p class=\"c-paragraph\">Families should not have to choose between the safety and education of their children and their desire to remain on the island<\/p>\n<p>\u2014 \u00a0Joanne Carroll<\/p><\/blockquote>\n<p class=\"c-paragraph paywall b-it-article-body__text--left\">\u201cIt is a devastating blow for a small community where every child counts. Two of those families, in particular, made this painful decision not because they wanted to, but because they felt they had no other choice,\u201d said Carroll.<\/p>\n<p class=\"c-paragraph paywall b-it-article-body__text--left\">\u201cThey were forced to uproot their lives due to the lack of adequate infrastructure and support services, particularly around transport and safety for children commuting to post-primary school on the mainland.\u201d<\/p>\n<p class=\"c-paragraph paywall b-it-article-body__text--left\">On a positive note, she confirmed that while there are now only eight island children attending St Patrick\u2019s National School, a family with three children has moved to the island for the school year following an initiative by members of the community.<\/p>\n<p class=\"c-paragraph paywall b-it-article-body__text--left\">She said \u201cfamilies should not have to choose between the safety and education of their children and their desire to remain on the island\u201d.<\/p>\n<p class=\"c-paragraph paywall b-it-article-body__text--left\">\u201cOur Living Islands must be more than a document. It must be a living commitment, backed by timely, targeted action. Otherwise, it risks becoming a policy of slow decline rather than sustainable renewal,\u201d Carroll said.<\/p>\n<p class=\"c-paragraph paywall b-it-article-body__text--left\">Inishturk native Anthony O\u2019Toole urged the Government to implement \u201can equitable approach to infrastructure development across the islands\u201d.<\/p>\n<p class=\"c-paragraph b-it-article-body__interstitial-link\">[\u00a0<a aria-label=\"Open related story\" class=\"c-link\" href=\"https:\/\/www.irishtimes.com\/politics\/2024\/11\/20\/it-is-past-time-for-building-a-safe-all-weather-pier-how-will-clare-islanders-vote-in-this-election\/\" rel=\"noreferrer nofollow noopener\" target=\"_blank\">\u2018It is past time for building a safe, all-weather pier\u2019Opens in new window<\/a>\u00a0]<\/p>\n<p class=\"c-paragraph paywall b-it-article-body__text--left\">\u201cWhile the development of Roonagh Pier is a crucial component of this plan, it is important to underline that this project addresses only a fraction of the overall safety needs,\u201d said O\u2019Toole.<\/p>\n<p class=\"c-paragraph paywall b-it-article-body__text--left\">He said \u201cunresolved risks\u201d associated with Inishturk, which has a population of 56 \u201cremain significant and unmitigated\u201d.<\/p>\n<p class=\"c-paragraph paywall b-it-article-body__text--left\">\u201cPublic consultations, particularly those on Inishturk, have clearly demonstrated that the island\u2019s breakwater project is the community\u2019s top infrastructure priority,\u201d he said.<\/p>\n<p class=\"c-paragraph paywall b-it-article-body__text--left\">Responding to questions by The Irish Times, Calleary, the Minister responsible for the islands, explained that \u201cstatutory responsibility for the development and maintenance of pier infrastructure lies primarily with local authorities, with annual funding from his department\u201d.<\/p>\n<p class=\"c-paragraph paywall b-it-article-body__text--left\">In reference to the pier at Roonagh, he said: \u201cMayo County Council has conducted a tender process to procure engineering consultancy services to prepare a preliminary business case, incorporating a strategic assessment, for marine infrastructure improvement options at Roonagh pier.\u201d<\/p>\n<p><img decoding=\"async\" data-chromatic=\"ignore\" alt=\"Ministers Dara Calleary and Jack Chambers on Inis O&#xED;rr pier last month. Photograph:y Eamon Ward\" class=\"c-image\" loading=\"lazy\" src=\"https:\/\/www.europesays.com\/ie\/wp-content\/uploads\/2025\/09\/PEUXMZ7DFZELLBQA7D5JDTZBNM.jpg\"   width=\"800\" height=\"533\"\/>Ministers Dara Calleary and Jack Chambers on Inis O\u00edrr pier last month. Photograph:y Eamon Ward <\/p>\n<p class=\"c-paragraph paywall b-it-article-body__text--left\">Up the coast in Donegal, pier problems come in a different shape for Tory islanders as they appear to be left in limbo about a feasibility study regarding key developments at their mainland harbour at Machaire Rabhartaigh.<\/p>\n<p class=\"c-paragraph paywall b-it-article-body__text--left\">\u201cDonegal County Council was given the task eight years ago to carry out a feasibility study on the pier at Machaire Rabhartaigh before the Government could commit to the building of a dedicated ferry for the island,\u201d said Marjorie U\u00ed Chearbhaill, the manager of Comharchumann Oile\u00e1n Thora\u00ed, the island\u2019s community development cooperative.<\/p>\n<p class=\"c-paragraph paywall b-it-article-body__text--left\">\u201cAs far as I am aware that study has still not been completed, as we\u2019ve been told at meeting after meeting with them that they just don\u2019t have the staff to carry out the study.\u201d <\/p>\n<p class=\"c-paragraph paywall b-it-article-body__text--left\">It is now more than eight years since 100 islanders \u2013 two-thirds of the community \u2013 brought their campaign for a proper ferry service and infrastructure to Leinster House in Dublin. <\/p>\n<p class=\"c-paragraph b-it-article-body__interstitial-link\">[\u00a0<a aria-label=\"Open related story\" class=\"c-link\" href=\"https:\/\/www.irishtimes.com\/news\/ireland\/irish-news\/tory-island-residents-bring-their-campaign-for-a-better-ferry-to-dublin-1.3392077\" rel=\"noreferrer nofollow noopener\" target=\"_blank\">From the archive: Tory Island residents bring their campaign for a better ferry to DublinOpens in new window<\/a>\u00a0]<\/p>\n<p class=\"c-paragraph paywall b-it-article-body__text--left\">Similar to Inishturk, Tory, which has a population of 141, is nine miles off the coast, with the crossing subject to difficult sea conditions over the winter months.<\/p>\n<p class=\"c-paragraph paywall b-it-article-body__text--left\">\u201cWe have just had a very good tourism season but the realities are that earlier this week, the scheduled ferry times had to be amended because of tides at Machaire Rabhartaigh,\u201d said U\u00ed Chearbhaill.<\/p>\n<p class=\"c-paragraph paywall b-it-article-body__text--left\">Calleary expressed his disappointment about the delays at Machaire Rabhartaigh, since the funding was provided by his department three years ago.<\/p>\n<p class=\"c-paragraph paywall b-it-article-body__text--left\">\u201cI am pleased to note that the council has this week advised my department that it now intends to proceed with the studies and officials from my department are due to meet Donegal County Council next week to agree a timeline for completion of the work within 12 months,\u201d he said.<\/p>\n<p class=\"c-paragraph paywall b-it-article-body__text--left\">On a positive note, U\u00ed Chearbhaill confirmed that whilst some families have considered moving off the island because of such issues, they haven\u2019t to date, with 21 pupils in the primary school and eleven in the secondary school.<\/p>\n<p class=\"c-paragraph paywall \">The anthropologist Robin Fox once wrote that \u201cTory represents a hymn to the human spirit\u201d: an accolade befitting of the country\u2019s other island communities.<\/p>\n","protected":false},"excerpt":{"rendered":"It might have just been the remnants of Hurricane Erin that hit the west coast on Monday, August&hellip;\n","protected":false},"author":2,"featured_media":61168,"comment_status":"","ping_status":"","sticky":false,"template":"","format":"standard","meta":{"footnotes":""},"categories":[40],"tags":[9,10,21560,6368,18,13,14,1878,6,19,17,26736,11,12,15,16,2354,5,7,8],"class_list":{"0":"post-61167","1":"post","2":"type-post","3":"status-publish","4":"format-standard","5":"has-post-thumbnail","7":"category-ireland","8":"tag-breaking-news","9":"tag-breakingnews","10":"tag-dara-calleary","11":"tag-donegal","12":"tag-eire","13":"tag-featured-news","14":"tag-featurednews","15":"tag-galway","16":"tag-headlines","17":"tag-ie","18":"tag-ireland","19":"tag-jack-chambers","20":"tag-latest-news","21":"tag-latestnews","22":"tag-main-news","23":"tag-mainnews","24":"tag-mayo","25":"tag-news","26":"tag-top-stories","27":"tag-topstories"},"share_on_mastodon":{"url":"","error":""},"_links":{"self":[{"href":"https:\/\/www.europesays.com\/ie\/wp-json\/wp\/v2\/posts\/61167","targetHints":{"allow":["GET"]}}],"collection":[{"href":"https:\/\/www.europesays.com\/ie\/wp-json\/wp\/v2\/posts"}],"about":[{"href":"https:\/\/www.europesays.com\/ie\/wp-json\/wp\/v2\/types\/post"}],"author":[{"embeddable":true,"href":"https:\/\/www.europesays.com\/ie\/wp-json\/wp\/v2\/users\/2"}],"replies":[{"embeddable":true,"href":"https:\/\/www.europesays.com\/ie\/wp-json\/wp\/v2\/comments?post=61167"}],"version-history":[{"count":0,"href":"https:\/\/www.europesays.com\/ie\/wp-json\/wp\/v2\/posts\/61167\/revisions"}],"wp:featuredmedia":[{"embeddable":true,"href":"https:\/\/www.europesays.com\/ie\/wp-json\/wp\/v2\/media\/61168"}],"wp:attachment":[{"href":"https:\/\/www.europesays.com\/ie\/wp-json\/wp\/v2\/media?parent=61167"}],"wp:term":[{"taxonomy":"category","embeddable":true,"href":"https:\/\/www.europesays.com\/ie\/wp-json\/wp\/v2\/categories?post=61167"},{"taxonomy":"post_tag","embeddable":true,"href":"https:\/\/www.europesays.com\/ie\/wp-json\/wp\/v2\/tags?post=61167"}],"curies":[{"name":"wp","href":"https:\/\/api.w.org\/{rel}","templated":true}]}}