{"id":626996,"date":"2026-08-08T11:46:16","date_gmt":"2026-08-08T11:46:16","guid":{"rendered":"https:\/\/www.europesays.com\/ie\/626996\/"},"modified":"2026-08-08T11:46:16","modified_gmt":"2026-08-08T11:46:16","slug":"turkish-musicians-join-recording-academys-grammy-voting-body","status":"publish","type":"post","link":"https:\/\/www.europesays.com\/ie\/626996\/","title":{"rendered":"Turkish musicians join Recording Academy\u2019s Grammy voting body"},"content":{"rendered":"<p>            ISTANBUL<br \/>\n<img decoding=\"async\" src=\"https:\/\/www.europesays.com\/ie\/wp-content\/uploads\/2026\/08\/6a75c4822f1329bc8150f336.jpg\" alt=\"Turkish musicians join Recording Academy\u2019s Grammy voting body\"\/>                <\/p>\n<p class=\"image-description\">This photo shows gold-plated Grammy trophies shaped like gramophones.<\/p>\n<p><a title=\"Turkish\" href=\"https:\/\/www.hurriyetdailynews.com\/index\/turkish\" rel=\"nofollow noopener\" target=\"_blank\">Turkish<\/a> <a title=\"composer\" href=\"https:\/\/www.hurriyetdailynews.com\/index\/composer\" rel=\"nofollow noopener\" target=\"_blank\">composer<\/a> Toygar I\u015f\u0131kl\u0131 and pianist-composer B\u00fc\u015fra Kay\u0131k\u00e7\u0131 have been admitted as Voting Members of the <a title=\"Recording Academy\" href=\"https:\/\/www.hurriyetdailynews.com\/index\/recording-academy\" rel=\"nofollow noopener\" target=\"_blank\">Recording Academy<\/a>, the organization behind the <a title=\"Grammy Awards\" href=\"https:\/\/www.hurriyetdailynews.com\/index\/grammy-awards\" rel=\"nofollow noopener\" target=\"_blank\">Grammy Awards<\/a>, marking a significant milestone for T\u00fcrkiye\u2019s representation in the global music industry.<\/p>\n<p>As voting members, I\u015f\u0131kl\u0131 and Kay\u0131k\u00e7\u0131 will participate in the nomination and final voting processes that determine Grammy Award recipients. Membership also enables them to contribute to various committees and working groups shaping the future of the international music industry.<\/p>\n<p>Founded in 1957, the Recording Academy is regarded as one of the world\u2019s most influential music organizations, bringing together accomplished professionals whose membership is granted on the basis of artistic achievement, technical expertise and industry experience. Its members play a central role in evaluating recordings across genres and selecting Grammy nominees and winners.<\/p>\n<p>I\u015f\u0131kl\u0131 is one of T\u00fcrkiye\u2019s best-known screen composers, recognized for creating the scores of acclaimed television dramas including Ezel, Karaday\u0131, Magnificent Century (Muhte\u015fem Y\u00fczy\u0131l), \u00c7ukur, Insider (\u0130\u00e7erde) and Endless Love (Kara Sevda). His work has earned numerous domestic and international awards, while in recent years he has expanded his career through collaborations on projects abroad.<\/p>\n<p>Kay\u0131k\u00e7\u0131, whose minimalist compositions blend classical traditions with contemporary influences, initially studied architecture before pursuing music professionally. She has performed in concert halls across Europe and built an international audience through her original albums and compositions, gaining recognition for her distinctive piano-driven sound.<\/p>\n<p>In addition, Turkish pop singer Edis G\u00f6rg\u00fcl\u00fc has also announced that he is among the Recording Academy\u2019s voting members. Sharing the news on social media, the artist described the invitation as \u201can honor\u201d and thanked the Academy for welcoming him.<\/p>\n<p>The Recording Academy has over 13,000 voting members who participate in the Grammy Awards voting process.<\/p>\n","protected":false},"excerpt":{"rendered":"ISTANBUL This photo shows gold-plated Grammy trophies shaped like gramophones. Turkish composer Toygar I\u015f\u0131kl\u0131 and pianist-composer B\u00fc\u015fra Kay\u0131k\u00e7\u0131&hellip;\n","protected":false},"author":2,"featured_media":626997,"comment_status":"","ping_status":"","sticky":false,"template":"","format":"standard","meta":{"footnotes":"","_share_on_mastodon":"0"},"categories":[264],"tags":[264745,18,117,10434,19,17,337,11557,79038],"class_list":["post-626996","post","type-post","status-publish","format-standard","has-post-thumbnail","category-music","tag-composer","tag-eire","tag-entertainment","tag-grammy-awards","tag-ie","tag-ireland","tag-music","tag-recording-academy","tag-turkish"],"share_on_mastodon":{"url":"https:\/\/pubeurope.com\/@ie\/117059727802235355","error":""},"_links":{"self":[{"href":"https:\/\/www.europesays.com\/ie\/wp-json\/wp\/v2\/posts\/626996","targetHints":{"allow":["GET"]}}],"collection":[{"href":"https:\/\/www.europesays.com\/ie\/wp-json\/wp\/v2\/posts"}],"about":[{"href":"https:\/\/www.europesays.com\/ie\/wp-json\/wp\/v2\/types\/post"}],"author":[{"embeddable":true,"href":"https:\/\/www.europesays.com\/ie\/wp-json\/wp\/v2\/users\/2"}],"replies":[{"embeddable":true,"href":"https:\/\/www.europesays.com\/ie\/wp-json\/wp\/v2\/comments?post=626996"}],"version-history":[{"count":0,"href":"https:\/\/www.europesays.com\/ie\/wp-json\/wp\/v2\/posts\/626996\/revisions"}],"wp:featuredmedia":[{"embeddable":true,"href":"https:\/\/www.europesays.com\/ie\/wp-json\/wp\/v2\/media\/626997"}],"wp:attachment":[{"href":"https:\/\/www.europesays.com\/ie\/wp-json\/wp\/v2\/media?parent=626996"}],"wp:term":[{"taxonomy":"category","embeddable":true,"href":"https:\/\/www.europesays.com\/ie\/wp-json\/wp\/v2\/categories?post=626996"},{"taxonomy":"post_tag","embeddable":true,"href":"https:\/\/www.europesays.com\/ie\/wp-json\/wp\/v2\/tags?post=626996"}],"curies":[{"name":"wp","href":"https:\/\/api.w.org\/{rel}","templated":true}]}}