{"id":62911,"date":"2025-09-14T04:39:17","date_gmt":"2025-09-14T04:39:17","guid":{"rendered":"https:\/\/www.europesays.com\/ie\/62911\/"},"modified":"2025-09-14T04:39:17","modified_gmt":"2025-09-14T04:39:17","slug":"turkiye-expects-2-4-drop-in-energy-bill-in-2025-on-rising-output","status":"publish","type":"post","link":"https:\/\/www.europesays.com\/ie\/62911\/","title":{"rendered":"T\u00fcrkiye expects 2.4% drop in energy bill in 2025 on rising output"},"content":{"rendered":"<p>T\u00fcrkiye&#8217;s energy import bill is projected to decline by 2.4% year-over-year by the end of 2025, according to the country&#8217;s updated medium-term program (MTP).<\/p>\n<p>The bill is seen falling to $64 billion, compared to $65.6 billion last year. Brent crude oil prices, which averaged $80.5 per barrel in 2024, are expected to close this year at around $70.<\/p>\n<p>B\u00fc\u015fra Zeynep \u00d6zdemir, an energy researcher at the Foundation for Political, Economic and Social Research (SETA), said the projected decline is largely driven by a rise in domestic energy production.<\/p>\n<p>&#8220;Growth in electricity generation is just one of the drivers of this decline,&#8221; \u00d6zdemir told Anadolu Agency (AA).<\/p>\n<p>In the first half of 2025, T\u00fcrkiye\u2019s electricity output rose about 5% year-over-year, from 163,493 gigawatt-hours to 171,348 gigawatt-hours, according to the Energy Market Regulatory Authority (EPDK).<\/p>\n<p>Installed capacity reached 119,632 megawatts in June, up from 113,252 megawatts a year earlier. Most of the growth came from renewables, particularly solar and wind, with renewable capacity rising from 66,212 megawatts to 72,544 megawatts.<\/p>\n<p>Oil production climbed from 3 million barrels in the first half of 2024 to 4 million barrels in the same period this year, largely due to the Gabar field in southeastern T\u00fcrkiye.<\/p>\n<p>&#8220;We expect this upward trend to continue with new exploration and production activities both domestically and abroad,&#8221; \u00d6zdemir said.<\/p>\n<p>Natural gas output also increased, from 203 million cubic meters in December 2024 to 288 million cubic meters in July 2025.<\/p>\n<p>&#8220;With new wells being drilled in the Sakarya Gas Field and the planned commissioning of the floating production unit Osman Gazi next year, we anticipate production will grow substantially,&#8221; \u00d6zdemir added.<\/p>\n<p><strong>Falling Asian demand pressures prices<\/strong><\/p>\n<p>\u00d6zdemir noted that weaker international oil and gas prices have also eased import costs, citing the role of supply-demand dynamics.<\/p>\n<p>&#8220;Brent crude remaining around $70 per barrel by year-end will support the decline in the import bill,&#8221; she said.<\/p>\n<p>Falling hydrocarbon demand, particularly in Asia, has driven prices lower for European buyers seeking alternative suppliers in the wake of the Russia-Ukraine war, she noted.<\/p>\n<p>&#8220;Although ongoing conflicts in the Gulf, Israel&#8217;s intensifying war, and military interventions extending to Lebanon, Yemen, Iran and most recently Qatar have briefly lifted oil prices, expanded supply amid weakening demand has pushed them back down,&#8221; she added.<\/p>\n<p><strong>Transition targets to cut import dependence<\/strong><\/p>\n<p>T\u00fcrkiye has updated its 2035 energy targets in line with its 2053 net-zero emissions goal, with wind and solar capacity expected to reach 120,000 megawatts.<\/p>\n<p>\u00d6zdemir noted that the first reactor of the Akkuyu Nuclear Power Plant, scheduled to come online in 2026, will further reduce reliance on thermal power.<\/p>\n<p>Once fully operational in 2030, the plant is expected to significantly cut fossil fuel-based energy imports.<\/p>\n<p>                    <img fetchpriority=\"high\" decoding=\"async\" src=\"https:\/\/www.europesays.com\/ie\/wp-content\/uploads\/2025\/08\/JN9LXf.png\" alt=\"\"\/><\/p>\n<p>\n                    The Daily Sabah Newsletter\n                <\/p>\n<p>\n                    Keep up to date with what\u2019s happening in Turkey,<br \/>\n                    it\u2019s region and the world.\n                <\/p>\n<p>                    SIGN ME UP\n                <\/p>\n<p>\n                    You can unsubscribe at any time. By signing up you are agreeing to our Terms of Use and Privacy Policy.<br \/>\n                    This site is protected by reCAPTCHA and the Google Privacy Policy and Terms of Service apply.\n                <\/p>\n","protected":false},"excerpt":{"rendered":"T\u00fcrkiye&#8217;s energy import bill is projected to decline by 2.4% year-over-year by the end of 2025, according to&hellip;\n","protected":false},"author":2,"featured_media":62912,"comment_status":"","ping_status":"","sticky":false,"template":"","format":"standard","meta":{"footnotes":""},"categories":[174],"tags":[79,179,18,7520,44547,19,17,2246],"class_list":{"0":"post-62911","1":"post","2":"type-post","3":"status-publish","4":"format-standard","5":"has-post-thumbnail","7":"category-economy","8":"tag-business","9":"tag-economy","10":"tag-eire","11":"tag-energy","12":"tag-energy-imports","13":"tag-ie","14":"tag-ireland","15":"tag-turkiye"},"share_on_mastodon":{"url":"","error":""},"_links":{"self":[{"href":"https:\/\/www.europesays.com\/ie\/wp-json\/wp\/v2\/posts\/62911","targetHints":{"allow":["GET"]}}],"collection":[{"href":"https:\/\/www.europesays.com\/ie\/wp-json\/wp\/v2\/posts"}],"about":[{"href":"https:\/\/www.europesays.com\/ie\/wp-json\/wp\/v2\/types\/post"}],"author":[{"embeddable":true,"href":"https:\/\/www.europesays.com\/ie\/wp-json\/wp\/v2\/users\/2"}],"replies":[{"embeddable":true,"href":"https:\/\/www.europesays.com\/ie\/wp-json\/wp\/v2\/comments?post=62911"}],"version-history":[{"count":0,"href":"https:\/\/www.europesays.com\/ie\/wp-json\/wp\/v2\/posts\/62911\/revisions"}],"wp:featuredmedia":[{"embeddable":true,"href":"https:\/\/www.europesays.com\/ie\/wp-json\/wp\/v2\/media\/62912"}],"wp:attachment":[{"href":"https:\/\/www.europesays.com\/ie\/wp-json\/wp\/v2\/media?parent=62911"}],"wp:term":[{"taxonomy":"category","embeddable":true,"href":"https:\/\/www.europesays.com\/ie\/wp-json\/wp\/v2\/categories?post=62911"},{"taxonomy":"post_tag","embeddable":true,"href":"https:\/\/www.europesays.com\/ie\/wp-json\/wp\/v2\/tags?post=62911"}],"curies":[{"name":"wp","href":"https:\/\/api.w.org\/{rel}","templated":true}]}}