{"id":66139,"date":"2025-09-15T20:16:11","date_gmt":"2025-09-15T20:16:11","guid":{"rendered":"https:\/\/www.europesays.com\/ie\/66139\/"},"modified":"2025-09-15T20:16:11","modified_gmt":"2025-09-15T20:16:11","slug":"prime-video-rtl-team-to-return-gladiators-to-germany","status":"publish","type":"post","link":"https:\/\/www.europesays.com\/ie\/66139\/","title":{"rendered":"Prime Video &#038; RTL Team To Return &#8216;Gladiators&#8217; To Germany"},"content":{"rendered":"<p class=\"paragraph larva \/\/ lrv-u-margin-lr-auto     \">\n\t<a href=\"https:\/\/deadline.com\/tag\/gladiators\/\" id=\"auto-tag_gladiators\" data-tag=\"gladiators\" rel=\"nofollow noopener\" target=\"_blank\">Gladiators<\/a>, ready! <\/p>\n<p class=\"paragraph larva \/\/ lrv-u-margin-lr-auto     \">\n\t<a href=\"https:\/\/deadline.com\/tag\/rtl\/\" id=\"auto-tag_rtl\" data-tag=\"rtl\" rel=\"nofollow noopener\" target=\"_blank\">RTL<\/a> and <a href=\"https:\/\/deadline.com\/tag\/prime-video\/\" id=\"auto-tag_prime-video\" data-tag=\"prime-video\" rel=\"nofollow noopener\" target=\"_blank\">Prime Video<\/a> are team to bring Gladiators back to Germany after three decades. Known locally as Gladiators \u2013 Die Show der Giganten (Gladiators \u2013 The Show of Giants), production on a German series will begin in spring 2026 at the D\u00fcsseldorf Exhibition Center.<\/p>\n<p class=\"paragraph larva \/\/ lrv-u-margin-lr-auto     \">\n\tGladiators was last on air in Germany, on RTL, between 1992 and 1994 as <a href=\"https:\/\/deadline.com\/tag\/american-gladiators\/\" id=\"auto-tag_american-gladiators\" data-tag=\"american-gladiators\" rel=\"nofollow noopener\" target=\"_blank\">American Gladiators<\/a> but is now having a comeback, which <a href=\"https:\/\/deadline.com\/tag\/rtl-studios\/\" id=\"auto-tag_rtl-studios\" data-tag=\"rtl-studios\" rel=\"nofollow noopener\" target=\"_blank\">RTL Studios<\/a> will produce. Amazon is <a href=\"https:\/\/deadline.com\/2024\/06\/american-gladiators-reboot-amazon-1235957444\/\" rel=\"nofollow noopener\" target=\"_blank\">set to relaunch the format on Prime Video in the U.S.<\/a>, while the BBC has found ratings success rebooting it in the UK.<\/p>\n<p class=\"paragraph larva \/\/ lrv-u-margin-lr-auto     \">\n\tThe order marks the latest example of streamers and traditional networks teaming to get shows into production amid a challenging marketplace.<\/p>\n<p class=\"paragraph larva \/\/ lrv-u-margin-lr-auto     \">\n\tEpisodes will first launch on Prime Video before airing a month later on RTL\u2019s free TV channel. RTL+, the broadcaster\u2019s streaming service, will launch them slightly before their free-to-air debuts. Amazon MGM Studios owns the rights to the Gladiators format through its acquisition of MGM.<\/p>\n<p class=\"paragraph larva \/\/ lrv-u-margin-lr-auto     \">\n\tChristoph Schneider, Country Director of Prime Video Germany: \u201cThrough the collaboration between Prime Video and RTL, we are bringing back an iconic brand: Gladiators is returning to screens as a German adaptation of the popular U.S. hit format from the 1990s. <\/p>\n<p class=\"paragraph larva \/\/ lrv-u-margin-lr-auto     \">\n\t\u201cThis collaboration demonstrates how streaming and traditional TV can work together to breathe new life into beloved brands \u2013 with the goal of offering our customers the best entertainment.\u201d<\/p>\n<p class=\"paragraph larva \/\/ lrv-u-margin-lr-auto     \">\n\tInga Leschek, Chief Content Officer of RTL Germany, added: \u201cGladiators stands for strength, endurance, emotion \u2013 and for television that packs a punch. Together with Prime Video, we are opening a new chapter for this iconic format. Through the collaboration of RTL, RTL+, and Prime Video, we are combining our strengths and bringing the spectacle back to screens in a fresh, contemporary production \u2013 more intense, more energetic, and with everything that defines Gladiators.\u201d<\/p>\n<p class=\"paragraph larva \/\/ lrv-u-margin-lr-auto     \">\n\tRTL Studios will produce with exec producers Sabine Stark and Thorsten Gieselmann and head of production Sandra W\u00e4chtersh\u00e4user overseeing the editorial, under the direction of RTL Head of Entertainment Markus K\u00fcttner.<\/p>\n<p class=\"paragraph larva \/\/ lrv-u-margin-lr-auto     \">\n\tThe format was created by\u00a0Johnny C. Ferraro after he and Dan Carr came up with the original concept for the competition event. Each episode sees contestants going against each other and the \u2018gladiators\u2019 \u2013 usually bodybuilders and strength athletes \u2013 in events such as Hang Tough and Gauntlet before facing off for a final time in The Eliminator, a notoriously tricky obstacle course. <\/p>\n","protected":false},"excerpt":{"rendered":"Gladiators, ready! RTL and Prime Video are team to bring Gladiators back to Germany after three decades. Known&hellip;\n","protected":false},"author":2,"featured_media":66140,"comment_status":"","ping_status":"","sticky":false,"template":"","format":"standard","meta":{"footnotes":""},"categories":[265],"tags":[46408,18,117,46409,19,17,3973,46410,46411,128],"class_list":{"0":"post-66139","1":"post","2":"type-post","3":"status-publish","4":"format-standard","5":"has-post-thumbnail","7":"category-tv","8":"tag-american-gladiators","9":"tag-eire","10":"tag-entertainment","11":"tag-gladiators","12":"tag-ie","13":"tag-ireland","14":"tag-prime-video","15":"tag-rtl","16":"tag-rtl-studios","17":"tag-tv"},"share_on_mastodon":{"url":"","error":""},"_links":{"self":[{"href":"https:\/\/www.europesays.com\/ie\/wp-json\/wp\/v2\/posts\/66139","targetHints":{"allow":["GET"]}}],"collection":[{"href":"https:\/\/www.europesays.com\/ie\/wp-json\/wp\/v2\/posts"}],"about":[{"href":"https:\/\/www.europesays.com\/ie\/wp-json\/wp\/v2\/types\/post"}],"author":[{"embeddable":true,"href":"https:\/\/www.europesays.com\/ie\/wp-json\/wp\/v2\/users\/2"}],"replies":[{"embeddable":true,"href":"https:\/\/www.europesays.com\/ie\/wp-json\/wp\/v2\/comments?post=66139"}],"version-history":[{"count":0,"href":"https:\/\/www.europesays.com\/ie\/wp-json\/wp\/v2\/posts\/66139\/revisions"}],"wp:featuredmedia":[{"embeddable":true,"href":"https:\/\/www.europesays.com\/ie\/wp-json\/wp\/v2\/media\/66140"}],"wp:attachment":[{"href":"https:\/\/www.europesays.com\/ie\/wp-json\/wp\/v2\/media?parent=66139"}],"wp:term":[{"taxonomy":"category","embeddable":true,"href":"https:\/\/www.europesays.com\/ie\/wp-json\/wp\/v2\/categories?post=66139"},{"taxonomy":"post_tag","embeddable":true,"href":"https:\/\/www.europesays.com\/ie\/wp-json\/wp\/v2\/tags?post=66139"}],"curies":[{"name":"wp","href":"https:\/\/api.w.org\/{rel}","templated":true}]}}