{"id":664642,"date":"2026-08-31T04:54:08","date_gmt":"2026-08-31T04:54:08","guid":{"rendered":"https:\/\/www.europesays.com\/ie\/664642\/"},"modified":"2026-08-31T04:54:08","modified_gmt":"2026-08-31T04:54:08","slug":"liverpool-identify-yankuba-minteh-alternative","status":"publish","type":"post","link":"https:\/\/www.europesays.com\/ie\/664642\/","title":{"rendered":"Liverpool identify Yankuba Minteh alternative"},"content":{"rendered":"<p>Two bids, both returned unopened in spirit.<\/p>\n<p>Liverpool went to \u00a350m for Yankuba Minteh, then \u00a360m, and Brighton haven\u2019t shifted from a valuation reported at \u00a370m, with some briefings pushing it to \u00a380m.<\/p>\n<p>The awkward part is that Minteh can\u2019t play.<\/p>\n<p>He isn\u2019t expected back from injury until October, so Liverpool would be paying a club-record fee for a Championship-priced asset who arrives in a tracksuit, and Fabian Hurzeler has publicly urged him to think carefully about his next move.<\/p>\n<p>The need is real enough.<\/p>\n<p>Mohamed Salah left as a free agent and signed for Trabzonspor, and Liverpool have agreed Bradley Barcola from PSG for an initial \u00a3100m that could reach \u00a3120m, making him their second-most expensive signing behind Alexander Isak (\u00a3125m) and ahead of Florian Wirtz (\u00a3116m).<\/p>\n<p>Barcola is a left winger.<\/p>\n<p>Salah\u2019s side of the pitch is still open, with only Victor Munoz from Osasuna added in attack.<\/p>\n<p>Which brings in Khadim Diakhate.<\/p>\n<p>The Senegalese journalist reports that Liverpool intend to sign two wingers before the deadline: Isma\u00efla Sarr, plus either Minteh or Estevao.<\/p>\n<p>On Sarr, his camp is bullish, with a source close to the deal telling Diakhat\u00e9 the move is happening.<\/p>\n<p>Liverpool are expected to improve on the \u00a350m Crystal Palace rejected, though that next offer is being framed as their last.<\/p>\n<p>Palace have insisted they\u2019re keeping him, and Sarr missed Friday\u2019s defeat to Manchester City with a groin problem.<\/p>\n<p>Estevao is the name that reshapes the whole thing.<\/p>\n<p>Chelsea paid Palmeiras an initial \u00a329m in a deal agreed back in June 2024, and he\u2019s contracted at Stamford Bridge until 2033.<\/p>\n<p>Reports in May suggested that Liverpool were prepared to consider something in the \u20ac80m to \u20ac100m range for him as Salah\u2019s long-term successor.<\/p>\n<p>His first Premier League season doesn\u2019t obviously justify that.<\/p>\n<p>Two goals and two assists in 22 appearances, a lot of them off the bench, with 24 shots for 2.77 xG.<\/p>\n<p>The underlying numbers were better than the returns, and he\u2019s still 19, but nobody at Anfield is pretending it\u2019s a settled bet.<\/p>\n<p>The likelihood is low.<\/p>\n<p>Chelsea don\u2019t do favours for Liverpool, they have no contractual pressure with seven years left, and there\u2019s no scenario where they replace a Brazil international in 48 hours.<\/p>\n<p>It becomes plausible only if Chelsea suddenly need accounting profit before the books close, and even then they\u2019ve historically sold from the middle of the squad rather than the top.<\/p>\n<p>More probable is that Estevao functions as leverage.<\/p>\n<p>Brighton know Liverpool have options, real or briefed, and options soften asking prices.<\/p>\n<p>Palace know it too.<\/p>\n<p>What Liverpool actually have on Tuesday night is Barcola on one flank and a decision on the other, made under time pressure, on two wingers who are currently injured.<\/p>\n<blockquote class=\"twitter-tweet\">\n<p dir=\"ltr\" lang=\"fr\">\ud83d\udea8\ud83c\uddf8\ud83c\uddf3 Le clan d\u2019Isma\u00efla Sarr est CONFIANT pour Liverpool !<\/p>\n<p>Selon une source proche du dossier, \u00ab Iso, \u00e7a se fera \u00bb. L\u2019international s\u00e9n\u00e9galais aurait fait passer un message fort en interne et Liverpool devrait am\u00e9liorer son offre, mais ce serait la derni\u00e8re proposition des Reds.\u2026 <a href=\"https:\/\/t.co\/0WxAYUXYR5\" rel=\"nofollow\">pic.twitter.com\/0WxAYUXYR5<\/a><\/p>\n<p>\u2014 Khadim Diakhat\u00e9 (@Ahmadoubamba36) <a href=\"https:\/\/x.com\/Ahmadoubamba36\/status\/2094149586478600319?ref_src=twsrc%5Etfw\" rel=\"nofollow\">August 30, 2026<\/a><\/p>\n<\/blockquote>\n<p><strong>Want to get the latest Liverpool news direct to your phone? Join our WhatsApp community by <a href=\"https:\/\/whatsapp.com\/channel\/0029VaXUMEN3gvWctrNm2b0W\" rel=\"nofollow noopener\" target=\"_blank\">clicking here<\/a>.<\/strong><\/p>\n<p> <script async src=\"https:\/\/platform.twitter.com\/widgets.js\" charset=\"utf-8\"><\/script><\/p>\n","protected":false},"excerpt":{"rendered":"Two bids, both returned unopened in spirit. Liverpool went to \u00a350m for Yankuba Minteh, then \u00a360m, and Brighton&hellip;\n","protected":false},"author":2,"featured_media":664643,"comment_status":"","ping_status":"","sticky":false,"template":"","format":"standard","meta":{"footnotes":"","_share_on_mastodon":"0"},"categories":[3],"tags":[9,10,18,130474,13,14,6,19,17,11,12,15,16,5,7,8,274516],"class_list":["post-664642","post","type-post","status-publish","format-standard","has-post-thumbnail","category-headlines","tag-breaking-news","tag-breakingnews","tag-eire","tag-estevao","tag-featured-news","tag-featurednews","tag-headlines","tag-ie","tag-ireland","tag-latest-news","tag-latestnews","tag-main-news","tag-mainnews","tag-news","tag-top-stories","tag-topstories","tag-yankuba-minteh"],"share_on_mastodon":{"url":"https:\/\/pubeurope.com\/@ie\/117188340351250051","error":""},"_links":{"self":[{"href":"https:\/\/www.europesays.com\/ie\/wp-json\/wp\/v2\/posts\/664642","targetHints":{"allow":["GET"]}}],"collection":[{"href":"https:\/\/www.europesays.com\/ie\/wp-json\/wp\/v2\/posts"}],"about":[{"href":"https:\/\/www.europesays.com\/ie\/wp-json\/wp\/v2\/types\/post"}],"author":[{"embeddable":true,"href":"https:\/\/www.europesays.com\/ie\/wp-json\/wp\/v2\/users\/2"}],"replies":[{"embeddable":true,"href":"https:\/\/www.europesays.com\/ie\/wp-json\/wp\/v2\/comments?post=664642"}],"version-history":[{"count":0,"href":"https:\/\/www.europesays.com\/ie\/wp-json\/wp\/v2\/posts\/664642\/revisions"}],"wp:featuredmedia":[{"embeddable":true,"href":"https:\/\/www.europesays.com\/ie\/wp-json\/wp\/v2\/media\/664643"}],"wp:attachment":[{"href":"https:\/\/www.europesays.com\/ie\/wp-json\/wp\/v2\/media?parent=664642"}],"wp:term":[{"taxonomy":"category","embeddable":true,"href":"https:\/\/www.europesays.com\/ie\/wp-json\/wp\/v2\/categories?post=664642"},{"taxonomy":"post_tag","embeddable":true,"href":"https:\/\/www.europesays.com\/ie\/wp-json\/wp\/v2\/tags?post=664642"}],"curies":[{"name":"wp","href":"https:\/\/api.w.org\/{rel}","templated":true}]}}