{"id":664978,"date":"2026-08-31T09:54:11","date_gmt":"2026-08-31T09:54:11","guid":{"rendered":"https:\/\/www.europesays.com\/ie\/664978\/"},"modified":"2026-08-31T09:54:11","modified_gmt":"2026-08-31T09:54:11","slug":"traffic-restrictions-in-wicklow-as-eu-defence-and-foreign-ministers-meet-in-druids-glen","status":"publish","type":"post","link":"https:\/\/www.europesays.com\/ie\/664978\/","title":{"rendered":"Traffic restrictions in Wicklow as EU defence and foreign ministers meet in Druids Glen"},"content":{"rendered":"<p>TRAFFIC RESTRICTIONS ARE in place in Wicklow because EU defence and foreign affairs ministers are meeting in Druids Glen this week.<\/p>\n<p>The informal meetings are taking place over three days, from 31 August to 2 September, as Ireland plays host while holding the presidency of the Council of the European Union.\u00a0<\/p>\n<p>The attendees will be arriving today and tomorrow but there will be no disruptions to operations at Dublin Airport, a garda spokesperson said.\u00a0<\/p>\n<p>Roads adjacent to the Druids Glen Hotel and Golf Resort, including Woodstock Road, Creowen Road, Leabeg Lane, Kilmullin Lane, Kilquade Hill Road and the R772 (Killadrennan) will have traffic restrictions.<\/p>\n<p>\u201cAn Garda S\u00edoch\u00e1na is facilitating access for local residents and businesses. An Garda S\u00edoch\u00e1na has been in contact with affected premises,\u201d the spokesperson said.\u00a0<\/p>\n<p>\u201cThere may be limited garda motorcycle rolling road closures to facilitate security escorts in the area.\u201d<\/p>\n<p>Garda\u00ed are asking members of the public to follow instructions when encountering road closures.\u00a0<\/p>\n<p>Garda\u00ed have said they are working to ensure that the policing and security operation \u201cis proportionate to protect everyone\u2019s safety\u201d.<\/p>\n<p>\u201cWe ask members of the public to heed the advice and instructions of garda\u00ed, and we thank them for their cooperation,\u201d garda\u00ed said.\u00a0<\/p>\n<p>\u201cOperational plans are subject to change for security and operational reasons.\u201d<\/p>\n<p>Airspace restrictions are also in place, which include limitations on the flying of drones.\u00a0<\/p>\n<p>Garda\u00ed said drone pilots should check the <a href=\"https:\/\/www.iaa.ie\/\" rel=\"nofollow noopener\" target=\"_blank\">Irish Aviation Authority website<\/a> to check the restrictions.<\/p>\n<p>There is also an exclusion zone, as well as restrictions in an \u201couter control area\u201d, in the waters off the coast of Wicklow.<\/p>\n<p>This marine notice is issued solely to advise mariners of navigational restrictions arising from that temporary maritime exclusion zone and associated outer control area.<br \/>Marine notices are issued for maritime safety and navigation reasons.<\/p>\n<p>At the meetings this week, the Russian invasion of Ukraine is likely high on the agenda.\u00a0<\/p>\n<p>Last week, Taoiseach Miche\u00e1l Martin said that <a href=\"https:\/\/www.thejournal.ie\/coalition-of-the-willing-meeting-kyiv-7139730-Aug2026\/\" rel=\"nofollow noopener\" target=\"_blank\">one of Ireland\u2019s priorities<\/a> during the EU Presidency is to \u201cunequivocally back Ukraine as its people continue to courageously face down brutal Russian attacks\u201d.<\/p>\n<p>The government has also said that it will continue to support Ukraine\u2019s application to join the EU.\u00a0<\/p>\n<p>Albania, Moldova and Montenegro are also in the process of trying to join the bloc.\u00a0<\/p>\n<p>The ministers will also likely discuss the latest <a href=\"https:\/\/www.thejournal.ie\/iran-attacks-us-military-targets-in-retaliation-for-first-american-strikes-in-a-month-7147146-Aug2026\/\" rel=\"nofollow noopener\" target=\"_blank\">resumption of strikes<\/a> in the US war against Iran.\u00a0\u00a0<\/p>\n<p>Iran attacked US military targets in the Middle East today in retaliation for the first American strikes on its territory in a month.\u00a0<\/p>\n<p>Another issue up for discussion may be the ongoing spate of Israeli settler attacks against Palestinians in the occupied West Bank.\u00a0<\/p>\n<p>Dozens of Israeli settlers attacked the Palestinian village of Qusra in the northern occupied West Bank on Saturday after nearly three weeks of attacks in the area, drawing rare condemnation from Israeli prime minister Benjamin Netanyahu.<\/p>\n<p>The continuing search and rescue efforts in Nepal and Tibet will also likely feature in this week\u2019s discussions.\u00a0<\/p>\n<p>Over 900 people have been killed and another 4,700 are missing.\u00a0<\/p>\n<p>European Commission president Ursula von der Leyen announced last week that the EU was contributing \u20ac2 million in humanitarian aid for Nepal.\u00a0<\/p>\n<p>With reporting from AFP<\/p>\n","protected":false},"excerpt":{"rendered":"TRAFFIC RESTRICTIONS ARE in place in Wicklow because EU defence and foreign affairs ministers are meeting in Druids&hellip;\n","protected":false},"author":2,"featured_media":664979,"comment_status":"","ping_status":"","sticky":false,"template":"","format":"standard","meta":{"footnotes":"","_share_on_mastodon":"0"},"categories":[3],"tags":[9,10,32266,280899,18,99989,2219,13,14,25823,6,19,17,11,12,15,16,5,7,8,946],"class_list":["post-664978","post","type-post","status-publish","format-standard","has-post-thumbnail","category-headlines","tag-breaking-news","tag-breakingnews","tag-defence","tag-druids-glen","tag-eire","tag-eu-presidency","tag-european-union","tag-featured-news","tag-featurednews","tag-foreign-affairs","tag-headlines","tag-ie","tag-ireland","tag-latest-news","tag-latestnews","tag-main-news","tag-mainnews","tag-news","tag-top-stories","tag-topstories","tag-wicklow"],"share_on_mastodon":{"url":"","error":""},"_links":{"self":[{"href":"https:\/\/www.europesays.com\/ie\/wp-json\/wp\/v2\/posts\/664978","targetHints":{"allow":["GET"]}}],"collection":[{"href":"https:\/\/www.europesays.com\/ie\/wp-json\/wp\/v2\/posts"}],"about":[{"href":"https:\/\/www.europesays.com\/ie\/wp-json\/wp\/v2\/types\/post"}],"author":[{"embeddable":true,"href":"https:\/\/www.europesays.com\/ie\/wp-json\/wp\/v2\/users\/2"}],"replies":[{"embeddable":true,"href":"https:\/\/www.europesays.com\/ie\/wp-json\/wp\/v2\/comments?post=664978"}],"version-history":[{"count":0,"href":"https:\/\/www.europesays.com\/ie\/wp-json\/wp\/v2\/posts\/664978\/revisions"}],"wp:featuredmedia":[{"embeddable":true,"href":"https:\/\/www.europesays.com\/ie\/wp-json\/wp\/v2\/media\/664979"}],"wp:attachment":[{"href":"https:\/\/www.europesays.com\/ie\/wp-json\/wp\/v2\/media?parent=664978"}],"wp:term":[{"taxonomy":"category","embeddable":true,"href":"https:\/\/www.europesays.com\/ie\/wp-json\/wp\/v2\/categories?post=664978"},{"taxonomy":"post_tag","embeddable":true,"href":"https:\/\/www.europesays.com\/ie\/wp-json\/wp\/v2\/tags?post=664978"}],"curies":[{"name":"wp","href":"https:\/\/api.w.org\/{rel}","templated":true}]}}