{"id":6839,"date":"2025-08-18T10:13:13","date_gmt":"2025-08-18T10:13:13","guid":{"rendered":"https:\/\/www.europesays.com\/ie\/6839\/"},"modified":"2025-08-18T10:13:13","modified_gmt":"2025-08-18T10:13:13","slug":"liam-and-noel-gallagher-gave-fans-two-joyous-gigs-the-irish-times","status":"publish","type":"post","link":"https:\/\/www.europesays.com\/ie\/6839\/","title":{"rendered":"Liam and Noel Gallagher gave fans two joyous gigs \u2013 The Irish Times"},"content":{"rendered":"<p class=\"c-paragraph paywall \"><a href=\"https:\/\/www.irishtimes.com\/tags\/oasis\/\" target=\"_blank\" rel=\"noreferrer nofollow noopener\" title=\"https:\/\/www.irishtimes.com\/tags\/oasis\/\">Oasis<\/a> served up joyous, <a href=\"https:\/\/www.irishtimes.com\/culture\/music\/review\/2025\/08\/16\/oasis-at-croke-park-hello-hello-its-good-to-be-back-liam-gallagher-sings-to-82000-jubilant-air-punching-fans\/\" target=\"_blank\" rel=\"noreferrer nofollow noopener\" title=\"https:\/\/www.irishtimes.com\/culture\/music\/review\/2025\/08\/16\/oasis-at-croke-park-hello-hello-its-good-to-be-back-liam-gallagher-sings-to-82000-jubilant-air-punching-fans\/\">rousing anthems<\/a> in Dublin\u2019s Croke Park as part of their Live \u201925 reunion tour. <a href=\"https:\/\/www.irishtimes.com\/culture\/music\/2025\/08\/16\/oasis-fans-in-dublin-it-was-a-lot-of-money-but-its-also-a-once-in-a-lifetime-kind-of-thing\/\" target=\"_blank\" rel=\"noreferrer nofollow noopener\" title=\"https:\/\/www.irishtimes.com\/culture\/music\/2025\/08\/16\/oasis-fans-in-dublin-it-was-a-lot-of-money-but-its-also-a-once-in-a-lifetime-kind-of-thing\/\">Tens of thousands of fans descended on the capital<\/a> to see the \u201990s Britpop superstars\u2019 first gig in Ireland since 2009.<\/p>\n<p class=\"c-paragraph paywall \">\u201c<a href=\"https:\/\/www.irishtimes.com\/tags\/liam-gallagher\/\" target=\"_blank\" rel=\"noreferrer nofollow noopener\" title=\"https:\/\/www.irishtimes.com\/tags\/liam-gallagher\/\">Liam<\/a> and <a href=\"https:\/\/www.irishtimes.com\/tags\/noel-gallagher\/\" target=\"_blank\" rel=\"noreferrer nofollow noopener\" title=\"https:\/\/www.irishtimes.com\/tags\/noel-gallagher\/\">Noel Gallagher<\/a> knocked it out of Croke Park on a barnstorming, air-punching, controversy-proof night that transcends nostalgia and delivers a whopping dose of catharsis,\u201d wrote Laura Slattery in <a href=\"https:\/\/www.irishtimes.com\/culture\/music\/review\/2025\/08\/16\/oasis-at-croke-park-hello-hello-its-good-to-be-back-liam-gallagher-sings-to-82000-jubilant-air-punching-fans\/\" target=\"_blank\" rel=\"noreferrer nofollow noopener\" title=\"https:\/\/www.irishtimes.com\/culture\/music\/review\/2025\/08\/16\/oasis-at-croke-park-hello-hello-its-good-to-be-back-liam-gallagher-sings-to-82000-jubilant-air-punching-fans\/\">her review of the gig<\/a>. <\/p>\n<p class=\"c-paragraph paywall \">Here is the weekend in pictures. <\/p>\n<p><img decoding=\"async\" data-chromatic=\"ignore\" alt=\"Oasis at Croke Park: Liam and Noel Gallagher lead a rousing evening of anthems on the first of two nights at the stadium. Photograph: Dan Dennison\" class=\"c-image\" loading=\"lazy\" src=\"https:\/\/www.europesays.com\/ie\/wp-content\/uploads\/2025\/08\/1755511990_301_J6RJJ6HSCRASXHZTBYOCCSKIRU.jpg\"   width=\"800\" height=\"533\"\/>Oasis at Croke Park: Liam and Noel Gallagher lead a rousing evening of anthems on the first of two nights at the stadium. Photograph: Dan Dennison <img decoding=\"async\" data-chromatic=\"ignore\" alt=\"Liam Gallagher of Oasis at Croke Park. Photograph: Dan Dennison\" class=\"c-image\" loading=\"lazy\" src=\"https:\/\/www.europesays.com\/ie\/wp-content\/uploads\/2025\/08\/1755511990_878_SSPRNBHVJFFVVMOY5SSD6TKLFM.jpg\"   width=\"800\" height=\"533\"\/>Liam Gallagher of Oasis at Croke Park. Photograph: Dan Dennison <img decoding=\"async\" data-chromatic=\"ignore\" alt=\"Fans of Oasis during the band's first gig at Croke Park. Photograph: Dan Dennison\" class=\"c-image\" loading=\"lazy\" src=\"https:\/\/www.europesays.com\/ie\/wp-content\/uploads\/2025\/08\/1755511990_239_4S4BEGO54JHVRDN3JRTL6JCK4A.jpg\"   width=\"800\" height=\"533\"\/>Fans of Oasis during the band&#8217;s first gig at Croke Park. Photograph: Dan Dennison <img decoding=\"async\" data-chromatic=\"ignore\" alt=\"Oasis at Croke Park: Liam and Noel Gallagher lead a rousing evening of anthems on the first of two nights at the stadium. Photograph: Dan Dennison\" class=\"c-image\" loading=\"lazy\" src=\"https:\/\/www.europesays.com\/ie\/wp-content\/uploads\/2025\/08\/1755511990_28_B6ABH5BKORG5XPCI6ZLQ2FIRE4.jpg\"   width=\"800\" height=\"533\"\/>Oasis at Croke Park: Liam and Noel Gallagher lead a rousing evening of anthems on the first of two nights at the stadium. Photograph: Dan Dennison <img decoding=\"async\" data-chromatic=\"ignore\" alt=\"Liam Gallagher of Oasis at Croke Park. Photograph: Dan Dennison\" class=\"c-image\" loading=\"lazy\" src=\"https:\/\/www.europesays.com\/ie\/wp-content\/uploads\/2025\/08\/1755511991_594_UYLJFM3JNBEZVGKLOGX4LZU63I.jpg\"   width=\"800\" height=\"533\"\/>Liam Gallagher of Oasis at Croke Park. Photograph: Dan Dennison <img decoding=\"async\" data-chromatic=\"ignore\" alt=\"Fans of Oasis during the band's first gig at Croke Park. Photograph: Dan Dennison\" class=\"c-image\" loading=\"lazy\" src=\"https:\/\/www.europesays.com\/ie\/wp-content\/uploads\/2025\/08\/1755511991_153_H3PB5TTIARFJTBLXRKWT76Q5W4.jpg\"   width=\"800\" height=\"533\"\/>Fans of Oasis during the band&#8217;s first gig at Croke Park. Photograph: Dan Dennison <img decoding=\"async\" data-chromatic=\"ignore\" alt=\"Setanta S&#xE9; &#xD3; Broin and dad Stiof&#xE1;n &#xD3; Broin from Drumcondra, Dublin 9, listen to Oasis on the streets around Croke Park. Photograph: Dan Dennison\" class=\"c-image\" loading=\"lazy\" src=\"https:\/\/www.europesays.com\/ie\/wp-content\/uploads\/2025\/08\/TL3IAWEV6RGHRDWTC5ZIZNP6NE.jpg\"   width=\"800\" height=\"600\"\/>Setanta S\u00e9 \u00d3 Broin and dad Stiof\u00e1n \u00d3 Broin from Drumcondra, Dublin 9, listen to Oasis on the streets around Croke Park. Photograph: Dan Dennison <img decoding=\"async\" data-chromatic=\"ignore\" alt=\"Croke Park was sold out for two nights. Photograph: Dan Dennison\" class=\"c-image\" loading=\"lazy\" src=\"https:\/\/www.europesays.com\/ie\/wp-content\/uploads\/2025\/08\/AD3ITUFNHBGMHN6A32SLBYAJWI.jpg\"   width=\"800\" height=\"533\"\/>Croke Park was sold out for two nights. Photograph: Dan Dennison <img decoding=\"async\" data-chromatic=\"ignore\" alt=\"Come on you boys in green? Oasis fans emphasise the Gallagher brothers' Irish roots. Photograph: Dan Dennison\" class=\"c-image\" loading=\"lazy\" src=\"https:\/\/www.europesays.com\/ie\/wp-content\/uploads\/2025\/08\/I2KMJLYZTRD2NNWMAG6LLWPX5Q.jpg\"   width=\"800\" height=\"533\"\/>Come on you boys in green? Oasis fans emphasise the Gallagher brothers&#8217; Irish roots. Photograph: Dan Dennison <img decoding=\"async\" data-chromatic=\"ignore\" alt=\"Fans without tickets listen to Oasis from outside Croke Park on night two. Photograph: Dan Dennison\" class=\"c-image\" loading=\"lazy\" src=\"https:\/\/www.europesays.com\/ie\/wp-content\/uploads\/2025\/08\/XPNRJWCL4JBSTM335IEWVB3ZPU.jpg\"   width=\"800\" height=\"533\"\/>Fans without tickets listen to Oasis from outside Croke Park on night two. Photograph: Dan Dennison <img decoding=\"async\" data-chromatic=\"ignore\" alt=\"For many without tickets the opportunity to at least listen to the band was too hard to pass up. Photograph: Dan Dennison\" class=\"c-image\" loading=\"lazy\" src=\"https:\/\/www.europesays.com\/ie\/wp-content\/uploads\/2025\/08\/IBU5LBTTTNFDXKGJR4IW2ISAJY.jpg\"   width=\"800\" height=\"533\"\/>For many without tickets the opportunity to at least listen to the band was too hard to pass up. Photograph: Dan Dennison <img decoding=\"async\" data-chromatic=\"ignore\" alt=\"While those inside were treated to the whole show. Photograph: Dan Dennison\" class=\"c-image\" loading=\"lazy\" src=\"https:\/\/www.europesays.com\/ie\/wp-content\/uploads\/2025\/08\/1755511992_534_OX7W4AA6PRCXBGOYHNZUXZRTOY.jpg\"   width=\"800\" height=\"533\"\/>While those inside were treated to the whole show. Photograph: Dan Dennison <img decoding=\"async\" data-chromatic=\"ignore\" alt=\"Oasis on stage at Croke Park on Saturday, the first of their two Dublin shows. Photograph: Big Brother Recordings\" class=\"c-image\" loading=\"lazy\" src=\"https:\/\/www.europesays.com\/ie\/wp-content\/uploads\/2025\/08\/1755511993_812_WREPDNLS7BCKBKRFML3UMQPFTQ.jpg\"   width=\"800\" height=\"533\"\/>Oasis on stage at Croke Park on Saturday, the first of their two Dublin shows. Photograph: Big Brother Recordings <img decoding=\"async\" data-chromatic=\"ignore\" alt=\"There was a party atmosphere on the streets of Dublin. Photograph: Dan Dennison\" class=\"c-image\" loading=\"lazy\" src=\"https:\/\/www.europesays.com\/ie\/wp-content\/uploads\/2025\/08\/PGNDMC3EJBAFJHEGPJG6DYQZAM.jpg\"   width=\"800\" height=\"533\"\/>There was a party atmosphere on the streets of Dublin. Photograph: Dan Dennison <img decoding=\"async\" data-chromatic=\"ignore\" alt=\"The Gallagher brothers on stage at Croke Park. Photograph: Harriet TK Bols\/Big Brother Recordings\" class=\"c-image\" loading=\"lazy\" src=\"https:\/\/www.europesays.com\/ie\/wp-content\/uploads\/2025\/08\/1755511993_177_4VW4DSZJPNBNTP2KPX6IHTDSKE.jpg\"   width=\"800\" height=\"533\"\/>The Gallagher brothers on stage at Croke Park. Photograph: Harriet TK Bols\/Big Brother Recordings <\/p>\n","protected":false},"excerpt":{"rendered":"Oasis served up joyous, rousing anthems in Dublin\u2019s Croke Park as part of their Live \u201925 reunion tour.&hellip;\n","protected":false},"author":2,"featured_media":6840,"comment_status":"","ping_status":"","sticky":false,"template":"","format":"standard","meta":{"footnotes":""},"categories":[75],"tags":[1007,52,18,117,19,17,1006,1005,1004],"class_list":{"0":"post-6839","1":"post","2":"type-post","3":"status-publish","4":"format-standard","5":"has-post-thumbnail","7":"category-entertainment","8":"tag-croke-park","9":"tag-dublin","10":"tag-eire","11":"tag-entertainment","12":"tag-ie","13":"tag-ireland","14":"tag-liam-gallagher","15":"tag-noel-gallagher","16":"tag-oasis"},"share_on_mastodon":{"url":"","error":""},"_links":{"self":[{"href":"https:\/\/www.europesays.com\/ie\/wp-json\/wp\/v2\/posts\/6839","targetHints":{"allow":["GET"]}}],"collection":[{"href":"https:\/\/www.europesays.com\/ie\/wp-json\/wp\/v2\/posts"}],"about":[{"href":"https:\/\/www.europesays.com\/ie\/wp-json\/wp\/v2\/types\/post"}],"author":[{"embeddable":true,"href":"https:\/\/www.europesays.com\/ie\/wp-json\/wp\/v2\/users\/2"}],"replies":[{"embeddable":true,"href":"https:\/\/www.europesays.com\/ie\/wp-json\/wp\/v2\/comments?post=6839"}],"version-history":[{"count":0,"href":"https:\/\/www.europesays.com\/ie\/wp-json\/wp\/v2\/posts\/6839\/revisions"}],"wp:featuredmedia":[{"embeddable":true,"href":"https:\/\/www.europesays.com\/ie\/wp-json\/wp\/v2\/media\/6840"}],"wp:attachment":[{"href":"https:\/\/www.europesays.com\/ie\/wp-json\/wp\/v2\/media?parent=6839"}],"wp:term":[{"taxonomy":"category","embeddable":true,"href":"https:\/\/www.europesays.com\/ie\/wp-json\/wp\/v2\/categories?post=6839"},{"taxonomy":"post_tag","embeddable":true,"href":"https:\/\/www.europesays.com\/ie\/wp-json\/wp\/v2\/tags?post=6839"}],"curies":[{"name":"wp","href":"https:\/\/api.w.org\/{rel}","templated":true}]}}