{"id":70925,"date":"2025-09-18T05:09:09","date_gmt":"2025-09-18T05:09:09","guid":{"rendered":"https:\/\/www.europesays.com\/ie\/70925\/"},"modified":"2025-09-18T05:09:09","modified_gmt":"2025-09-18T05:09:09","slug":"jose-carlos-diaz-named-chief-curator-of-perez-art-museum-miami","status":"publish","type":"post","link":"https:\/\/www.europesays.com\/ie\/70925\/","title":{"rendered":"Jos\u00e9 Carlos Diaz Named Chief Curator of P\u00e9rez Art Museum Miami"},"content":{"rendered":"<p>Jos\u00e9 Carlos Diaz Named Chief Curator of P\u00e9rez Art Museum Miami<\/p>\n<p>ad<\/p>\n","protected":false},"excerpt":{"rendered":"Jos\u00e9 Carlos Diaz Named Chief Curator of P\u00e9rez Art Museum Miami ad\n","protected":false},"author":2,"featured_media":70926,"comment_status":"","ping_status":"","sticky":false,"template":"","format":"standard","meta":{"footnotes":""},"categories":[267],"tags":[3312,365,362,363,364,366,18,117,19,17,47694,48935],"class_list":{"0":"post-70925","1":"post","2":"type-post","3":"status-publish","4":"format-standard","5":"has-post-thumbnail","7":"category-arts-and-design","8":"tag-appointments","9":"tag-arts","10":"tag-arts-and-design","11":"tag-artsanddesign","12":"tag-artsdesign","13":"tag-design","14":"tag-eire","15":"tag-entertainment","16":"tag-ie","17":"tag-ireland","18":"tag-josu00e9-carlos-diaz","19":"tag-pu00e9rez-art-museum-miami"},"share_on_mastodon":{"url":"","error":""},"_links":{"self":[{"href":"https:\/\/www.europesays.com\/ie\/wp-json\/wp\/v2\/posts\/70925","targetHints":{"allow":["GET"]}}],"collection":[{"href":"https:\/\/www.europesays.com\/ie\/wp-json\/wp\/v2\/posts"}],"about":[{"href":"https:\/\/www.europesays.com\/ie\/wp-json\/wp\/v2\/types\/post"}],"author":[{"embeddable":true,"href":"https:\/\/www.europesays.com\/ie\/wp-json\/wp\/v2\/users\/2"}],"replies":[{"embeddable":true,"href":"https:\/\/www.europesays.com\/ie\/wp-json\/wp\/v2\/comments?post=70925"}],"version-history":[{"count":0,"href":"https:\/\/www.europesays.com\/ie\/wp-json\/wp\/v2\/posts\/70925\/revisions"}],"wp:featuredmedia":[{"embeddable":true,"href":"https:\/\/www.europesays.com\/ie\/wp-json\/wp\/v2\/media\/70926"}],"wp:attachment":[{"href":"https:\/\/www.europesays.com\/ie\/wp-json\/wp\/v2\/media?parent=70925"}],"wp:term":[{"taxonomy":"category","embeddable":true,"href":"https:\/\/www.europesays.com\/ie\/wp-json\/wp\/v2\/categories?post=70925"},{"taxonomy":"post_tag","embeddable":true,"href":"https:\/\/www.europesays.com\/ie\/wp-json\/wp\/v2\/tags?post=70925"}],"curies":[{"name":"wp","href":"https:\/\/api.w.org\/{rel}","templated":true}]}}