{"id":74957,"date":"2025-09-20T08:27:12","date_gmt":"2025-09-20T08:27:12","guid":{"rendered":"https:\/\/www.europesays.com\/ie\/74957\/"},"modified":"2025-09-20T08:27:12","modified_gmt":"2025-09-20T08:27:12","slug":"new-solar-farm-planned-for-tipperary-could-power-almost-47000-homes","status":"publish","type":"post","link":"https:\/\/www.europesays.com\/ie\/74957\/","title":{"rendered":"New solar farm planned for Tipperary could power almost 47,000 homes"},"content":{"rendered":"<p><img decoding=\"async\" alt=\"An artist's impression of what the solar farm would look like from Boscabel. Photo: Tipperary County Council planning portal.\" src=\"https:\/\/www.europesays.com\/ie\/wp-content\/uploads\/2025\/09\/RG Boscabel solar.jpg\" loading=\"eager\" width=\"100%\" data-testid=\"article-image\"  \/><\/p>\n<p class=\"indo-ebe0ecc6_root indo-ebe0ecc6_caption1 indo-300db776_none indo-91174671_secondary indo-66f0fec7_regular indo-1d70522a_marginbottom0 indo-1d70522a_marginleft0 indo-1d70522a_marginright0 indo-1d70522a_margintop3 indo-b48c4984_left\" style=\"color:var(--color-grey-60)\">An artist&#8217;s impression of what the solar farm would look like from Boscabel. Photo: Tipperary County Council planning portal.<\/p>\n<p class=\"indo-ebe0ecc6_root indo-ebe0ecc6_paragraph indo-300db776_none indo-91174671_primary indo-1d70522a_marginbottom0 indo-1d70522a_margintop0 indo-b48c4984_inherit\" style=\"color:var(--color-primary-80)\">A 151-hectare solar farm capable of powering 47,000 homes has been proposed for Tipperary.<\/p>\n<p class=\"indo-ebe0ecc6_root indo-ebe0ecc6_paragraph indo-300db776_none indo-91174671_primary indo-1d70522a_marginbottom5 indo-1d70522a_margintop0 indo-b48c4984_inherit\" style=\"color:var(--color-primary-80)\">Patricks Rock Solar Ltd have applied to the council for planning permission to construct a 151-hectare solar farm near Cashel.<\/p>\n<p class=\"indo-ebe0ecc6_root indo-ebe0ecc6_paragraph indo-300db776_none indo-91174671_primary indo-1d70522a_marginbottom5 indo-1d70522a_margintop0 indo-b48c4984_inherit\" style=\"color:var(--color-primary-80)\">The application comes as another large solar project nearby was recently approved on appeal.<\/p>\n<p class=\"indo-ebe0ecc6_root indo-ebe0ecc6_paragraph indo-300db776_none indo-91174671_primary indo-1d70522a_marginbottom5 indo-1d70522a_margintop0 indo-b48c4984_inherit\" style=\"color:var(--color-primary-80)\">As part of the plans, the company are seeking permission for solar panels on ground-mounted galvanised steel frames, 17 transformer units, a permanent operations compound, inverters, and underground cabling and ducting.<\/p>\n<p class=\"indo-ebe0ecc6_root indo-ebe0ecc6_paragraph indo-300db776_none indo-91174671_primary indo-1d70522a_marginbottom5 indo-1d70522a_margintop0 indo-b48c4984_inherit\" style=\"color:var(--color-primary-80)\">The solar farm would have the potential to power almost 47,000 households a year if planning is granted, agents for the developer have said.<\/p>\n<p class=\"indo-ebe0ecc6_root indo-ebe0ecc6_paragraph indo-300db776_none indo-91174671_primary indo-1d70522a_marginbottom5 indo-1d70522a_margintop0 indo-b48c4984_inherit\" style=\"color:var(--color-primary-80)\">Planning files state that the company engaged with the local community, contacting 144 homes within one kilometre of the site before submitting the application.<\/p>\n<p class=\"indo-ebe0ecc6_root indo-ebe0ecc6_paragraph indo-300db776_none indo-91174671_primary indo-1d70522a_marginbottom5 indo-1d70522a_margintop0 indo-b48c4984_inherit\" style=\"color:var(--color-primary-80)\">No formal objections or observations have yet been lodged with the council in relation to the proposed solar farm.<\/p>\n<p class=\"indo-ebe0ecc6_root indo-ebe0ecc6_paragraph indo-300db776_none indo-91174671_primary indo-1d70522a_marginbottom5 indo-1d70522a_margintop0 indo-b48c4984_inherit\" style=\"color:var(--color-primary-80)\">Planning files also note that this proposed development \u201cadjoins the application site boundary for a granted application for a solar farm development by Power Capital at Boscabel\u201d.<\/p>\n<p class=\"indo-ebe0ecc6_root indo-ebe0ecc6_paragraph indo-300db776_none indo-91174671_primary indo-1d70522a_marginbottom5 indo-1d70522a_margintop0 indo-b48c4984_inherit\" style=\"color:var(--color-primary-80)\">The solar farm that Power Capital sought permission for was this week approved on appeal by An Coimisi\u00fan Plean\u00e1la (formerly An Bord Plean\u00e1la), despite strong opposition from local residents.<\/p>\n<p class=\"indo-ebe0ecc6_root indo-ebe0ecc6_paragraph indo-300db776_none indo-91174671_primary indo-1d70522a_marginbottom5 indo-1d70522a_margintop0 indo-b48c4984_inherit\" style=\"color:var(--color-primary-80)\">Residents described the decision to grant permission as \u201cdeeply disappointing\u201d.<\/p>\n<p class=\"indo-ebe0ecc6_root indo-ebe0ecc6_paragraph indo-300db776_none indo-91174671_primary indo-1d70522a_marginbottom5 indo-1d70522a_margintop0 indo-b48c4984_inherit\" style=\"color:var(--color-primary-80)\">Tipperary County Council are expected to decide on Patricks Rock Solar\u2019s application by November 10.<\/p>\n<p class=\"indo-ebe0ecc6_root indo-ebe0ecc6_paragraph indo-300db776_none indo-91174671_primary indo-1d70522a_marginbottom5 indo-1d70522a_margintop0 indo-b48c4984_inherit\" style=\"color:var(--color-primary-80)\">Funded by the Local Democracy Reporting Scheme<\/p>\n","protected":false},"excerpt":{"rendered":"An artist&#8217;s impression of what the solar farm would look like from Boscabel. Photo: Tipperary County Council planning&hellip;\n","protected":false},"author":2,"featured_media":74958,"comment_status":"","ping_status":"","sticky":false,"template":"","format":"standard","meta":{"footnotes":""},"categories":[40],"tags":[9,10,18,13,14,6,19,17,1272,11,12,15,16,5,7,8],"class_list":{"0":"post-74957","1":"post","2":"type-post","3":"status-publish","4":"format-standard","5":"has-post-thumbnail","7":"category-ireland","8":"tag-breaking-news","9":"tag-breakingnews","10":"tag-eire","11":"tag-featured-news","12":"tag-featurednews","13":"tag-headlines","14":"tag-ie","15":"tag-ireland","16":"tag-katie-odonovan","17":"tag-latest-news","18":"tag-latestnews","19":"tag-main-news","20":"tag-mainnews","21":"tag-news","22":"tag-top-stories","23":"tag-topstories"},"share_on_mastodon":{"url":"","error":""},"_links":{"self":[{"href":"https:\/\/www.europesays.com\/ie\/wp-json\/wp\/v2\/posts\/74957","targetHints":{"allow":["GET"]}}],"collection":[{"href":"https:\/\/www.europesays.com\/ie\/wp-json\/wp\/v2\/posts"}],"about":[{"href":"https:\/\/www.europesays.com\/ie\/wp-json\/wp\/v2\/types\/post"}],"author":[{"embeddable":true,"href":"https:\/\/www.europesays.com\/ie\/wp-json\/wp\/v2\/users\/2"}],"replies":[{"embeddable":true,"href":"https:\/\/www.europesays.com\/ie\/wp-json\/wp\/v2\/comments?post=74957"}],"version-history":[{"count":0,"href":"https:\/\/www.europesays.com\/ie\/wp-json\/wp\/v2\/posts\/74957\/revisions"}],"wp:featuredmedia":[{"embeddable":true,"href":"https:\/\/www.europesays.com\/ie\/wp-json\/wp\/v2\/media\/74958"}],"wp:attachment":[{"href":"https:\/\/www.europesays.com\/ie\/wp-json\/wp\/v2\/media?parent=74957"}],"wp:term":[{"taxonomy":"category","embeddable":true,"href":"https:\/\/www.europesays.com\/ie\/wp-json\/wp\/v2\/categories?post=74957"},{"taxonomy":"post_tag","embeddable":true,"href":"https:\/\/www.europesays.com\/ie\/wp-json\/wp\/v2\/tags?post=74957"}],"curies":[{"name":"wp","href":"https:\/\/api.w.org\/{rel}","templated":true}]}}