{"id":76699,"date":"2025-09-21T08:54:11","date_gmt":"2025-09-21T08:54:11","guid":{"rendered":"https:\/\/www.europesays.com\/ie\/76699\/"},"modified":"2025-09-21T08:54:11","modified_gmt":"2025-09-21T08:54:11","slug":"wexford-artist-created-unique-sculpture-for-president-michael-d-higgins","status":"publish","type":"post","link":"https:\/\/www.europesays.com\/ie\/76699\/","title":{"rendered":"Wexford artist created unique sculpture for President Michael D Higgins"},"content":{"rendered":"<p class=\"indo-ebe0ecc6_root indo-ebe0ecc6_paragraph indo-91174671_secondary indo-1d70522a_marginbottom4 indo-1d70522a_marginleft0 indo-1d70522a_marginright0 indo-1d70522a_margintop4\" style=\"color:var(--color-primary-80)\" data-testid=\"title-summary\">\u2019It\u2019s a new horizon for him \u2013 that theme went throughout the piece\u2019\n<\/p>\n<p><img decoding=\"async\" alt=\"A presentation was made to President Michael D Higgins during the opening of the Fleadh Cheoil na hEireann. Pic: Jim Campbell\" src=\"https:\/\/www.europesays.com\/ie\/wp-content\/uploads\/2025\/09\/GG JC4_1049.jpg\" loading=\"eager\" width=\"100%\" data-testid=\"article-image\"  \/><\/p>\n<p class=\"indo-ebe0ecc6_root indo-ebe0ecc6_caption1 indo-300db776_none indo-91174671_secondary indo-66f0fec7_regular indo-1d70522a_marginbottom0 indo-1d70522a_marginleft0 indo-1d70522a_marginright0 indo-1d70522a_margintop3 indo-b48c4984_left\" style=\"color:var(--color-grey-60)\">A presentation was made to President Michael D Higgins during the opening of the Fleadh Cheoil na hEireann. Pic: Jim Campbell<\/p>\n<p class=\"indo-ebe0ecc6_root indo-ebe0ecc6_paragraph indo-300db776_none indo-91174671_primary indo-1d70522a_marginbottom0 indo-1d70522a_margintop0 indo-b48c4984_inherit\" style=\"color:var(--color-primary-80)\">A renowned Wexford artist was honoured to create a one of a kind sculpture for President Michael D Higgins, which was presented to him at the opening of Fleadh Cheoil na h\u00c9ireann 2025 in Wexford.<\/p>\n<p class=\"indo-ebe0ecc6_root indo-ebe0ecc6_paragraph indo-300db776_none indo-91174671_primary indo-1d70522a_marginbottom0 indo-1d70522a_margintop0 indo-b48c4984_inherit\" style=\"color:var(--color-primary-80)\">Larry Harney who hails from Kilmuckridge, Co Wexford. was commissioned by Comhaltas Ceolt\u00f3ir\u00ed \u00c9ireann to create two separate pieces, one for the President, and another as a perpetual trophy\/emblem for the Fleadh, made from wood over 4,800 years old<\/p>\n","protected":false},"excerpt":{"rendered":"\u2019It\u2019s a new horizon for him \u2013 that theme went throughout the piece\u2019 A presentation was made to&hellip;\n","protected":false},"author":2,"featured_media":76700,"comment_status":"","ping_status":"","sticky":false,"template":"","format":"standard","meta":{"footnotes":""},"categories":[267],"tags":[807,365,362,363,364,366,18,117,4248,19,17],"class_list":{"0":"post-76699","1":"post","2":"type-post","3":"status-publish","4":"format-standard","5":"has-post-thumbnail","7":"category-arts-and-design","8":"tag-alan-white","9":"tag-arts","10":"tag-arts-and-design","11":"tag-artsanddesign","12":"tag-artsdesign","13":"tag-design","14":"tag-eire","15":"tag-entertainment","16":"tag-fleadh-cheoil-na-heireann","17":"tag-ie","18":"tag-ireland"},"share_on_mastodon":{"url":"","error":""},"_links":{"self":[{"href":"https:\/\/www.europesays.com\/ie\/wp-json\/wp\/v2\/posts\/76699","targetHints":{"allow":["GET"]}}],"collection":[{"href":"https:\/\/www.europesays.com\/ie\/wp-json\/wp\/v2\/posts"}],"about":[{"href":"https:\/\/www.europesays.com\/ie\/wp-json\/wp\/v2\/types\/post"}],"author":[{"embeddable":true,"href":"https:\/\/www.europesays.com\/ie\/wp-json\/wp\/v2\/users\/2"}],"replies":[{"embeddable":true,"href":"https:\/\/www.europesays.com\/ie\/wp-json\/wp\/v2\/comments?post=76699"}],"version-history":[{"count":0,"href":"https:\/\/www.europesays.com\/ie\/wp-json\/wp\/v2\/posts\/76699\/revisions"}],"wp:featuredmedia":[{"embeddable":true,"href":"https:\/\/www.europesays.com\/ie\/wp-json\/wp\/v2\/media\/76700"}],"wp:attachment":[{"href":"https:\/\/www.europesays.com\/ie\/wp-json\/wp\/v2\/media?parent=76699"}],"wp:term":[{"taxonomy":"category","embeddable":true,"href":"https:\/\/www.europesays.com\/ie\/wp-json\/wp\/v2\/categories?post=76699"},{"taxonomy":"post_tag","embeddable":true,"href":"https:\/\/www.europesays.com\/ie\/wp-json\/wp\/v2\/tags?post=76699"}],"curies":[{"name":"wp","href":"https:\/\/api.w.org\/{rel}","templated":true}]}}