{"id":77937,"date":"2025-09-22T01:07:19","date_gmt":"2025-09-22T01:07:19","guid":{"rendered":"https:\/\/www.europesays.com\/ie\/77937\/"},"modified":"2025-09-22T01:07:19","modified_gmt":"2025-09-22T01:07:19","slug":"gareth-sheridans-campaign-receives-potential-hammer-blow","status":"publish","type":"post","link":"https:\/\/www.europesays.com\/ie\/77937\/","title":{"rendered":"Gareth Sheridan&#8217;s campaign receives potential hammer blow"},"content":{"rendered":"<p><a target=\"_blank\" rel=\"noopener noreferrer nofollow\" href=\"https:\/\/www.irishexaminer.com\/opinion\/columnists\/arid-41708606.html\">Prospective presidential candidate Gareth Sheridan<\/a> has received a potential hammer blow to his campaign, with Louth County Council saying the independent hopeful may not be permitted to address councillors on Monday.<\/p>\n<p>In an email from Louth County Council officials on Friday, councillors were informed that Mr Sheridan had not submitted the required documentation in time, either a copy of his passport or a biographical statement.<\/p>\n<p class=\"\">The official wrote that Mr Sheridan had been \u201cadvised that his participation in Monday\u2019s meeting can no longer be accommodated\u201d.<\/p>\n<p class=\"contextmenu caption\">&#8216;Administrative error&#8217;<\/p>\n<p class=\"\">However, a spokesperson for Mr Sheridan\u2019s campaign insisted they had submitted a copy of the businessman\u2019s passport and a statement in advance of the deadline.<\/p>\n<p class=\"\">\u201cWe believe it will be resolved tomorrow. It is most likely an administrative error,\u201d the spokesperson said.<\/p>\n<p class=\"\">It is understood that councillors will now decide on Monday whether or not to permit Mr Sheridan the opportunity to present his case before the council.<\/p>\n<p class=\"\">If Mr Sheridan is not facilitated at Louth, it would be a significant blow to his campaign as he still requires two councils to back his candidacy. The businessman is seeking to focus on Louth, Offaly, and Meath, as 12 councils meet on Monday ahead of Wednesday\u2019s nomination deadline.<\/p>\n<p class=\"\">A Fianna F\u00e1il source in Offaly said the party\u2019s plan could be influenced by what happens during the special meeting of Meath County Council, and whether it moves to back Mr Sheridan.<\/p>\n<p class=\"\">However, one Fianna F\u00e1il councillor in Louth was critical of the businessman, saying Mr Sheridan did not make an effort to contact him or his colleagues in Fianna F\u00e1il and Fine Gael.<\/p>\n<p class=\"contextmenu caption\">Councillor &#8216;underwhelmed&#8217;<\/p>\n<p class=\"\">John Sheridan, a Fianna F\u00e1il councillor for Ardee, said he had been \u201cunderwhelmed\u201d by the lack of engagement by prospective candidates.<\/p>\n<p class=\"\">The Fianna F\u00e1il councillor questioned how serious independent candidates like Mr Sheridan were about getting onto the ballot, saying the only contact he received was one email from Dublin-based candidate, Nick Delehanty.<\/p>\n<p class=\"\">\u201cIt would be utterly bizarre to rock up at the 11th hour and expect a nomination for the highest office in the land with no groundwork,\u201d he said.<\/p>\n<p class=\"contextmenu caption\">Maria Steen campaign<\/p>\n<p class=\"\">Meanwhile, Independent Ireland TDs are set to meet prospective candidate Maria Steen on Monday, as she seeks their four signatures to edge closer to a nomination.<\/p>\n<p class=\"\">Ms Steen received the nomination of junior minister Michael Healy-Rae on Friday, with Aont\u00fa\u2019s Peadar T\u00f3ib\u00edn saying this brought her to 12 backers. He said a further two Oireachtas members were in discussions about nominating her.<\/p>\n<p class=\"\">Independent Ireland leader Michael Collins said he had questions for Ms Steen, particularly surrounding her thoughts on issues like neutrality and the Mercosur trade deal.\u00a0<\/p>\n<p class=\"\">He added that the meeting would be used to gauge how much support Ms Steen actually had, given some backers being listed are yet to come out publicly. Mr Collins said:\u00a0<\/p>\n<p class=\"\">\n            There\u2019s no point in me backing Maria if she has only 12 votes.\u00a0\n        <\/p>\n<p class=\"\">Meanwhile, on Saturday, Sinn F\u00e9in formally announced it would be backing Independent Catherine Connolly in October\u2019s election.<\/p>\n<p class=\"\">Party leader Mary Lou McDonald confirmed the decision, saying discussions within Sinn F\u00e9in had focused on getting both Fianna F\u00e1il and Fine Gael out of Government and \u00c1ras an Uachtar\u00e1in.<\/p>\n<p class=\"\">\u201cToday\u2019s decision allows us to do that. This is a big decision to support a candidate from outside our membership and work with the combined opposition to collectively take on the government. To give people a clear choice. To give people hope,\u201d Ms McDonald said.<\/p>\n","protected":false},"excerpt":{"rendered":"Prospective presidential candidate Gareth Sheridan has received a potential hammer blow to his campaign, with Louth County Council&hellip;\n","protected":false},"author":2,"featured_media":77938,"comment_status":"","ping_status":"","sticky":false,"template":"","format":"standard","meta":{"footnotes":""},"categories":[40],"tags":[9,10,18,13,14,6,19,17,11,12,15,16,5,59,7,8],"class_list":{"0":"post-77937","1":"post","2":"type-post","3":"status-publish","4":"format-standard","5":"has-post-thumbnail","7":"category-ireland","8":"tag-breaking-news","9":"tag-breakingnews","10":"tag-eire","11":"tag-featured-news","12":"tag-featurednews","13":"tag-headlines","14":"tag-ie","15":"tag-ireland","16":"tag-latest-news","17":"tag-latestnews","18":"tag-main-news","19":"tag-mainnews","20":"tag-news","21":"tag-presidential-election","22":"tag-top-stories","23":"tag-topstories"},"share_on_mastodon":{"url":"","error":""},"_links":{"self":[{"href":"https:\/\/www.europesays.com\/ie\/wp-json\/wp\/v2\/posts\/77937","targetHints":{"allow":["GET"]}}],"collection":[{"href":"https:\/\/www.europesays.com\/ie\/wp-json\/wp\/v2\/posts"}],"about":[{"href":"https:\/\/www.europesays.com\/ie\/wp-json\/wp\/v2\/types\/post"}],"author":[{"embeddable":true,"href":"https:\/\/www.europesays.com\/ie\/wp-json\/wp\/v2\/users\/2"}],"replies":[{"embeddable":true,"href":"https:\/\/www.europesays.com\/ie\/wp-json\/wp\/v2\/comments?post=77937"}],"version-history":[{"count":0,"href":"https:\/\/www.europesays.com\/ie\/wp-json\/wp\/v2\/posts\/77937\/revisions"}],"wp:featuredmedia":[{"embeddable":true,"href":"https:\/\/www.europesays.com\/ie\/wp-json\/wp\/v2\/media\/77938"}],"wp:attachment":[{"href":"https:\/\/www.europesays.com\/ie\/wp-json\/wp\/v2\/media?parent=77937"}],"wp:term":[{"taxonomy":"category","embeddable":true,"href":"https:\/\/www.europesays.com\/ie\/wp-json\/wp\/v2\/categories?post=77937"},{"taxonomy":"post_tag","embeddable":true,"href":"https:\/\/www.europesays.com\/ie\/wp-json\/wp\/v2\/tags?post=77937"}],"curies":[{"name":"wp","href":"https:\/\/api.w.org\/{rel}","templated":true}]}}