{"id":77973,"date":"2025-09-22T01:38:11","date_gmt":"2025-09-22T01:38:11","guid":{"rendered":"https:\/\/www.europesays.com\/ie\/77973\/"},"modified":"2025-09-22T01:38:11","modified_gmt":"2025-09-22T01:38:11","slug":"nathan-collins-struggles-for-brentford-against-fulham-the-irish-times","status":"publish","type":"post","link":"https:\/\/www.europesays.com\/ie\/77973\/","title":{"rendered":"Nathan Collins struggles for Brentford against Fulham \u2013 The Irish Times"},"content":{"rendered":"<p class=\"c-paragraph paywall \">Now that the dust has settled after a difficult international break, it should have been a chance for many Irish players to prove a point \u2013 but instead it turned into a strange weekend, with too many struggling to make an impact.<\/p>\n<p class=\"c-paragraph paywall b-it-article-body__text--left\">Starting on a positive note, it was a strong weekend for <a href=\"https:\/\/www.irishtimes.com\/tags\/evan-ferguson\/\" target=\"_self\" rel=\"nofollow noopener\" title=\"https:\/\/www.irishtimes.com\/tags\/evan-ferguson\/\">Evan Ferguson<\/a>, who returned to Roma\u2019s starting line-up in the Rome derby away to Lazio on Sunday morning. Ferguson <a href=\"https:\/\/www.irishtimes.com\/sport\/soccer\/2025\/09\/21\/evan-ferguson-back-starting-as-as-roma-beat-lazio-in-rome-derby\/\" target=\"_self\" rel=\"nofollow noopener\" title=\"https:\/\/www.irishtimes.com\/sport\/soccer\/2025\/09\/21\/evan-ferguson-back-starting-as-as-roma-beat-lazio-in-rome-derby\/\">played 66 minutes in the 1-0 victory<\/a> and looked bright throughout, even if his wait for a first competitive goal in Italy continues. His hold-up play and link-up work gave Roma a platform, allowing them to stay high and relieve pressure. While the goal hasn\u2019t come yet, it feels only a matter of time.<\/p>\n<p class=\"c-paragraph paywall \">More good news came in Italy on Friday as Corrie Ndaba made his Serie A debut for Lecce, coming on at halftime in a 2-1 defeat to Cagliari. The left-back delivered a steady 45 minutes and will remember the occasion as a milestone. Still at the start of his top-flight career, Ndaba will be eager to build on it and stake a claim for Ireland if he can earn regular minutes.<\/p>\n<p class=\"c-paragraph paywall b-it-article-body__text--left\">It was a weekend of mixed fortunes in the Premier League on Saturday. At Molineux, Matt Doherty was a surprise absentee as Wolves lost 3-1 to Leeds. With no injury reported, his omission is worrying, especially as calls grow for him to be dropped from the Ireland squad after some disappointing displays. <a href=\"https:\/\/www.irishtimes.com\/tags\/nathan-collins\/\" target=\"_self\" rel=\"nofollow noopener\" title=\"https:\/\/www.irishtimes.com\/tags\/nathan-collins\/\">Nathan Collins<\/a> also struggled massively for Brentford in a 3-1 defeat to Fulham, caught out of position and offering little support to Caoimh\u00edn Kelleher.<\/p>\n<p class=\"c-paragraph paywall \">Steadier news came from Liverpool, where Jake O\u2019Brien completed 90 minutes at right-back in a 2-1 Merseyside Derby loss. Defensively solid, he still frustrates with long throw-ins that rarely threaten. Seamus Coleman remained an unused substitute for Everton. Over at Turf Moor, Josh Cullen impressed once again, captaining Burnley to a 1-1 draw with Nottingham Forest.<\/p>\n<p class=\"c-paragraph paywall \">In Scotland, the Cup dominated. On Sunday, Celtic eased past Partick Thistle 4-0, with Liam Scales heading home to continue his fine form. On the opposite side, Daniel O\u2019Reilly endured a difficult afternoon as Thistle struggled against Celtic. Killian Phillips played all 120 minutes in extra time for his side at Rugby Park on Friday, while Roland Idowu came off the bench to slot a decisive penalty in the shoot-out win for St Mirren over Kilmarnock.<\/p>\n<p><img decoding=\"async\" data-chromatic=\"ignore\" alt=\"Celtic's Liam Scales scores with a header. Photograph: Andrew Milligan\/PA\" class=\"c-image\" loading=\"lazy\" src=\"https:\/\/www.europesays.com\/ie\/wp-content\/uploads\/2025\/09\/F5KSSGYFDOHSBOTMJPXZ4V2B7U.jpg\"   width=\"800\" height=\"533\"\/>Celtic&#8217;s Liam Scales scores with a header. Photograph: Andrew Milligan\/PA <\/p>\n<p class=\"c-paragraph paywall \">Sunday also saw Irish players making their mark across Europe, where it was especially positive to see Joe Hodge and Andrew Omobamidele back from injury. Hodge played an hour as Tondela earned just their second point against Estrela Amadora, and Omobamidele featured for 15 minutes in Strasbourg\u2019s away win over Paris FC. <\/p>\n<p class=\"c-paragraph paywall \">Festy Ebosele added 60 minutes for \u0130stanbul Ba\u015fak\u015fehir in a 1-1 draw with Alanyaspor. Armstrong Okoflex scored twice in Bulgaria for Botev Plovdiv in a 3-1 win over Septemvri in his second start for the club. And in Germany\u2019s third tier, Conor Noss thought he had struck a 90th-minute winner for Duisburg, only for Havelse to equalise seconds later \u2013 though Duisburg remain top after six wins from seven.<\/p>\n<p class=\"c-paragraph paywall \">In the lower leagues of the EFL, several Irish players scored on Saturday. Evan Weir netted twice as Walsall beat Tranmere 4-2. Callum Robinson scored his first league goal of the season despite Bradford winning 3-1. At Port Vale, Ronan Curtis converted a 97th-minute penalty to seal a win over Mansfield Town. Aaron Drinan continued his hot streak, scoring seven goals in nine games as Salford edged Swindon 3-2.<\/p>\n<p class=\"c-paragraph paywall \">It wasn\u2019t a blockbuster weekend, but there were still bright spots. Ferguson\u2019s steady development, Ndaba\u2019s breakthrough, Okoflex\u2019s goals, and Drinan\u2019s consistency show the Irish abroad can inspire hope even in mixed circumstances.<\/p>\n<p class=\"c-paragraph paywall \"><b>Player of the Week \u2013 Evan Weir (Walsall)<\/b><\/p>\n<p class=\"c-paragraph paywall \">Evan Weir starred as Walsall beat Tranmere 4-2, scoring twice to take his season tally to three goals in seven games. Defensively, he was excellent on the left of a back three, completing seven clearances and blocking two shots. Offensively, he added two key passes \u2013 one leading into a big chance \u2013 alongside his two world-class goals, making him the standout performer abroad at the weekend<\/p>\n<p class=\"c-paragraph paywall \"><b>Goal of the Week \u2013 Evan Weir (Walsall)<\/b><\/p>\n<p class=\"c-paragraph paywall \">It couldn\u2019t be anyone else this week \u2013 Evan Weir takes Goal of the Week. While his volley could easily make the top three, it was his free-kick that stood out. From the right-hand side, he whipped the ball into the top-left corner, leaving Irishman Joe Murphy with no chance. Pure class from his left boot, and not his first free-kick of the season.<\/p>\n<p class=\"c-paragraph paywall \"><b>Stat of the Week \u2013 Joe Murphy (Tranmere Rovers) 44 Years and 30 Days<\/b><\/p>\n<p class=\"c-paragraph paywall \">Despite Evan Weir claiming Player and Goal of the Week, Stat of the Week goes to opposition goalkeeper Joe Murphy for Tranmere Rovers. At 44 years and 30 days, he made his third League Two start of the season, breaking his own record as the oldest Irishman to play in the EFL. On Saturday, he produced four excellent saves, only beaten by Weir\u2019s two unstoppable strikes. A true professional, Murphy continues to perform at an exceptional level.<\/p>\n<blockquote class=\"twitter-tweet\">\n<p lang=\"en\" dir=\"ltr\">\ud83c\uddee\ud83c\uddea | It was a day to remember for Evan Weir as Walsall triumphed 4\u20132 over Joe Murphy\u2019s Tranmere Rovers!<\/p>\n<p>Weir was outstanding, scoring twice &#8211; first with a stunning free kick and then with a thunderous volley &#8211; while also contributing defensively with 7 clearances, 2 blocked\u2026 <a href=\"https:\/\/t.co\/JAFPGqZjat\" rel=\"nofollow\">pic.twitter.com\/JAFPGqZjat<\/a><\/p>\n<p>\u2014 Rep of Ireland Player Tracker (@reptracker) <a href=\"https:\/\/twitter.com\/reptracker\/status\/1969513872626499773?ref_src=twsrc%5Etfw\" rel=\"nofollow noopener\" target=\"_blank\">September 20, 2025<\/a><\/p><\/blockquote>\n<p><script async src=\"https:\/\/platform.twitter.com\/widgets.js\" charset=\"utf-8\"><\/script><\/p>\n","protected":false},"excerpt":{"rendered":"Now that the dust has settled after a difficult international break, it should have been a chance for&hellip;\n","protected":false},"author":2,"featured_media":77974,"comment_status":"","ping_status":"","sticky":false,"template":"","format":"standard","meta":{"footnotes":""},"categories":[76],"tags":[18,19,17,52489,132],"class_list":{"0":"post-77973","1":"post","2":"type-post","3":"status-publish","4":"format-standard","5":"has-post-thumbnail","7":"category-sports","8":"tag-eire","9":"tag-ie","10":"tag-ireland","11":"tag-irish-players-premier-league","12":"tag-sports"},"share_on_mastodon":{"url":"","error":""},"_links":{"self":[{"href":"https:\/\/www.europesays.com\/ie\/wp-json\/wp\/v2\/posts\/77973","targetHints":{"allow":["GET"]}}],"collection":[{"href":"https:\/\/www.europesays.com\/ie\/wp-json\/wp\/v2\/posts"}],"about":[{"href":"https:\/\/www.europesays.com\/ie\/wp-json\/wp\/v2\/types\/post"}],"author":[{"embeddable":true,"href":"https:\/\/www.europesays.com\/ie\/wp-json\/wp\/v2\/users\/2"}],"replies":[{"embeddable":true,"href":"https:\/\/www.europesays.com\/ie\/wp-json\/wp\/v2\/comments?post=77973"}],"version-history":[{"count":0,"href":"https:\/\/www.europesays.com\/ie\/wp-json\/wp\/v2\/posts\/77973\/revisions"}],"wp:featuredmedia":[{"embeddable":true,"href":"https:\/\/www.europesays.com\/ie\/wp-json\/wp\/v2\/media\/77974"}],"wp:attachment":[{"href":"https:\/\/www.europesays.com\/ie\/wp-json\/wp\/v2\/media?parent=77973"}],"wp:term":[{"taxonomy":"category","embeddable":true,"href":"https:\/\/www.europesays.com\/ie\/wp-json\/wp\/v2\/categories?post=77973"},{"taxonomy":"post_tag","embeddable":true,"href":"https:\/\/www.europesays.com\/ie\/wp-json\/wp\/v2\/tags?post=77973"}],"curies":[{"name":"wp","href":"https:\/\/api.w.org\/{rel}","templated":true}]}}