{"id":78738,"date":"2025-09-22T11:56:08","date_gmt":"2025-09-22T11:56:08","guid":{"rendered":"https:\/\/www.europesays.com\/ie\/78738\/"},"modified":"2025-09-22T11:56:08","modified_gmt":"2025-09-22T11:56:08","slug":"gareth-sheridan-fails-to-secure-presidential-nomination-from-meath-county-council-the-irish-times","status":"publish","type":"post","link":"https:\/\/www.europesays.com\/ie\/78738\/","title":{"rendered":"Gareth Sheridan fails to secure presidential nomination from Meath County Council \u2013 The Irish Times"},"content":{"rendered":"<p class=\"c-paragraph free b-it-article-body__text--left\">Today is a significant day for prospective candidates in the Irish <a href=\"https:\/\/www.irishtimes.com\/tags\/presidential-election\/\" target=\"_blank\" rel=\"noreferrer nofollow noopener\" title=\"https:\/\/www.irishtimes.com\/tags\/presidential-election\/\">presidential election<\/a> as the deadline nears to enter the race.<\/p>\n<p class=\"c-paragraph free b-it-article-body__text--left\">Businessman <a href=\"https:\/\/www.irishtimes.com\/tags\/gareth-sheridan\/\" target=\"_blank\" rel=\"noreferrer nofollow noopener\" title=\"https:\/\/www.irishtimes.com\/tags\/gareth-sheridan\/\">Gareth Sheridan<\/a> has received nominations from Kerry and Tipperary county councils. He needs nominations from two more to secure a place on the ballot. He was due to appear at Meath, Louth and Offaly councils today, and has already failed to get a nomination from Meath council.<\/p>\n<p class=\"c-paragraph free b-it-article-body__text--left\">Barrister <a href=\"https:\/\/www.irishtimes.com\/tags\/maria-steen\/\" target=\"_blank\" rel=\"noreferrer nofollow noopener\" title=\"https:\/\/www.irishtimes.com\/tags\/maria-steen\/\">Maria Steen<\/a> is seeking the support of Oireachtas members to get on the ballot. Aont\u00fa leader Peadar T\u00f3ib\u00edn, who has been attempting to marshall support for Ms Steen\u2019s candidacy, said he expected there would be up to 18 ready to sign her nomination papers on Monday. She needs 20.<\/p>\n<p>Key ReadsMaria Steen\u2019s difficult route to a nomination<\/p>\n<p class=\"c-paragraph free b-it-article-body__text--left\">Conservative campaigner Maria Steen faces an uphill battle to get on the slate. She meets the four members of Independent Ireland later this evening seeking their support for an Oireachtas nomination. <\/p>\n<p class=\"c-paragraph free \">Aont\u00fa leader Peadar T\u00f3ib\u00edn says that, already, 13 TDs and Senators have backed Steen, although several have not been named. With the support of the four TDs from the D\u00e1il\u2019s newest party, that would bring her total to 17, just three short of the 20 that would be required. <\/p>\n<p class=\"c-paragraph free b-it-article-body__text--left\">But it\u2019s a difficult bar to reach. David Norris found out that to his cost in 2011 when he could only get to 18 before he went elsewhere and sought nominations from local authorities. <\/p>\n<p class=\"c-paragraph free \">Steen getting over the line would require one or more of the Senators aligned with Michael McDowell to do a volte face, or for some other Independents who have said no to change their minds. Or for a Fianna F\u00e1il representative to face the wrath of the parliamentary party by signing the nomination papers. All tough nuts to crack. <\/p>\n<p class=\"c-paragraph free \">The county council route is even harder for her. Steen\u2019s main problem is that she entered the race so late, not giving her enough time to make contact with councillors and to cultivate support regionally. <\/p>\n<p class=\"c-paragraph free b-it-article-body__text--left\">She is a very proficient speaker and debater but a five-minute presentation will never be enough. <\/p>\n<p class=\"c-paragraph free b-it-article-body__text--left\">Watch out for Leitrim though. The council is one of the smallest in the State with 18 members and already five (two Fianna F\u00e1il and three Independents) have pledged support for her. With one or two more, and some abstentions, she could get her first local authority endorsement today. The difficulty is: where can she find the other three only two days before the final deadline for nominations?<\/p>\n<p>Where does this leave Gareth Sheridan?<\/p>\n<p class=\"c-paragraph free b-it-article-body__text--left\">It\u2019s not going to be a smooth day for the businessman (36). From the start, his team has targeted a number of councils with a high number of Independent members. <\/p>\n<p class=\"c-paragraph free b-it-article-body__text--left\">However, it was also relying on the support (albeit tacit) of Fianna F\u00e1il councillors, even if they were to abstain. <\/p>\n<p class=\"c-paragraph free b-it-article-body__text--left\">In past presidential elections, Fianna F\u00e1il representatives have shown an independent cast of mind and have not regarded themselves as subject to a party whip. <\/p>\n<p class=\"c-paragraph free \">But this time it is different. Even though there is no formal instruction to councillors, they have acted consistently across councils and have, with Fine Gael, blocked the nominations of Independents. <\/p>\n<p class=\"c-paragraph free b-it-article-body__text--left\">They did so in Kerry, Meath, Carlow and Tipperary so far and it is expected that many of the other 12 councils today will follow suit. <\/p>\n<p class=\"c-paragraph free b-it-article-body__text--left\">Sheridan\u2019s prospects have now narrowed to touch-and-go. If he does not get the backing of Offaly (its meeting starts at 2pm), it will be all but game over for him. <\/p>\n<p class=\"c-paragraph free b-it-article-body__text--left\">Was his strategy from last February to focus in on councils with a high number of Independents a wise one? It has meant he has not addressed many others that could potentially have backed him. <\/p>\n<p class=\"c-paragraph free b-it-article-body__text--left\">That said, the change of mood music from Fianna F\u00e1il councillors has been the most significant factor. <\/p>\n<p class=\"c-paragraph free b-it-article-body__text--left\">If he does succeed in persuading councillors in Offaly to back him, there will be enormous pressure on Louth County Council to follow suit later this evening and gave him the fourth vital nomination that he requires. <\/p>\n<p class=\"c-paragraph free \">It will be close. <\/p>\n<p>Facebook removes posts about Jim Gavin that violated standards<\/p>\n<p class=\"c-paragraph free b-it-article-body__text--left\">Fianna F\u00e1il has written to three social media companies to complain about a number of social media posts about its presidential candidate Jim Gavin. <\/p>\n<p class=\"c-paragraph free b-it-article-body__text--left\">The party is very concerned about the proliferation of false posts about its candidate being spread online. Jack Horgan Jones <a href=\"https:\/\/www.irishtimes.com\/politics\/2025\/09\/22\/presidential-election-jim-gavin-facebook-posts-removed-by-meta-for-violating-standards\/ \" target=\"_blank\" rel=\"nofollow noopener\" title=\"https:\/\/www.irishtimes.com\/politics\/2025\/09\/22\/presidential-election-jim-gavin-facebook-posts-removed-by-meta-for-violating-standards\/ \">reported on this development<\/a> this morning. <\/p>\n<p class=\"c-paragraph free \">Pat Leahy has an update. He writes:<\/p>\n<p class=\"c-paragraph free \">Fianna F\u00e1il has confirmed that of the three social media companies \u2013 Meta (which owns Facebook and Instagram), X and TikTok \u2013 only Meta has responded to complaints about false and damaging information about presidential candidate Jim Gavin being posted on its platform. <\/p>\n<p class=\"c-paragraph free \">Meta has removed a number of posts, it said. However, there is still no response from either X or TikTok, despite requests from Fianna F\u00e1il. The party said it had not yet received a response from Coimisi\u00fan na Me\u00e1n, the media regulator, either.<\/p>\n<p>Gareth Sheridan narrowly fails to win backing of Meath County Council for presidential nomination <\/p>\n<p class=\"c-paragraph free \">Businessman Gareth Sheridan has received a significant setback to his efforts to gain a presidential nomination after Meath County Council voted by 14 votes to 13 to reject his nomination. <\/p>\n<p class=\"c-paragraph free \">Fianna F\u00e1il and Fine Gael councillors all voted against his nomination while Sinn F\u00e9in members abstained. There were eight abstentions. <\/p>\n<p class=\"c-paragraph free \">Mr Sheridan will now pin his hopes on nominations from Offaly and Louth County Councils later today. <\/p>\n<blockquote class=\"twitter-tweet\">\n<p lang=\"en\" dir=\"ltr\">Gareth Sheridan was the last of the presidential hopefuls to address the Meath County Council live. The rest are making submissions online. There was a glitch with Sarah Louise Mulligan who could not address the council as not visible on screen. Follow live on <a href=\"https:\/\/twitter.com\/IrishTimes?ref_src=twsrc%5Etfw\" rel=\"nofollow noopener\" target=\"_blank\">@IrishTimes<\/a> <a href=\"https:\/\/t.co\/8DsjuEWt2x\" rel=\"nofollow\">pic.twitter.com\/8DsjuEWt2x<\/a><\/p>\n<p>\u2014 Harry McGee (@harrymcgee) <a href=\"https:\/\/twitter.com\/harrymcgee\/status\/1970072435908059606?ref_src=twsrc%5Etfw\" rel=\"nofollow noopener\" target=\"_blank\">September 22, 2025<\/a><\/p><\/blockquote>\n<p>Gareth Sheridan now speaking to councillors<\/p>\n<p class=\"c-paragraph free b-it-article-body__text--left\">The businessman Gareth Sheridan has addressed Meath County Council setting out his vision for his presidency, saying he would represent the younger demographic, particularly those with no opportunity of owning their own home. <\/p>\n<p class=\"c-paragraph free \">He is now being quizzed by councillors including Cllr John Duffy who asks him why he is willing to abandon his business. \u201cIt is just the right time in history for a younger candidate to, at least, offer,\u201d he has replied. <\/p>\n<p class=\"c-paragraph free \">Cllr Nick Killian is asking him if he will step aside from his business if elected or will he return to the US? <\/p>\n<p class=\"c-paragraph free \">He replies that Ireland is home and he does not have any ambition to relocate. <\/p>\n<p>Gareth Sheridan\u2019s path to presidency<\/p>\n<p class=\"c-paragraph free \">Gareth Sheridan obtained two nominations last week, one from Kerry County Council and the other from Tipperary County Council. <\/p>\n<p class=\"c-paragraph free b-it-article-body__text--left\">His campaign received a setback later in the week when he failed to secure a nomination from Carlow County Council. <\/p>\n<p class=\"c-paragraph free b-it-article-body__text--left\">There are 12 councils hosting special meetings today: Meath; Monaghan; Sligo; Leitrim; Offaly; Clare; Cork County; Kildare; Westmeath; Kilkenny; Limerick; and Louth.<\/p>\n<p class=\"c-paragraph free \">Of those Sheridan is focusing on three: Meath (which is going on at present); Offaly (which meets at 2pm) and Louth, which meets later in the afternoon. <\/p>\n<p class=\"c-paragraph free \">The businessman will soon address Meath County Council. However, he may not get the opportunity to do so in Louth as his documentation was not submitted on time. <\/p>\n<p class=\"c-paragraph free \">Fine Gael and Fianna F\u00e1il voted against nomination of a candidate but were defeated by a combination of Independents and members of smaller parties. Sinn F\u00e9in councillors abstained. <\/p>\n<p class=\"c-paragraph free \">As of now, it looks like he will be the only person who is nominated and seconded by a councillor. The preliminary vote has heightened his chances of securing a third nomination. <\/p>\n<p class=\"c-paragraph free b-it-article-body__text--left\">Good morning, it\u2019s Harry McGee, with live reporting of a critical day for prospective presidential candidates. <\/p>\n<p class=\"c-paragraph free b-it-article-body__text--left\">Meath County Council is currently meeting to decide if it will endorse a nomination. <\/p>\n<p class=\"c-paragraph free \">Before any candidates were afforded the opportunity to speak to the council, it voted a short while ago on a Fine Gael motion not to nominate any candidate. <\/p>\n<p class=\"c-paragraph free \">The council voted against the motion by 11 votes to eight, which means that entrepreneur Gareth Sheridan has passed the first hurdle and his chances of getting a nomination have increased. The candidates will now have an opportunity to address the council. <\/p>\n<blockquote class=\"twitter-tweet\">\n<p lang=\"en\" dir=\"ltr\">Seventeen presidential hopefuls are slated to talk to Meath County Council after the council rejected a Fine Gael motion not to allow any nomination. Charlotte Keenan currently addressing the chamber. Follow our coverage live on <a href=\"https:\/\/twitter.com\/IrishTimes?ref_src=twsrc%5Etfw\" rel=\"nofollow noopener\" target=\"_blank\">@IrishTimes<\/a> <a href=\"https:\/\/t.co\/xKrEWmB4Jo\" rel=\"nofollow\">pic.twitter.com\/xKrEWmB4Jo<\/a><\/p>\n<p>\u2014 Harry McGee (@harrymcgee) <a href=\"https:\/\/twitter.com\/harrymcgee\/status\/1970062384241816017?ref_src=twsrc%5Etfw\" rel=\"nofollow noopener\" target=\"_blank\">September 22, 2025<\/a><\/p><\/blockquote>\n<p><script async src=\"https:\/\/platform.twitter.com\/widgets.js\" charset=\"utf-8\"><\/script><\/p>\n","protected":false},"excerpt":{"rendered":"Today is a significant day for prospective candidates in the Irish presidential election as the deadline nears to&hellip;\n","protected":false},"author":2,"featured_media":78739,"comment_status":"","ping_status":"","sticky":false,"template":"","format":"standard","meta":{"footnotes":""},"categories":[3],"tags":[9,10,1921,18,13,14,25,6,555,19,17,19487,11,12,15,16,30253,53062,5,59,7,8],"class_list":{"0":"post-78738","1":"post","2":"type-post","3":"status-publish","4":"format-standard","5":"has-post-thumbnail","7":"category-headlines","8":"tag-breaking-news","9":"tag-breakingnews","10":"tag-catherine-connolly","11":"tag-eire","12":"tag-featured-news","13":"tag-featurednews","14":"tag-gareth-sheridan","15":"tag-headlines","16":"tag-heather-humphreys","17":"tag-ie","18":"tag-ireland","19":"tag-jim-gavin","20":"tag-latest-news","21":"tag-latestnews","22":"tag-main-news","23":"tag-mainnews","24":"tag-maria-steen","25":"tag-meath-county-council","26":"tag-news","27":"tag-presidential-election","28":"tag-top-stories","29":"tag-topstories"},"share_on_mastodon":{"url":"","error":""},"_links":{"self":[{"href":"https:\/\/www.europesays.com\/ie\/wp-json\/wp\/v2\/posts\/78738","targetHints":{"allow":["GET"]}}],"collection":[{"href":"https:\/\/www.europesays.com\/ie\/wp-json\/wp\/v2\/posts"}],"about":[{"href":"https:\/\/www.europesays.com\/ie\/wp-json\/wp\/v2\/types\/post"}],"author":[{"embeddable":true,"href":"https:\/\/www.europesays.com\/ie\/wp-json\/wp\/v2\/users\/2"}],"replies":[{"embeddable":true,"href":"https:\/\/www.europesays.com\/ie\/wp-json\/wp\/v2\/comments?post=78738"}],"version-history":[{"count":0,"href":"https:\/\/www.europesays.com\/ie\/wp-json\/wp\/v2\/posts\/78738\/revisions"}],"wp:featuredmedia":[{"embeddable":true,"href":"https:\/\/www.europesays.com\/ie\/wp-json\/wp\/v2\/media\/78739"}],"wp:attachment":[{"href":"https:\/\/www.europesays.com\/ie\/wp-json\/wp\/v2\/media?parent=78738"}],"wp:term":[{"taxonomy":"category","embeddable":true,"href":"https:\/\/www.europesays.com\/ie\/wp-json\/wp\/v2\/categories?post=78738"},{"taxonomy":"post_tag","embeddable":true,"href":"https:\/\/www.europesays.com\/ie\/wp-json\/wp\/v2\/tags?post=78738"}],"curies":[{"name":"wp","href":"https:\/\/api.w.org\/{rel}","templated":true}]}}