{"id":91277,"date":"2025-09-28T19:27:15","date_gmt":"2025-09-28T19:27:15","guid":{"rendered":"https:\/\/www.europesays.com\/ie\/91277\/"},"modified":"2025-09-28T19:27:15","modified_gmt":"2025-09-28T19:27:15","slug":"david-mccullaghs-radio-move-triggers-domino-effect-in-rte","status":"publish","type":"post","link":"https:\/\/www.europesays.com\/ie\/91277\/","title":{"rendered":"David McCullagh\u2019s radio move triggers \u2018domino effect\u2019 in RT\u00c9"},"content":{"rendered":"<p class=\"indo-ebe0ecc6_root indo-ebe0ecc6_paragraph indo-91174671_secondary indo-1d70522a_marginbottom4 indo-1d70522a_marginleft0 indo-1d70522a_marginright0 indo-1d70522a_margintop4\" style=\"color:var(--color-primary-80)\" data-testid=\"title-summary\">Management at the state broadcaster are frantically hunting for a replacement for \u2018Six One News\u2019 slot\n<\/p>\n<p><img decoding=\"async\" alt=\"The knock-on effects of Claire Byrne and Joe Duffy\u2019s departures from RT\u00c9 could impact David McCullagh, Ray Kennedy, Fran McNulty, Vivienne Traynor and Colm \u00d3 Mong\u00e1in.\" src=\"https:\/\/www.europesays.com\/ie\/wp-content\/uploads\/2025\/09\/82cd3bbc-0ff9-4145-a025-c2ec074707ce.jpg\" loading=\"eager\" width=\"100%\" data-testid=\"article-image\"  \/><\/p>\n<p class=\"indo-ebe0ecc6_root indo-ebe0ecc6_caption1 indo-300db776_none indo-91174671_secondary indo-66f0fec7_regular indo-1d70522a_marginbottom0 indo-1d70522a_marginleft0 indo-1d70522a_marginright0 indo-1d70522a_margintop3 indo-b48c4984_left\" style=\"color:var(--color-grey-60)\">The knock-on effects of Claire Byrne and Joe Duffy\u2019s departures from RT\u00c9 could impact David McCullagh, Ray Kennedy, Fran McNulty, Vivienne Traynor and Colm \u00d3 Mong\u00e1in.<\/p>\n<p class=\"indo-ebe0ecc6_root indo-ebe0ecc6_paragraph indo-300db776_none indo-91174671_primary indo-1d70522a_marginbottom0 indo-1d70522a_margintop0 indo-b48c4984_inherit\" style=\"color:var(--color-primary-80)\">RT\u00c9 bosses are scrambling to find a star replacement following David McCullagh\u2019s departure from the Six One News.<\/p>\n<p class=\"indo-ebe0ecc6_root indo-ebe0ecc6_paragraph indo-300db776_none indo-91174671_primary indo-1d70522a_marginbottom0 indo-1d70522a_margintop0 indo-b48c4984_inherit\" style=\"color:var(--color-primary-80)\">A source told the Sunday Independent that RT\u00c9\u2019s head of news Deirdre McCarthy \u201cneeded this like a hole in the head\u201d and was unhappy when RT\u00c9 Radio One told her they would be taking one of her most high profile names off TV, to replace Claire Byrne on Radio One.<\/p>\n","protected":false},"excerpt":{"rendered":"Management at the state broadcaster are frantically hunting for a replacement for \u2018Six One News\u2019 slot The knock-on&hellip;\n","protected":false},"author":2,"featured_media":91278,"comment_status":"","ping_status":"","sticky":false,"template":"","format":"standard","meta":{"footnotes":""},"categories":[75],"tags":[18,117,19,17,5364,1181],"class_list":{"0":"post-91277","1":"post","2":"type-post","3":"status-publish","4":"format-standard","5":"has-post-thumbnail","7":"category-entertainment","8":"tag-eire","9":"tag-entertainment","10":"tag-ie","11":"tag-ireland","12":"tag-niamh-horan","13":"tag-rte"},"share_on_mastodon":{"url":"","error":""},"_links":{"self":[{"href":"https:\/\/www.europesays.com\/ie\/wp-json\/wp\/v2\/posts\/91277","targetHints":{"allow":["GET"]}}],"collection":[{"href":"https:\/\/www.europesays.com\/ie\/wp-json\/wp\/v2\/posts"}],"about":[{"href":"https:\/\/www.europesays.com\/ie\/wp-json\/wp\/v2\/types\/post"}],"author":[{"embeddable":true,"href":"https:\/\/www.europesays.com\/ie\/wp-json\/wp\/v2\/users\/2"}],"replies":[{"embeddable":true,"href":"https:\/\/www.europesays.com\/ie\/wp-json\/wp\/v2\/comments?post=91277"}],"version-history":[{"count":0,"href":"https:\/\/www.europesays.com\/ie\/wp-json\/wp\/v2\/posts\/91277\/revisions"}],"wp:featuredmedia":[{"embeddable":true,"href":"https:\/\/www.europesays.com\/ie\/wp-json\/wp\/v2\/media\/91278"}],"wp:attachment":[{"href":"https:\/\/www.europesays.com\/ie\/wp-json\/wp\/v2\/media?parent=91277"}],"wp:term":[{"taxonomy":"category","embeddable":true,"href":"https:\/\/www.europesays.com\/ie\/wp-json\/wp\/v2\/categories?post=91277"},{"taxonomy":"post_tag","embeddable":true,"href":"https:\/\/www.europesays.com\/ie\/wp-json\/wp\/v2\/tags?post=91277"}],"curies":[{"name":"wp","href":"https:\/\/api.w.org\/{rel}","templated":true}]}}