{"id":9287,"date":"2025-08-19T12:03:33","date_gmt":"2025-08-19T12:03:33","guid":{"rendered":"https:\/\/www.europesays.com\/ie\/9287\/"},"modified":"2025-08-19T12:03:33","modified_gmt":"2025-08-19T12:03:33","slug":"objectors-appeal-over-limericks-analog-devices-is-thrown-out-by-national-body","status":"publish","type":"post","link":"https:\/\/www.europesays.com\/ie\/9287\/","title":{"rendered":"Objector\u2019s appeal over Limerick&#8217;s Analog Devices is thrown out by national body"},"content":{"rendered":"<p>THE NATIONAL <a href=\"https:\/\/www.limerickleader.ie\/section\/231\/planning\" target=\"_blank\" rel=\"noopener nofollow\">planning<\/a> appeals body has dismissed an objection to a proposal by Analog Devices to make a change to its premises in Raheen.<\/p>\n<p>The semi-conductor manufacturer secured conditional permission from Limerick City and County Council to replace a section of existing cladding with glazing on the north-west and part of the south-west part of its Catalyst Building, which opened in March 2022.<\/p>\n<p>The individual, who has objected to a number of bids by firms to develop at the Raheen Industrial Estate, appealed against the council\u2019s decision, to An Coimisi\u00fan Plean\u00e1la, formerly An Bord Plean\u00e1la.<\/p>\n<p>He claimed agreements between the council and the site landowner, IDA Ireland relating to the Loughmore Canal had not been complied with. He said the course of the canal was not being maintained.<\/p>\n<p>READ MORE:\u00a0<a href=\"https:\/\/www.limerickleader.ie\/news\/planning\/1865490\/development-planned-at-limerick-s-wyeth-factory-despite-impending-closure.html\" target=\"_blank\" rel=\"noopener nofollow\">Development planned at Limerick&#8217;s Wyeth factory &#8211; despite impending closure<\/a><\/p>\n<p>He also referenced previous applications from Analog Devices Ireland, which is one of the city&#8217;s largest employers with more than 1,200 staff on its books, and claimed Raheen \u201cdoes not have the infrastructure to support this level of development.\u201d<\/p>\n<p>The individual has often cited the same, or similar reasons in his objections to national planners.<br \/>In this instance, the Commission decided substance of the grounds of appeal did not relate to matters of the proposed development. They dismissed the appeal.<\/p>\n<p>ADVERTISEMENT &#8211; CONTINUE READING BELOW<\/p>\n<p>ADVERTISEMENT &#8211; CONTINUE READING BELOW<\/p>\n<p>ADVERTISEMENT &#8211; CONTINUE READING BELOW<\/p>\n<p>ADVERTISEMENT &#8211; CONTINUE READING BELOW<\/p>\n<p>ADVERTISEMENT &#8211; CONTINUE READING BELOW<\/p>\n<p>ADVERTISEMENT &#8211; CONTINUE READING BELOW<\/p>\n<p>ADVERTISEMENT &#8211; CONTINUE READING BELOW<\/p>\n<p>ADVERTISEMENT &#8211; CONTINUE READING BELOW<\/p>\n<p>ADVERTISEMENT &#8211; CONTINUE READING BELOW<\/p>\n","protected":false},"excerpt":{"rendered":"THE NATIONAL planning appeals body has dismissed an objection to a proposal by Analog Devices to make a&hellip;\n","protected":false},"author":2,"featured_media":9288,"comment_status":"","ping_status":"","sticky":false,"template":"","format":"standard","meta":{"footnotes":""},"categories":[73],"tags":[9215,7928,9212,79,18,19,17,9213,9216,9214],"class_list":{"0":"post-9287","1":"post","2":"type-post","3":"status-publish","4":"format-standard","5":"has-post-thumbnail","7":"category-business","8":"tag-an-bord-pleanala","9":"tag-an-coimisiun-pleanala","10":"tag-analog-devices","11":"tag-business","12":"tag-eire","13":"tag-ie","14":"tag-ireland","15":"tag-limerick-city-and-county-council","16":"tag-loughmore","17":"tag-raheen"},"share_on_mastodon":{"url":"","error":""},"_links":{"self":[{"href":"https:\/\/www.europesays.com\/ie\/wp-json\/wp\/v2\/posts\/9287","targetHints":{"allow":["GET"]}}],"collection":[{"href":"https:\/\/www.europesays.com\/ie\/wp-json\/wp\/v2\/posts"}],"about":[{"href":"https:\/\/www.europesays.com\/ie\/wp-json\/wp\/v2\/types\/post"}],"author":[{"embeddable":true,"href":"https:\/\/www.europesays.com\/ie\/wp-json\/wp\/v2\/users\/2"}],"replies":[{"embeddable":true,"href":"https:\/\/www.europesays.com\/ie\/wp-json\/wp\/v2\/comments?post=9287"}],"version-history":[{"count":0,"href":"https:\/\/www.europesays.com\/ie\/wp-json\/wp\/v2\/posts\/9287\/revisions"}],"wp:featuredmedia":[{"embeddable":true,"href":"https:\/\/www.europesays.com\/ie\/wp-json\/wp\/v2\/media\/9288"}],"wp:attachment":[{"href":"https:\/\/www.europesays.com\/ie\/wp-json\/wp\/v2\/media?parent=9287"}],"wp:term":[{"taxonomy":"category","embeddable":true,"href":"https:\/\/www.europesays.com\/ie\/wp-json\/wp\/v2\/categories?post=9287"},{"taxonomy":"post_tag","embeddable":true,"href":"https:\/\/www.europesays.com\/ie\/wp-json\/wp\/v2\/tags?post=9287"}],"curies":[{"name":"wp","href":"https:\/\/api.w.org\/{rel}","templated":true}]}}