{"id":95905,"date":"2025-10-01T01:32:10","date_gmt":"2025-10-01T01:32:10","guid":{"rendered":"https:\/\/www.europesays.com\/ie\/95905\/"},"modified":"2025-10-01T01:32:10","modified_gmt":"2025-10-01T01:32:10","slug":"camogie-association-ceo-sinead-mcnulty-to-step-down-following-lgfa-chiefs-decision","status":"publish","type":"post","link":"https:\/\/www.europesays.com\/ie\/95905\/","title":{"rendered":"Camogie Association CEO Sin\u00e9ad McNulty to step down following LGFA chief\u2019s decision"},"content":{"rendered":"<p><img decoding=\"async\" alt=\"Camogie Association chief executive Sin\u00e9ad McNulty. Photo: Piaras \u00d3 M\u00eddheach\/Sportsfile\" src=\"https:\/\/www.europesays.com\/ie\/wp-content\/uploads\/2025\/10\/f48ce466-5237-4f7c-ae07-58d1bf693616.jpg\" loading=\"eager\" width=\"100%\" data-testid=\"article-image\"  \/><\/p>\n<p class=\"indo-ebe0ecc6_root indo-ebe0ecc6_caption1 indo-300db776_none indo-91174671_secondary indo-66f0fec7_regular indo-1d70522a_marginbottom0 indo-1d70522a_marginleft0 indo-1d70522a_marginright0 indo-1d70522a_margintop3 indo-b48c4984_left\" style=\"color:var(--color-grey-60)\">Camogie Association chief executive Sin\u00e9ad McNulty. Photo: Piaras \u00d3 M\u00eddheach\/Sportsfile<\/p>\n<p class=\"indo-ebe0ecc6_root indo-ebe0ecc6_paragraph indo-300db776_none indo-91174671_primary indo-1d70522a_marginbottom0 indo-1d70522a_margintop0 indo-b48c4984_inherit\" style=\"color:var(--color-primary-80)\">Sin\u00e9ad McNulty is stepping down as chief executive of the Camogie Association, just days after her LGFA counterpart Helen O&#8217;Rourke announced her intention to quit that role at the end of the year.<\/p>\n<p class=\"indo-ebe0ecc6_root indo-ebe0ecc6_paragraph indo-300db776_none indo-91174671_primary indo-1d70522a_marginbottom0 indo-1d70522a_margintop0 indo-b48c4984_inherit\" style=\"color:var(--color-primary-80)\">The departure of McNulty and O&#8217;Rourke comes as efforts to complete the integration of the LGFA and Camogie Association with the GAA by the stated 2027 deadline intensify.<\/p>\n","protected":false},"excerpt":{"rendered":"Camogie Association chief executive Sin\u00e9ad McNulty. Photo: Piaras \u00d3 M\u00eddheach\/Sportsfile Sin\u00e9ad McNulty is stepping down as chief executive&hellip;\n","protected":false},"author":2,"featured_media":95906,"comment_status":"","ping_status":"","sticky":false,"template":"","format":"standard","meta":{"footnotes":""},"categories":[76],"tags":[61656,25558,18,19,17,132],"class_list":{"0":"post-95905","1":"post","2":"type-post","3":"status-publish","4":"format-standard","5":"has-post-thumbnail","7":"category-sports","8":"tag-camogie-association","9":"tag-colm-keys","10":"tag-eire","11":"tag-ie","12":"tag-ireland","13":"tag-sports"},"share_on_mastodon":{"url":"","error":""},"_links":{"self":[{"href":"https:\/\/www.europesays.com\/ie\/wp-json\/wp\/v2\/posts\/95905","targetHints":{"allow":["GET"]}}],"collection":[{"href":"https:\/\/www.europesays.com\/ie\/wp-json\/wp\/v2\/posts"}],"about":[{"href":"https:\/\/www.europesays.com\/ie\/wp-json\/wp\/v2\/types\/post"}],"author":[{"embeddable":true,"href":"https:\/\/www.europesays.com\/ie\/wp-json\/wp\/v2\/users\/2"}],"replies":[{"embeddable":true,"href":"https:\/\/www.europesays.com\/ie\/wp-json\/wp\/v2\/comments?post=95905"}],"version-history":[{"count":0,"href":"https:\/\/www.europesays.com\/ie\/wp-json\/wp\/v2\/posts\/95905\/revisions"}],"wp:featuredmedia":[{"embeddable":true,"href":"https:\/\/www.europesays.com\/ie\/wp-json\/wp\/v2\/media\/95906"}],"wp:attachment":[{"href":"https:\/\/www.europesays.com\/ie\/wp-json\/wp\/v2\/media?parent=95905"}],"wp:term":[{"taxonomy":"category","embeddable":true,"href":"https:\/\/www.europesays.com\/ie\/wp-json\/wp\/v2\/categories?post=95905"},{"taxonomy":"post_tag","embeddable":true,"href":"https:\/\/www.europesays.com\/ie\/wp-json\/wp\/v2\/tags?post=95905"}],"curies":[{"name":"wp","href":"https:\/\/api.w.org\/{rel}","templated":true}]}}