{"id":96157,"date":"2025-10-01T04:33:09","date_gmt":"2025-10-01T04:33:09","guid":{"rendered":"https:\/\/www.europesays.com\/ie\/96157\/"},"modified":"2025-10-01T04:33:09","modified_gmt":"2025-10-01T04:33:09","slug":"martin-breheny-munsters-manipulation-of-the-sfc-draw-is-primed-for-boycott-by-limerick-tipp-waterford-and-clare","status":"publish","type":"post","link":"https:\/\/www.europesays.com\/ie\/96157\/","title":{"rendered":"Martin Breheny: Munster\u2019s manipulation of the SFC draw is primed for boycott by Limerick, Tipp, Waterford and Clare"},"content":{"rendered":"<p class=\"indo-ebe0ecc6_root indo-ebe0ecc6_paragraph indo-91174671_secondary indo-1d70522a_marginbottom4 indo-1d70522a_marginleft0 indo-1d70522a_marginright0 indo-1d70522a_margintop4\" style=\"color:var(--color-primary-80)\" data-testid=\"title-summary\">Desire for Kerry-Cork football final is over-riding rights of four other counties\n<\/p>\n<p><img decoding=\"async\" alt=\"Kerry and Cork players battle it out during the Munster SFC semi-final in P\u00e1irc U\u00ed Chaoimh last April. Photo: Piaras \u00d3 M\u00eddheach\/Sportsfile\" src=\"https:\/\/www.europesays.com\/ie\/wp-content\/uploads\/2025\/10\/3115341.jpg\" loading=\"eager\" width=\"100%\" data-testid=\"article-image\"  \/><\/p>\n<p class=\"indo-ebe0ecc6_root indo-ebe0ecc6_caption1 indo-300db776_none indo-91174671_secondary indo-66f0fec7_regular indo-1d70522a_marginbottom0 indo-1d70522a_marginleft0 indo-1d70522a_marginright0 indo-1d70522a_margintop3 indo-b48c4984_left\" style=\"color:var(--color-grey-60)\">Kerry and Cork players battle it out during the Munster SFC semi-final in P\u00e1irc U\u00ed Chaoimh last April. Photo: Piaras \u00d3 M\u00eddheach\/Sportsfile<\/p>\n<p class=\"indo-ebe0ecc6_root indo-ebe0ecc6_paragraph indo-300db776_none indo-91174671_primary indo-1d70522a_marginbottom0 indo-1d70522a_margintop0 indo-b48c4984_inherit\" style=\"color:var(--color-primary-80)\">What are the footballers from Clare, Limerick, Tipperary and Waterford waiting for?<\/p>\n<p class=\"indo-ebe0ecc6_root indo-ebe0ecc6_paragraph indo-300db776_none indo-91174671_primary indo-1d70522a_marginbottom0 indo-1d70522a_margintop0 indo-b48c4984_inherit\" style=\"color:var(--color-primary-80)\">Why haven\u2019t they shouted \u2018stop\u2019 and declared that unless the Munster Council withdraws plans for the 2026 championship they won\u2019t compete?<\/p>\n","protected":false},"excerpt":{"rendered":"Desire for Kerry-Cork football final is over-riding rights of four other counties Kerry and Cork players battle it&hellip;\n","protected":false},"author":2,"featured_media":96158,"comment_status":"","ping_status":"","sticky":false,"template":"","format":"standard","meta":{"footnotes":""},"categories":[76],"tags":[54829,10416,26611,24,18,19,17,13889,25472,26710,132,4935],"class_list":{"0":"post-96157","1":"post","2":"type-post","3":"status-publish","4":"format-standard","5":"has-post-thumbnail","7":"category-sports","8":"tag-clare-gaa","9":"tag-kerry-gaa","10":"tag-waterford-gaa","11":"tag-cork-gaa","12":"tag-eire","13":"tag-ie","14":"tag-ireland","15":"tag-limerick-gaa","16":"tag-martin-breheny","17":"tag-mayo-gaa","18":"tag-sports","19":"tag-tipperary-gaa"},"share_on_mastodon":{"url":"","error":""},"_links":{"self":[{"href":"https:\/\/www.europesays.com\/ie\/wp-json\/wp\/v2\/posts\/96157","targetHints":{"allow":["GET"]}}],"collection":[{"href":"https:\/\/www.europesays.com\/ie\/wp-json\/wp\/v2\/posts"}],"about":[{"href":"https:\/\/www.europesays.com\/ie\/wp-json\/wp\/v2\/types\/post"}],"author":[{"embeddable":true,"href":"https:\/\/www.europesays.com\/ie\/wp-json\/wp\/v2\/users\/2"}],"replies":[{"embeddable":true,"href":"https:\/\/www.europesays.com\/ie\/wp-json\/wp\/v2\/comments?post=96157"}],"version-history":[{"count":0,"href":"https:\/\/www.europesays.com\/ie\/wp-json\/wp\/v2\/posts\/96157\/revisions"}],"wp:featuredmedia":[{"embeddable":true,"href":"https:\/\/www.europesays.com\/ie\/wp-json\/wp\/v2\/media\/96158"}],"wp:attachment":[{"href":"https:\/\/www.europesays.com\/ie\/wp-json\/wp\/v2\/media?parent=96157"}],"wp:term":[{"taxonomy":"category","embeddable":true,"href":"https:\/\/www.europesays.com\/ie\/wp-json\/wp\/v2\/categories?post=96157"},{"taxonomy":"post_tag","embeddable":true,"href":"https:\/\/www.europesays.com\/ie\/wp-json\/wp\/v2\/tags?post=96157"}],"curies":[{"name":"wp","href":"https:\/\/api.w.org\/{rel}","templated":true}]}}