{"id":97668,"date":"2025-10-01T20:42:09","date_gmt":"2025-10-01T20:42:09","guid":{"rendered":"https:\/\/www.europesays.com\/ie\/97668\/"},"modified":"2025-10-01T20:42:09","modified_gmt":"2025-10-01T20:42:09","slug":"i-was-shocked-by-how-absolutely-horrific-the-system-is-new-documentary-shows-what-its-really-like-to-be-neurodivergent-in-ireland","status":"publish","type":"post","link":"https:\/\/www.europesays.com\/ie\/97668\/","title":{"rendered":"\u2018I was shocked by how absolutely horrific the system is\u2019: new documentary shows what it\u2019s really like to be neurodivergent in Ireland"},"content":{"rendered":"<p class=\"indo-ebe0ecc6_root indo-ebe0ecc6_paragraph indo-91174671_secondary indo-1d70522a_marginbottom4 indo-1d70522a_marginleft0 indo-1d70522a_marginright0 indo-1d70522a_margintop4\" style=\"color:var(--color-primary-80)\" data-testid=\"title-summary\">TG4 documentary N\u00e9ara-\u00c9ags\u00falacht: Dearcadh Difri\u00fail features an Irish-language speaking family as they strive to secure a school place in their local Gaelscoil\n<\/p>\n<p><img decoding=\"async\" alt=\"Ger U\u00ed Chonghaile and her husband Diarmuid \" src=\"https:\/\/www.europesays.com\/ie\/wp-content\/uploads\/2025\/10\/bc70156b-bf0c-4cba-a0c1-e921d4318a84.jpg\" loading=\"eager\" width=\"100%\" data-testid=\"article-image\"  \/><\/p>\n<p class=\"indo-ebe0ecc6_root indo-ebe0ecc6_caption1 indo-300db776_none indo-91174671_secondary indo-66f0fec7_regular indo-1d70522a_marginbottom0 indo-1d70522a_marginleft0 indo-1d70522a_marginright0 indo-1d70522a_margintop3 indo-b48c4984_left\" style=\"color:var(--color-grey-60)\">Ger U\u00ed Chonghaile and her husband Diarmuid <\/p>\n<p class=\"indo-ebe0ecc6_root indo-ebe0ecc6_paragraph indo-300db776_none indo-91174671_primary indo-1d70522a_marginbottom0 indo-1d70522a_margintop0 indo-b48c4984_inherit\" style=\"color:var(--color-primary-80)\">\u201cYou have to kill yourself with hours of work to get any help in this country for a child with a disability,\u201d mother Ger U\u00ed Chonghaile says. \u201cIn this day and age, how is there not a more streamlined system?\u201d<\/p>\n<p class=\"indo-ebe0ecc6_root indo-ebe0ecc6_paragraph indo-300db776_none indo-91174671_primary indo-1d70522a_marginbottom0 indo-1d70522a_margintop0 indo-b48c4984_inherit\" style=\"color:var(--color-primary-80)\">Bean U\u00ed Chonghaile and her husband Diarmuid have two children: a daughter, Laoise, and six-year-old Ferdia, who is autistic.<\/p>\n","protected":false},"excerpt":{"rendered":"TG4 documentary N\u00e9ara-\u00c9ags\u00falacht: Dearcadh Difri\u00fail features an Irish-language speaking family as they strive to secure a school place&hellip;\n","protected":false},"author":2,"featured_media":97669,"comment_status":"","ping_status":"","sticky":false,"template":"","format":"standard","meta":{"footnotes":""},"categories":[263],"tags":[18,117,19,17,2119,327,8336],"class_list":{"0":"post-97668","1":"post","2":"type-post","3":"status-publish","4":"format-standard","5":"has-post-thumbnail","7":"category-movies","8":"tag-eire","9":"tag-entertainment","10":"tag-ie","11":"tag-ireland","12":"tag-kirsty-blake-knox","13":"tag-movies","14":"tag-tg4"},"share_on_mastodon":{"url":"","error":""},"_links":{"self":[{"href":"https:\/\/www.europesays.com\/ie\/wp-json\/wp\/v2\/posts\/97668","targetHints":{"allow":["GET"]}}],"collection":[{"href":"https:\/\/www.europesays.com\/ie\/wp-json\/wp\/v2\/posts"}],"about":[{"href":"https:\/\/www.europesays.com\/ie\/wp-json\/wp\/v2\/types\/post"}],"author":[{"embeddable":true,"href":"https:\/\/www.europesays.com\/ie\/wp-json\/wp\/v2\/users\/2"}],"replies":[{"embeddable":true,"href":"https:\/\/www.europesays.com\/ie\/wp-json\/wp\/v2\/comments?post=97668"}],"version-history":[{"count":0,"href":"https:\/\/www.europesays.com\/ie\/wp-json\/wp\/v2\/posts\/97668\/revisions"}],"wp:featuredmedia":[{"embeddable":true,"href":"https:\/\/www.europesays.com\/ie\/wp-json\/wp\/v2\/media\/97669"}],"wp:attachment":[{"href":"https:\/\/www.europesays.com\/ie\/wp-json\/wp\/v2\/media?parent=97668"}],"wp:term":[{"taxonomy":"category","embeddable":true,"href":"https:\/\/www.europesays.com\/ie\/wp-json\/wp\/v2\/categories?post=97668"},{"taxonomy":"post_tag","embeddable":true,"href":"https:\/\/www.europesays.com\/ie\/wp-json\/wp\/v2\/tags?post=97668"}],"curies":[{"name":"wp","href":"https:\/\/api.w.org\/{rel}","templated":true}]}}