{"id":98493,"date":"2025-10-02T06:06:06","date_gmt":"2025-10-02T06:06:06","guid":{"rendered":"https:\/\/www.europesays.com\/ie\/98493\/"},"modified":"2025-10-02T06:06:06","modified_gmt":"2025-10-02T06:06:06","slug":"tomas-in-the-clear-for-donor-sisters-big-day-after-lifesaving-transplant-connacht-tribune","status":"publish","type":"post","link":"https:\/\/www.europesays.com\/ie\/98493\/","title":{"rendered":"Tom\u00e1s in the clear for donor sister\u2019s big day after lifesaving transplant &#8211; Connacht Tribune"},"content":{"rendered":"\n<p>It was a double celebration for the Fahy family of Ballinasloe when their son \u2013 six months on from a lifesaving transplant \u2013 had his medication tube removed on the same day his big sister graduated with an honours degree, just months after donating her bone marrow.<\/p>\n<p>Now Tom\u00e1s \u00d3 Brion Fahy is looking forward to returning to Scoil U\u00ed Cheithearnaigh in Ballinasloe at Christmas following his lifesaving transplant at Leeds University Hospital last March.<\/p>\n<p>His sister R\u00f3is\u00edn, who had been studying environmental science at University of Limerick, donated her bone marrow at St James\u2019 Hospital in Dublin.<\/p>\n<p>Eight-year-old Tom\u00e1s was diagnosed with Aplastic Anaemia a year ago after his mam \u00dana N\u00ed Bhroin noticed some unusual bruising while he was swimming.\u00a0 It\u2019s a condition that affects two in a million people, where the bone marrow does not produce enough red and white cells as well as platelets.<\/p>\n<p>Everything went as well as it could have, reflects \u00dana. The family spent two months instead of an expected three months in the UK during his recovery before being transferred back to Crumlin Children\u2019s Hospital in Dublin.<\/p>\n<p>\u201cHe reached another milestone when he had his Hickman line removed at the hospital and was feeling so good that we were all able to drive to Limerick for R\u00f3is\u00edn\u2019s graduation which was fantastic because she also received the Cooperative Education Award for her placement at the Environmental Protection Agency (EPA),\u201d said \u00dana.<\/p>\n<p>Caption: Happy family\u2026(from left) \u00dana, Meadbh, Teegan, R\u00f3is\u00edn, Tom\u00e1s and Padraig Fahy, at R\u00f3is\u00edn\u2019s graduation in UL.<\/p>\n<p>Get the full story in this week\u2019s Connacht Tribune, on sale in shops now, or you can download the digital edition from\u00a0<a href=\"https:\/\/www.connachttribune.ie\/\" rel=\"nofollow noopener\" target=\"_blank\">www.connachttribune.ie<\/a>. You can also download our Connacht Tribune App from Apple\u2019s App Store or\u00a0get the Android Version from Google Play.<\/p>\n","protected":false},"excerpt":{"rendered":"It was a double celebration for the Fahy family of Ballinasloe when their son \u2013 six months on&hellip;\n","protected":false},"author":2,"featured_media":98494,"comment_status":"","ping_status":"","sticky":false,"template":"","format":"standard","meta":{"footnotes":""},"categories":[74],"tags":[62911,29297,18,1176,1878,19,17,62913,82,62912,5530],"class_list":{"0":"post-98493","1":"post","2":"type-post","3":"status-publish","4":"format-standard","5":"has-post-thumbnail","7":"category-technology","8":"tag-ballinasloe","9":"tag-connacht-tribune","10":"tag-eire","11":"tag-featured","12":"tag-galway","13":"tag-ie","14":"tag-ireland","15":"tag-roisin-ni-bhrion","16":"tag-technology","17":"tag-tomas-o-brion-fahy","18":"tag-transplant"},"share_on_mastodon":{"url":"","error":""},"_links":{"self":[{"href":"https:\/\/www.europesays.com\/ie\/wp-json\/wp\/v2\/posts\/98493","targetHints":{"allow":["GET"]}}],"collection":[{"href":"https:\/\/www.europesays.com\/ie\/wp-json\/wp\/v2\/posts"}],"about":[{"href":"https:\/\/www.europesays.com\/ie\/wp-json\/wp\/v2\/types\/post"}],"author":[{"embeddable":true,"href":"https:\/\/www.europesays.com\/ie\/wp-json\/wp\/v2\/users\/2"}],"replies":[{"embeddable":true,"href":"https:\/\/www.europesays.com\/ie\/wp-json\/wp\/v2\/comments?post=98493"}],"version-history":[{"count":0,"href":"https:\/\/www.europesays.com\/ie\/wp-json\/wp\/v2\/posts\/98493\/revisions"}],"wp:featuredmedia":[{"embeddable":true,"href":"https:\/\/www.europesays.com\/ie\/wp-json\/wp\/v2\/media\/98494"}],"wp:attachment":[{"href":"https:\/\/www.europesays.com\/ie\/wp-json\/wp\/v2\/media?parent=98493"}],"wp:term":[{"taxonomy":"category","embeddable":true,"href":"https:\/\/www.europesays.com\/ie\/wp-json\/wp\/v2\/categories?post=98493"},{"taxonomy":"post_tag","embeddable":true,"href":"https:\/\/www.europesays.com\/ie\/wp-json\/wp\/v2\/tags?post=98493"}],"curies":[{"name":"wp","href":"https:\/\/api.w.org\/{rel}","templated":true}]}}