{"id":99017,"date":"2025-10-02T12:23:07","date_gmt":"2025-10-02T12:23:07","guid":{"rendered":"https:\/\/www.europesays.com\/ie\/99017\/"},"modified":"2025-10-02T12:23:07","modified_gmt":"2025-10-02T12:23:07","slug":"new-investor-is-the-turbo-charge-waterford-airport-needs-mep","status":"publish","type":"post","link":"https:\/\/www.europesays.com\/ie\/99017\/","title":{"rendered":"New investor is the &#8216;turbo charge&#8217; Waterford Airport needs &#8211; MEP"},"content":{"rendered":"<p>An MEP for Ireland South says news of a new investor for Waterford Airport is the &#8220;turbo charge&#8221; which the facility needs.<\/p>\n<p>Fianna F\u00e1il MEP Cynthia N\u00ed Mhurch\u00fa says she is thrilled and enthusiastic with the news about American investment for Waterford Airport.<\/p>\n<p>As reported on WLR, <a href=\"https:\/\/www.wlrfm.com\/news\/waterford-airport-investment-plan-moves-forward-with-new-investor-1848753\" rel=\"nofollow noopener\" target=\"_blank\">a\u00a0new proposal will be presented to councillors next week<\/a>, involving a fresh American investor stepping in to replace the Comer Brothers.<\/p>\n<p>The plan outlines major structural changes.<\/p>\n<p>&#8220;This news of American investment for Waterford Airport is exciting for Ireland South &#8211; and particularly the South East, and shows the business belief and commitment to the region,&#8221; says Cynthia N\u00ed Mhurch\u00fa.<\/p>\n<p>She pledged to continue to advocate for government support and investment at Waterford Airport, and to the infrastructure around it and described the news overnight of the airport\u2019s fresh investment as the \u201cturbo charge\u201d needed to ensure a bright future for the South East in terms of business investment and tourism.<\/p>\n<p>SETU partnership<\/p>\n<p>Cynthia N\u00ed Mhurch\u00fa pointed out that SETU formed a strategic partnership with Waterford Airport also earlier this year by signing a Memorandum of Agreement (MOU) with Waterford Airport to develop a National Aerospace Academy, specialising in Unmanned Air Vehicles (UAVs).<\/p>\n<p>The MOU is a collaboration that will support the growing offshore sector in the South East of Ireland, fostering climate-focused research capabilities and further strengthening Ireland\u2019s aerospace ecosystem.<\/p>\n<p>Cynthia N\u00ed Mhurch\u00fa, emphasised the impact of building on these developments, saying:\u00a0\u201cIreland is a global leader in aviation and aerospace. SETU\u2019s partnership and collaboration with Waterford Airport and its newly achieved EASA compliance, combined with its outstanding academic training via its aerospace programmes, ensures our region will continue to drive innovation in this sector. SETU\u2019s commitment to education, research, and industry collaboration is vital for sustaining this momentum.\u201d<\/p>\n<p><b>For the latest Waterford\u00a0<\/b><a href=\"https:\/\/www.wlrfm.com\/news\" rel=\"nofollow noopener\" target=\"_blank\"><b>News<\/b><\/a><b>\u00a0and\u00a0<\/b><a href=\"https:\/\/www.wlrfm.com\/sport\/\" rel=\"nofollow noopener\" target=\"_blank\"><b>Sport,<\/b><\/a><b>\u00a0tune into WLR News on the hour and download the WLR App for news on demand.<\/b><\/p>\n","protected":false},"excerpt":{"rendered":"An MEP for Ireland South says news of a new investor for Waterford Airport is the &#8220;turbo charge&#8221;&hellip;\n","protected":false},"author":2,"featured_media":99018,"comment_status":"","ping_status":"","sticky":false,"template":"","format":"standard","meta":{"footnotes":""},"categories":[73],"tags":[79,18,19,17,63112],"class_list":{"0":"post-99017","1":"post","2":"type-post","3":"status-publish","4":"format-standard","5":"has-post-thumbnail","7":"category-business","8":"tag-business","9":"tag-eire","10":"tag-ie","11":"tag-ireland","12":"tag-waterford-airport"},"share_on_mastodon":{"url":"","error":""},"_links":{"self":[{"href":"https:\/\/www.europesays.com\/ie\/wp-json\/wp\/v2\/posts\/99017","targetHints":{"allow":["GET"]}}],"collection":[{"href":"https:\/\/www.europesays.com\/ie\/wp-json\/wp\/v2\/posts"}],"about":[{"href":"https:\/\/www.europesays.com\/ie\/wp-json\/wp\/v2\/types\/post"}],"author":[{"embeddable":true,"href":"https:\/\/www.europesays.com\/ie\/wp-json\/wp\/v2\/users\/2"}],"replies":[{"embeddable":true,"href":"https:\/\/www.europesays.com\/ie\/wp-json\/wp\/v2\/comments?post=99017"}],"version-history":[{"count":0,"href":"https:\/\/www.europesays.com\/ie\/wp-json\/wp\/v2\/posts\/99017\/revisions"}],"wp:featuredmedia":[{"embeddable":true,"href":"https:\/\/www.europesays.com\/ie\/wp-json\/wp\/v2\/media\/99018"}],"wp:attachment":[{"href":"https:\/\/www.europesays.com\/ie\/wp-json\/wp\/v2\/media?parent=99017"}],"wp:term":[{"taxonomy":"category","embeddable":true,"href":"https:\/\/www.europesays.com\/ie\/wp-json\/wp\/v2\/categories?post=99017"},{"taxonomy":"post_tag","embeddable":true,"href":"https:\/\/www.europesays.com\/ie\/wp-json\/wp\/v2\/tags?post=99017"}],"curies":[{"name":"wp","href":"https:\/\/api.w.org\/{rel}","templated":true}]}}