{"id":279620,"date":"2026-09-05T21:51:15","date_gmt":"2026-09-05T21:51:15","guid":{"rendered":"https:\/\/www.europesays.com\/iran\/279620\/"},"modified":"2026-09-05T21:51:15","modified_gmt":"2026-09-05T21:51:15","slug":"swiss-theater-director-milo-rau-tests-out-the-israeli-theater-schene","status":"publish","type":"post","link":"https:\/\/www.europesays.com\/iran\/279620\/","title":{"rendered":"Swiss theater director Milo Rau tests out the Israeli theater schene"},"content":{"rendered":"<p class=\"article-paragraph-section article-body-paragraph\">Considering the state of things in this information-laden, Internet- and social media-suffused age, one has to be driven and willing to put in an extra shift or two to eke out the incontrovertible facts on the ground betwixt the fallout of the data deluge.<\/p>\n<p class=\"article-paragraph-section article-body-paragraph\">Milo Rau is clearly determined to dive into the multi-layered, dense underbelly of various situations to divine the whys and wherefores and, hopefully, uncover the real state of play.<\/p>\n<p class=\"article-paragraph-section article-body-paragraph\">The latter, it seems, frequently involves nefarious deeds and injustices wreaked on innocent bystanders by folks with the financial, and hence political, clout to go about their profiteering business unopposed.<\/p>\n<p class=\"article-paragraph-section article-body-paragraph\">The 49-year-old Swiss theater director, festival honcho, filmmaker, and writer has accumulated a striking directorial and production bio to date, featuring the likes of Justice, a multimedia opera that premiered at the Grand Th\u00e9\u00e2tre de Gen\u00e8ve in January 2024.<\/p>\n<p>The work fused <a href=\"https:\/\/www.jpost.com\/israel-news\/culture\/article-906586\" rel=\"nofollow noopener\" target=\"_blank\">documentary<\/a> theater \u2013 complete with in situ video footage \u2013 and contemporary classical music, which shed an unforgiving spotlight on neocolonial exploitation, corporate crime, and systemic violence in the Democratic Republic of the Congo.\u00a0<\/p>\n<p><img alt=\"MILO RAU, Swiss theater director, artistic director, filmmaker and writer, dropped in for some pre-Wagnerian opera production sleuthing.\" loading=\"lazy\" width=\"632\" height=\"492\" decoding=\"async\" data-nimg=\"1\" style=\"color:transparent\" src=\"https:\/\/images.jpost.com\/image\/upload\/f_auto,fl_lossy\/736348\"\/>MILO RAU, Swiss theater director, artistic director, filmmaker and writer, dropped in for some pre-Wagnerian opera production sleuthing. (credit: Magdalena-Blaszczuk)<\/p>\n<p>Rau, whose manifold professional purview includes heading the Vienna Festival, Europe\u2019s largest crossover cultural event, recently popped over here with a hefty sleuthing agenda for an exploratory expedition. The thinking behind the foray was to lay the theoretical groundwork for his forthcoming production of Richard Wagner\u2019s The Flying Dutchman at the Deutsche Oper Berlin, which begins a run in October and runs through February 2027.<\/p>\n<p class=\"article-paragraph-section article-body-paragraph\">Rau has been accused of all sorts of things during his stellar, storied professional timeline to date. But that\u2019s par for the course when you ruffle a few feathers and put several noses out of joint. And all in seemingly good, altruistic, and creative causes.<\/p>\n<p class=\"article-paragraph-section article-body-paragraph\">He comes across as a \u201ctruth seeker,\u201d a man fired up by his convictions and single-minded pursuit of justice, as he aims to bring it to the attention of the Western world.<\/p>\n<p class=\"article-paragraph-section article-body-paragraph\">Presumably, the hope is that his artistic endeavor will eventually bear corrective, or at least mitigating, political fruit, thereby improving the lot of the victims and possibly even obviating further cataclysmic developments.<\/p>\n<p class=\"article-paragraph-section article-body-paragraph\">That is indeed a commendable, lofty goal. It also serves to emphasize the role of cultural endeavor in society and offer an opportunity for art to make a real, street-level difference.<\/p>\n<p>But, as Romain Rolland suggested, perhaps Rau should not hold out too much hope in that regard. The late-19th- to early-20th-century French <a href=\"https:\/\/www.jpost.com\/israel-news\/article-907162\" rel=\"nofollow noopener\" target=\"_blank\">Nobel Prize<\/a>-winning writer is quoted by the celebrated Jewish Austrian writer Stefan Zweig as saying that art \u201ccan bring comfort to us as individuals, but it can do nothing against stark reality.\u201d<\/p>\n<p>When does altruism overstep the bounds that define it?<\/p>\n<p class=\"article-paragraph-section article-body-paragraph\">IS THAT the way the sorry things are? Judging by the ludicrously measly state support for cultural endeavor in this country \u2013 way below the average for OECD members \u2013 were Rau to try his hand at affecting the way the upper echelons of the local political hierarchy go about their business in the arts domain, he\u2019d be chasing a lost cause.<\/p>\n<p class=\"article-paragraph-section article-body-paragraph\">But when does altruism overstep the bounds that define it? We can also enter more philosophical-moral realms by asking about the character and modus operandi of the artist or protagonist, and the creative end result she or he ultimately delivers for performance or presentation to public consumption.<\/p>\n<p class=\"article-paragraph-section article-body-paragraph\">Is that what it\u2019s all about? Is it just about what we get to see or hear, or is there a place in the equation for, say, rectitude? Should we simply ignore the nature of the person who produced the work proffered for our wonderment and enjoyment, and just take an \u201cit is what it is\u201d attitude?<\/p>\n<p class=\"article-paragraph-section article-body-paragraph\">For the purpose of amplification, were we to posit an imaginary, extreme, simplistic situation whereby Adolf Hitler had made an oil painting that was considered by all experts in the field as a masterpiece, would the general consensus be that it should be hung in a museum somewhere? After all, art is art, right? Based on that aphorism, we should appreciate a work on the basis of its merits, regardless of any dark moral undergrowth that it may have navigated on its way out to the light of day.<\/p>\n<p class=\"article-paragraph-section article-body-paragraph\">That, in a nutshell, is the way Yonatan Livny sees things.<\/p>\n<p class=\"article-paragraph-section article-body-paragraph\">\u201cOnce a work has been completed, it no longer belongs to the artist; it belongs to the world,\u201d he intoned when I asked him how he feels about the performing of music by Wagner in Israel.<\/p>\n<p class=\"article-paragraph-section article-body-paragraph\">This wasn\u2019t any old rationale statement. Livny has the vocational cred to voice his opinion on the topic with authority.<\/p>\n<p class=\"article-paragraph-section article-body-paragraph\">He is the founder of the Wagner Association, established in 2016 with the express purpose of promoting the performance of works by the 19th-century German composer, who is lauded by musicians and fans of classical music \u2013 primarily opera lovers \u2013 alike for his brilliant writing.<\/p>\n<p class=\"article-paragraph-section article-body-paragraph\">But he is also known as a rabid antisemite whose oeuvre was lovingly embraced and powerfully endorsed by Hitler himself, albeit many years after Wagner\u2019s death.<\/p>\n<p>Built on the ashes of the Nazi crematoria<\/p>\n<p class=\"article-paragraph-section article-body-paragraph\">HENCE THE problem and the blanket taboo imposed here on Wagner\u2019s music.<\/p>\n<p class=\"article-paragraph-section article-body-paragraph\">Sadly, Livny also has the bio collateral for his controversial stance.<\/p>\n<p class=\"article-paragraph-section article-body-paragraph\">\u201cI come from a German family that was wiped out by the Nazis,\u201d he explained to me. \u201cMy father was the only survivor. There were no aunts, uncles, or grandparents left. Nothing.\u201d<\/p>\n<p class=\"article-paragraph-section article-body-paragraph\">Personal devastation notwithstanding, Livny actively works to have Wagner\u2019s sheet music put to live instrumental practice here, in a country that was largely built on the ashes of the Nazi crematoria.<\/p>\n<p class=\"article-paragraph-section article-body-paragraph\">\u201cDespite that, I love Germany, I appreciate Germany, I certainly appreciate the music of Germany, and I certainly appreciate the music of that damned antisemite called Richard Wagner.\u201d<\/p>\n<p class=\"article-paragraph-section article-body-paragraph\">Livny even managed to see a darkly humorous side to that. \u201cIf, when I die, and I go up to heaven, and God \u2013 in whom I don\u2019t believe \u2013 tells me I am allowed to ask one question, I won\u2019t ask Him how the world works or anything like that. I will ask Him why He gave such a damned antisemite such wonderful musical talent.\u201d<\/p>\n<p class=\"article-paragraph-section article-body-paragraph\">With his Wagnerian backdrop, Livny was duly targeted by Rau ahead of the theater director\u2019s trip here. Livny wined and dined Rau and his associates at his home before settling down to answer Rau\u2019s questions about Wagner, playing his music in Israel, and the Holocaust connection.<\/p>\n<p class=\"article-paragraph-section article-body-paragraph\">According to Livny, a few shortcuts were taken in disclosing the full extent of Rau\u2019s plans during his brief pre-Berlin project visit here. \u201cI received a phone call from the Deutsche Oper. They said they were coming here to hold a concert of The Flying Dutchman.\u201d<\/p>\n<p class=\"article-paragraph-section article-body-paragraph\">I also received that information. In the end, the concert did not happen. Considering the muddied Wagnerian waters here, perhaps that is no surprise.<\/p>\n<p class=\"article-paragraph-section article-body-paragraph\">Then again, it seems that Rau\u2019s primary intention in coming here was to sound out Israelis about playing the Jew-hating composer\u2019s work in public, and to shoot video footage for screening at the concerts in Berlin.\\<\/p>\n<p>There wouldn\u2019t be an interview, and he didn\u2019t want any articles<\/p>\n<p class=\"article-paragraph-section article-body-paragraph\">I WENT to Tel Aviv to meet Rau, ostensibly to interview him for an article about his venture to Israel and his intent vis-\u00e0-vis staging The Flying Dutchman here in the face of such weighty emotional-historical baggage and still-festering Holocaust-related sores. At least that was what I was told.<\/p>\n<p class=\"article-paragraph-section article-body-paragraph\">However, when we met up at his hotel, Rau offhandedly informed me that, in all likelihood, he would not perform Wagner\u2019s music during his 10-day stay. He said something along the lines of developing misgivings about it all on the flight over, when he sensed tension among the Israeli passengers. He thought it might be better to maintain a lower profile here.<\/p>\n<p class=\"article-paragraph-section article-body-paragraph\">He added that there wouldn\u2019t be an interview and that he didn\u2019t want any articles to run in Israeli papers while he was still in the country.<\/p>\n<p class=\"article-paragraph-section article-body-paragraph\">I was taken aback by this announcement and felt I\u2019d been duped into giving up over half a day of my precious work schedule on a wild goose chase. Rau had known, ahead of time, that he wasn\u2019t going to do an interview, yet failed to convey that to me so I could decide, based on that, whether or not I wanted to meet him.<\/p>\n<p class=\"article-paragraph-section article-body-paragraph\">The logical conclusion I drew from that, after I somewhat reluctantly sat down with him and his colleagues, was that I was being used, unwittingly, as fodder for his Deutsche Oper project. After all, I was a perfect guinea pig. I was an Israeli journalist who writes about culture and, as Rau was fully aware, I am the son of a Holocaust survivor.<\/p>\n<p class=\"article-paragraph-section article-body-paragraph\">He then proceeded to roll out a bunch of questions he had clearly prepared in the run-up to his trip here. He asked me, inter alia, if I thought Wagner\u2019s music should be played in Israel.<\/p>\n<p class=\"article-paragraph-section article-body-paragraph\">I replied that, regardless of how I felt about it, if there is a single Holocaust survivor who objects, who finds the German\u2019s music objectionable, the taboo should remain in place.<\/p>\n<p class=\"article-paragraph-section article-body-paragraph\">Judging by the blank facial expressions of Rau, his Italian assistant, and the German cameraman, that wasn\u2019t the response they were looking for. Neither did they seem moved when I told them that every single Israeli is traumatized by the events of Oct. 7. Repeating that three times also failed, as far as I could see, to evoke any reaction.<\/p>\n<p>&#8216;What took place yesterday was purely anti-Israel&#8217;<\/p>\n<p>MY SENTIMENT was echoed by Tom Cohen, founder-conductor-artistic director of <a href=\"https:\/\/www.jpost.com\/israel-news\/culture\/article-897579\" rel=\"nofollow noopener\" target=\"_blank\">The Jerusalem Orchestra East and West<\/a>. While taking a professional, seasoned overview of his craft, Cohen does not let his years on the creative-entertainment circuit cloud his humanist judgment.<\/p>\n<p class=\"article-paragraph-section article-body-paragraph\">\u201cIf I have ever encountered Wagner\u2019s music \u2013 so far that hasn\u2019t happened in Israel \u2013 I have listened to it and even enjoyed it,\u201d he confessed.<\/p>\n<p class=\"article-paragraph-section article-body-paragraph\">\u201cThat said, as an artistic director or conductor, if I am due to perform music by Wagner, if I have the slightest suspicion that just one person in the audience \u2013 all the more so, if that person is a Holocaust survivor, or the descendant of one \u2013 will object to my playing Wagner\u2019s music, there is no way I would take the risk [of hurting that person\u2019s feelings]. With all due respect to the emotions in the loftier spheres, the earthy feelings in our belly are no less important.\u201d<\/p>\n<p class=\"article-paragraph-section article-body-paragraph\">I had been looking forward to meeting Rau, learning about how his mind works, and getting the inside track on his moral and intellectual stance on his line of work.<\/p>\n<p class=\"article-paragraph-section article-body-paragraph\">But, as it turned out, that was not to be. He had come here to meet Israelis he felt could help him with his pre-Berlin production fieldwork. He didn\u2019t bother to apologize for getting me to Tel Aviv on false pretenses, or thank me for my time, nor did he have the grace to even say goodbye as he waltzed off down Rothschild Boulevard to get something of a handle on the Tel Aviv vibe.<\/p>\n<p class=\"article-paragraph-section article-body-paragraph\">I\u2019d done my bit for him and was now superfluous to his requirements. There was a vague promise to notify me should he manage to put on a concert of Wagner\u2019s music while he was here.<\/p>\n<p class=\"article-paragraph-section article-body-paragraph\">I wasn\u2019t holding my breath. However, about a week later, I received a WhatsApp message telling me there would be an outdoor event in the piazza in front of the Jaffa Theater.<\/p>\n<p class=\"article-paragraph-section article-body-paragraph\">It wasn\u2019t clear what sort of program Rau had lined up; and, in all honesty, after my non-interview with him, I wasn\u2019t at all sure it would actually happen. In fact, it did, although the proceedings left Livny less than happy. We spoke on the morrow.<\/p>\n<p class=\"article-paragraph-section article-body-paragraph\">\u201cWhat took place yesterday was purely anti-Israel,\u201d he retorted. \u201cIt was really terrible. The singer was great. It was the first time Wagner songs were performed in public [in Israel].\u201d Apparently this was not an exclusively musical evening. \u201cEveryone who spoke said things that were anti-Israeli. There was an Israeli woman who said there should be no music, just silence. She said we [Israelis] killed this person and that person, and left a child without parents. She only mentioned Muslims.\u201d<\/p>\n<p class=\"article-paragraph-section article-body-paragraph\">Livny said he tries to take a balanced view of regional geopolitics. \u201cI am certainly not right-wing, and I think what we did in Gaza was terrible. But we must not forget what the Arabs did on Oct. 7. I am not saying one is worse than the other. But it is a disgrace not to mention what Hamas did.\u201d<\/p>\n<p>Interpreting the Wagner opera in the context of the Holocaust\u00a0<\/p>\n<p class=\"article-paragraph-section article-body-paragraph\">LIVNY ALSO took Rau to task on his reading of the Wagner opera, which the Swiss interprets in the context of the Holocaust.<\/p>\n<p class=\"article-paragraph-section article-body-paragraph\">The PR material I was sent prior to Rau\u2019s arrival in Israel said that his staging of The Flying Dutchman in Berlin in October would be based on the ambitious format of \u201ca road movie through German-Israeli history: from the Holocaust to the resumption of diplomatic relations in the 1950s; from the traumatic 1972 Olympic massacre [of members of the Israeli team by Palestinian terrorists at the Munich Games] to the opening of the Holocaust Memorial in Berlin [in 2005].\u201d<\/p>\n<p class=\"article-paragraph-section article-body-paragraph\">Livny doesn\u2019t see it that way, and feels Rau is stretching the operatic plot too far.<\/p>\n<p class=\"article-paragraph-section article-body-paragraph\">\u201cThere is absolutely no connection between The Flying Dutchman and the Holocaust,\u201d he declared.<\/p>\n<p class=\"article-paragraph-section article-body-paragraph\">Nevertheless, the Swiss director sees a direct line leading from the ghostly ship\u2019s captain who is cursed to roam the seas until he finds redemption in the love of a faithful woman. The opera storyline is based on a book by German author-poet Heinrich Heine.<\/p>\n<p class=\"article-paragraph-section article-body-paragraph\">Rau expounded on his take in his preliminary text: \u201cAviel Cahn, the new artistic director of the Deutsche Oper, asked me if I would like to stage The Flying Dutchman to mark the start of his tenure in Berlin.<\/p>\n<p class=\"article-paragraph-section article-body-paragraph\">It was immediately clear to me that the production would revolve around the theme of the Shoah. Because, unfortunately, Wagner stands for antisemitism, for all the romantic \u2018German\u2019 fantasies of doom and redemption: The idea that even the worst can be transcended \u2013 through music.\u201d<\/p>\n<p class=\"article-paragraph-section article-body-paragraph\">The Swiss director has been accused of being an antisemite himself, although he has taken pains to point out that while he strongly opposes the policies and actions of the Israeli government, he has nothing against Israelis per se.<\/p>\n<p>\u201cIsrael and the Israeli government are two completely different things,\u201d he stated. \u201cI stand with Israeli civil society, as I stand with the <a href=\"https:\/\/www.jpost.com\/international\/article-899210\" rel=\"nofollow noopener\" target=\"_blank\">Palestinian civil society<\/a>, which goes without saying. I refuse to confuse the population with its government.\u201d<\/p>\n<p class=\"article-paragraph-section article-body-paragraph\">He also asked me to stress that the alfresco Wagner concert-political posturing slot in Jaffa took place \u201cwithout local institutional support\u201d and that it was \u201cpart of a research for an opera, and not an \u2018event.\u2019\u201d<\/p>\n<p class=\"article-paragraph-section article-body-paragraph\">Presumably, Rau wanted the former put out there so as to obviate any accusations of collaboration with any Israeli state body, which might have left him open to criticism of selling out to the Israeli government and its policies.<\/p>\n<p class=\"article-paragraph-section article-body-paragraph\">But, as I have learned from personal experience, it is difficult to read Rau\u2019s mind and what really motivates him in his quest for strident artistic expression.<\/p>\n<p class=\"article-paragraph-section article-body-paragraph\">And so the Wagner conundrum goes on. Rau has his video material to slot into The Flying Dutchman in Berlin, and some insight into what Israelis think about the pros and cons of presenting Wagner\u2019s music to the public. Job done. \u25a0<\/p>\n","protected":false},"excerpt":{"rendered":"Considering the state of things in this information-laden, Internet- and social media-suffused age, one has to be driven&hellip;\n","protected":false},"author":2,"featured_media":279621,"comment_status":"","ping_status":"","sticky":false,"template":"","format":"standard","meta":{"footnotes":"","_share_on_mastodon":"0"},"categories":[33],"tags":[6387,537,14814,37,503,32974,1717,588,53509],"class_list":["post-279620","post","type-post","status-publish","format-standard","has-post-thumbnail","category-israel","tag-art","tag-germany","tag-holocaust","tag-israel","tag-magazine","tag-opera","tag-switzerland","tag-tel-aviv","tag-theater"],"share_on_mastodon":{"url":"https:\/\/pubeurope.com\/@iran\/117220651052944610","error":""},"_links":{"self":[{"href":"https:\/\/www.europesays.com\/iran\/wp-json\/wp\/v2\/posts\/279620","targetHints":{"allow":["GET"]}}],"collection":[{"href":"https:\/\/www.europesays.com\/iran\/wp-json\/wp\/v2\/posts"}],"about":[{"href":"https:\/\/www.europesays.com\/iran\/wp-json\/wp\/v2\/types\/post"}],"author":[{"embeddable":true,"href":"https:\/\/www.europesays.com\/iran\/wp-json\/wp\/v2\/users\/2"}],"replies":[{"embeddable":true,"href":"https:\/\/www.europesays.com\/iran\/wp-json\/wp\/v2\/comments?post=279620"}],"version-history":[{"count":0,"href":"https:\/\/www.europesays.com\/iran\/wp-json\/wp\/v2\/posts\/279620\/revisions"}],"wp:featuredmedia":[{"embeddable":true,"href":"https:\/\/www.europesays.com\/iran\/wp-json\/wp\/v2\/media\/279621"}],"wp:attachment":[{"href":"https:\/\/www.europesays.com\/iran\/wp-json\/wp\/v2\/media?parent=279620"}],"wp:term":[{"taxonomy":"category","embeddable":true,"href":"https:\/\/www.europesays.com\/iran\/wp-json\/wp\/v2\/categories?post=279620"},{"taxonomy":"post_tag","embeddable":true,"href":"https:\/\/www.europesays.com\/iran\/wp-json\/wp\/v2\/tags?post=279620"}],"curies":[{"name":"wp","href":"https:\/\/api.w.org\/{rel}","templated":true}]}}