{"id":100216,"date":"2025-09-10T17:58:11","date_gmt":"2025-09-10T17:58:11","guid":{"rendered":"https:\/\/www.europesays.com\/it\/100216\/"},"modified":"2025-09-10T17:58:11","modified_gmt":"2025-09-10T17:58:11","slug":"giustizia-in-cammino-itinerari-di-comunita-a-pisa","status":"publish","type":"post","link":"https:\/\/www.europesays.com\/it\/100216\/","title":{"rendered":"Giustizia in cammino, itinerari di comunit\u00e0 a Pisa"},"content":{"rendered":"<p>Pisa, mercoled\u00ec 10 settembre 2025 &#8211; La giustizia pu\u00f2 camminare per le strade di una citt\u00e0, attraversare piazze, parchi, luoghi di cura e di cultura. \u00c8 questo lo spirito con cui sabato 13 settembre 2025 prender\u00e0 vita a Pisa \u201c<strong>Giustizia in cammino \u2013 Itinerari di comunit\u00e0<\/strong>\u201d, un percorso collettivo che porter\u00e0 i partecipanti nel cuore del quartiere Sant\u2019Antonio, tra il Lungarno Gambacorti, via d\u2019Azeglio, via di Sant\u2019Antonio, fino a via dei Cappuccini e piazza della Stazione. L\u2019appuntamento \u00e8 <strong>alle 9.45 davanti a Palazzo Blu<\/strong>, punto di partenza di una passeggiata che intende raccontare come, a Pisa come altrove, le misure e le pene scontate sul territorio siano oggi pi\u00f9 diffuse della detenzione. Un modo per dare volto e voce a chi costruisce quotidianamente una giustizia che non si chiude dietro le sbarre, ma si apre alla citt\u00e0.  Il cammino toccher\u00e0 spazi significativi. Dall\u2019<strong>Angolino solidale del CIF<\/strong>, prima tappa, dove creativit\u00e0, solidariet\u00e0 e giustizia si intrecciano nei manufatti realizzati dalle detenute e opportunit\u00e0 di volontariato, alla <strong>Domus Mazziniana<\/strong>, seconda tappa, un laboratorio culturale a 360\u00b0 che custodisce memoria e prospettive attraverso museo, biblioteca e centro studi. La tappa al <strong>Dopolavoro Ferroviario e Cinema Nuovo<\/strong> mostrer\u00e0 come sport, cultura e solidariet\u00e0 possano dar vita a un&#8217;associazione senza scopo di lucro impegnata in attivit\u00e0 sociali, formative e inclusive, in occasioni di inclusione, mentre il penultimo stop sar\u00e0\u00a0 all\u2019<strong>Ambulatorio Villani, <\/strong>ricorder\u00e0 l\u2019importanza di un\u2019assistenza sanitaria accessibile a tutti. Infine, l\u2019arrivo al<strong> Parco Cosma e Damiano<\/strong>, luogo simbolo di cura del verde e di incontro sociale, accoglier\u00e0 i partecipanti per il momento conclusivo.  Qui, dalle 13, prender\u00e0 vita una <strong>festa comunitaria con pranzo condiviso, musica, parole e libri da scambiare<\/strong>. Un momento di convivialit\u00e0 che chiuder\u00e0 idealmente un percorso pensato non solo come camminata, ma come esperienza collettiva, capace di unire i cittadini attorno a un\u2019idea diversa di giustizia: quella che nasce dall\u2019incontro, dalla solidariet\u00e0 e dall\u2019inclusione. <strong>Promosso dall\u2019Ufficio Distrettuale di Esecuzione Penale Esterna di Pisa<\/strong> insieme a diverse realt\u00e0 associative, tra cui DLF Pisa, Simbolo, Controluce, Strade, Volontari del Parco e Donne Nuove, \u201cGiustizia in cammino\u201d vuole essere una testimonianza concreta di come la comunit\u00e0 possa diventare parte attiva di un percorso di cambiamento.<\/p>\n","protected":false},"excerpt":{"rendered":"Pisa, mercoled\u00ec 10 settembre 2025 &#8211; La giustizia pu\u00f2 camminare per le strade di una citt\u00e0, attraversare piazze,&hellip;\n","protected":false},"author":3,"featured_media":100217,"comment_status":"","ping_status":"","sticky":false,"template":"","format":"standard","meta":{"footnotes":""},"categories":[1481],"tags":[2065,2066,26159,931,485,239,2063,2064,1537,90,89,71204,3124,240],"class_list":{"0":"post-100216","1":"post","2":"type-post","3":"status-publish","4":"format-standard","5":"has-post-thumbnail","7":"category-assistenza-sanitaria","8":"tag-assistenza-sanitaria","9":"tag-assistenzasanitaria","10":"tag-cammino","11":"tag-comunita","12":"tag-giustizia","13":"tag-health","14":"tag-health-care","15":"tag-healthcare","16":"tag-it","17":"tag-italia","18":"tag-italy","19":"tag-itinerari","20":"tag-pisa","21":"tag-salute"},"share_on_mastodon":{"url":"","error":""},"_links":{"self":[{"href":"https:\/\/www.europesays.com\/it\/wp-json\/wp\/v2\/posts\/100216","targetHints":{"allow":["GET"]}}],"collection":[{"href":"https:\/\/www.europesays.com\/it\/wp-json\/wp\/v2\/posts"}],"about":[{"href":"https:\/\/www.europesays.com\/it\/wp-json\/wp\/v2\/types\/post"}],"author":[{"embeddable":true,"href":"https:\/\/www.europesays.com\/it\/wp-json\/wp\/v2\/users\/3"}],"replies":[{"embeddable":true,"href":"https:\/\/www.europesays.com\/it\/wp-json\/wp\/v2\/comments?post=100216"}],"version-history":[{"count":0,"href":"https:\/\/www.europesays.com\/it\/wp-json\/wp\/v2\/posts\/100216\/revisions"}],"wp:featuredmedia":[{"embeddable":true,"href":"https:\/\/www.europesays.com\/it\/wp-json\/wp\/v2\/media\/100217"}],"wp:attachment":[{"href":"https:\/\/www.europesays.com\/it\/wp-json\/wp\/v2\/media?parent=100216"}],"wp:term":[{"taxonomy":"category","embeddable":true,"href":"https:\/\/www.europesays.com\/it\/wp-json\/wp\/v2\/categories?post=100216"},{"taxonomy":"post_tag","embeddable":true,"href":"https:\/\/www.europesays.com\/it\/wp-json\/wp\/v2\/tags?post=100216"}],"curies":[{"name":"wp","href":"https:\/\/api.w.org\/{rel}","templated":true}]}}