{"id":100236,"date":"2025-09-10T18:11:19","date_gmt":"2025-09-10T18:11:19","guid":{"rendered":"https:\/\/www.europesays.com\/it\/100236\/"},"modified":"2025-09-10T18:11:19","modified_gmt":"2025-09-10T18:11:19","slug":"laltra-meta-di-me-ii-libro-vittorioso-a-spoleto-letteratura","status":"publish","type":"post","link":"https:\/\/www.europesays.com\/it\/100236\/","title":{"rendered":"L\u2019Altra met\u00e0 di me (II), libro vittorioso a Spoleto Letteratura"},"content":{"rendered":"<p>Poi \u00e8 ritornata sulla scena letteraria con\u00a0Le parole del cuore \u2013 Te lo dico sottovoce, un grido d`amore per tutti coloro che credono nell`anima gemella. E\u2019 stata in seguito la volta di un lavoro pubblicato\u00a0per i tipi di\u00a0Pegasus Edition che si intitola\u00a0<strong>L\u2019Altra met\u00e0 di me (II) \u2013 L\u2019Amore ha\u00a0 un solo nome\u2026il tuo <\/strong>e che \u00e8 stato annunciato essere <strong>tra i libri <\/strong>attenzionati (e<strong> premiati<\/strong>)<strong> alla prossima edizione di Spoleto Art Festival Letteratura 2025, il 27 settembre.<\/strong><\/p>\n<p>Il\u00a0 programma della edizione spoletina di quest\u2019anno, presieduta dal Prof. Luca Filipponi che ne \u00e8 da sempre anima e mente, vedr\u00e0 presentare venerd\u00ec 26 settembre, presso il Piano nobile Chiostro San Nicol\u00f2 a Via Gregorio Elladio, il \u00a0Menotti Art Festival Spoleto Art in the City 2025, con inizio alle ore 15.30. Sempre alle ore 15.30 del giorno seguente, e sempre nella medesima location, si assegner\u00e0 il Premio Internazionale Letteratura Spoleto Festival Art 2035. Molti i premiati, tra scrittori e letterati. Qualche nome: oltre a giornalisti come Livio Frittella (RAI), troviamo scrittori come Annamaria Bovio.<\/p>\n<p>Gran finale, infine,\u00a0 il 28 settembre, dove ancora una volta al Chiostro San Nicol\u00f2, con inizio stavolta alle ore 16.00, si vedranno sfilare i protagonisti del Premio internazionale Thomas Schippers 2025.\u00a0 Sempre al fianco di Filipponi da anni, in qualit\u00e0 di partners, due note istituzioni culturali: la Fondazione Tau di Umberto Giammaria e l\u2019Accademia Auge con il suo presidente Cesare Cilvini.\u00a0 Appoggiano la manifestazione 2025, tra gli altri, L\u2019Aquila come Capitale della Cultura 2026 e la Citt\u00e0 di Pontremoli nota per il suo premio Bancarella.<\/p>\n<p>Annamaria Bovio \u00e8 molto seguita sui social: solo su\u00a0IG, ha attualmente circa 58.000 followers. Crede nelle parole e nel loro profondo significato, e pensa che \u00a0l\u2019amore sia l\u2019unica immensa forza, in questo mondo, capace di vincere su ogni cosa.<\/p>\n<p>L\u2019Altra met\u00e0 di me (II) \u2013 L\u2019Amore ha\u00a0 un solo nome\u2026il tuo\u00a0\u00e8 disponibile nelle librerie Feltrinelli e Ubik e in tutti gli stores online italiani (Ibs, Mondadori, Feltrinelli, Unilibro, Ubik \u2026), oltre che su Amazon. Solo su Amazon, invece, \u00e8 acquistabile il suo ultimo libro dal titolo Antonio il piccolo Superman contro la SMA, i cui proventi l\u2019Autrice ha deciso di devolvere totalmente in beneficenza per aiutare le cure di cui necessita Antonio, piccolo-grande protagonista del volume. Si tratta di una storia vera raccontata con gli occhi di un bambino. Affetto da SMA (atrofia muscolare spinale), Antonio ci racconta la sua storia con occhi puri e parole piene di luce. Non \u00e8 solo il racconto di una malattia. \u00c8 il viaggio di un piccolo grande eroe che insegna a tutti cosa significa essere forti, sorridere nonostante tutto, e credere in un domani migliore.<\/p>\n<p>Eccola, Annamaria Bovio: tutta cuore e sentimenti.<\/p>\n<p><img fetchpriority=\"high\" decoding=\"async\" width=\"768\" height=\"1024\" src=\"https:\/\/www.europesays.com\/it\/wp-content\/uploads\/2025\/09\/Annamaria-Bovio-768x1024.webp.webp\" alt=\"\" class=\"wp-image-8932\"\/><strong>Annamaria Bovio<\/strong><\/p>\n<p>Il libro:<\/p>\n","protected":false},"excerpt":{"rendered":"Poi \u00e8 ritornata sulla scena letteraria con\u00a0Le parole del cuore \u2013 Te lo dico sottovoce, un grido d`amore&hellip;\n","protected":false},"author":3,"featured_media":100237,"comment_status":"","ping_status":"","sticky":false,"template":"","format":"standard","meta":{"footnotes":""},"categories":[1445],"tags":[1608,203,204,1537,90,89,1609],"class_list":{"0":"post-100236","1":"post","2":"type-post","3":"status-publish","4":"format-standard","5":"has-post-thumbnail","7":"category-libri","8":"tag-books","9":"tag-entertainment","10":"tag-intrattenimento","11":"tag-it","12":"tag-italia","13":"tag-italy","14":"tag-libri"},"share_on_mastodon":{"url":"","error":""},"_links":{"self":[{"href":"https:\/\/www.europesays.com\/it\/wp-json\/wp\/v2\/posts\/100236","targetHints":{"allow":["GET"]}}],"collection":[{"href":"https:\/\/www.europesays.com\/it\/wp-json\/wp\/v2\/posts"}],"about":[{"href":"https:\/\/www.europesays.com\/it\/wp-json\/wp\/v2\/types\/post"}],"author":[{"embeddable":true,"href":"https:\/\/www.europesays.com\/it\/wp-json\/wp\/v2\/users\/3"}],"replies":[{"embeddable":true,"href":"https:\/\/www.europesays.com\/it\/wp-json\/wp\/v2\/comments?post=100236"}],"version-history":[{"count":0,"href":"https:\/\/www.europesays.com\/it\/wp-json\/wp\/v2\/posts\/100236\/revisions"}],"wp:featuredmedia":[{"embeddable":true,"href":"https:\/\/www.europesays.com\/it\/wp-json\/wp\/v2\/media\/100237"}],"wp:attachment":[{"href":"https:\/\/www.europesays.com\/it\/wp-json\/wp\/v2\/media?parent=100236"}],"wp:term":[{"taxonomy":"category","embeddable":true,"href":"https:\/\/www.europesays.com\/it\/wp-json\/wp\/v2\/categories?post=100236"},{"taxonomy":"post_tag","embeddable":true,"href":"https:\/\/www.europesays.com\/it\/wp-json\/wp\/v2\/tags?post=100236"}],"curies":[{"name":"wp","href":"https:\/\/api.w.org\/{rel}","templated":true}]}}