{"id":102021,"date":"2025-09-11T14:51:11","date_gmt":"2025-09-11T14:51:11","guid":{"rendered":"https:\/\/www.europesays.com\/it\/102021\/"},"modified":"2025-09-11T14:51:11","modified_gmt":"2025-09-11T14:51:11","slug":"juve-openda-e-zhegrova-la-presentazione","status":"publish","type":"post","link":"https:\/\/www.europesays.com\/it\/102021\/","title":{"rendered":"Juve, Openda e Zhegrova: la presentazione"},"content":{"rendered":"<p>Termina qui la conferenza stampa di <strong>Zhegrova<\/strong> e <strong>Openda<\/strong>.&#8221;,&#8221;postId&#8221;:&#8221;49dd938c-5705-4992-9685-92c686a90b59&#8243;,&#8221;postLink&#8221;:{&#8220;title&#8221;:&#8221;&#8221;,&#8221;url&#8221;:&#8221;&#8221;,&#8221;imageSrc&#8221;:&#8221;&#8221;}},{&#8220;timestamp&#8221;:&#8221;2025-09-11T12:57:45.199Z&#8221;,&#8221;timestampUtcIt&#8221;:&#8221;2025-09-11T14:57:45+0200&#8243;,&#8221;altBackground&#8221;:false,&#8221;content&#8221;:&#8221;<\/p>\n<p><strong>Siete in una squadra che ha tanti giocatori in attacco, come affronti questa sfida?<\/strong><\/p>\n<p>\\n<\/p>\n<p><strong>Openda<\/strong>: \\&#8221;Ne sono consapevole. Ci sono un sacco di grandi attaccanti. So che non giocher\u00f2 tutte le partite, ma sar\u00f2 pronto per entrare in campo quando necessario. In questo modo si pu\u00f2 garantire una performance sempre al massimo\\&#8221;.<\/p>\n<p>&#8220;,&#8221;postId&#8221;:&#8221;bf810aa0-ad83-4462-afa5-5a716fc77d7e&#8221;,&#8221;postLink&#8221;:{&#8220;title&#8221;:&#8221;&#8221;,&#8221;url&#8221;:&#8221;&#8221;,&#8221;imageSrc&#8221;:&#8221;&#8221;}},{&#8220;timestamp&#8221;:&#8221;2025-09-11T12:55:57.161Z&#8221;,&#8221;timestampUtcIt&#8221;:&#8221;2025-09-11T14:55:57+0200&#8243;,&#8221;altBackground&#8221;:false,&#8221;content&#8221;:&#8221;<\/p>\n<p><strong>Cosa rappresenta per te il gol? Quanto ti senti completo come calciatore?<\/strong><\/p>\n<p>\\n<\/p>\n<p><strong>Openda<\/strong>: \\&#8221;Penso che devo lavorare su alcuni aspetti per diventare un attaccante pi\u00f9 completo, ma sono sicuro che imparer\u00f2 per crescere sempre di pi\u00f9\\&#8221;.<\/p>\n<p>&#8220;,&#8221;postId&#8221;:&#8221;52cb5bf0-58c8-4abd-9897-aaef74c9f695&#8243;,&#8221;postLink&#8221;:{&#8220;title&#8221;:&#8221;&#8221;,&#8221;url&#8221;:&#8221;&#8221;,&#8221;imageSrc&#8221;:&#8221;&#8221;}},{&#8220;timestamp&#8221;:&#8221;2025-09-11T12:55:14.081Z&#8221;,&#8221;timestampUtcIt&#8221;:&#8221;2025-09-11T14:55:14+0200&#8243;,&#8221;altBackground&#8221;:false,&#8221;content&#8221;:&#8221;<\/p>\n<p><strong>Sei arrivato alla Juventus nel momento di tua massima maturit\u00e0?<\/strong><\/p>\n<p>\\n<\/p>\n<p><strong>Openda<\/strong>: \\&#8221;S\u00ec. Ho giocato in diverse squadre e ho imparato da ogni campionato. La Juventus era il club migliore a cui poter dare il mio contributo. Sono molto contento di essere in Italia\\&#8221;.<\/p>\n<p>&#8220;,&#8221;postId&#8221;:&#8221;3434003a-f7d6-4937-a07e-98128d1d24e0&#8243;,&#8221;postLink&#8221;:{&#8220;title&#8221;:&#8221;&#8221;,&#8221;url&#8221;:&#8221;&#8221;,&#8221;imageSrc&#8221;:&#8221;&#8221;}},{&#8220;timestamp&#8221;:&#8221;2025-09-11T12:54:08.255Z&#8221;,&#8221;timestampUtcIt&#8221;:&#8221;2025-09-11T14:54:08+0200&#8243;,&#8221;altBackground&#8221;:false,&#8221;content&#8221;:&#8221;<\/p>\n<p><strong>Che impressione ti ha fatto Tudor? Ti ha detto in che posizione giocherai?<\/strong><\/p>\n<p>\\n<\/p>\n<p><strong>Openda<\/strong>: \\&#8221;Ho parlato un po&#8217; con lui, sa qual \u00e8 la mia posizione preferita ma posso giocare un po&#8217; ovunque. In qualunque posizione mi metter\u00e0 sar\u00f2 lieto di giocarci\\&#8221;.<\/p>\n<p>&#8220;,&#8221;postId&#8221;:&#8221;a5d5af11-ce4a-4724-b7d1-cd8f7990314a&#8221;,&#8221;postLink&#8221;:{&#8220;title&#8221;:&#8221;&#8221;,&#8221;url&#8221;:&#8221;&#8221;,&#8221;imageSrc&#8221;:&#8221;&#8221;}},{&#8220;timestamp&#8221;:&#8221;2025-09-11T12:53:08.904Z&#8221;,&#8221;timestampUtcIt&#8221;:&#8221;2025-09-11T14:53:08+0200&#8243;,&#8221;altBackground&#8221;:false,&#8221;content&#8221;:&#8221;<\/p>\n<p><strong>Qual \u00e8 la tua missione alla Juventus?<\/strong><\/p>\n<p>\\n<\/p>\n<p><strong>Openda<\/strong>: \\&#8221;So che questo campionato non \u00e8 facile. Le difese sono molto forti, ma io posso portare la mia velocit\u00e0 e la mia capacit\u00e0 di rifinitura. Vedremo che cosa succeder\u00e0 sabato, sono pronto per fare del mio meglio\\&#8221;.<\/p>\n<p>&#8220;,&#8221;postId&#8221;:&#8221;e78db561-b1fb-4098-9269-cbee2144c257&#8243;,&#8221;postLink&#8221;:{&#8220;title&#8221;:&#8221;&#8221;,&#8221;url&#8221;:&#8221;&#8221;,&#8221;imageSrc&#8221;:&#8221;&#8221;}},{&#8220;timestamp&#8221;:&#8221;2025-09-11T12:52:04.373Z&#8221;,&#8221;timestampUtcIt&#8221;:&#8221;2025-09-11T14:52:04+0200&#8243;,&#8221;altBackground&#8221;:false,&#8221;content&#8221;:&#8221;<\/p>\n<p><strong>Cosa hai detto a Bremer quando sei entrato nello spogliatoio della Juventus?<\/strong><\/p>\n<p>\\n<\/p>\n<p><strong>Openda<\/strong>: \\&#8221;Dopo la partita che giocai quando ero al Lipsia, gli scrissi un messaggio e mi scusai. Avremo la possibilit\u00e0 di parlarne pi\u00f9 avanti, lui \u00e8 un grande giocatore\\&#8221;.<\/p>\n<p>&#8220;,&#8221;postId&#8221;:&#8221;eb03c6c0-ae33-4d35-8b55-898d2a8f02f9&#8243;,&#8221;postLink&#8221;:{&#8220;title&#8221;:&#8221;&#8221;,&#8221;url&#8221;:&#8221;&#8221;,&#8221;imageSrc&#8221;:&#8221;&#8221;}},{&#8220;timestamp&#8221;:&#8221;2025-09-11T12:51:17.105Z&#8221;,&#8221;timestampUtcIt&#8221;:&#8221;2025-09-11T14:51:17+0200&#8243;,&#8221;altBackground&#8221;:false,&#8221;content&#8221;:&#8221;<\/p>\n<p><strong>C&#8217;\u00e8 un idolo nella storia della Juventus a cui ti ispiri?<\/strong><\/p>\n<p>\\n<\/p>\n<p><strong>Openda<\/strong>: \\&#8221;La Juventus \u00e8 uno dei pi\u00f9 grandi club in Italia. Venire qui \u00e8 stato molto semplice. Ci sono tantissimi top player da cui potr\u00f2 trarre ispirazione\\&#8221;.<\/p>\n<p>&#8220;,&#8221;postId&#8221;:&#8221;757acadf-e964-43c7-9fb8-bc3535015ef5&#8243;,&#8221;postLink&#8221;:{&#8220;title&#8221;:&#8221;&#8221;,&#8221;url&#8221;:&#8221;&#8221;,&#8221;imageSrc&#8221;:&#8221;&#8221;}},{&#8220;timestamp&#8221;:&#8221;2025-09-11T12:50:29.891Z&#8221;,&#8221;timestampUtcIt&#8221;:&#8221;2025-09-11T14:50:29+0200&#8243;,&#8221;altBackground&#8221;:false,&#8221;content&#8221;:&#8221;<\/p>\n<p><strong>Comolli ha detto che in attacco puoi occupare tante posizioni, ma qual \u00e8 la tua preferita?<\/strong><\/p>\n<p>\\n<\/p>\n<p><strong>Openda<\/strong>: \\&#8221;Ho sempre giocato come numero 9, \u00e8 quella la mia posizione preferita. Mi piace muovermi parecchio, iniziare a destra o a sinistra\\&#8221;.<\/p>\n<p>&#8220;,&#8221;postId&#8221;:&#8221;929dc2fd-c0e8-42bd-a012-822c4004a791&#8243;,&#8221;postLink&#8221;:{&#8220;title&#8221;:&#8221;&#8221;,&#8221;url&#8221;:&#8221;&#8221;,&#8221;imageSrc&#8221;:&#8221;&#8221;}},{&#8220;timestamp&#8221;:&#8221;2025-09-11T12:49:40.402Z&#8221;,&#8221;timestampUtcIt&#8221;:&#8221;2025-09-11T14:49:40+0200&#8243;,&#8221;altBackground&#8221;:false,&#8221;content&#8221;:&#8221;<\/p>\n<p><strong>Sabato sar\u00e0 la tua prima partita, che cosa ti aspetti?<\/strong><\/p>\n<p>\\n<\/p>\n<p><strong>Openda<\/strong>: \\&#8221;Sono pronto a far parte della squadra per giocare questa prima partita, non vedo l&#8217;ora\\&#8221;.<\/p>\n<p>&#8220;,&#8221;postId&#8221;:&#8221;f4abfed6-347d-454b-b2bf-7ffc7f79055b&#8221;,&#8221;postLink&#8221;:{&#8220;title&#8221;:&#8221;&#8221;,&#8221;url&#8221;:&#8221;&#8221;,&#8221;imageSrc&#8221;:&#8221;&#8221;}},{&#8220;timestamp&#8221;:&#8221;2025-09-11T12:49:12.431Z&#8221;,&#8221;timestampUtcIt&#8221;:&#8221;2025-09-11T14:49:12+0200&#8243;,&#8221;altBackground&#8221;:false,&#8221;content&#8221;:&#8221;<\/p>\n<p>Finita la conferenza stampa di Zhegrova, ora tocca a <strong>Openda<\/strong>.<\/p>\n<p>&#8220;,&#8221;postId&#8221;:&#8221;e83c4a6b-faf6-4822-bdbe-21e603978646&#8243;,&#8221;postLink&#8221;:{&#8220;title&#8221;:&#8221;&#8221;,&#8221;url&#8221;:&#8221;&#8221;,&#8221;imageSrc&#8221;:&#8221;&#8221;}},{&#8220;timestamp&#8221;:&#8221;2025-09-11T12:48:57.614Z&#8221;,&#8221;timestampUtcIt&#8221;:&#8221;2025-09-11T14:48:57+0200&#8243;,&#8221;altBackground&#8221;:false,&#8221;content&#8221;:&#8221;<\/p>\n<p><strong>Sabato si giocher\u00e0 Juventus-Inter e potrai assaporare la rivalit\u00e0 che c&#8217;\u00e8 in questo Paese.\u00a0<\/strong><\/p>\n<p>\\n<\/p>\n<p><strong>Zhegrova<\/strong>: \\&#8221;Ne ho parlato con l&#8217;allenatore, ma non sar\u00f2 a disposizione. So dell&#8217;importanza del match. Inter e Juventus sono due grandi club\\&#8221;.<\/p>\n<p>&#8220;,&#8221;postId&#8221;:&#8221;7d284630-3af5-4122-9307-684e9866ff9e&#8221;,&#8221;postLink&#8221;:{&#8220;title&#8221;:&#8221;&#8221;,&#8221;url&#8221;:&#8221;&#8221;,&#8221;imageSrc&#8221;:&#8221;&#8221;}},{&#8220;timestamp&#8221;:&#8221;2025-09-11T12:48:01.912Z&#8221;,&#8221;timestampUtcIt&#8221;:&#8221;2025-09-11T14:48:01+0200&#8243;,&#8221;altBackground&#8221;:false,&#8221;content&#8221;:&#8221;<\/p>\n<p><strong>Quali sono le tue prime sensazioni sulla squadra?<\/strong><\/p>\n<p>\\n<\/p>\n<p><strong>Zhegrova<\/strong>: \\&#8221;Ho appena cominciato ad allenarmi. Dovevo ottenere tutta la documentazione, ho iniziato marted\u00ec. Ho parlato con Tudor, vediamo dove giocher\u00f2\\&#8221;.<\/p>\n<p>&#8220;,&#8221;postId&#8221;:&#8221;6439a18f-e7af-4dbf-bfc2-aafd9e859469&#8243;,&#8221;postLink&#8221;:{&#8220;title&#8221;:&#8221;&#8221;,&#8221;url&#8221;:&#8221;&#8221;,&#8221;imageSrc&#8221;:&#8221;&#8221;}},{&#8220;timestamp&#8221;:&#8221;2025-09-11T12:46:41.770Z&#8221;,&#8221;timestampUtcIt&#8221;:&#8221;2025-09-11T14:46:41+0200&#8243;,&#8221;altBackground&#8221;:false,&#8221;content&#8221;:&#8221;<\/p>\n<p><strong>Come hai vissuto la trattativa?<\/strong><\/p>\n<p>\\n<\/p>\n<p><strong>Zhegrova:<\/strong> \\&#8221;Ho sempre voluto giocare per grandi club come la Juventus. Per me \u00e8 stato come un sogno che \u00e8 diventato realt\u00e0. Sono molto contento di farne parte\\&#8221;.<\/p>\n<p>&#8220;,&#8221;postId&#8221;:&#8221;d9bdefaf-72bc-4650-892b-ca7bc480606a&#8221;,&#8221;postLink&#8221;:{&#8220;title&#8221;:&#8221;&#8221;,&#8221;url&#8221;:&#8221;&#8221;,&#8221;imageSrc&#8221;:&#8221;&#8221;}},{&#8220;timestamp&#8221;:&#8221;2025-09-11T12:45:56.169Z&#8221;,&#8221;timestampUtcIt&#8221;:&#8221;2025-09-11T14:45:56+0200&#8243;,&#8221;altBackground&#8221;:false,&#8221;content&#8221;:&#8221;<\/p>\n<p><strong>Hai gi\u00e0 promesso al primo ministro albanese la tua prima maglia della Juventus?<\/strong><\/p>\n<p>\\n<\/p>\n<p><strong>Zhegrova<\/strong>: \\&#8221;Lui \u00e8 un grande tifoso della Juventus. Mi ha aiutato molto, lo ringrazio perch\u00e9 rappresento tutte le comunit\u00e0 albanesi. Probabilmente gli dar\u00f2 la mia prima maglia\\&#8221;.<\/p>\n<p>&#8220;,&#8221;postId&#8221;:&#8221;c9e75984-52f2-40d2-b350-73dc73c3a541&#8243;,&#8221;postLink&#8221;:{&#8220;title&#8221;:&#8221;&#8221;,&#8221;url&#8221;:&#8221;&#8221;,&#8221;imageSrc&#8221;:&#8221;&#8221;}},{&#8220;timestamp&#8221;:&#8221;2025-09-11T12:44:54.370Z&#8221;,&#8221;timestampUtcIt&#8221;:&#8221;2025-09-11T14:44:54+0200&#8243;,&#8221;altBackground&#8221;:false,&#8221;content&#8221;:&#8221;<\/p>\n<p><strong>Ti immaginavi cos\u00ec la Juventus? Che impressione ti aveva fatto in quella partita di Champions?<\/strong><\/p>\n<p>\\n<\/p>\n<p><strong>Zhegrova<\/strong>: \\&#8221;Per noi quella fu una partita molto importante per metterci in mostra. Ora quel periodo \u00e8 finito, adesso penso alla Juventus. Tutti stanno facilitando il mio ingresso. Non vedo l&#8217;ora di giocare\\&#8221;.<\/p>\n<p>&#8220;,&#8221;postId&#8221;:&#8221;cd5ebb00-ec37-4bba-882b-de374a5b0977&#8243;,&#8221;postLink&#8221;:{&#8220;title&#8221;:&#8221;&#8221;,&#8221;url&#8221;:&#8221;&#8221;,&#8221;imageSrc&#8221;:&#8221;&#8221;}},{&#8220;timestamp&#8221;:&#8221;2025-09-11T12:44:00.795Z&#8221;,&#8221;timestampUtcIt&#8221;:&#8221;2025-09-11T14:44:00+0200&#8243;,&#8221;altBackground&#8221;:false,&#8221;content&#8221;:&#8221;<\/p>\n<p><strong>Pensi di essere in un gruppo che possa vincere trofei quest&#8217;anno?<\/strong><\/p>\n<p>\\n<\/p>\n<p><strong>Zhegrova<\/strong>: \\&#8221;Come ho detto prima, penso che questa squadra che ha tantissima qualit\u00e0 e che vuole vincere tutte le partite. Cercheremo di vincere sempre, vedremo che cosa succeder\u00e0\\&#8221;.<\/p>\n<p>&#8220;,&#8221;postId&#8221;:&#8221;8b9ad526-04c3-499e-a552-5c4ae1383c13&#8243;,&#8221;postLink&#8221;:{&#8220;title&#8221;:&#8221;&#8221;,&#8221;url&#8221;:&#8221;&#8221;,&#8221;imageSrc&#8221;:&#8221;&#8221;}},{&#8220;timestamp&#8221;:&#8221;2025-09-11T12:43:22.346Z&#8221;,&#8221;timestampUtcIt&#8221;:&#8221;2025-09-11T14:43:22+0200&#8243;,&#8221;altBackground&#8221;:false,&#8221;content&#8221;:&#8221;<\/p>\n<p><strong>Tutti ricordano la tua partita contro la Juventus, come stai? Quando potrai tornare al 100%?<\/strong><\/p>\n<p>\\n<\/p>\n<p><strong>Zhegrova<\/strong>: \\&#8221;Fisicamente ho avuto un periodo non facile per via dell&#8217;infortunio. Ho ripreso a lavorare duramente con lo staff. Molto presto sar\u00f2 pronto\\&#8221;.<\/p>\n<p>&#8220;,&#8221;postId&#8221;:&#8221;6d7d640b-c183-4107-a026-49735fd9cc6e&#8221;,&#8221;postLink&#8221;:{&#8220;title&#8221;:&#8221;&#8221;,&#8221;url&#8221;:&#8221;&#8221;,&#8221;imageSrc&#8221;:&#8221;&#8221;}},{&#8220;timestamp&#8221;:&#8221;2025-09-11T12:42:35.764Z&#8221;,&#8221;timestampUtcIt&#8221;:&#8221;2025-09-11T14:42:35+0200&#8243;,&#8221;altBackground&#8221;:false,&#8221;content&#8221;:&#8221;<\/p>\n<p><strong>Cosa ti ha convinto della proposta della Juventus? David ha influito sulla tua scelta?<\/strong><\/p>\n<p>\\n<\/p>\n<p><strong>Zhegrova<\/strong>: \\&#8221;Il progetto Juve mi ha convinto. Conosco David gi\u00e0 da prima. Penso che questa squadra ha tanta qualit\u00e0, sono convinto di poter dare il mio contributo\\&#8221;.<\/p>\n<p>&#8220;,&#8221;postId&#8221;:&#8221;b5fdd10b-4176-45ae-babb-8706663ea824&#8243;,&#8221;postLink&#8221;:{&#8220;title&#8221;:&#8221;&#8221;,&#8221;url&#8221;:&#8221;&#8221;,&#8221;imageSrc&#8221;:&#8221;&#8221;}},{&#8220;timestamp&#8221;:&#8221;2025-09-11T12:41:40.792Z&#8221;,&#8221;timestampUtcIt&#8221;:&#8221;2025-09-11T14:41:40+0200&#8243;,&#8221;altBackground&#8221;:false,&#8221;content&#8221;:&#8221;<\/p>\n<p><strong>Ci racconti come sono andati i tuoi primi giorni alla Juventus?<\/strong><\/p>\n<p>\\n<\/p>\n<p><strong>Zhegrova<\/strong>: \\&#8221;Sono molto felice di essere alla Juventus, molto orgoglioso. Questi primi giorni sono stati grandiosi\\&#8221;.<\/p>\n<p>&#8220;,&#8221;postId&#8221;:&#8221;677c19d8-6232-4355-97ba-3e0a8841d122&#8243;,&#8221;postLink&#8221;:{&#8220;title&#8221;:&#8221;&#8221;,&#8221;url&#8221;:&#8221;&#8221;,&#8221;imageSrc&#8221;:&#8221;&#8221;}},{&#8220;timestamp&#8221;:&#8221;2025-09-11T12:41:05.703Z&#8221;,&#8221;timestampUtcIt&#8221;:&#8221;2025-09-11T14:41:05+0200&#8243;,&#8221;altBackground&#8221;:false,&#8221;content&#8221;:&#8221;<\/p>\n<p>Si parte con la conferenza stampa di<strong> Edon Zhegrova<\/strong>.<\/p>\n<p>&#8220;,&#8221;postId&#8221;:&#8221;0f15cf30-175c-486e-8687-567850bd4537&#8243;,&#8221;postLink&#8221;:{&#8220;title&#8221;:&#8221;&#8221;,&#8221;url&#8221;:&#8221;&#8221;,&#8221;imageSrc&#8221;:&#8221;&#8221;}},{&#8220;timestamp&#8221;:&#8221;2025-09-11T12:40:46.658Z&#8221;,&#8221;timestampUtcIt&#8221;:&#8221;2025-09-11T14:40:46+0200&#8243;,&#8221;altBackground&#8221;:false,&#8221;content&#8221;:&#8221;<\/p>\n<p>Comolli conclude: \\&#8221;Ci tenevo a ringraziare la societ\u00e0, che ha dimostrato il grande impegno e la grande dedizione nei confronti di questo club. Abbiamo sempre bisogno di questo sostegno\\&#8221;.<\/p>\n<p>&#8220;,&#8221;postId&#8221;:&#8221;61f3a893-8eb7-4d00-b449-48992e4a2e43&#8243;,&#8221;postLink&#8221;:{&#8220;title&#8221;:&#8221;&#8221;,&#8221;url&#8221;:&#8221;&#8221;,&#8221;imageSrc&#8221;:&#8221;&#8221;}},{&#8220;timestamp&#8221;:&#8221;2025-09-11T12:39:45.611Z&#8221;,&#8221;timestampUtcIt&#8221;:&#8221;2025-09-11T14:39:45+0200&#8243;,&#8221;altBackground&#8221;:false,&#8221;content&#8221;:&#8221;<\/p>\n<p>Sempre <strong>Comolli <\/strong>sugli acquisti di <strong>Zhegrova <\/strong>e <strong>Openda<\/strong>: \\&#8221;Speravamo di fare sia Openda che Zhegrova prima di quanto accaduto, abbiamo aspettato prima la cessione di Nico Gonzalez. Per questo ci siamo mossi tardi, ma entrambi sono stati molto pazienti. Abbiamo completato gli acquisti al limite, luned\u00ec notte in particolare. Con Openda abbiamo intensificato nelle ultime ore di mercato perch\u00e9 avevamo alcuni parametri da verificare. Ci tenevo a specificare: ho letto di possibili discussioni che ho avuto con il presidente del Psg per Kolo Muani, ma queste sono notizie assolutamente false. Non abbiamo parlato, sono tutte bugie. Sono sempre stato un grande sostenitore dei big club con i quali ho sempre avuto un ottimo rapporto. Posso dirvi che abbiamo concluso il mercato con successo, ci sentiamo pi\u00f9 forti. Abbiamo tenuto i giocatori che volevamo tenere, oltre ai nuovi arrivi. Un esempio \u00e8 Vlahovic, che ha delle capacit\u00e0 uniche per la Serie A come ha gi\u00e0 dimostrato. La nostra \u00e8 una squadra giovane e sono molto contento per come abbiamo condotto il calciomercato\\&#8221;.<\/p>\n<p>&#8220;,&#8221;postId&#8221;:&#8221;bbdd2d11-7e35-49ab-8e3d-86800f5edf34&#8243;,&#8221;postLink&#8221;:{&#8220;title&#8221;:&#8221;&#8221;,&#8221;url&#8221;:&#8221;&#8221;,&#8221;imageSrc&#8221;:&#8221;&#8221;}},{&#8220;timestamp&#8221;:&#8221;2025-09-11T12:35:23.361Z&#8221;,&#8221;timestampUtcIt&#8221;:&#8221;2025-09-11T14:35:23+0200&#8243;,&#8221;altBackground&#8221;:false,&#8221;content&#8221;:&#8221;<\/p>\n<p>Prima le parole del direttore generale della Juventus <strong>Comolli<\/strong>: \\&#8221;Prima di presentare Openda e Zhegrova, vorrei partire con una breve introduzione e alcuni commenti sul calciomercato. Vorrei ringraziare i calciatori che ci hanno lasciato. Vorrei ringraziare tutti loro per il contributo che hanno dato, gli auguriamo il meglio per il loro futuro e la loro carriera. Abbiamo cercato di trovare il giusto equilibrio con la situazione finanziaria, di cui ci dobbiamo occupare considerando il Fair Play finanziario della Uefa, che dobbiamo analizzare attentamente. Abbiamo cercato di rafforzare ulteriormente la rosa e penso che abbiamo raggiunto l&#8217;obiettivo. Una delle cose che volevamo raggiungere era quella di tenere la spina dorsale della squadra. Abbiamo una squadra molto competitiva e non eravamo a nostro agio nel dover cedere alcuni calciatori, proprio per questo volevamo che chi arrivasse avesse un ruolo fondamentale. Venendo a Openda e Zhegrova, siamo davvero felici che abbiano scelto il progetto Juve. La creativit\u00e0 di Zhegrova che ho potuto ammirare quando ero presidente del Tolosa \u00e8 quello che stavamo cercando. Openda ha molta potenza e pu\u00f2 cominciare l&#8217;azione da diverse posizioni del campo\\&#8221;.<\/p>\n<p>&#8220;,&#8221;postId&#8221;:&#8221;12c0dfea-5431-48f9-97a3-30ea89ba1a1b&#8221;,&#8221;postLink&#8221;:{&#8220;title&#8221;:&#8221;&#8221;,&#8221;url&#8221;:&#8221;&#8221;,&#8221;imageSrc&#8221;:&#8221;&#8221;}},{&#8220;timestamp&#8221;:&#8221;2025-09-11T12:31:07.274Z&#8221;,&#8221;timestampUtcIt&#8221;:&#8221;2025-09-11T14:31:07+0200&#8243;,&#8221;altBackground&#8221;:false,&#8221;content&#8221;:&#8221;<\/p>\n<p>Inizia la conferenza stampa di <strong>Lois Openda<\/strong>\u00a0ed\u00a0<strong>Edon Zhegrova<\/strong>.<\/p>\n<p>&#8220;,&#8221;postId&#8221;:&#8221;72cb54b8-b7ec-4b2f-8e5a-9302147d0d7d&#8221;,&#8221;postLink&#8221;:{&#8220;title&#8221;:&#8221;&#8221;,&#8221;url&#8221;:&#8221;&#8221;,&#8221;imageSrc&#8221;:&#8221;&#8221;}},{&#8220;timestamp&#8221;:&#8221;2025-09-11T12:28:00.134Z&#8221;,&#8221;timestampUtcIt&#8221;:&#8221;2025-09-11T14:28:00+0200&#8243;,&#8221;altBackground&#8221;:false,&#8221;content&#8221;:&#8221;<\/p>\n<p>Tra pochi minuti inizier\u00e0 la conferenza stampa di presentazione di <strong>Openda <\/strong>e <strong>Zhegrova<\/strong>.<\/p>\n<p>&#8220;,&#8221;postId&#8221;:&#8221;ba1f6675-ae45-4baa-94cf-aa051409d8a7&#8243;,&#8221;postLink&#8221;:{&#8220;title&#8221;:&#8221;&#8221;,&#8221;url&#8221;:&#8221;&#8221;,&#8221;imageSrc&#8221;:&#8221;&#8221;}},{&#8220;timestamp&#8221;:&#8221;2025-09-11T12:25:00.958Z&#8221;,&#8221;timestampUtcIt&#8221;:&#8221;2025-09-11T14:25:00+0200&#8243;,&#8221;video&#8221;:{&#8220;videoId&#8221;:&#8221;1035122&#8243;,&#8221;videoPageUrl&#8221;:&#8221;https:\/\/video.sky.it\/sport\/calcio\/serie-a\/video\/juventus-inter-cambiaso-intervista-1035122&#8243;},&#8221;altBackground&#8221;:true,&#8221;title&#8221;:&#8221;Cambiaso: \\&#8221;Tudor ci sta facendo correre\\&#8221;&#8221;,&#8221;content&#8221;:&#8221;<\/p>\n<p>Il calciatore della <strong>Juventus <\/strong>\u00e8 stato tra i premiati del Premio Gentleman: ascolta le sue parole.<\/p>\n<p>\\n&#8221;,&#8221;postId&#8221;:&#8221;1185e472-9622-4bb2-a894-e00e6f22d45a&#8221;,&#8221;postLink&#8221;:{&#8220;title&#8221;:&#8221;&#8221;,&#8221;url&#8221;:&#8221;&#8221;,&#8221;imageSrc&#8221;:&#8221;&#8221;}},{&#8220;timestamp&#8221;:&#8221;2025-09-11T12:20:00.784Z&#8221;,&#8221;timestampUtcIt&#8221;:&#8221;2025-09-11T14:20:00+0200&#8243;,&#8221;altBackground&#8221;:false,&#8221;title&#8221;:&#8221;Coppe Europee al via, oltre 500 partite live su Sky&#8221;,&#8221;content&#8221;:&#8221;<\/p>\n<p>Su <strong>Sky <\/strong>e in streaming su NOW oltre 500 partite live per 53 notti da sogno. Squadre in campo da marted\u00ec 16 settembre con la League Phase, poi le sfide a eliminazione diretta fino alle tre finali di maggio 2026.<\/p>\n<p>\\n&#8221;,&#8221;postId&#8221;:&#8221;e10ca678-7092-40d1-81b2-5b7b74805b6a&#8221;,&#8221;postLink&#8221;:{&#8220;title&#8221;:&#8221;Coppe Europee al via, oltre 500 partite live su Sky per 53 notti da sogno!&#8221;,&#8221;url&#8221;:&#8221;https:\/\/sport.sky.it\/calcio\/champions-league\/2025\/09\/10\/champions-europa-league-conference-tv-streaming-sky-now&#8221;,&#8221;imageSrc&#8221;:&#8221;https:\/\/static.sky.it\/editorialimages\/5a2c3d082592f8cc927dc38740a6d9fd5c531d04\/skysport\/it\/calcio\/champions-league\/2025\/09\/10\/champions-europa-league-conference-tv-streaming-sky-now\/visore_coppe_2080x1302_ok.jpg?im=Resize,width=1218&#8243;}},{&#8220;timestamp&#8221;:&#8221;2025-09-11T12:15:00.820Z&#8221;,&#8221;timestampUtcIt&#8221;:&#8221;2025-09-11T14:15:00+0200&#8243;,&#8221;altBackground&#8221;:false,&#8221;title&#8221;:&#8221;Chi vince lo scudetto secondo Opta&#8221;,&#8221;content&#8221;:&#8221;<\/p>\n<p>Dopo le prime due giornate di <strong>Serie A<\/strong> e la fine ufficiale del calciomercato ecco cosa dice Opta in base al suo modello capace di effettuare previsioni in base a parametri scelti e statisticamente rilevanti.<\/p>\n<p>\\n&#8221;,&#8221;postId&#8221;:&#8221;85c1ea61-8702-4c18-9dd5-eabdbbeb6ab1&#8243;,&#8221;postLink&#8221;:{&#8220;title&#8221;:&#8221;Chi vince lo scudetto? Le previsioni del Supercomputer Opta&#8221;,&#8221;url&#8221;:&#8221;https:\/\/sport.sky.it\/calcio\/serie-a\/serie-a-2025-2026-scudetto-opta-predictor&#8221;,&#8221;imageSrc&#8221;:&#8221;https:\/\/static.sky.it\/editorialimages\/d5725a25eca6c3cecd3cb37b7dbaacd85fa486b9\/skysport\/it\/calcio\/serie-a\/serie-a-2025-2026-scudetto-opta-predictor\/ipa_inter_lautaro_esposito.jpg?im=Resize,width=1218&#8243;}},{&#8220;timestamp&#8221;:&#8221;2025-09-11T12:10:00.622Z&#8221;,&#8221;timestampUtcIt&#8221;:&#8221;2025-09-11T14:10:00+0200&#8243;,&#8221;altBackground&#8221;:false,&#8221;title&#8221;:&#8221;Nuovi look&#8221;,&#8221;content&#8221;:&#8221;<\/p>\n<p>Sia <strong>Juventus <\/strong>che <strong>Inter<\/strong>, inoltre, hanno appena presentato la terza maglia della stagione 2025\/26.<\/p>\n<p>\\n&#8221;,&#8221;postId&#8221;:&#8221;3382b1fd-aaf9-4240-9386-70c744ef0ed7&#8243;,&#8221;postLink&#8221;:{&#8220;title&#8221;:&#8221;E&#8217; gi\u00e0 derby d&#8217;Italia: ufficiali le terze maglie di Inter e Juventus&#8221;,&#8221;url&#8221;:&#8221;https:\/\/sport.sky.it\/calcio\/maglie-calcio-2025-2026-squadre-europa&#8221;,&#8221;imageSrc&#8221;:&#8221;https:\/\/static.sky.it\/editorialimages\/1a2632c74026e6206e92a427de573b2301711e35\/skysport\/it\/calcio\/maglie-calcio-2025-2026-squadre-europa\/terza_maglia_juve_e_inter_combo_social.jpg?im=Resize,width=1218&#8243;}},{&#8220;timestamp&#8221;:&#8221;2025-09-11T12:05:00.860Z&#8221;,&#8221;timestampUtcIt&#8221;:&#8221;2025-09-11T14:05:00+0200&#8243;,&#8221;altBackground&#8221;:false,&#8221;title&#8221;:&#8221;Verso Juventus-Inter: come stanno le squadre&#8221;,&#8221;content&#8221;:&#8221;<\/p>\n<p>Il derby d&#8217;Italia si avvicina, ma in che condizioni tornano tutti i nazionali impegnati nella sosta in giro per il mondo?<\/p>\n<p>\\n&#8221;,&#8221;postId&#8221;:&#8221;260863db-0173-4fd2-a360-c449798050e0&#8243;,&#8221;postLink&#8221;:{&#8220;title&#8221;:&#8221;Verso Juve-Inter: come stanno i giocatori dopo gli impegni delle nazionali&#8221;,&#8221;url&#8221;:&#8221;https:\/\/sport.sky.it\/calcio\/serie-a\/2025\/09\/09\/juve-inter-giocatori-nazionali&#8221;,&#8221;imageSrc&#8221;:&#8221;https:\/\/static.sky.it\/editorialimages\/7685715bff816a5ed2a7eda4e50e4a35e41046d7\/skysport\/it\/calcio\/serie-a\/2025\/09\/09\/juve-inter-giocatori-nazionali\/ansa_chivu_tudor_parma_juventus_og_02.jpg?im=Resize,width=1218&#8243;}},{&#8220;timestamp&#8221;:&#8221;2025-09-11T12:00:00.560Z&#8221;,&#8221;timestampUtcIt&#8221;:&#8221;2025-09-11T14:00:00+0200&#8243;,&#8221;altBackground&#8221;:false,&#8221;content&#8221;:&#8221;<\/p>\n<p>\u00c8 giorno di conferenza stampa in casa Juventus: alle ore 14.30 vengono presentati ufficialmente gli ultimi due acquisti bianconeri, <strong>Lois Openda <\/strong>ed <strong>Edon Zhegrova<\/strong>.<\/p>\n<p>&#8220;,&#8221;postId&#8221;:&#8221;4df17baf-4d0b-4bb5-a3df-61ad44cba2bf&#8221;,&#8221;postLink&#8221;:{&#8220;title&#8221;:&#8221;&#8221;,&#8221;url&#8221;:&#8221;&#8221;,&#8221;imageSrc&#8221;:&#8221;&#8221;}}]}&#8221;<br \/>\n          query='{&#8220;configurationName&#8221;:&#8221;LIVEBLOG_CONTAINER_WIDGET&#8221;,&#8221;liveblogId&#8221;:&#8221;75898f80-db9e-4b0c-958e-5fba7a8ce119&#8243;,&#8221;tenant&#8221;:&#8221;sport&#8221;,&#8221;limit&#8221;:800}&#8217;<br \/>\n          config='{&#8220;live&#8221;:true,&#8221;isWebView&#8221;:false,&#8221;postsPerPageMobile&#8221;:10,&#8221;postsPerPageDesktop&#8221;:10}&#8217;<br \/>\n        &gt;<\/p>\n<p>15:09<\/p>\n<p>Le parole di Zhegrova in conferenza stampa<\/p>\n<p>15:08<\/p>\n<p>Le parole di Openda in conferenza stampa<\/p>\n<p>14:58<\/p>\n<p>Termina qui la conferenza stampa di <strong>Zhegrova<\/strong> e <strong>Openda<\/strong>.<\/p>\n<p>14:57<\/p>\n<p><strong>Siete in una squadra che ha tanti giocatori in attacco, come affronti questa sfida?<\/strong><\/p>\n<p><strong>Openda<\/strong>: &#8220;Ne sono consapevole. Ci sono un sacco di grandi attaccanti. So che non giocher\u00f2 tutte le partite, ma sar\u00f2 pronto per entrare in campo quando necessario. In questo modo si pu\u00f2 garantire una performance sempre al massimo&#8221;.<\/p>\n<p>14:55<\/p>\n<p><strong>Cosa rappresenta per te il gol? Quanto ti senti completo come calciatore?<\/strong><\/p>\n<p><strong>Openda<\/strong>: &#8220;Penso che devo lavorare su alcuni aspetti per diventare un attaccante pi\u00f9 completo, ma sono sicuro che imparer\u00f2 per crescere sempre di pi\u00f9&#8221;.<\/p>\n<p>14:55<\/p>\n<p><strong>Sei arrivato alla Juventus nel momento di tua massima maturit\u00e0?<\/strong><\/p>\n<p><strong>Openda<\/strong>: &#8220;S\u00ec. Ho giocato in diverse squadre e ho imparato da ogni campionato. La Juventus era il club migliore a cui poter dare il mio contributo. Sono molto contento di essere in Italia&#8221;.<\/p>\n<p>14:54<\/p>\n<p><strong>Che impressione ti ha fatto Tudor? Ti ha detto in che posizione giocherai?<\/strong><\/p>\n<p><strong>Openda<\/strong>: &#8220;Ho parlato un po&#8217; con lui, sa qual \u00e8 la mia posizione preferita ma posso giocare un po&#8217; ovunque. In qualunque posizione mi metter\u00e0 sar\u00f2 lieto di giocarci&#8221;.<\/p>\n<p>14:53<\/p>\n<p><strong>Qual \u00e8 la tua missione alla Juventus?<\/strong><\/p>\n<p><strong>Openda<\/strong>: &#8220;So che questo campionato non \u00e8 facile. Le difese sono molto forti, ma io posso portare la mia velocit\u00e0 e la mia capacit\u00e0 di rifinitura. Vedremo che cosa succeder\u00e0 sabato, sono pronto per fare del mio meglio&#8221;.<\/p>\n<p>14:52<\/p>\n<p><strong>Cosa hai detto a Bremer quando sei entrato nello spogliatoio della Juventus?<\/strong><\/p>\n<p><strong>Openda<\/strong>: &#8220;Dopo la partita che giocai quando ero al Lipsia, gli scrissi un messaggio e mi scusai. Avremo la possibilit\u00e0 di parlarne pi\u00f9 avanti, lui \u00e8 un grande giocatore&#8221;.<\/p>\n<p>14:51<\/p>\n<p><strong>C&#8217;\u00e8 un idolo nella storia della Juventus a cui ti ispiri?<\/strong><\/p>\n<p><strong>Openda<\/strong>: &#8220;La Juventus \u00e8 uno dei pi\u00f9 grandi club in Italia. Venire qui \u00e8 stato molto semplice. Ci sono tantissimi top player da cui potr\u00f2 trarre ispirazione&#8221;.<\/p>\n<p>14:50<\/p>\n<p><strong>Comolli ha detto che in attacco puoi occupare tante posizioni, ma qual \u00e8 la tua preferita?<\/strong><\/p>\n<p><strong>Openda<\/strong>: &#8220;Ho sempre giocato come numero 9, \u00e8 quella la mia posizione preferita. Mi piace muovermi parecchio, iniziare a destra o a sinistra&#8221;.<\/p>\n<p>14:49<\/p>\n<p><strong>Sabato sar\u00e0 la tua prima partita, che cosa ti aspetti?<\/strong><\/p>\n<p><strong>Openda<\/strong>: &#8220;Sono pronto a far parte della squadra per giocare questa prima partita, non vedo l&#8217;ora&#8221;.<\/p>\n<p>14:49<\/p>\n<p>Finita la conferenza stampa di Zhegrova, ora tocca a <strong>Openda<\/strong>.<\/p>\n<p>14:48<\/p>\n<p><strong>Sabato si giocher\u00e0 Juventus-Inter e potrai assaporare la rivalit\u00e0 che c&#8217;\u00e8 in questo Paese.\u00a0<\/strong><\/p>\n<p><strong>Zhegrova<\/strong>: &#8220;Ne ho parlato con l&#8217;allenatore, ma non sar\u00f2 a disposizione. So dell&#8217;importanza del match. Inter e Juventus sono due grandi club&#8221;.<\/p>\n<p>14:48<\/p>\n<p><strong>Quali sono le tue prime sensazioni sulla squadra?<\/strong><\/p>\n<p><strong>Zhegrova<\/strong>: &#8220;Ho appena cominciato ad allenarmi. Dovevo ottenere tutta la documentazione, ho iniziato marted\u00ec. Ho parlato con Tudor, vediamo dove giocher\u00f2&#8221;.<\/p>\n<p>14:46<\/p>\n<p><strong>Come hai vissuto la trattativa?<\/strong><\/p>\n<p><strong>Zhegrova:<\/strong> &#8220;Ho sempre voluto giocare per grandi club come la Juventus. Per me \u00e8 stato come un sogno che \u00e8 diventato realt\u00e0. Sono molto contento di farne parte&#8221;.<\/p>\n<p>14:45<\/p>\n<p><strong>Hai gi\u00e0 promesso al primo ministro albanese la tua prima maglia della Juventus?<\/strong><\/p>\n<p><strong>Zhegrova<\/strong>: &#8220;Lui \u00e8 un grande tifoso della Juventus. Mi ha aiutato molto, lo ringrazio perch\u00e9 rappresento tutte le comunit\u00e0 albanesi. Probabilmente gli dar\u00f2 la mia prima maglia&#8221;.<\/p>\n<p>14:44<\/p>\n<p><strong>Ti immaginavi cos\u00ec la Juventus? Che impressione ti aveva fatto in quella partita di Champions?<\/strong><\/p>\n<p><strong>Zhegrova<\/strong>: &#8220;Per noi quella fu una partita molto importante per metterci in mostra. Ora quel periodo \u00e8 finito, adesso penso alla Juventus. Tutti stanno facilitando il mio ingresso. Non vedo l&#8217;ora di giocare&#8221;.<\/p>\n<p>14:44<\/p>\n<p><strong>Pensi di essere in un gruppo che possa vincere trofei quest&#8217;anno?<\/strong><\/p>\n<p><strong>Zhegrova<\/strong>: &#8220;Come ho detto prima, penso che questa squadra che ha tantissima qualit\u00e0 e che vuole vincere tutte le partite. Cercheremo di vincere sempre, vedremo che cosa succeder\u00e0&#8221;.<\/p>\n<p>14:43<\/p>\n<p><strong>Tutti ricordano la tua partita contro la Juventus, come stai? Quando potrai tornare al 100%?<\/strong><\/p>\n<p><strong>Zhegrova<\/strong>: &#8220;Fisicamente ho avuto un periodo non facile per via dell&#8217;infortunio. Ho ripreso a lavorare duramente con lo staff. Molto presto sar\u00f2 pronto&#8221;.<\/p>\n<p>14:42<\/p>\n<p><strong>Cosa ti ha convinto della proposta della Juventus? David ha influito sulla tua scelta?<\/strong><\/p>\n<p><strong>Zhegrova<\/strong>: &#8220;Il progetto Juve mi ha convinto. Conosco David gi\u00e0 da prima. Penso che questa squadra ha tanta qualit\u00e0, sono convinto di poter dare il mio contributo&#8221;.<\/p>\n<p>14:41<\/p>\n<p><strong>Ci racconti come sono andati i tuoi primi giorni alla Juventus?<\/strong><\/p>\n<p><strong>Zhegrova<\/strong>: &#8220;Sono molto felice di essere alla Juventus, molto orgoglioso. Questi primi giorni sono stati grandiosi&#8221;.<\/p>\n<p>14:41<\/p>\n<p>Si parte con la conferenza stampa di<strong> Edon Zhegrova<\/strong>.<\/p>\n<p>14:40<\/p>\n<p>Comolli conclude: &#8220;Ci tenevo a ringraziare la societ\u00e0, che ha dimostrato il grande impegno e la grande dedizione nei confronti di questo club. Abbiamo sempre bisogno di questo sostegno&#8221;.<\/p>\n<p>14:39<\/p>\n<p>Sempre <strong>Comolli <\/strong>sugli acquisti di <strong>Zhegrova <\/strong>e <strong>Openda<\/strong>: &#8220;Speravamo di fare sia Openda che Zhegrova prima di quanto accaduto, abbiamo aspettato prima la cessione di Nico Gonzalez. Per questo ci siamo mossi tardi, ma entrambi sono stati molto pazienti. Abbiamo completato gli acquisti al limite, luned\u00ec notte in particolare. Con Openda abbiamo intensificato nelle ultime ore di mercato perch\u00e9 avevamo alcuni parametri da verificare. Ci tenevo a specificare: ho letto di possibili discussioni che ho avuto con il presidente del Psg per Kolo Muani, ma queste sono notizie assolutamente false. Non abbiamo parlato, sono tutte bugie. Sono sempre stato un grande sostenitore dei big club con i quali ho sempre avuto un ottimo rapporto. Posso dirvi che abbiamo concluso il mercato con successo, ci sentiamo pi\u00f9 forti. Abbiamo tenuto i giocatori che volevamo tenere, oltre ai nuovi arrivi. Un esempio \u00e8 Vlahovic, che ha delle capacit\u00e0 uniche per la Serie A come ha gi\u00e0 dimostrato. La nostra \u00e8 una squadra giovane e sono molto contento per come abbiamo condotto il calciomercato&#8221;.<\/p>\n<p>Leggi di pi\u00f9 <\/p>\n<p>14:35<\/p>\n<p>Prima le parole del direttore generale della Juventus <strong>Comolli<\/strong>: &#8220;Prima di presentare Openda e Zhegrova, vorrei partire con una breve introduzione e alcuni commenti sul calciomercato. Vorrei ringraziare i calciatori che ci hanno lasciato. Vorrei ringraziare tutti loro per il contributo che hanno dato, gli auguriamo il meglio per il loro futuro e la loro carriera. Abbiamo cercato di trovare il giusto equilibrio con la situazione finanziaria, di cui ci dobbiamo occupare considerando il Fair Play finanziario della Uefa, che dobbiamo analizzare attentamente. Abbiamo cercato di rafforzare ulteriormente la rosa e penso che abbiamo raggiunto l&#8217;obiettivo. Una delle cose che volevamo raggiungere era quella di tenere la spina dorsale della squadra. Abbiamo una squadra molto competitiva e non eravamo a nostro agio nel dover cedere alcuni calciatori, proprio per questo volevamo che chi arrivasse avesse un ruolo fondamentale. Venendo a Openda e Zhegrova, siamo davvero felici che abbiano scelto il progetto Juve. La creativit\u00e0 di Zhegrova che ho potuto ammirare quando ero presidente del Tolosa \u00e8 quello che stavamo cercando. Openda ha molta potenza e pu\u00f2 cominciare l&#8217;azione da diverse posizioni del campo&#8221;.<\/p>\n<p>Leggi di pi\u00f9 <\/p>\n<p>14:31<\/p>\n<p>Inizia la conferenza stampa di <strong>Lois Openda<\/strong>\u00a0ed\u00a0<strong>Edon Zhegrova<\/strong>.<\/p>\n<p>14:28<\/p>\n<p>Tra pochi minuti inizier\u00e0 la conferenza stampa di presentazione di <strong>Openda <\/strong>e <strong>Zhegrova<\/strong>.<\/p>\n<p>14:25<\/p>\n<p>Cambiaso: &#8220;Tudor ci sta facendo correre&#8221;<\/p>\n<p>Il calciatore della <strong>Juventus <\/strong>\u00e8 stato tra i premiati del Premio Gentleman: ascolta le sue parole.<\/p>\n<p>14:20<\/p>\n<p>Coppe Europee al via, oltre 500 partite live su Sky<\/p>\n<p>Su <strong>Sky <\/strong>e in streaming su NOW oltre 500 partite live per 53 notti da sogno. Squadre in campo da marted\u00ec 16 settembre con la League Phase, poi le sfide a eliminazione diretta fino alle tre finali di maggio 2026.<\/p>\n<p><a href=\"https:\/\/sport.sky.it\/calcio\/champions-league\/2025\/09\/10\/champions-europa-league-conference-tv-streaming-sky-now\" title=\"Coppe Europee al via, oltre 500 partite live su Sky per 53 notti da sogno!\" class=\"lvbg-post-link\" data-intcmp=\"skysport_liveblog_liveblog-preview_null\" data-analytics-element=\"liveblog-preview\" rel=\"nofollow noopener\" target=\"_blank\"><img alt=\"Coppe Europee al via, oltre 500 partite live su Sky per 53 notti da sogno!\" style=\"opacity:0;transition:opacity 0.3s\" class=\"lvbg-post-link__image\"\/>Coppe Europee al via, oltre 500 partite live su Sky per 53 notti da sogno!Vai al contenuto <\/a><\/p>\n<p>14:15<\/p>\n<p>Chi vince lo scudetto secondo Opta<\/p>\n<p>Dopo le prime due giornate di <strong>Serie A<\/strong> e la fine ufficiale del calciomercato ecco cosa dice Opta in base al suo modello capace di effettuare previsioni in base a parametri scelti e statisticamente rilevanti.<\/p>\n<p><a href=\"https:\/\/sport.sky.it\/calcio\/serie-a\/serie-a-2025-2026-scudetto-opta-predictor\" title=\"Chi vince lo scudetto? Le previsioni del Supercomputer Opta\" class=\"lvbg-post-link\" data-intcmp=\"skysport_liveblog_liveblog-preview_null\" data-analytics-element=\"liveblog-preview\" rel=\"nofollow noopener\" target=\"_blank\"><img alt=\"Chi vince lo scudetto? Le previsioni del Supercomputer Opta\" style=\"opacity:0;transition:opacity 0.3s\" class=\"lvbg-post-link__image\"\/>Chi vince lo scudetto? Le previsioni del Supercomputer OptaVai al contenuto <\/a><\/p>\n<p>14:10<\/p>\n<p>Nuovi look<\/p>\n<p>Sia <strong>Juventus <\/strong>che <strong>Inter<\/strong>, inoltre, hanno appena presentato la terza maglia della stagione 2025\/26.<\/p>\n<p><a href=\"https:\/\/sport.sky.it\/calcio\/maglie-calcio-2025-2026-squadre-europa\" title=\"E&#039; gi\u00e0 derby d&#039;Italia: ufficiali le terze maglie di Inter e Juventus\" class=\"lvbg-post-link\" data-intcmp=\"skysport_liveblog_liveblog-preview_null\" data-analytics-element=\"liveblog-preview\" rel=\"nofollow noopener\" target=\"_blank\"><img alt=\"E' gi\u00e0 derby d'Italia: ufficiali le terze maglie di Inter e Juventus\" style=\"opacity:0;transition:opacity 0.3s\" class=\"lvbg-post-link__image\"\/>E&#8217; gi\u00e0 derby d&#8217;Italia: ufficiali le terze maglie di Inter e JuventusVai al contenuto <\/a><\/p>\n<p>14:05<\/p>\n<p>Verso Juventus-Inter: come stanno le squadre<\/p>\n<p>Il derby d&#8217;Italia si avvicina, ma in che condizioni tornano tutti i nazionali impegnati nella sosta in giro per il mondo?<\/p>\n<p><a href=\"https:\/\/sport.sky.it\/calcio\/serie-a\/2025\/09\/09\/juve-inter-giocatori-nazionali\" title=\"Verso Juve-Inter: come stanno i giocatori dopo gli impegni delle nazionali\" class=\"lvbg-post-link\" data-intcmp=\"skysport_liveblog_liveblog-preview_null\" data-analytics-element=\"liveblog-preview\" rel=\"nofollow noopener\" target=\"_blank\"><img alt=\"Verso Juve-Inter: come stanno i giocatori dopo gli impegni delle nazionali\" style=\"opacity:0;transition:opacity 0.3s\" class=\"lvbg-post-link__image\"\/>Verso Juve-Inter: come stanno i giocatori dopo gli impegni delle nazionaliVai al contenuto <\/a><\/p>\n<p>14:00<\/p>\n<p>\u00c8 giorno di conferenza stampa in casa Juventus: alle ore 14.30 vengono presentati ufficialmente gli ultimi due acquisti bianconeri, <strong>Lois Openda <\/strong>ed <strong>Edon Zhegrova<\/strong>.<\/p>\n","protected":false},"excerpt":{"rendered":"Termina qui la conferenza stampa di Zhegrova e Openda.&#8221;,&#8221;postId&#8221;:&#8221;49dd938c-5705-4992-9685-92c686a90b59&#8243;,&#8221;postLink&#8221;:{&#8220;title&#8221;:&#8221;&#8221;,&#8221;url&#8221;:&#8221;&#8221;,&#8221;imageSrc&#8221;:&#8221;&#8221;}},{&#8220;timestamp&#8221;:&#8221;2025-09-11T12:57:45.199Z&#8221;,&#8221;timestampUtcIt&#8221;:&#8221;2025-09-11T14:57:45+0200&#8243;,&#8221;altBackground&#8221;:false,&#8221;content&#8221;:&#8221; Siete in una squadra che ha tanti giocatori in&hellip;\n","protected":false},"author":3,"featured_media":102022,"comment_status":"","ping_status":"","sticky":false,"template":"","format":"standard","meta":{"footnotes":""},"categories":[1452],"tags":[721,1740,1537,90,89,558,251,1739,245,244],"class_list":{"0":"post-102021","1":"post","2":"type-post","3":"status-publish","4":"format-standard","5":"has-post-thumbnail","7":"category-calcio","8":"tag-calcio","9":"tag-football","10":"tag-it","11":"tag-italia","12":"tag-italy","13":"tag-juventus","14":"tag-serie-a","15":"tag-soccer","16":"tag-sport","17":"tag-sports"},"share_on_mastodon":{"url":"","error":""},"_links":{"self":[{"href":"https:\/\/www.europesays.com\/it\/wp-json\/wp\/v2\/posts\/102021","targetHints":{"allow":["GET"]}}],"collection":[{"href":"https:\/\/www.europesays.com\/it\/wp-json\/wp\/v2\/posts"}],"about":[{"href":"https:\/\/www.europesays.com\/it\/wp-json\/wp\/v2\/types\/post"}],"author":[{"embeddable":true,"href":"https:\/\/www.europesays.com\/it\/wp-json\/wp\/v2\/users\/3"}],"replies":[{"embeddable":true,"href":"https:\/\/www.europesays.com\/it\/wp-json\/wp\/v2\/comments?post=102021"}],"version-history":[{"count":0,"href":"https:\/\/www.europesays.com\/it\/wp-json\/wp\/v2\/posts\/102021\/revisions"}],"wp:featuredmedia":[{"embeddable":true,"href":"https:\/\/www.europesays.com\/it\/wp-json\/wp\/v2\/media\/102022"}],"wp:attachment":[{"href":"https:\/\/www.europesays.com\/it\/wp-json\/wp\/v2\/media?parent=102021"}],"wp:term":[{"taxonomy":"category","embeddable":true,"href":"https:\/\/www.europesays.com\/it\/wp-json\/wp\/v2\/categories?post=102021"},{"taxonomy":"post_tag","embeddable":true,"href":"https:\/\/www.europesays.com\/it\/wp-json\/wp\/v2\/tags?post=102021"}],"curies":[{"name":"wp","href":"https:\/\/api.w.org\/{rel}","templated":true}]}}