{"id":102119,"date":"2025-09-11T15:47:11","date_gmt":"2025-09-11T15:47:11","guid":{"rendered":"https:\/\/www.europesays.com\/it\/102119\/"},"modified":"2025-09-11T15:47:11","modified_gmt":"2025-09-11T15:47:11","slug":"leone-alato-di-martalar-nuovo-sfregio-alla-scultura-fatta-con-il-legno-della-tempesta-vaia-vandali-spezzano-la-coda","status":"publish","type":"post","link":"https:\/\/www.europesays.com\/it\/102119\/","title":{"rendered":"Leone alato di Martalar, nuovo sfregio alla scultura fatta con il legno della tempesta Vaia: vandali spezzano la coda"},"content":{"rendered":"<p>    di<br \/>\n    Nicola Rotari<\/p>\n<p class=\"summary-art is-line-h-12\">Il danno a Tarzo, preso di mira pi\u00f9 volte. La condanna di Zaia: \u00abGesto di profonda ignoranza ma sar\u00e0 ancora restaurato\u00bb<\/p>\n<p class=\"chapter-paragraph\">Dallo scorso 6 agosto, da quando \u00e8 stato inaugurato in occasione del sesto anniversario dell\u2019iscrizione delle <b>Colline del Prosecco<\/b> nel registro Unesco dei patrimoni dell\u2019Umanit\u00e0, il <a href=\"https:\/\/corrieredelveneto.corriere.it\/notizie\/treviso\/cultura-e-tempo-libero\/25_agosto_07\/il-leone-alato-di-martalar-la-nuova-scultura-con-il-legno-di-vaia-sulle-colline-del-prosecco-alto-sette-metri-la-criniera-e-a5b9e648-af30-49ce-804c-7713821e2xlk.shtml\" rel=\"nofollow noopener\" target=\"_blank\">leone alato creato da Marco Martalar<\/a> con tralci di vite e il legno degli alberi abbattuti dalla tempesta Vaia e posizionato a Tarzo, \u00e8 stato vandalizzato pi\u00f9 volte, fino a <b>spezzargli la coda<\/b>.<br \/>Sul caso \u00e8 intervenuto marted\u00ec, sdegnato, il presidente del Veneto, <b>Luca Zaia<\/b>, che ha lanciato una vera e propria invettiva nei confronti dei responsabili, parlando di un \u00ab<b>gesto vile<\/b> che ferisce non solo un\u2019opera d\u2019arte, ma l\u2019anima stessa del nostro popolo\u00bb.<\/p>\n<p>    \u00abInstallare la videosorveglianza sarebbe un fallimento\u00bb<\/p>\n<p class=\"chapter-paragraph\">\u00abChi ha osato colpirlo non ha colpito un pezzo di legno, ma ha inferto un\u2019offesa a tutti noi, alle nostre radici, ai nostri valori\u00bb ha spiegato il presidente. \u00abNon posso liquidare questo gesto come una <b>semplice bravata<\/b>: non si tratta soltanto di un danno a una scultura, ma di un\u2019offesa a un simbolo\u00bb. \u00abA tutti i <b>meschini <\/b>che si appendono al Leone per un selfie o una bravata\u00bb ha concluso Zaia \u00abdico che \u00e8 ora di imparare il <b>rispetto<\/b>, quello verso un simbolo identitario oltre che verso <b>un\u2019opera d\u2019arte<\/b>. Non vorremmo arrivare a dover installare una <b>videosorveglianza <\/b>anche in un luogo come questo: sarebbe davvero un fallimento, prima di tutto culturale\u00bb.    &#13;<br \/>\n&#13;<br \/>\n&#13;<br \/>\n&#13;<br \/>\n&#13;<br \/>\n&#13;<br \/>\n&#13;<br \/>\n&#13;<br \/>\n&#13;<br \/>\n&#13;<br \/>\n&#13;<br \/>\n&#13;<br \/>\n&#13;<br \/>\n&#13;<br \/>\n&#13;<br \/>\n&#13;<br \/>\n&#13;<br \/>\n&#13;<br \/>\n&#13;<br \/>\n&#13;<br \/>\n&#13;<br \/>\n&#13;<br \/>\n&#13;<br \/>\n&#13;<br \/>\n&#13;<br \/>\n&#13;<br \/>\n&#13;<br \/>\n&#13;<br \/>\n&#13;<br \/>\n&#13;<br \/>\n&#13;<br \/>\n&#13;<br \/>\n&#13;<br \/>\n&#13;<br \/>\n&#13;<br \/>\n&#13;<br \/>\n&#13;<br \/>\n&#13;<br \/>\n&#13;<br \/>\n&#13;<br \/>\n&#13;<br \/>\n&#13;<br \/>\n&#13;<br \/>\n&#13;<br \/>\n&#13;<br \/>\n&#13;<br \/>\n&#13;<br \/>\n&#13;<br \/>\n&#13;<br \/>\n&#13;<br \/>\n&#13;<br \/>\n&#13;<br \/>\n&#13;\n<\/p>\n<p>    \u00abSar\u00e0 restaurato\u00bb<\/p>\n<p class=\"chapter-paragraph\">L\u2019opera era stata fortemente voluta dall\u2019Associazione per il Patrimonio delle Colline Unesco, con l\u2019intento di lasciare in dono alla collettivit\u00e0 un <b>simbolo di identit\u00e0, bellezza, memoria e sostenibilit\u00e0<\/b>, pienamente accessibile e integrata nel paesaggio. \u00abSpezza il cuore vedere un\u2019opera d\u2019arte, lasciata a tutti in dote e accessibile a chiunque, offesa da gesti che definire vandalici \u00e8 fin troppo poco\u00bb. Quindi \u00abquello che \u00e8 accaduto al Leone di Tarzo \u00e8 frutto di una miscela pericolosa di <b>ignoranza, maleducazione<\/b> e totale mancanza di rispetto per il bene comune, per l\u2019arte e per il territorio che rappresenta\u00bb. Le parole sono  di Marina Montedoro, presidente dell\u2019Associazione per il patrimonio delle Colline del Prosecco di Conegliano e Valdobbiadene. \u00abMa non ci arrendiamo: il Leone sar\u00e0 restaurato\u00bb.<\/p>\n<p class=\"is-mr-t-20 is-mr-b-20\"><b><br \/>\n                                    <a href=\"https:\/\/corrieredelveneto.corriere.it\/treviso\/?intcmp=Notizielocali_nd_010623_corriere_ss_treviso\" target=\"_blank\" rel=\"nofollow noopener\">Vai a tutte le notizie di Treviso<\/a><br \/>\n                        <\/b><\/p>\n<p class=\"chapter-paragraph\"><b><a href=\"https:\/\/www.corriere.it\/newsletter\/?theme=39&amp;intcmp=NL-artic_nd_060624_corriere_ss_veneto\" target=\"_blank\" rel=\"nofollow noopener\">Iscriviti alla newsletter del Corriere del Veneto<\/a><\/b><\/p>\n<p class=\"is-last-update\" datetime=\"2025-09-10T13:19:37+02:00\">10 settembre 2025<\/p>\n<p class=\"is-copyright\">\n            \u00a9 RIPRODUZIONE RISERVATA\n        <\/p>\n","protected":false},"excerpt":{"rendered":"di Nicola Rotari Il danno a Tarzo, preso di mira pi\u00f9 volte. La condanna di Zaia: \u00abGesto di&hellip;\n","protected":false},"author":3,"featured_media":102120,"comment_status":"","ping_status":"","sticky":false,"template":"","format":"standard","meta":{"footnotes":""},"categories":[1446],"tags":[25642,33247,1615,1613,1614,1611,1610,2332,72264,72265,59922,28025,33251,33252,1095,1612,203,9646,324,47291,38723,72266,204,1537,90,89,16206,649,26180,1573,72262,135,72263,20333,29509,110],"class_list":{"0":"post-102119","1":"post","2":"type-post","3":"status-publish","4":"format-standard","5":"has-post-thumbnail","7":"category-arte-e-design","8":"tag-accessibile","9":"tag-alato","10":"tag-arte","11":"tag-arte-e-design","12":"tag-arteedesign","13":"tag-arts","14":"tag-arts-and-design","15":"tag-associazione","16":"tag-associazione-patrimonio","17":"tag-associazione-patrimonio-colline","18":"tag-bravata","19":"tag-coda","20":"tag-colline","21":"tag-colline-prosecco","22":"tag-danno","23":"tag-design","24":"tag-entertainment","25":"tag-fallimento","26":"tag-gesto","27":"tag-ignoranza","28":"tag-installare","29":"tag-installare-videosorveglianza","30":"tag-intrattenimento","31":"tag-it","32":"tag-italia","33":"tag-italy","34":"tag-legno","35":"tag-leone","36":"tag-offesa","37":"tag-opera","38":"tag-opera-arte","39":"tag-presidente","40":"tag-restaurato","41":"tag-simbolo","42":"tag-tarzo","43":"tag-zaia"},"share_on_mastodon":{"url":"","error":""},"_links":{"self":[{"href":"https:\/\/www.europesays.com\/it\/wp-json\/wp\/v2\/posts\/102119","targetHints":{"allow":["GET"]}}],"collection":[{"href":"https:\/\/www.europesays.com\/it\/wp-json\/wp\/v2\/posts"}],"about":[{"href":"https:\/\/www.europesays.com\/it\/wp-json\/wp\/v2\/types\/post"}],"author":[{"embeddable":true,"href":"https:\/\/www.europesays.com\/it\/wp-json\/wp\/v2\/users\/3"}],"replies":[{"embeddable":true,"href":"https:\/\/www.europesays.com\/it\/wp-json\/wp\/v2\/comments?post=102119"}],"version-history":[{"count":0,"href":"https:\/\/www.europesays.com\/it\/wp-json\/wp\/v2\/posts\/102119\/revisions"}],"wp:featuredmedia":[{"embeddable":true,"href":"https:\/\/www.europesays.com\/it\/wp-json\/wp\/v2\/media\/102120"}],"wp:attachment":[{"href":"https:\/\/www.europesays.com\/it\/wp-json\/wp\/v2\/media?parent=102119"}],"wp:term":[{"taxonomy":"category","embeddable":true,"href":"https:\/\/www.europesays.com\/it\/wp-json\/wp\/v2\/categories?post=102119"},{"taxonomy":"post_tag","embeddable":true,"href":"https:\/\/www.europesays.com\/it\/wp-json\/wp\/v2\/tags?post=102119"}],"curies":[{"name":"wp","href":"https:\/\/api.w.org\/{rel}","templated":true}]}}