{"id":102751,"date":"2025-09-11T23:03:20","date_gmt":"2025-09-11T23:03:20","guid":{"rendered":"https:\/\/www.europesays.com\/it\/102751\/"},"modified":"2025-09-11T23:03:20","modified_gmt":"2025-09-11T23:03:20","slug":"matilda-de-angelis-compie-30-anni-la-band-con-cui-ha-girato-leuropa-lamore-con-alessandro-de-santis-7-segreti-3","status":"publish","type":"post","link":"https:\/\/www.europesays.com\/it\/102751\/","title":{"rendered":"Matilda De Angelis compie 30 anni: la band con cui ha girato l&#8217;Europa, l&#8217;amore con Alessandro De Santis, 7 segreti"},"content":{"rendered":"<p class=\"chapter-paragraph\">Per quanto riguarda la sua vita privata, Matilda De Angelis <a href=\"https:\/\/www.corriere.it\/spettacoli\/22_giugno_08\/pietro-castellitto-matilda-de-angelis-scoppiato-l-amore-f4b49c10-e742-11ec-bc81-fb93af2ab36c.shtml\" target=\"_blank\" rel=\"nofollow noopener\">ha avuto una breve relazione con\u00a0Pietro Castellitto<\/a>, con cui ha recitato in \u00abRapiniamo il Duce\u00bb. Dal 2022 \u00e8 legata sentimentalmente ad Alessandro De Santis, cantante e frontman del duo musicale Santi Francesi. \u00abVorrei poter raccontare la storia romantica di noi due che ci vediamo per la prima volta a un concerto &#8211; <a href=\"https:\/\/www.corriere.it\/moda\/24_febbraio_14\/matilda-de-angelis-io-alessandro-de-santis-ci-siamo-conosciuti-instagram-96ea44ec-cb28-11ee-9708-e0c8616c74ac.shtml?refresh_ce\" target=\"_blank\" rel=\"nofollow noopener\">diceva l&#8217;attrice nel 2024 al settimanale Grazia<\/a> -, ma la verit\u00e0 \u00e8 che avevo sentito alcune sue canzoni gi\u00e0 due, tre anni fa e che ci siamo conosciuti su Instagram, dove avevamo cominciato a seguirci a vicenda. Come per la vita, che cosa sia o non sia romantico non lo si giudica dall\u2019inizio, ma dalla fine. La nostra \u00e8 una storia romantica al di l\u00e0 di come \u00e8 iniziata perch\u00e9 romantici lo eravamo noi\u00bb.<\/p>\n","protected":false},"excerpt":{"rendered":"Per quanto riguarda la sua vita privata, Matilda De Angelis ha avuto una breve relazione con\u00a0Pietro Castellitto, con&hellip;\n","protected":false},"author":3,"featured_media":101274,"comment_status":"","ping_status":"","sticky":false,"template":"","format":"standard","meta":{"footnotes":"","_share_on_mastodon":"0"},"categories":[1443],"tags":[5781,2535,27019,71745,4008,12378,5928,71746,71747,7738,33300,586,71748,2942,9797,1902,5337,3344,790,71749,12418,71750,71751,277,12419,71752,11795,6000,71753,71754,203,3085,4631,454,71755,5379,71756,204,1537,90,89,41887,12496,12497,12498,1538,1539,2298,655,1821,1567],"class_list":["post-102751","post","type-post","status-publish","format-standard","has-post-thumbnail","category-musica","tag-accanto","tag-alessandro","tag-alessandro-de","tag-alessandro-de-santis","tag-amico","tag-angelis","tag-argento","tag-argento-premio","tag-argento-premio-flaiano","tag-attrice","tag-attrice-protagonista","tag-bologna","tag-bologna-settembre","tag-cantante","tag-canzoni","tag-carriera","tag-compie","tag-conquistato","tag-corso","tag-corso-carriera","tag-david","tag-david-donatello","tag-david-donatello-miglior","tag-de","tag-de-angelis","tag-de-santis","tag-dicono","tag-donatello","tag-donatello-miglior","tag-donatello-miglior-attrice","tag-entertainment","tag-europa","tag-festival","tag-film","tag-flaiano","tag-girato","tag-girato-europa","tag-intrattenimento","tag-it","tag-italia","tag-italy","tag-kidman","tag-matilda","tag-matilda-de","tag-matilda-de-angelis","tag-music","tag-musica","tag-palco","tag-protagonista","tag-serie","tag-storia"],"share_on_mastodon":{"url":"","error":""},"_links":{"self":[{"href":"https:\/\/www.europesays.com\/it\/wp-json\/wp\/v2\/posts\/102751","targetHints":{"allow":["GET"]}}],"collection":[{"href":"https:\/\/www.europesays.com\/it\/wp-json\/wp\/v2\/posts"}],"about":[{"href":"https:\/\/www.europesays.com\/it\/wp-json\/wp\/v2\/types\/post"}],"author":[{"embeddable":true,"href":"https:\/\/www.europesays.com\/it\/wp-json\/wp\/v2\/users\/3"}],"replies":[{"embeddable":true,"href":"https:\/\/www.europesays.com\/it\/wp-json\/wp\/v2\/comments?post=102751"}],"version-history":[{"count":0,"href":"https:\/\/www.europesays.com\/it\/wp-json\/wp\/v2\/posts\/102751\/revisions"}],"wp:featuredmedia":[{"embeddable":true,"href":"https:\/\/www.europesays.com\/it\/wp-json\/wp\/v2\/media\/101274"}],"wp:attachment":[{"href":"https:\/\/www.europesays.com\/it\/wp-json\/wp\/v2\/media?parent=102751"}],"wp:term":[{"taxonomy":"category","embeddable":true,"href":"https:\/\/www.europesays.com\/it\/wp-json\/wp\/v2\/categories?post=102751"},{"taxonomy":"post_tag","embeddable":true,"href":"https:\/\/www.europesays.com\/it\/wp-json\/wp\/v2\/tags?post=102751"}],"curies":[{"name":"wp","href":"https:\/\/api.w.org\/{rel}","templated":true}]}}