{"id":103051,"date":"2025-09-12T03:01:11","date_gmt":"2025-09-12T03:01:11","guid":{"rendered":"https:\/\/www.europesays.com\/it\/103051\/"},"modified":"2025-09-12T03:01:11","modified_gmt":"2025-09-12T03:01:11","slug":"akanji-ecco-il-vero-motivo-per-cui-ha-detto-no-al-milan-prima-del-si-allinter","status":"publish","type":"post","link":"https:\/\/www.europesays.com\/it\/103051\/","title":{"rendered":"Akanji, ecco il vero motivo per cui ha detto no al Milan prima del s\u00ec all\u2019Inter"},"content":{"rendered":"<p>Manuel Akanji si prepara all\u2019esordio con la maglia dell\u2019Inter: ecco il vero motivo per cui ha detto no al Milan prima del s\u00ec ai nerazzurri<\/p>\n<p>Manuel <strong>Akanji<\/strong> (<a href=\"https:\/\/www.fcinter1908.it\/news\/interviste\/akanji-inter-dazn-parole-obiettivo\/\" target=\"_blank\" rel=\"noopener nofollow\">qui si \u00e8 raccontato a DAZN<\/a>) si prepara all\u2019esordio con la maglia dell\u2019Inter. Cristian Chivu deve ancora decidere se schierare lui o Bisseck dal 1\u2019 nel derby d\u2019Italia contro la Juve, ma sono in rialzo le quotazioni dell\u2019ex City.<\/p>\n<p>Ricordiamo che Akanji \u00e8 arrivato all\u2019Inter in <strong>prestito a 2 milioni di euro, con diritto di riscatto a 15 milioni di euro che diventa obbligo solo a condizioni difficili<\/strong>. Quali? L&#8217;obbligo che scatta col 50% delle presenze e la vittoria dello scudetto.<\/p>\n<p>Proprio in estate, pochi giorni prima dell\u2019arrivo all\u2019Inter, <strong>Akanji sembrava vicino ad arrivare sulla sponda rossonera di Milano<\/strong>. Il Milan infatti lo voleva come rinforzo per la difesa di Massimiliano Allegri e si \u00e8 mosso anche nell\u2019ultima settimana di mercato. Tuttavia, <strong>Akanji ha detto no perch\u00e9 aspettava un club che giocasse la Champions League. Il Milan non \u00e8 qualificato e cos\u00ec lo svizzero ha aspettato fino alla chiusura con l\u2019Inter<\/strong>. E ora chiss\u00e0 che non possa esordire gi\u00e0 sabato nel derby d&#8217;Italia con la Juve&#8230;<\/p>\n<p class=\"is-copyright\">\u00a9 RIPRODUZIONE RISERVATA<\/p>\n","protected":false},"excerpt":{"rendered":"Manuel Akanji si prepara all\u2019esordio con la maglia dell\u2019Inter: ecco il vero motivo per cui ha detto no&hellip;\n","protected":false},"author":3,"featured_media":103052,"comment_status":"","ping_status":"","sticky":false,"template":"","format":"standard","meta":{"footnotes":""},"categories":[1452],"tags":[55649,721,5187,67455,72733,11125,72734,72735,724,1740,350,1537,90,72736,89,553,1739,245,244],"class_list":{"0":"post-103051","1":"post","2":"type-post","3":"status-publish","4":"format-standard","5":"has-post-thumbnail","7":"category-calcio","8":"tag-akanji","9":"tag-calcio","10":"tag-derby","11":"tag-derby-italia","12":"tag-derby-italia-juve","13":"tag-esordio","14":"tag-esordio-maglia","15":"tag-esordio-maglia-inter","16":"tag-euro","17":"tag-football","18":"tag-inter","19":"tag-it","20":"tag-italia","21":"tag-italia-juve","22":"tag-italy","23":"tag-milan","24":"tag-soccer","25":"tag-sport","26":"tag-sports"},"share_on_mastodon":{"url":"","error":""},"_links":{"self":[{"href":"https:\/\/www.europesays.com\/it\/wp-json\/wp\/v2\/posts\/103051","targetHints":{"allow":["GET"]}}],"collection":[{"href":"https:\/\/www.europesays.com\/it\/wp-json\/wp\/v2\/posts"}],"about":[{"href":"https:\/\/www.europesays.com\/it\/wp-json\/wp\/v2\/types\/post"}],"author":[{"embeddable":true,"href":"https:\/\/www.europesays.com\/it\/wp-json\/wp\/v2\/users\/3"}],"replies":[{"embeddable":true,"href":"https:\/\/www.europesays.com\/it\/wp-json\/wp\/v2\/comments?post=103051"}],"version-history":[{"count":0,"href":"https:\/\/www.europesays.com\/it\/wp-json\/wp\/v2\/posts\/103051\/revisions"}],"wp:featuredmedia":[{"embeddable":true,"href":"https:\/\/www.europesays.com\/it\/wp-json\/wp\/v2\/media\/103052"}],"wp:attachment":[{"href":"https:\/\/www.europesays.com\/it\/wp-json\/wp\/v2\/media?parent=103051"}],"wp:term":[{"taxonomy":"category","embeddable":true,"href":"https:\/\/www.europesays.com\/it\/wp-json\/wp\/v2\/categories?post=103051"},{"taxonomy":"post_tag","embeddable":true,"href":"https:\/\/www.europesays.com\/it\/wp-json\/wp\/v2\/tags?post=103051"}],"curies":[{"name":"wp","href":"https:\/\/api.w.org\/{rel}","templated":true}]}}