{"id":103090,"date":"2025-09-12T03:32:22","date_gmt":"2025-09-12T03:32:22","guid":{"rendered":"https:\/\/www.europesays.com\/it\/103090\/"},"modified":"2025-09-12T03:32:22","modified_gmt":"2025-09-12T03:32:22","slug":"raoul-bova-ospite-a-verissimo","status":"publish","type":"post","link":"https:\/\/www.europesays.com\/it\/103090\/","title":{"rendered":"Raoul Bova ospite a Verissimo"},"content":{"rendered":"<p style=\"color:#000000B3\">Un attore che da pi\u00f9 di 30 anni \u00e8 protagonista di grandi successi al cinema e in tv. Non perdete l\u2019intervista di <b>Raoul Bova<\/b> domenica 14 settembre a Verissimo.<\/p>\n<p style=\"color:#000000B3\">Nato a Roma nel 1971, Raoul Bova ha origini calabresi da parte paterna e campane da parte materna. Si \u00e8 appassionato prima al nuoto &#8211; praticando lo sport a livello agonistico &#8211; e successivamente alla recitazione. Il 1992 \u00e8 stato l&#8217;anno del suo esordio sia sul grande che sul piccolo schermo. Nel 1993 \u00e8 stato protagonista del film di Carlo Vanzina Piccolo grande amore. Da allora la carriera di Raoul Bova \u00e8 costellata da grandi successi che lo hanno reso un vero protagonista del panorama televisivo e cinematografico italiano. Presto lo rivedremo su Canale 5 nei panni di Guido Borghi nella terza stagione di Buongiorno, mamma!<\/p>\n<p style=\"color:#000000B3\">Raoul Bova \u00e8 pap\u00e0 di quattro figli: Alessandro Leon (2000) e Francesco (2001) &#8211; nati dal matrimonio con Chiara Giordano -, e Luna (2015) e Alma (2018), avute dalla relazione con Roc\u00edo Mu\u00f1oz Morales. <\/p>\n","protected":false},"excerpt":{"rendered":"Un attore che da pi\u00f9 di 30 anni \u00e8 protagonista di grandi successi al cinema e in tv.&hellip;\n","protected":false},"author":3,"featured_media":103091,"comment_status":"","ping_status":"","sticky":false,"template":"","format":"standard","meta":{"footnotes":""},"categories":[1444],"tags":[203,204,1537,90,89,253],"class_list":{"0":"post-103090","1":"post","2":"type-post","3":"status-publish","4":"format-standard","5":"has-post-thumbnail","7":"category-tv","8":"tag-entertainment","9":"tag-intrattenimento","10":"tag-it","11":"tag-italia","12":"tag-italy","13":"tag-tv"},"share_on_mastodon":{"url":"","error":""},"_links":{"self":[{"href":"https:\/\/www.europesays.com\/it\/wp-json\/wp\/v2\/posts\/103090","targetHints":{"allow":["GET"]}}],"collection":[{"href":"https:\/\/www.europesays.com\/it\/wp-json\/wp\/v2\/posts"}],"about":[{"href":"https:\/\/www.europesays.com\/it\/wp-json\/wp\/v2\/types\/post"}],"author":[{"embeddable":true,"href":"https:\/\/www.europesays.com\/it\/wp-json\/wp\/v2\/users\/3"}],"replies":[{"embeddable":true,"href":"https:\/\/www.europesays.com\/it\/wp-json\/wp\/v2\/comments?post=103090"}],"version-history":[{"count":0,"href":"https:\/\/www.europesays.com\/it\/wp-json\/wp\/v2\/posts\/103090\/revisions"}],"wp:featuredmedia":[{"embeddable":true,"href":"https:\/\/www.europesays.com\/it\/wp-json\/wp\/v2\/media\/103091"}],"wp:attachment":[{"href":"https:\/\/www.europesays.com\/it\/wp-json\/wp\/v2\/media?parent=103090"}],"wp:term":[{"taxonomy":"category","embeddable":true,"href":"https:\/\/www.europesays.com\/it\/wp-json\/wp\/v2\/categories?post=103090"},{"taxonomy":"post_tag","embeddable":true,"href":"https:\/\/www.europesays.com\/it\/wp-json\/wp\/v2\/tags?post=103090"}],"curies":[{"name":"wp","href":"https:\/\/api.w.org\/{rel}","templated":true}]}}