{"id":103096,"date":"2025-09-12T03:37:17","date_gmt":"2025-09-12T03:37:17","guid":{"rendered":"https:\/\/www.europesays.com\/it\/103096\/"},"modified":"2025-09-12T03:37:17","modified_gmt":"2025-09-12T03:37:17","slug":"il-palazzo-la-riempie-di-impegni","status":"publish","type":"post","link":"https:\/\/www.europesays.com\/it\/103096\/","title":{"rendered":"il Palazzo la riempie di impegni"},"content":{"rendered":"<p><strong>Kate Middleton sta evitando Harry<\/strong>. Almeno \u00e8 quello che sembra, se si guardano gli impegni che ha preso nella settimana in cui suo cognato \u00e8 tornato a Londra. Anche se il Duca di Sussex \u00e8 riuscito ad ottenere il colloquio pi\u00f9 importante, quello con suo padre Carlo. Nella serata del 10 settembre <a href=\"https:\/\/dilei.it\/reali\/kate-middleton-ultime-notizie-11-settembre-2025\/1825582\/\" rel=\"nofollow noopener\" target=\"_blank\">si \u00e8 infatti recato a Clarence House per un faccia a faccia.<\/a><\/p>\n<p>Kate Middleton, un\u2019agenda piena di impegni<\/p>\n<p><a href=\"https:\/\/dilei.it\/star-e-vip\/kate-middleton\/\" rel=\"nofollow noopener\" target=\"_blank\">Kate Middleton<\/a> \u00e8 tornata al lavoro lo scorso 4 settembre, subito dopo che i suoi tre figli George, Charlotte e Louis. In meno di una settimana<strong> si \u00e8 mostrata in pubblico tre volte<\/strong>, prima al Museo di Storia Naturale dove \u00e8 stata ferocemente criticata per i suoi capelli biondi, poi alla partita di rugby femminile dove ha sfoggiato un magnifico tailleur di Alexander McQueen e infine luned\u00ec 8 settembre quando ha reso omaggio alla Regina Elisabetta visitando con William il <a href=\"https:\/\/dilei.it\/reali\/kate-middleton-ultime-notizie-9-settembre-2025\/1823403\/\" rel=\"nofollow noopener\" target=\"_blank\">National Federation of Women\u2019s Institute.\u00a0<\/a> E l\u00ec ha svelato quanto <a href=\"https:\/\/dilei.it\/reali\/kate-middleton-ultime-notizie-10-settembre-2025\/1823721\/\" rel=\"nofollow noopener\" target=\"_blank\">suo marito sia esigente sui brownie<\/a>.<\/p>\n<p>Ma i suoi impegni non sono terminati qui. Infatti, <strong>proprio gioved\u00ec 11 settembre<\/strong> la Principessa del Galles ha due importanti visite, prima a Sudbury Mills, nel Suffolk, e poi a Marina Mill, a Cuxton, nel Kent. Questi appuntamenti sono organizzati per \u201ccelebrare le competenze e l\u2019artigianato dei produttori tessili britannici\u201d, spiega Kensington Palace.<\/p>\n<p>Poi, venerd\u00ec, con tutta probabilit\u00e0 William e Kate<strong> si trasferiranno ad Anmer Hall<\/strong>, nella loro casa di campagna, per trascorrere il weekend come \u00e8 loro abitudine, se non hanno altri incontri ufficiali o obblighi di Corte.<\/p>\n<p>Insomma, il Palazzo <strong>sembra aver riempito l\u2019agenda di Lady Middleton<\/strong> proprio nei giorni in cui Harry si trova a Londra, per evitare un possibile incontro tra i due.<\/p>\n<p>Kate Middleton, incontro sfiorato con Harry l\u20198 settembre<\/p>\n<p>In effetti, lo scorso luned\u00ec 8 settembre, <a href=\"https:\/\/dilei.it\/reali\/principe-harry-viaggio-londra-8-settembre-2025\/1823275\/\" rel=\"nofollow noopener\" target=\"_blank\">quando il Duca del Sussex \u00e8 arrivato a Londra,<\/a> Kate ha accompagnato <strong>senza preavviso<\/strong> suo marito William all\u2019istituto femminile di cui Elisabetta II \u00e8 stata presidentessa fino alla morte.<\/p>\n<p>Questa uscita non era programmata,<strong> il Palazzo aveva previsto solo la presenza del Principe del Galles<\/strong>, che in quanto nipote della defunta Sovrana, andava a renderle omaggio nel suo terzo anniversario della morte celebrandone il lavoro svolto in vita.<\/p>\n<p>Ma all\u2019ultimo, appunto, si \u00e8 unita Kate. Secondo l\u2019esperta di linguaggio del corpo, Judi James, la partecipazione della Principessa del Galles \u00e8 resa necessaria, per evitare che potesse essere esposta all\u2019attenzione mediatica o a <strong>un\u2019eventuale richiesta di Harry di incontrarla.<\/strong><\/p>\n<p>Spiega la James: \u201cAbbiamo gi\u00e0 visto Harry filmato senza preavviso, mentre amava provocare incontri spontanei. L\u2019uscita di William a Sunningdale avrebbe potuto lasciare una futura regina sola e socialmente vulnerabile se fosse stata fatta <strong>una richiesta per il t\u00e8 pomeridiano\u201d.<\/strong><\/p>\n<p>Harry infatti l\u20198 settembre si \u00e8 recato <strong>sulla tomba della nonna,<\/strong> che si trova all\u2019interno della cappella di San Giorgio nel Castello di Windsor. Come \u00e8 noto, l\u2019Adelaide Cottage, dove vivono William e Kate, \u00e8 l\u00ec vicino.<\/p>\n<p>Quindi, sapendo che la cognata era a casa, Harry avrebbe potuto approfittarne per chiederle un incontro e a quel punto si sarebbe creata<strong> una situazione imbarazzante<\/strong> per la Principessa. Rifiutare infatti avrebbe potuto creare un incidente diplomatico, mentre accettare avrebbe potuto essere compromettente.<\/p>\n<p>Inoltre, William non ne vuole pi\u00f9 sapere del fratello e Kate \u00e8 totalmente dalla parte del marito. Dunque, la soluzione pi\u00f9 semplice trovata dal Palazzo \u00e8 stata quella di riempire l\u2019agenda di Lady Middleton con un\u2019uscita fuori programma.<\/p>\n","protected":false},"excerpt":{"rendered":"Kate Middleton sta evitando Harry. Almeno \u00e8 quello che sembra, se si guardano gli impegni che ha preso&hellip;\n","protected":false},"author":3,"featured_media":103097,"comment_status":"","ping_status":"","sticky":false,"template":"","format":"standard","meta":{"footnotes":""},"categories":[174],"tags":[1448,203,19742,204,1537,90,89,1450,1447],"class_list":{"0":"post-103096","1":"post","2":"type-post","3":"status-publish","4":"format-standard","5":"has-post-thumbnail","7":"category-intrattenimento","8":"tag-carlo-dinghilterra","9":"tag-entertainment","10":"tag-harry-dinghilterra","11":"tag-intrattenimento","12":"tag-it","13":"tag-italia","14":"tag-italy","15":"tag-kate-middleton","16":"tag-reali"},"share_on_mastodon":{"url":"","error":""},"_links":{"self":[{"href":"https:\/\/www.europesays.com\/it\/wp-json\/wp\/v2\/posts\/103096","targetHints":{"allow":["GET"]}}],"collection":[{"href":"https:\/\/www.europesays.com\/it\/wp-json\/wp\/v2\/posts"}],"about":[{"href":"https:\/\/www.europesays.com\/it\/wp-json\/wp\/v2\/types\/post"}],"author":[{"embeddable":true,"href":"https:\/\/www.europesays.com\/it\/wp-json\/wp\/v2\/users\/3"}],"replies":[{"embeddable":true,"href":"https:\/\/www.europesays.com\/it\/wp-json\/wp\/v2\/comments?post=103096"}],"version-history":[{"count":0,"href":"https:\/\/www.europesays.com\/it\/wp-json\/wp\/v2\/posts\/103096\/revisions"}],"wp:featuredmedia":[{"embeddable":true,"href":"https:\/\/www.europesays.com\/it\/wp-json\/wp\/v2\/media\/103097"}],"wp:attachment":[{"href":"https:\/\/www.europesays.com\/it\/wp-json\/wp\/v2\/media?parent=103096"}],"wp:term":[{"taxonomy":"category","embeddable":true,"href":"https:\/\/www.europesays.com\/it\/wp-json\/wp\/v2\/categories?post=103096"},{"taxonomy":"post_tag","embeddable":true,"href":"https:\/\/www.europesays.com\/it\/wp-json\/wp\/v2\/tags?post=103096"}],"curies":[{"name":"wp","href":"https:\/\/api.w.org\/{rel}","templated":true}]}}