{"id":103661,"date":"2025-09-12T10:18:07","date_gmt":"2025-09-12T10:18:07","guid":{"rendered":"https:\/\/www.europesays.com\/it\/103661\/"},"modified":"2025-09-12T10:18:07","modified_gmt":"2025-09-12T10:18:07","slug":"due-microfoni-alessandro-raveggi-e-il-suo-libro-su-alex-langer-continuate-in-cio-che-e-giusto-bompiani-12-09-2025","status":"publish","type":"post","link":"https:\/\/www.europesays.com\/it\/103661\/","title":{"rendered":"Due Microfoni &#8211; Alessandro Raveggi e il suo libro su Alex Langer &#8220;Continuate in ci\u00f2 che \u00e8 giusto&#8221; (Bompiani) (12.09.2025)"},"content":{"rendered":"<p>Puntata di &#8220;Due Microfoni &#8211; Alessandro Raveggi e il suo libro su Alex Langer &#8220;Continuate in ci\u00f2 che \u00e8 giusto&#8221; (Bompiani)&#8221; di venerd\u00ec 12 settembre 2025 , condotta da Emilio Targia che in questa puntata ha ospitato Alessandro Raveggi (scrittore).<\/p>\n<p>Sono stati discussi i seguenti argomenti: Cultura, Guerra, Langer, Letteratura, Libro, Obiezione Di Coscienza, Pace, Pacifismo, Partiti, Partito Radicale, Storia.<\/p>\n<p>La registrazione audio di questa puntata ha una durata di 32 minuti.<\/p>\n","protected":false},"excerpt":{"rendered":"Puntata di &#8220;Due Microfoni &#8211; Alessandro Raveggi e il suo libro su Alex Langer &#8220;Continuate in ci\u00f2 che&hellip;\n","protected":false},"author":3,"featured_media":16067,"comment_status":"","ping_status":"","sticky":false,"template":"","format":"standard","meta":{"footnotes":"","_share_on_mastodon":"0"},"categories":[1445],"tags":[1608,1644,203,77,204,1537,90,89,18982,10515,1609,1211,73052,402,73053,30572,18988,1567],"class_list":["post-103661","post","type-post","status-publish","format-standard","has-post-thumbnail","category-libri","tag-books","tag-cultura","tag-entertainment","tag-guerra","tag-intrattenimento","tag-it","tag-italia","tag-italy","tag-langer","tag-letteratura","tag-libri","tag-libro","tag-obiezione-di-coscienza","tag-pace","tag-pacifismo","tag-partiti","tag-partito-radicale","tag-storia"],"share_on_mastodon":{"url":"","error":""},"_links":{"self":[{"href":"https:\/\/www.europesays.com\/it\/wp-json\/wp\/v2\/posts\/103661","targetHints":{"allow":["GET"]}}],"collection":[{"href":"https:\/\/www.europesays.com\/it\/wp-json\/wp\/v2\/posts"}],"about":[{"href":"https:\/\/www.europesays.com\/it\/wp-json\/wp\/v2\/types\/post"}],"author":[{"embeddable":true,"href":"https:\/\/www.europesays.com\/it\/wp-json\/wp\/v2\/users\/3"}],"replies":[{"embeddable":true,"href":"https:\/\/www.europesays.com\/it\/wp-json\/wp\/v2\/comments?post=103661"}],"version-history":[{"count":0,"href":"https:\/\/www.europesays.com\/it\/wp-json\/wp\/v2\/posts\/103661\/revisions"}],"wp:featuredmedia":[{"embeddable":true,"href":"https:\/\/www.europesays.com\/it\/wp-json\/wp\/v2\/media\/16067"}],"wp:attachment":[{"href":"https:\/\/www.europesays.com\/it\/wp-json\/wp\/v2\/media?parent=103661"}],"wp:term":[{"taxonomy":"category","embeddable":true,"href":"https:\/\/www.europesays.com\/it\/wp-json\/wp\/v2\/categories?post=103661"},{"taxonomy":"post_tag","embeddable":true,"href":"https:\/\/www.europesays.com\/it\/wp-json\/wp\/v2\/tags?post=103661"}],"curies":[{"name":"wp","href":"https:\/\/api.w.org\/{rel}","templated":true}]}}