{"id":103925,"date":"2025-09-12T13:07:09","date_gmt":"2025-09-12T13:07:09","guid":{"rendered":"https:\/\/www.europesays.com\/it\/103925\/"},"modified":"2025-09-12T13:07:09","modified_gmt":"2025-09-12T13:07:09","slug":"x-factor-2025-ha-gia-un-vincitore-alla-prima-puntata-piercesare-fagioli-con-la-voce-potente-conquista-la-standing-ovation-dei-giudici-e-del-pubblico","status":"publish","type":"post","link":"https:\/\/www.europesays.com\/it\/103925\/","title":{"rendered":"X Factor 2025 ha gi\u00e0 un vincitore alla prima puntata? Piercesare Fagioli con la voce potente conquista la standing ovation dei giudici e del pubblico"},"content":{"rendered":"<p>In 19 edizioni di <strong>X Factor<\/strong> i colpi di scena si contano sulle dita di una mano. Molte di quelle voci che hanno \u201cspettinato\u201d l\u2019ascoltatore, ancora oggi sono presenti nel panorama musicale italiano tra tutti <strong>Marco Mengoni, Francesca Michielin e Noemi<\/strong>, solo per citarne alcuni. Il talent show oggi rimane un veicolo importante per farsi conoscere e comunicare la propria musica, ma \u00e8 innegabile che nell\u2019era dello streaming compulso e delle uscite discografiche infinite,<strong> l\u2019ascolto si fa dispersivo e solo chi ha personalit\u00e0 e carattere cattura subito al primo colpo.<\/strong><\/p>\n<p>Ieri, 11 settembre, \u00e8 ripartito X Factor 2025 e sebbene <strong>sia ancora presto per tracciare un bilancio del casting di quest\u2019anno<\/strong>, sembra chiara la direzione che si \u00e8 deciso di prendere: <strong>il ritorno alla \u201cnormalit\u00e0\u201d, agli interpreti e cantautori puri.<\/strong> Ci\u00f2 comporta per\u00f2 alzare l\u2019asticella delle aspettative. E non di poco. Intanto lo show \u00e8 ricominciato con <strong>Giorgia<\/strong>, pronta a tornare anche lei alla musica dopo l\u2019exploit di \u201cLa cura per me\u201d a Sanremo 2025 e il brano estivo \u201cL\u2019unica\u201d con \u201cGolpe\u201d, ormai <strong>perfettamente calata nel suo ruolo di conduttrice.<\/strong> In giuria i confermati<strong> Jake La Furia, Achille Lauro, Paola Iezzi<\/strong> e la new entry<strong> Francesco Gabbani, <\/strong>che si \u00e8 subito ambientato ed \u00e8 entrato in sintonia con i compagni di banco. Scontato? Niente affatto.<\/p>\n<p>E poi si torna ai cantanti. Ieri tra alcuni colpi di sonno e un orecchio distratto, sono passati in rassegna diversi timbri, colori e sfumature.<strong> Fino a quando \u00e8 apparso il 25enne Piercesare Fagioli<\/strong>, milanese da poco laureato in Finanza. \u201cUna cosa che ho capito \u00e8 che non voglio stare chiuso in ufficio, mi distraggo facilmente\u2026 Voglio soprattutto dedicarmi alla musica perch\u00e9 in fondo \u2018it\u2019s my life\u2019, no?\u201d, ha detto prima di salire il cantante.<\/p>\n<p>Poi sul palco ha sprigionato tutta la sua emotivit\u00e0 ed energia per poi calarsi seriamente nella versione acustica della difficile <strong>\u201cChandelier\u201d di Sia<\/strong>. Se dalle prime note Giorgia \u00e8 rimasta a bocca aperta, era la \u201cspia\u201d che qualcosa di bello si sarebbe ascoltato per la prima volta dall\u2019inizio della prima puntata.<strong> Voce potente con venature soul e pop, sicuro sul palco,<\/strong> Piercesare soprattutto ha interpretato ogni singola parola del brano con convinzione. Il risultato? Applausi, standing ovation e ovviamente una scontatissima promozione che siamo certi catapulter\u00e0 il cantante alla fase del Live.<\/p>\n<p>C\u2019\u00e8 gi\u00e0 un vincitore? Dopo ieri sera sembrerebbe di s\u00ec. \u00c8 pur vero che molto faranno il percorso e le scelte musicali, qualora Piercesare si dovesse arrivare alla Fase Finale. Ma l\u2019appello va fatto alla casa discografica ufficiale del talent <strong>Warner Music Italia:<\/strong> non sciupate questo talento.<\/p>\n<p>Immagini concesse da Sky \u2013 https:\/\/xfactor.sky.it\/ \u2013 X Factor 2025 \u00e8 tutti gioved\u00ec alle 21.15 su Sky e in streaming su NOW, sempre disponibile on demand<\/p>\n","protected":false},"excerpt":{"rendered":"In 19 edizioni di X Factor i colpi di scena si contano sulle dita di una mano. Molte&hellip;\n","protected":false},"author":3,"featured_media":103926,"comment_status":"","ping_status":"","sticky":false,"template":"","format":"standard","meta":{"footnotes":""},"categories":[1444],"tags":[203,204,1537,90,89,253],"class_list":{"0":"post-103925","1":"post","2":"type-post","3":"status-publish","4":"format-standard","5":"has-post-thumbnail","7":"category-tv","8":"tag-entertainment","9":"tag-intrattenimento","10":"tag-it","11":"tag-italia","12":"tag-italy","13":"tag-tv"},"share_on_mastodon":{"url":"","error":""},"_links":{"self":[{"href":"https:\/\/www.europesays.com\/it\/wp-json\/wp\/v2\/posts\/103925","targetHints":{"allow":["GET"]}}],"collection":[{"href":"https:\/\/www.europesays.com\/it\/wp-json\/wp\/v2\/posts"}],"about":[{"href":"https:\/\/www.europesays.com\/it\/wp-json\/wp\/v2\/types\/post"}],"author":[{"embeddable":true,"href":"https:\/\/www.europesays.com\/it\/wp-json\/wp\/v2\/users\/3"}],"replies":[{"embeddable":true,"href":"https:\/\/www.europesays.com\/it\/wp-json\/wp\/v2\/comments?post=103925"}],"version-history":[{"count":0,"href":"https:\/\/www.europesays.com\/it\/wp-json\/wp\/v2\/posts\/103925\/revisions"}],"wp:featuredmedia":[{"embeddable":true,"href":"https:\/\/www.europesays.com\/it\/wp-json\/wp\/v2\/media\/103926"}],"wp:attachment":[{"href":"https:\/\/www.europesays.com\/it\/wp-json\/wp\/v2\/media?parent=103925"}],"wp:term":[{"taxonomy":"category","embeddable":true,"href":"https:\/\/www.europesays.com\/it\/wp-json\/wp\/v2\/categories?post=103925"},{"taxonomy":"post_tag","embeddable":true,"href":"https:\/\/www.europesays.com\/it\/wp-json\/wp\/v2\/tags?post=103925"}],"curies":[{"name":"wp","href":"https:\/\/api.w.org\/{rel}","templated":true}]}}