{"id":103927,"date":"2025-09-12T13:08:09","date_gmt":"2025-09-12T13:08:09","guid":{"rendered":"https:\/\/www.europesays.com\/it\/103927\/"},"modified":"2025-09-12T13:08:09","modified_gmt":"2025-09-12T13:08:09","slug":"la-mappa-dei-trapper-milanesi-da-baby-gang-a-shiva","status":"publish","type":"post","link":"https:\/\/www.europesays.com\/it\/103927\/","title":{"rendered":"la mappa dei trapper milanesi, da Baby Gang a Shiva"},"content":{"rendered":"<p>  \t\t\t\t\t            <a class=\"u-no-underline\" href=\"https:\/\/www.milanotoday.it\/dossier\/\" rel=\"nofollow noopener\" target=\"_blank\">&#13;<br \/>\n              Dossier &#13;<br \/>\n            <\/a><\/p>\n<p>                        \tFaide<\/p>\n<p>                                          <a href=\"https:\/\/www.milanotoday.it\/notizie\/duomo\/\" class=\"o-link-text u-label-02 u-inline-block u-no-underline u-px-xxsmall\" rel=\"nofollow noopener\" target=\"_blank\">&#13;<br \/>\n                   \/ Duomo                <\/a><\/p>\n<p>                        &#13;<br \/>\n               \/ Piazza del Duomo            <\/p>\n<p class=\"u-body-03 u-my-small\" data-amp=\"amp-abstract\">Faide, video con pistole e fucili veri, sparatorie e arresti: il caso Baby Gang e la nuova generazione della trap italiana raccontano molto pi\u00f9 di una scena musicale, ma sono lo specchio crudo di una periferia che reclama voce, potere e identit\u00e0. Baby Gang, Simba, Baby Touch\u00e9, Rondodasosa: cosa succede a Milano e quali sono scontri e rivalit\u00e0<\/p>\n","protected":false},"excerpt":{"rendered":"&#13; Dossier &#13; Faide &#13; \/ Duomo &#13; \/ Piazza del Duomo Faide, video con pistole e fucili&hellip;\n","protected":false},"author":3,"featured_media":103928,"comment_status":"","ping_status":"","sticky":false,"template":"","format":"standard","meta":{"footnotes":""},"categories":[1443],"tags":[203,204,1537,90,89,1538,1539,73197,2399,72365],"class_list":{"0":"post-103927","1":"post","2":"type-post","3":"status-publish","4":"format-standard","5":"has-post-thumbnail","7":"category-musica","8":"tag-entertainment","9":"tag-intrattenimento","10":"tag-it","11":"tag-italia","12":"tag-italy","13":"tag-music","14":"tag-musica","15":"tag-pistole","16":"tag-rapper","17":"tag-trapper"},"share_on_mastodon":{"url":"","error":""},"_links":{"self":[{"href":"https:\/\/www.europesays.com\/it\/wp-json\/wp\/v2\/posts\/103927","targetHints":{"allow":["GET"]}}],"collection":[{"href":"https:\/\/www.europesays.com\/it\/wp-json\/wp\/v2\/posts"}],"about":[{"href":"https:\/\/www.europesays.com\/it\/wp-json\/wp\/v2\/types\/post"}],"author":[{"embeddable":true,"href":"https:\/\/www.europesays.com\/it\/wp-json\/wp\/v2\/users\/3"}],"replies":[{"embeddable":true,"href":"https:\/\/www.europesays.com\/it\/wp-json\/wp\/v2\/comments?post=103927"}],"version-history":[{"count":0,"href":"https:\/\/www.europesays.com\/it\/wp-json\/wp\/v2\/posts\/103927\/revisions"}],"wp:featuredmedia":[{"embeddable":true,"href":"https:\/\/www.europesays.com\/it\/wp-json\/wp\/v2\/media\/103928"}],"wp:attachment":[{"href":"https:\/\/www.europesays.com\/it\/wp-json\/wp\/v2\/media?parent=103927"}],"wp:term":[{"taxonomy":"category","embeddable":true,"href":"https:\/\/www.europesays.com\/it\/wp-json\/wp\/v2\/categories?post=103927"},{"taxonomy":"post_tag","embeddable":true,"href":"https:\/\/www.europesays.com\/it\/wp-json\/wp\/v2\/tags?post=103927"}],"curies":[{"name":"wp","href":"https:\/\/api.w.org\/{rel}","templated":true}]}}