{"id":103954,"date":"2025-09-12T13:25:12","date_gmt":"2025-09-12T13:25:12","guid":{"rendered":"https:\/\/www.europesays.com\/it\/103954\/"},"modified":"2025-09-12T13:25:12","modified_gmt":"2025-09-12T13:25:12","slug":"prima-chiamata-in-azzurro-per-tyra-grant","status":"publish","type":"post","link":"https:\/\/www.europesays.com\/it\/103954\/","title":{"rendered":"prima chiamata in azzurro per Tyra Grant"},"content":{"rendered":"<p><strong>Tathiana Garbin<\/strong>, capitana della Nazionale italiana femminile di tennis, ha diramato le<strong> convocazioni ufficiali per le Finals della Billie Jean King Cup 2025<\/strong>, in programma sul cemento indoor di Shenzhen dal 16 al 21 settembre. Confermate in blocco rispetto all\u2019elenco preliminare <strong>Jasmine Paolini, Elisabetta Cocciaretto, Lucia Bronzetti e Sara Errani<\/strong>, mentre la novit\u00e0 dell\u2019ultima ora \u00e8 legata all\u2019inserimento in gruppo della 17enne romana <strong>Tyra Grant<\/strong>.<\/p>\n<p>\u201cTyra Grant, inserita per la prima volta nel gruppo azzurro in occasione di queste Billie Jean King Cup Finals, \u00e8 una giovane atleta che ha gi\u00e0 mostrato enormi potenzialit\u00e0 e importanti segnali di crescita. Crediamo sia fondamentale offrire una opportunit\u00e0 di tale prestigio anche alle nuove generazioni, in quanto il nostro compito principale \u00e8 garantire continuit\u00e0 al progetto tecnico della squadra e costruire un\u2019eredit\u00e0 concreta per il futuro\u201c, spiega Garbin.<\/p>\n<p>\u201cMartina Trevisan sta proseguendo il percorso di recupero dopo un\u2019operazione, e il rispetto dei tempi individuali \u00e8 parte integrante della nostra visione. Scegliere non \u00e8 mai facile ma queste ragazze, sia quelle che rappresenteranno l\u2019Italia a Shenzhen sia quelle che faranno il tifo per i nostri colori da lontano, sanno di essere tutte indispensabili all\u2019interno di questo progetto. La forza del nostro gruppo nasce proprio dall\u2019unione tra esperienza e futuro: \u00e8 questo equilibrio che ci permette di guardare avanti con fiducia e ambizione\u201c, le parole della capitana azzurra.<\/p>\n<p>Ricordiamo che l\u2019Italia ha disputato le ultime due finali consecutive (sconfitta dal Canada nel 2023, vittoria sulla Slovacchia nel 2024) e prover\u00e0 a bissare il titolo ottenuto un anno fa a Malaga. Il percorso delle Azzurre comincer\u00e0 marted\u00ec 16 settembre contro la Cina padrona di casa (priva della campionessa olimpica Zheng Qinwen) e, in caso di successo, proseguir\u00e0 in semifinale contro una tra Spagna e Ucraina<\/p>\n<p>\u00a0<\/p>\n","protected":false},"excerpt":{"rendered":"Tathiana Garbin, capitana della Nazionale italiana femminile di tennis, ha diramato le convocazioni ufficiali per le Finals della&hellip;\n","protected":false},"author":3,"featured_media":103955,"comment_status":"","ping_status":"","sticky":false,"template":"","format":"standard","meta":{"footnotes":""},"categories":[1457],"tags":[73203,1537,90,89,245,244,1273],"class_list":{"0":"post-103954","1":"post","2":"type-post","3":"status-publish","4":"format-standard","5":"has-post-thumbnail","7":"category-tennis","8":"tag-bjk-cup-2025","9":"tag-it","10":"tag-italia","11":"tag-italy","12":"tag-sport","13":"tag-sports","14":"tag-tennis"},"share_on_mastodon":{"url":"","error":""},"_links":{"self":[{"href":"https:\/\/www.europesays.com\/it\/wp-json\/wp\/v2\/posts\/103954","targetHints":{"allow":["GET"]}}],"collection":[{"href":"https:\/\/www.europesays.com\/it\/wp-json\/wp\/v2\/posts"}],"about":[{"href":"https:\/\/www.europesays.com\/it\/wp-json\/wp\/v2\/types\/post"}],"author":[{"embeddable":true,"href":"https:\/\/www.europesays.com\/it\/wp-json\/wp\/v2\/users\/3"}],"replies":[{"embeddable":true,"href":"https:\/\/www.europesays.com\/it\/wp-json\/wp\/v2\/comments?post=103954"}],"version-history":[{"count":0,"href":"https:\/\/www.europesays.com\/it\/wp-json\/wp\/v2\/posts\/103954\/revisions"}],"wp:featuredmedia":[{"embeddable":true,"href":"https:\/\/www.europesays.com\/it\/wp-json\/wp\/v2\/media\/103955"}],"wp:attachment":[{"href":"https:\/\/www.europesays.com\/it\/wp-json\/wp\/v2\/media?parent=103954"}],"wp:term":[{"taxonomy":"category","embeddable":true,"href":"https:\/\/www.europesays.com\/it\/wp-json\/wp\/v2\/categories?post=103954"},{"taxonomy":"post_tag","embeddable":true,"href":"https:\/\/www.europesays.com\/it\/wp-json\/wp\/v2\/tags?post=103954"}],"curies":[{"name":"wp","href":"https:\/\/api.w.org\/{rel}","templated":true}]}}